{"id":20778,"date":"2021-02-26T11:46:30","date_gmt":"2021-02-26T09:46:30","guid":{"rendered":"https:\/\/afc.cat\/?p=20778"},"modified":"2021-04-29T20:09:37","modified_gmt":"2021-04-29T18:09:37","slug":"exposicion-claudia-andujar-en-kbr-fundacion-mapfre","status":"publish","type":"post","link":"https:\/\/afc.cat\/es\/exposicion-claudia-andujar-en-kbr-fundacion-mapfre\/","title":{"rendered":"Exposici\u00f3n Claudia Andujar. KBr Fundaci\u00f3n Mapfre"},"content":{"rendered":"<div class=\"fusion-fullwidth fullwidth-box fusion-builder-row-1 fusion-flex-container nonhundred-percent-fullwidth non-hundred-percent-height-scrolling\" style=\"background-color: rgba(255,255,255,0);background-position: center center;background-repeat: no-repeat;border-width: 0px 0px 0px 0px;border-color:#ffffff;border-style:solid;\" ><div class=\"fusion-builder-row fusion-row fusion-flex-align-items-flex-start\" style=\"max-width:1300px;margin-left: calc(-4% \/ 2 );margin-right: calc(-4% \/ 2 );\"><div class=\"fusion-layout-column fusion_builder_column fusion-builder-column-0 fusion_builder_column_2_3 2_3 fusion-flex-column\"><div class=\"fusion-column-wrapper fusion-flex-justify-content-flex-start fusion-content-layout-column\" style=\"background-position:left top;background-repeat:no-repeat;-webkit-background-size:cover;-moz-background-size:cover;-o-background-size:cover;background-size:cover;padding: 0px 0px 0px 0px;\"><div class=\"fusion-text fusion-text-1\"><h2>Claudia Andujar<\/h2>\n<h3>KBr fundaci\u00f3n Mapfre<\/h3>\n<p>Del 26\/02\/2021 al 23\/05\/2021<\/p>\n<p>El centro de fotograf\u00eda\u00a0<strong>KBr\u00a0de la fundaci\u00f3n\u00a0Mapfre<\/strong>\u00a0inaugura este 26 de febrero una exposici\u00f3n de la fot\u00f3grafa brasile\u00f1a <strong>Claudia\u00a0Andujar<\/strong> (nacida en Suiza en 1931) dedicada al <strong>pueblo ind\u00edgena Yanomami<\/strong>.<\/p>\n<p>Claudi\u00a0Andujar\u00a0empez\u00f3 su carrera como fotoperiodista con un proyecto sobre la <strong>comunidad ind\u00edgena\u00a0Karaj\u00e1<\/strong>, con qui\u00e9n convivi\u00f3 dos meses.<br \/>\nPosteriormente y a principios de los a\u00f1os setenta recibi\u00f3 una beca de la <strong>Funda\u00e7\u00e3o\u00a0de\u00a0Aux\u00edlio\u00a0\u00e0\u00a0Pesquisa do Estado de\u00a0S\u00e3o\u00a0Paulo (FAPESP)<\/strong> para estudiar el pueblo de los Yanomami en la <strong>cuenca del r\u00edo Catrimani en Brasil<\/strong>.<\/p>\n<p>Y a finales de los a\u00f1os setenta empez\u00f3 a dedicarse exclusivamente en la lucha por la preservaci\u00f3n del pueblo Yanomami y fue una de las fundadoras del <strong>Comit\u00e9 para la Creaci\u00f3n del Parque Yanomami<\/strong>. En sus reportajes retrat\u00f3 los estragos provocados por la depredaci\u00f3n forestal y minera, y colabor\u00f3 con la comunidad con varias iniciativas. Entre 1978 y 1992 particip\u00f3 en la <strong>Comisi\u00f3n para la creaci\u00f3n del Parque Yanomami<\/strong>\u00a0y coordin\u00f3 la campa\u00f1a por la demarcaci\u00f3n de las tierras ind\u00edgenas. Entre 1993 y 1998 trabaj\u00f3 en el <strong>Programa Institucional de la Comisi\u00f3n Pro-Yanomami<\/strong>.<\/p>\n<p>Hoy tenemos la oportunidad de ver alrededor de doscientas fotograf\u00edas que son una compilaci\u00f3n de su trabajo de cinco d\u00e9cadas recogiendo el testigo de las vivencias de este pueblo ind\u00edgena, acompa\u00f1adas de proyecciones e incluso dibujos realizados por ellos mismos.<\/p>\n<p>Esta muestra est\u00e1 comisariada por\u00a0<strong>Thyago\u00a0Nogueira<\/strong>, coordinador de fotograf\u00eda contempor\u00e1nea del <strong>Instituto Moreira\u00a0Salles, de Brasil<\/strong><\/p>\n<p>La Vocal\u00eda de Cultura de esta\u00a0AFC\u00a0pr\u00f3ximamente realizar\u00e1 una visita guiada exclusiva para las fot\u00f3grafas y fot\u00f3grafos de nuestra Asociaci\u00f3n. La notificaci\u00f3n se har\u00e1 a trav\u00e9s de la web.<\/p>\n<p>Record\u00e1is si\u00a0ac\u00e0s\u00a0no pod\u00e9is asistir a la visita guiada, y no os la quer\u00e9is perder la exposici\u00f3n tiene prevista su finalizaci\u00f3n el 23\/05\/2021.<\/p>\n<p>Para mayor informaci\u00f3n visitad la <a href=\"https:\/\/kbr.fundacionmapfre.org\/exposiciones\/\" target=\"_blank\" rel=\"noopener noreferrer\"><strong>web de Fundaci\u00f3n Mapfre<\/strong><\/a><\/p>\n<\/div><\/div><style type=\"text\/css\">.fusion-body .fusion-builder-column-0{width:66.666666666667% !important;margin-top : 0px;margin-bottom : 0px;}.fusion-builder-column-0 > .fusion-column-wrapper {padding-top : 0px !important;padding-right : 0px !important;margin-right : 3.84%;padding-bottom : 0px !important;padding-left : 0px !important;margin-left : 2.88%;}@media only screen and (max-width:1024px) {.fusion-body .fusion-builder-column-0{width:66.666666666667% !important;}.fusion-builder-column-0 > .fusion-column-wrapper {margin-right : 3.84%;margin-left : 2.88%;}}@media only screen and (max-width:640px) {.fusion-body .fusion-builder-column-0{width:100% !important;}.fusion-builder-column-0 > .fusion-column-wrapper {margin-right : 1.92%;margin-left : 1.92%;}}<\/style><\/div><div class=\"fusion-layout-column fusion_builder_column fusion-builder-column-1 fusion_builder_column_1_3 1_3 fusion-flex-column\"><div class=\"fusion-column-wrapper fusion-flex-justify-content-flex-start fusion-content-layout-column\" style=\"background-position:left top;background-repeat:no-repeat;-webkit-background-size:cover;-moz-background-size:cover;-o-background-size:cover;background-size:cover;padding: 0px 0px 0px 0px;\"><div ><span class=\" fusion-imageframe imageframe-none imageframe-1 hover-type-none\"><img decoding=\"async\" width=\"768\" height=\"513\" title=\"Claudia Andujar 02\" src=\"https:\/\/afc.cat\/wp-content\/uploads\/2021\/04\/Claudia-Andujar-02.jpg\" alt class=\"img-responsive wp-image-19997\" srcset=\"https:\/\/afc.cat\/wp-content\/uploads\/2021\/04\/Claudia-Andujar-02-200x134.jpg 200w, https:\/\/afc.cat\/wp-content\/uploads\/2021\/04\/Claudia-Andujar-02-400x267.jpg 400w, https:\/\/afc.cat\/wp-content\/uploads\/2021\/04\/Claudia-Andujar-02-600x401.jpg 600w, https:\/\/afc.cat\/wp-content\/uploads\/2021\/04\/Claudia-Andujar-02.jpg 768w\" sizes=\"(max-width: 640px) 100vw, 400px\" \/><\/span><\/div><div class=\"fusion-text fusion-text-2\" style=\"text-align:center;font-size:13px;color:#adadad;\"><p>Claudia Andujar<br \/>\nSusi Korihana th\u00ebri nadando, Catrimani, Roraima, 1972-1974<br \/>\n\u00a9 Claudia Andujar<\/p>\n<\/div><\/div><style type=\"text\/css\">.fusion-body .fusion-builder-column-1{width:33.333333333333% !important;margin-top : 0px;margin-bottom : 0px;}.fusion-builder-column-1 > .fusion-column-wrapper {padding-top : 0px !important;padding-right : 0px !important;margin-right : 5.76%;padding-bottom : 0px !important;padding-left : 0px !important;margin-left : 3.84%;}@media only screen and (max-width:1024px) {.fusion-body .fusion-builder-column-1{width:33.333333333333% !important;}.fusion-builder-column-1 > .fusion-column-wrapper {margin-right : 5.76%;margin-left : 3.84%;}}@media only screen and (max-width:640px) {.fusion-body .fusion-builder-column-1{width:100% !important;}.fusion-builder-column-1 > .fusion-column-wrapper {margin-right : 1.92%;margin-left : 1.92%;}}<\/style><\/div><\/div><style type=\"text\/css\">.fusion-body .fusion-flex-container.fusion-builder-row-1{ padding-top : 0px;margin-top : 0px;padding-right : 0px;padding-bottom : 0px;margin-bottom : 0px;padding-left : 0px;}<\/style><\/div>\n","protected":false},"excerpt":{"rendered":"","protected":false},"author":33,"featured_media":20201,"comment_status":"closed","ping_status":"closed","sticky":false,"template":"","format":"standard","meta":{"_acf_changed":false,"footnotes":""},"categories":[55],"tags":[],"class_list":["post-20778","post","type-post","status-publish","format-standard","has-post-thumbnail","hentry","category-exposiciones"],"acf":[],"yoast_head":"<!-- This site is optimized with the Yoast SEO plugin v27.2 - https:\/\/yoast.com\/product\/yoast-seo-wordpress\/ -->\n<title>Exposici\u00f3n Claudia Andujar. KBr Fundaci\u00f3n Mapfre - Agrupaci\u00f3 Fotogr\u00e0fica de Catalunya<\/title>\n<meta name=\"robots\" content=\"index, follow, max-snippet:-1, max-image-preview:large, max-video-preview:-1\" \/>\n<link rel=\"canonical\" href=\"https:\/\/afc.cat\/es\/exposicion-claudia-andujar-en-kbr-fundacion-mapfre\/\" \/>\n<meta property=\"og:locale\" content=\"es_ES\" \/>\n<meta property=\"og:type\" content=\"article\" \/>\n<meta property=\"og:title\" content=\"Exposici\u00f3n Claudia Andujar. KBr Fundaci\u00f3n Mapfre - Agrupaci\u00f3 Fotogr\u00e0fica de Catalunya\" \/>\n<meta property=\"og:url\" content=\"https:\/\/afc.cat\/es\/exposicion-claudia-andujar-en-kbr-fundacion-mapfre\/\" \/>\n<meta property=\"og:site_name\" content=\"Agrupaci\u00f3 Fotogr\u00e0fica de Catalunya\" \/>\n<meta property=\"article:published_time\" content=\"2021-02-26T09:46:30+00:00\" \/>\n<meta property=\"article:modified_time\" content=\"2021-04-29T18:09:37+00:00\" \/>\n<meta property=\"og:image\" content=\"https:\/\/afc.cat\/wp-content\/uploads\/2021\/04\/Claudia-Andujar.jpg\" \/>\n\t<meta property=\"og:image:width\" content=\"768\" \/>\n\t<meta property=\"og:image:height\" content=\"513\" \/>\n\t<meta property=\"og:image:type\" content=\"image\/jpeg\" \/>\n<meta name=\"author\" content=\"Albert Folch Naval\u00f3n\" \/>\n<meta name=\"twitter:card\" content=\"summary_large_image\" \/>\n<meta name=\"twitter:label1\" content=\"Escrito por\" \/>\n\t<meta name=\"twitter:data1\" content=\"Albert Folch Naval\u00f3n\" \/>\n\t<meta name=\"twitter:label2\" content=\"Tiempo de lectura\" \/>\n\t<meta name=\"twitter:data2\" content=\"3 minutos\" \/>\n<script type=\"application\/ld+json\" class=\"yoast-schema-graph\">{\"@context\":\"https:\/\/schema.org\",\"@graph\":[{\"@type\":\"Article\",\"@id\":\"https:\/\/afc.cat\/es\/exposicion-claudia-andujar-en-kbr-fundacion-mapfre\/#article\",\"isPartOf\":{\"@id\":\"https:\/\/afc.cat\/es\/exposicion-claudia-andujar-en-kbr-fundacion-mapfre\/\"},\"author\":{\"name\":\"Albert Folch Naval\u00f3n\",\"@id\":\"https:\/\/afc.cat\/es\/#\/schema\/person\/2868ff3362c6c568af6bbef21aab18a6\"},\"headline\":\"Exposici\u00f3n Claudia Andujar. KBr Fundaci\u00f3n Mapfre\",\"datePublished\":\"2021-02-26T09:46:30+00:00\",\"dateModified\":\"2021-04-29T18:09:37+00:00\",\"mainEntityOfPage\":{\"@id\":\"https:\/\/afc.cat\/es\/exposicion-claudia-andujar-en-kbr-fundacion-mapfre\/\"},\"wordCount\":982,\"image\":{\"@id\":\"https:\/\/afc.cat\/es\/exposicion-claudia-andujar-en-kbr-fundacion-mapfre\/#primaryimage\"},\"thumbnailUrl\":\"https:\/\/afc.cat\/wp-content\/uploads\/2021\/04\/Claudia-Andujar.jpg\",\"articleSection\":[\"Exposiciones\"],\"inLanguage\":\"es\"},{\"@type\":\"WebPage\",\"@id\":\"https:\/\/afc.cat\/es\/exposicion-claudia-andujar-en-kbr-fundacion-mapfre\/\",\"url\":\"https:\/\/afc.cat\/es\/exposicion-claudia-andujar-en-kbr-fundacion-mapfre\/\",\"name\":\"Exposici\u00f3n Claudia Andujar. KBr Fundaci\u00f3n Mapfre - Agrupaci\u00f3 Fotogr\u00e0fica de Catalunya\",\"isPartOf\":{\"@id\":\"https:\/\/afc.cat\/es\/#website\"},\"primaryImageOfPage\":{\"@id\":\"https:\/\/afc.cat\/es\/exposicion-claudia-andujar-en-kbr-fundacion-mapfre\/#primaryimage\"},\"image\":{\"@id\":\"https:\/\/afc.cat\/es\/exposicion-claudia-andujar-en-kbr-fundacion-mapfre\/#primaryimage\"},\"thumbnailUrl\":\"https:\/\/afc.cat\/wp-content\/uploads\/2021\/04\/Claudia-Andujar.jpg\",\"datePublished\":\"2021-02-26T09:46:30+00:00\",\"dateModified\":\"2021-04-29T18:09:37+00:00\",\"author\":{\"@id\":\"https:\/\/afc.cat\/es\/#\/schema\/person\/2868ff3362c6c568af6bbef21aab18a6\"},\"breadcrumb\":{\"@id\":\"https:\/\/afc.cat\/es\/exposicion-claudia-andujar-en-kbr-fundacion-mapfre\/#breadcrumb\"},\"inLanguage\":\"es\",\"potentialAction\":[{\"@type\":\"ReadAction\",\"target\":[\"https:\/\/afc.cat\/es\/exposicion-claudia-andujar-en-kbr-fundacion-mapfre\/\"]}]},{\"@type\":\"ImageObject\",\"inLanguage\":\"es\",\"@id\":\"https:\/\/afc.cat\/es\/exposicion-claudia-andujar-en-kbr-fundacion-mapfre\/#primaryimage\",\"url\":\"https:\/\/afc.cat\/wp-content\/uploads\/2021\/04\/Claudia-Andujar.jpg\",\"contentUrl\":\"https:\/\/afc.cat\/wp-content\/uploads\/2021\/04\/Claudia-Andujar.jpg\",\"width\":768,\"height\":513,\"caption\":\"Autor: Claudia Andujar\"},{\"@type\":\"BreadcrumbList\",\"@id\":\"https:\/\/afc.cat\/es\/exposicion-claudia-andujar-en-kbr-fundacion-mapfre\/#breadcrumb\",\"itemListElement\":[{\"@type\":\"ListItem\",\"position\":1,\"name\":\"Inicio\",\"item\":\"https:\/\/afc.cat\/es\/\"},{\"@type\":\"ListItem\",\"position\":2,\"name\":\"Exposici\u00f3n Claudia Andujar. KBr Fundaci\u00f3n Mapfre\"}]},{\"@type\":\"WebSite\",\"@id\":\"https:\/\/afc.cat\/es\/#website\",\"url\":\"https:\/\/afc.cat\/es\/\",\"name\":\"Agrupaci\u00f3 Fotogr\u00e0fica de Catalunya\",\"description\":\"Fomento y divulgaci\u00f3n de la fotograf\u00eda en todas sus variedades\",\"potentialAction\":[{\"@type\":\"SearchAction\",\"target\":{\"@type\":\"EntryPoint\",\"urlTemplate\":\"https:\/\/afc.cat\/es\/?s={search_term_string}\"},\"query-input\":{\"@type\":\"PropertyValueSpecification\",\"valueRequired\":true,\"valueName\":\"search_term_string\"}}],\"inLanguage\":\"es\"},{\"@type\":\"Person\",\"@id\":\"https:\/\/afc.cat\/es\/#\/schema\/person\/2868ff3362c6c568af6bbef21aab18a6\",\"name\":\"Albert Folch Naval\u00f3n\",\"image\":{\"@type\":\"ImageObject\",\"inLanguage\":\"es\",\"@id\":\"https:\/\/secure.gravatar.com\/avatar\/d9af2c27458acd834a2ba71216b3c70b3d550f58587654086a7e7c13f9ffa40c?s=96&d=mm&r=g\",\"url\":\"https:\/\/secure.gravatar.com\/avatar\/d9af2c27458acd834a2ba71216b3c70b3d550f58587654086a7e7c13f9ffa40c?s=96&d=mm&r=g\",\"contentUrl\":\"https:\/\/secure.gravatar.com\/avatar\/d9af2c27458acd834a2ba71216b3c70b3d550f58587654086a7e7c13f9ffa40c?s=96&d=mm&r=g\",\"caption\":\"Albert Folch Naval\u00f3n\"},\"url\":\"https:\/\/afc.cat\/es\/author\/albertf2021\/\"}]}<\/script>\n<!-- \/ Yoast SEO plugin. -->","yoast_head_json":{"title":"Exposici\u00f3n Claudia Andujar. KBr Fundaci\u00f3n Mapfre - Agrupaci\u00f3 Fotogr\u00e0fica de Catalunya","robots":{"index":"index","follow":"follow","max-snippet":"max-snippet:-1","max-image-preview":"max-image-preview:large","max-video-preview":"max-video-preview:-1"},"canonical":"https:\/\/afc.cat\/es\/exposicion-claudia-andujar-en-kbr-fundacion-mapfre\/","og_locale":"es_ES","og_type":"article","og_title":"Exposici\u00f3n Claudia Andujar. KBr Fundaci\u00f3n Mapfre - Agrupaci\u00f3 Fotogr\u00e0fica de Catalunya","og_url":"https:\/\/afc.cat\/es\/exposicion-claudia-andujar-en-kbr-fundacion-mapfre\/","og_site_name":"Agrupaci\u00f3 Fotogr\u00e0fica de Catalunya","article_published_time":"2021-02-26T09:46:30+00:00","article_modified_time":"2021-04-29T18:09:37+00:00","og_image":[{"width":768,"height":513,"url":"https:\/\/afc.cat\/wp-content\/uploads\/2021\/04\/Claudia-Andujar.jpg","type":"image\/jpeg"}],"author":"Albert Folch Naval\u00f3n","twitter_card":"summary_large_image","twitter_misc":{"Escrito por":"Albert Folch Naval\u00f3n","Tiempo de lectura":"3 minutos"},"schema":{"@context":"https:\/\/schema.org","@graph":[{"@type":"Article","@id":"https:\/\/afc.cat\/es\/exposicion-claudia-andujar-en-kbr-fundacion-mapfre\/#article","isPartOf":{"@id":"https:\/\/afc.cat\/es\/exposicion-claudia-andujar-en-kbr-fundacion-mapfre\/"},"author":{"name":"Albert Folch Naval\u00f3n","@id":"https:\/\/afc.cat\/es\/#\/schema\/person\/2868ff3362c6c568af6bbef21aab18a6"},"headline":"Exposici\u00f3n Claudia Andujar. KBr Fundaci\u00f3n Mapfre","datePublished":"2021-02-26T09:46:30+00:00","dateModified":"2021-04-29T18:09:37+00:00","mainEntityOfPage":{"@id":"https:\/\/afc.cat\/es\/exposicion-claudia-andujar-en-kbr-fundacion-mapfre\/"},"wordCount":982,"image":{"@id":"https:\/\/afc.cat\/es\/exposicion-claudia-andujar-en-kbr-fundacion-mapfre\/#primaryimage"},"thumbnailUrl":"https:\/\/afc.cat\/wp-content\/uploads\/2021\/04\/Claudia-Andujar.jpg","articleSection":["Exposiciones"],"inLanguage":"es"},{"@type":"WebPage","@id":"https:\/\/afc.cat\/es\/exposicion-claudia-andujar-en-kbr-fundacion-mapfre\/","url":"https:\/\/afc.cat\/es\/exposicion-claudia-andujar-en-kbr-fundacion-mapfre\/","name":"Exposici\u00f3n Claudia Andujar. KBr Fundaci\u00f3n Mapfre - Agrupaci\u00f3 Fotogr\u00e0fica de Catalunya","isPartOf":{"@id":"https:\/\/afc.cat\/es\/#website"},"primaryImageOfPage":{"@id":"https:\/\/afc.cat\/es\/exposicion-claudia-andujar-en-kbr-fundacion-mapfre\/#primaryimage"},"image":{"@id":"https:\/\/afc.cat\/es\/exposicion-claudia-andujar-en-kbr-fundacion-mapfre\/#primaryimage"},"thumbnailUrl":"https:\/\/afc.cat\/wp-content\/uploads\/2021\/04\/Claudia-Andujar.jpg","datePublished":"2021-02-26T09:46:30+00:00","dateModified":"2021-04-29T18:09:37+00:00","author":{"@id":"https:\/\/afc.cat\/es\/#\/schema\/person\/2868ff3362c6c568af6bbef21aab18a6"},"breadcrumb":{"@id":"https:\/\/afc.cat\/es\/exposicion-claudia-andujar-en-kbr-fundacion-mapfre\/#breadcrumb"},"inLanguage":"es","potentialAction":[{"@type":"ReadAction","target":["https:\/\/afc.cat\/es\/exposicion-claudia-andujar-en-kbr-fundacion-mapfre\/"]}]},{"@type":"ImageObject","inLanguage":"es","@id":"https:\/\/afc.cat\/es\/exposicion-claudia-andujar-en-kbr-fundacion-mapfre\/#primaryimage","url":"https:\/\/afc.cat\/wp-content\/uploads\/2021\/04\/Claudia-Andujar.jpg","contentUrl":"https:\/\/afc.cat\/wp-content\/uploads\/2021\/04\/Claudia-Andujar.jpg","width":768,"height":513,"caption":"Autor: Claudia Andujar"},{"@type":"BreadcrumbList","@id":"https:\/\/afc.cat\/es\/exposicion-claudia-andujar-en-kbr-fundacion-mapfre\/#breadcrumb","itemListElement":[{"@type":"ListItem","position":1,"name":"Inicio","item":"https:\/\/afc.cat\/es\/"},{"@type":"ListItem","position":2,"name":"Exposici\u00f3n Claudia Andujar. KBr Fundaci\u00f3n Mapfre"}]},{"@type":"WebSite","@id":"https:\/\/afc.cat\/es\/#website","url":"https:\/\/afc.cat\/es\/","name":"Agrupaci\u00f3 Fotogr\u00e0fica de Catalunya","description":"Fomento y divulgaci\u00f3n de la fotograf\u00eda en todas sus variedades","potentialAction":[{"@type":"SearchAction","target":{"@type":"EntryPoint","urlTemplate":"https:\/\/afc.cat\/es\/?s={search_term_string}"},"query-input":{"@type":"PropertyValueSpecification","valueRequired":true,"valueName":"search_term_string"}}],"inLanguage":"es"},{"@type":"Person","@id":"https:\/\/afc.cat\/es\/#\/schema\/person\/2868ff3362c6c568af6bbef21aab18a6","name":"Albert Folch Naval\u00f3n","image":{"@type":"ImageObject","inLanguage":"es","@id":"https:\/\/secure.gravatar.com\/avatar\/d9af2c27458acd834a2ba71216b3c70b3d550f58587654086a7e7c13f9ffa40c?s=96&d=mm&r=g","url":"https:\/\/secure.gravatar.com\/avatar\/d9af2c27458acd834a2ba71216b3c70b3d550f58587654086a7e7c13f9ffa40c?s=96&d=mm&r=g","contentUrl":"https:\/\/secure.gravatar.com\/avatar\/d9af2c27458acd834a2ba71216b3c70b3d550f58587654086a7e7c13f9ffa40c?s=96&d=mm&r=g","caption":"Albert Folch Naval\u00f3n"},"url":"https:\/\/afc.cat\/es\/author\/albertf2021\/"}]}},"_links":{"self":[{"href":"https:\/\/afc.cat\/es\/wp-json\/wp\/v2\/posts\/20778","targetHints":{"allow":["GET"]}}],"collection":[{"href":"https:\/\/afc.cat\/es\/wp-json\/wp\/v2\/posts"}],"about":[{"href":"https:\/\/afc.cat\/es\/wp-json\/wp\/v2\/types\/post"}],"author":[{"embeddable":true,"href":"https:\/\/afc.cat\/es\/wp-json\/wp\/v2\/users\/33"}],"replies":[{"embeddable":true,"href":"https:\/\/afc.cat\/es\/wp-json\/wp\/v2\/comments?post=20778"}],"version-history":[{"count":5,"href":"https:\/\/afc.cat\/es\/wp-json\/wp\/v2\/posts\/20778\/revisions"}],"predecessor-version":[{"id":21120,"href":"https:\/\/afc.cat\/es\/wp-json\/wp\/v2\/posts\/20778\/revisions\/21120"}],"wp:featuredmedia":[{"embeddable":true,"href":"https:\/\/afc.cat\/es\/wp-json\/wp\/v2\/media\/20201"}],"wp:attachment":[{"href":"https:\/\/afc.cat\/es\/wp-json\/wp\/v2\/media?parent=20778"}],"wp:term":[{"taxonomy":"category","embeddable":true,"href":"https:\/\/afc.cat\/es\/wp-json\/wp\/v2\/categories?post=20778"},{"taxonomy":"post_tag","embeddable":true,"href":"https:\/\/afc.cat\/es\/wp-json\/wp\/v2\/tags?post=20778"}],"curies":[{"name":"wp","href":"https:\/\/api.w.org\/{rel}","templated":true}]}}