{"id":21110,"date":"2021-03-06T08:44:13","date_gmt":"2021-03-06T06:44:13","guid":{"rendered":"https:\/\/afc.cat\/?p=21110"},"modified":"2021-04-29T21:18:03","modified_gmt":"2021-04-29T19:18:03","slug":"exposicion-barcelona-fotografas-plaza-del-born-ccm","status":"publish","type":"post","link":"https:\/\/afc.cat\/es\/exposicion-barcelona-fotografas-plaza-del-born-ccm\/","title":{"rendered":"Exposici\u00f3n Barcelona Fot\u00f3grafas. Plaza del Born CCM"},"content":{"rendered":"<div class=\"fusion-fullwidth fullwidth-box fusion-builder-row-1 fusion-flex-container nonhundred-percent-fullwidth non-hundred-percent-height-scrolling\" style=\"background-color: rgba(255,255,255,0);background-position: center center;background-repeat: no-repeat;border-width: 0px 0px 0px 0px;border-color:#ffffff;border-style:solid;\" ><div class=\"fusion-builder-row fusion-row fusion-flex-align-items-flex-start\" style=\"max-width:1300px;margin-left: calc(-4% \/ 2 );margin-right: calc(-4% \/ 2 );\"><div class=\"fusion-layout-column fusion_builder_column fusion-builder-column-0 fusion_builder_column_2_3 2_3 fusion-flex-column\"><div class=\"fusion-column-wrapper fusion-flex-justify-content-flex-start fusion-content-layout-column\" style=\"background-position:left top;background-repeat:no-repeat;-webkit-background-size:cover;-moz-background-size:cover;-o-background-size:cover;background-size:cover;padding: 0px 0px 0px 0px;\"><div class=\"fusion-text fusion-text-1\"><h2>Barcelona Fot\u00f2grafes<\/h2>\n<h3>Ayuntamiento de Barcelona<\/h3>\n<p>Del 06\/03\/21 al 06\/06\/21<\/p>\n<p>El ayuntamiento de Barcelona organiza una exposici\u00f3n en la <strong>plaza comercial ante el Born CCM<\/strong>, de unas setenta fotograf\u00edas de Barcelona realizadas por mujeres. Esta exposici\u00f3n est\u00e1 distribuida en tres bloques: Primeramente se muestran im\u00e1genes de la Barcelona de los a\u00f1os 30 realizadas por mujeres, llegadas a nuetro pa\u00eds procedentes de pa\u00edses europeos huyendo de los nazis, hablamos de fot\u00f3grafas como <strong>Margaret Michaelis<\/strong>, <strong>Dora Maar<\/strong>, <strong>Gerda Taro<\/strong>, <strong>Kati Horna<\/strong>, <strong>Anna Maria Mart\u00ednez Sagi<\/strong>, esta \u00faltima que act\u00faa como corresponsal de guerra en el <strong>frente de Arag\u00f3n<\/strong>.<\/p>\n<p>En un segundo bloque nos adentramos de pleno en la \u00e9poca franquista, en el cual las fot\u00f3grafas se reun\u00edan para realizar cursillos, relacionarse, crear espacios de debate y un grupo que destac\u00f3 en aquel momento foul grupo femenino de la <strong>Agrupaci\u00f3n Fotogr\u00e1fica de Catalu\u00f1a<\/strong> del cual salieron mujeres como: <strong>Carme Garcia<\/strong>, <strong>Montserrat Vidal-Barraquer Flaquer<\/strong>, <strong>Milagros Caturla<\/strong>, <strong>Rosa Sz\u00fccs<\/strong> i <strong>Rosario Mart\u00ednez Rochina<\/strong> de las que hoy pueden admirar sus trabajos.<\/p>\n<p>El tercer bloque donde aqu\u00ed ya nos adentramos en la d\u00e9cada de los 70, las fot\u00f3grafas ya empiezan a trabajar para los medios de comunicaci\u00f3n. Nombres m\u00e1s conocidos como <strong>Colita<\/strong>, <strong>Pilar Aymerich<\/strong>, <strong>Guillermina Puig<\/strong>, <strong>Anna Turbau<\/strong>, A<strong>nna Boy\u00e9<\/strong>, <strong>Marta Povo<\/strong>, <strong>Marta Sent\u00eds<\/strong>, <strong>Pilar Villarrazo<\/strong>, <strong>Consuelo Bautista<\/strong> i <strong>Silvia T. Colmenero<\/strong> ente sumergeixen en la vida cotidiana de una Barcelona que empieza a vivirse m\u00e1s intensamente.<\/p>\n<p>Os queremos recordar toda la obra de <strong>Rosa Sz\u00fccs<\/strong> la tiene en dep\u00f3sito la Agrupaci\u00f3n Fotogr\u00e1fica de Catalu\u00f1a y que se encuentra guardada al <strong>MNAC<\/strong> en estos momentos.<\/p>\n<p>Esta exposici\u00f3n la podr\u00e9is visitar hasta el 06\/06\/2021<\/p>\n<p>Para mayor informaci\u00f3n visitad la <a href=\"https:\/\/www.barcelona.cat\/expofotografes\/ca\" target=\"_blank\" rel=\"noopener noreferrer\">web de barcelona.cat<\/a><\/p>\n<\/div><\/div><style type=\"text\/css\">.fusion-body .fusion-builder-column-0{width:66.666666666667% !important;margin-top : 0px;margin-bottom : 0px;}.fusion-builder-column-0 > .fusion-column-wrapper {padding-top : 0px !important;padding-right : 0px !important;margin-right : 3.84%;padding-bottom : 0px !important;padding-left : 0px !important;margin-left : 2.88%;}@media only screen and (max-width:1024px) {.fusion-body .fusion-builder-column-0{width:66.666666666667% !important;}.fusion-builder-column-0 > .fusion-column-wrapper {margin-right : 3.84%;margin-left : 2.88%;}}@media only screen and (max-width:640px) {.fusion-body .fusion-builder-column-0{width:100% !important;}.fusion-builder-column-0 > .fusion-column-wrapper {margin-right : 1.92%;margin-left : 1.92%;}}<\/style><\/div><div class=\"fusion-layout-column fusion_builder_column fusion-builder-column-1 fusion_builder_column_1_3 1_3 fusion-flex-column\"><div class=\"fusion-column-wrapper fusion-flex-justify-content-flex-start fusion-content-layout-column\" style=\"background-position:left top;background-repeat:no-repeat;-webkit-background-size:cover;-moz-background-size:cover;-o-background-size:cover;background-size:cover;padding: 0px 0px 0px 0px;\"><div style=\"text-align:center;\"><span class=\" fusion-imageframe imageframe-none imageframe-1 hover-type-zoomin\"><img decoding=\"async\" width=\"408\" height=\"600\" title=\"Rosa Sz\u00fccs\" src=\"https:\/\/afc.cat\/wp-content\/uploads\/2021\/04\/Rosa-Szucs.jpg\" alt class=\"img-responsive wp-image-20896\" srcset=\"https:\/\/afc.cat\/wp-content\/uploads\/2021\/04\/Rosa-Szucs-200x294.jpg 200w, https:\/\/afc.cat\/wp-content\/uploads\/2021\/04\/Rosa-Szucs-400x588.jpg 400w, https:\/\/afc.cat\/wp-content\/uploads\/2021\/04\/Rosa-Szucs.jpg 408w\" sizes=\"(max-width: 640px) 100vw, 400px\" \/><\/span><\/div><div class=\"fusion-text fusion-text-2\" style=\"text-align:center;font-size:13px;color:#adadad;\"><p style=\"text-align: center;\">Rosa Sz\u00fccs del Olmo. La mare fot\u00f2grafa, c. 1960<br \/>\nMuseu Nacional d\u2019Art de Catalunya. Dip\u00f2sit de l\u2019Agrupaci\u00f3 Fotogr\u00e0fica de Catalunya<br \/>\n\u00a9 L&#8217;autora o els seus hereus<\/p>\n<\/div><\/div><style type=\"text\/css\">.fusion-body .fusion-builder-column-1{width:33.333333333333% !important;margin-top : 0px;margin-bottom : 0px;}.fusion-builder-column-1 > .fusion-column-wrapper {padding-top : 0px !important;padding-right : 0px !important;margin-right : 5.76%;padding-bottom : 0px !important;padding-left : 0px !important;margin-left : 3.84%;}@media only screen and (max-width:1024px) {.fusion-body .fusion-builder-column-1{width:33.333333333333% !important;}.fusion-builder-column-1 > .fusion-column-wrapper {margin-right : 5.76%;margin-left : 3.84%;}}@media only screen and (max-width:640px) {.fusion-body .fusion-builder-column-1{width:100% !important;}.fusion-builder-column-1 > .fusion-column-wrapper {margin-right : 1.92%;margin-left : 1.92%;}}<\/style><\/div><\/div><style type=\"text\/css\">.fusion-body .fusion-flex-container.fusion-builder-row-1{ padding-top : 0px;margin-top : 0px;padding-right : 0px;padding-bottom : 0px;margin-bottom : 0px;padding-left : 0px;}<\/style><\/div>\n","protected":false},"excerpt":{"rendered":"","protected":false},"author":33,"featured_media":20896,"comment_status":"closed","ping_status":"closed","sticky":false,"template":"","format":"standard","meta":{"_acf_changed":false,"footnotes":""},"categories":[55],"tags":[],"class_list":["post-21110","post","type-post","status-publish","format-standard","has-post-thumbnail","hentry","category-exposiciones"],"acf":[],"yoast_head":"<!-- This site is optimized with the Yoast SEO plugin v27.5 - https:\/\/yoast.com\/product\/yoast-seo-wordpress\/ -->\n<title>Exposici\u00f3n Barcelona Fot\u00f3grafas. Plaza del Born CCM - Agrupaci\u00f3 Fotogr\u00e0fica de Catalunya<\/title>\n<meta name=\"robots\" content=\"index, follow, max-snippet:-1, max-image-preview:large, max-video-preview:-1\" \/>\n<link rel=\"canonical\" href=\"https:\/\/afc.cat\/es\/exposicion-barcelona-fotografas-plaza-del-born-ccm\/\" \/>\n<meta property=\"og:locale\" content=\"es_ES\" \/>\n<meta property=\"og:type\" content=\"article\" \/>\n<meta property=\"og:title\" content=\"Exposici\u00f3n Barcelona Fot\u00f3grafas. Plaza del Born CCM - Agrupaci\u00f3 Fotogr\u00e0fica de Catalunya\" \/>\n<meta property=\"og:url\" content=\"https:\/\/afc.cat\/es\/exposicion-barcelona-fotografas-plaza-del-born-ccm\/\" \/>\n<meta property=\"og:site_name\" content=\"Agrupaci\u00f3 Fotogr\u00e0fica de Catalunya\" \/>\n<meta property=\"article:published_time\" content=\"2021-03-06T06:44:13+00:00\" \/>\n<meta property=\"article:modified_time\" content=\"2021-04-29T19:18:03+00:00\" \/>\n<meta property=\"og:image\" content=\"https:\/\/afc.cat\/wp-content\/uploads\/2021\/04\/Rosa-Szucs.jpg\" \/>\n\t<meta property=\"og:image:width\" content=\"408\" \/>\n\t<meta property=\"og:image:height\" content=\"600\" \/>\n\t<meta property=\"og:image:type\" content=\"image\/jpeg\" \/>\n<meta name=\"author\" content=\"Albert Folch Naval\u00f3n\" \/>\n<meta name=\"twitter:card\" content=\"summary_large_image\" \/>\n<meta name=\"twitter:label1\" content=\"Escrito por\" \/>\n\t<meta name=\"twitter:data1\" content=\"Albert Folch Naval\u00f3n\" \/>\n\t<meta name=\"twitter:label2\" content=\"Tiempo de lectura\" \/>\n\t<meta name=\"twitter:data2\" content=\"3 minutos\" \/>\n<script type=\"application\/ld+json\" class=\"yoast-schema-graph\">{\"@context\":\"https:\\\/\\\/schema.org\",\"@graph\":[{\"@type\":\"Article\",\"@id\":\"https:\\\/\\\/afc.cat\\\/es\\\/exposicion-barcelona-fotografas-plaza-del-born-ccm\\\/#article\",\"isPartOf\":{\"@id\":\"https:\\\/\\\/afc.cat\\\/es\\\/exposicion-barcelona-fotografas-plaza-del-born-ccm\\\/\"},\"author\":{\"name\":\"Albert Folch Naval\u00f3n\",\"@id\":\"https:\\\/\\\/afc.cat\\\/es\\\/#\\\/schema\\\/person\\\/2868ff3362c6c568af6bbef21aab18a6\"},\"headline\":\"Exposici\u00f3n Barcelona Fot\u00f3grafas. Plaza del Born CCM\",\"datePublished\":\"2021-03-06T06:44:13+00:00\",\"dateModified\":\"2021-04-29T19:18:03+00:00\",\"mainEntityOfPage\":{\"@id\":\"https:\\\/\\\/afc.cat\\\/es\\\/exposicion-barcelona-fotografas-plaza-del-born-ccm\\\/\"},\"wordCount\":847,\"image\":{\"@id\":\"https:\\\/\\\/afc.cat\\\/es\\\/exposicion-barcelona-fotografas-plaza-del-born-ccm\\\/#primaryimage\"},\"thumbnailUrl\":\"https:\\\/\\\/afc.cat\\\/wp-content\\\/uploads\\\/2021\\\/04\\\/Rosa-Szucs.jpg\",\"articleSection\":[\"Exposiciones\"],\"inLanguage\":\"es\"},{\"@type\":\"WebPage\",\"@id\":\"https:\\\/\\\/afc.cat\\\/es\\\/exposicion-barcelona-fotografas-plaza-del-born-ccm\\\/\",\"url\":\"https:\\\/\\\/afc.cat\\\/es\\\/exposicion-barcelona-fotografas-plaza-del-born-ccm\\\/\",\"name\":\"Exposici\u00f3n Barcelona Fot\u00f3grafas. Plaza del Born CCM - Agrupaci\u00f3 Fotogr\u00e0fica de Catalunya\",\"isPartOf\":{\"@id\":\"https:\\\/\\\/afc.cat\\\/es\\\/#website\"},\"primaryImageOfPage\":{\"@id\":\"https:\\\/\\\/afc.cat\\\/es\\\/exposicion-barcelona-fotografas-plaza-del-born-ccm\\\/#primaryimage\"},\"image\":{\"@id\":\"https:\\\/\\\/afc.cat\\\/es\\\/exposicion-barcelona-fotografas-plaza-del-born-ccm\\\/#primaryimage\"},\"thumbnailUrl\":\"https:\\\/\\\/afc.cat\\\/wp-content\\\/uploads\\\/2021\\\/04\\\/Rosa-Szucs.jpg\",\"datePublished\":\"2021-03-06T06:44:13+00:00\",\"dateModified\":\"2021-04-29T19:18:03+00:00\",\"author\":{\"@id\":\"https:\\\/\\\/afc.cat\\\/es\\\/#\\\/schema\\\/person\\\/2868ff3362c6c568af6bbef21aab18a6\"},\"breadcrumb\":{\"@id\":\"https:\\\/\\\/afc.cat\\\/es\\\/exposicion-barcelona-fotografas-plaza-del-born-ccm\\\/#breadcrumb\"},\"inLanguage\":\"es\",\"potentialAction\":[{\"@type\":\"ReadAction\",\"target\":[\"https:\\\/\\\/afc.cat\\\/es\\\/exposicion-barcelona-fotografas-plaza-del-born-ccm\\\/\"]}]},{\"@type\":\"ImageObject\",\"inLanguage\":\"es\",\"@id\":\"https:\\\/\\\/afc.cat\\\/es\\\/exposicion-barcelona-fotografas-plaza-del-born-ccm\\\/#primaryimage\",\"url\":\"https:\\\/\\\/afc.cat\\\/wp-content\\\/uploads\\\/2021\\\/04\\\/Rosa-Szucs.jpg\",\"contentUrl\":\"https:\\\/\\\/afc.cat\\\/wp-content\\\/uploads\\\/2021\\\/04\\\/Rosa-Szucs.jpg\",\"width\":408,\"height\":600},{\"@type\":\"BreadcrumbList\",\"@id\":\"https:\\\/\\\/afc.cat\\\/es\\\/exposicion-barcelona-fotografas-plaza-del-born-ccm\\\/#breadcrumb\",\"itemListElement\":[{\"@type\":\"ListItem\",\"position\":1,\"name\":\"Inicio\",\"item\":\"https:\\\/\\\/afc.cat\\\/es\\\/\"},{\"@type\":\"ListItem\",\"position\":2,\"name\":\"Exposici\u00f3n Barcelona Fot\u00f3grafas. Plaza del Born CCM\"}]},{\"@type\":\"WebSite\",\"@id\":\"https:\\\/\\\/afc.cat\\\/es\\\/#website\",\"url\":\"https:\\\/\\\/afc.cat\\\/es\\\/\",\"name\":\"Agrupaci\u00f3 Fotogr\u00e0fica de Catalunya\",\"description\":\"Fomento y divulgaci\u00f3n de la fotograf\u00eda en todas sus variedades\",\"potentialAction\":[{\"@type\":\"SearchAction\",\"target\":{\"@type\":\"EntryPoint\",\"urlTemplate\":\"https:\\\/\\\/afc.cat\\\/es\\\/?s={search_term_string}\"},\"query-input\":{\"@type\":\"PropertyValueSpecification\",\"valueRequired\":true,\"valueName\":\"search_term_string\"}}],\"inLanguage\":\"es\"},{\"@type\":\"Person\",\"@id\":\"https:\\\/\\\/afc.cat\\\/es\\\/#\\\/schema\\\/person\\\/2868ff3362c6c568af6bbef21aab18a6\",\"name\":\"Albert Folch Naval\u00f3n\",\"image\":{\"@type\":\"ImageObject\",\"inLanguage\":\"es\",\"@id\":\"https:\\\/\\\/secure.gravatar.com\\\/avatar\\\/d9af2c27458acd834a2ba71216b3c70b3d550f58587654086a7e7c13f9ffa40c?s=96&d=mm&r=g\",\"url\":\"https:\\\/\\\/secure.gravatar.com\\\/avatar\\\/d9af2c27458acd834a2ba71216b3c70b3d550f58587654086a7e7c13f9ffa40c?s=96&d=mm&r=g\",\"contentUrl\":\"https:\\\/\\\/secure.gravatar.com\\\/avatar\\\/d9af2c27458acd834a2ba71216b3c70b3d550f58587654086a7e7c13f9ffa40c?s=96&d=mm&r=g\",\"caption\":\"Albert Folch Naval\u00f3n\"},\"url\":\"https:\\\/\\\/afc.cat\\\/es\\\/author\\\/albertf2021\\\/\"}]}<\/script>\n<!-- \/ Yoast SEO plugin. -->","yoast_head_json":{"title":"Exposici\u00f3n Barcelona Fot\u00f3grafas. Plaza del Born CCM - Agrupaci\u00f3 Fotogr\u00e0fica de Catalunya","robots":{"index":"index","follow":"follow","max-snippet":"max-snippet:-1","max-image-preview":"max-image-preview:large","max-video-preview":"max-video-preview:-1"},"canonical":"https:\/\/afc.cat\/es\/exposicion-barcelona-fotografas-plaza-del-born-ccm\/","og_locale":"es_ES","og_type":"article","og_title":"Exposici\u00f3n Barcelona Fot\u00f3grafas. Plaza del Born CCM - Agrupaci\u00f3 Fotogr\u00e0fica de Catalunya","og_url":"https:\/\/afc.cat\/es\/exposicion-barcelona-fotografas-plaza-del-born-ccm\/","og_site_name":"Agrupaci\u00f3 Fotogr\u00e0fica de Catalunya","article_published_time":"2021-03-06T06:44:13+00:00","article_modified_time":"2021-04-29T19:18:03+00:00","og_image":[{"width":408,"height":600,"url":"https:\/\/afc.cat\/wp-content\/uploads\/2021\/04\/Rosa-Szucs.jpg","type":"image\/jpeg"}],"author":"Albert Folch Naval\u00f3n","twitter_card":"summary_large_image","twitter_misc":{"Escrito por":"Albert Folch Naval\u00f3n","Tiempo de lectura":"3 minutos"},"schema":{"@context":"https:\/\/schema.org","@graph":[{"@type":"Article","@id":"https:\/\/afc.cat\/es\/exposicion-barcelona-fotografas-plaza-del-born-ccm\/#article","isPartOf":{"@id":"https:\/\/afc.cat\/es\/exposicion-barcelona-fotografas-plaza-del-born-ccm\/"},"author":{"name":"Albert Folch Naval\u00f3n","@id":"https:\/\/afc.cat\/es\/#\/schema\/person\/2868ff3362c6c568af6bbef21aab18a6"},"headline":"Exposici\u00f3n Barcelona Fot\u00f3grafas. Plaza del Born CCM","datePublished":"2021-03-06T06:44:13+00:00","dateModified":"2021-04-29T19:18:03+00:00","mainEntityOfPage":{"@id":"https:\/\/afc.cat\/es\/exposicion-barcelona-fotografas-plaza-del-born-ccm\/"},"wordCount":847,"image":{"@id":"https:\/\/afc.cat\/es\/exposicion-barcelona-fotografas-plaza-del-born-ccm\/#primaryimage"},"thumbnailUrl":"https:\/\/afc.cat\/wp-content\/uploads\/2021\/04\/Rosa-Szucs.jpg","articleSection":["Exposiciones"],"inLanguage":"es"},{"@type":"WebPage","@id":"https:\/\/afc.cat\/es\/exposicion-barcelona-fotografas-plaza-del-born-ccm\/","url":"https:\/\/afc.cat\/es\/exposicion-barcelona-fotografas-plaza-del-born-ccm\/","name":"Exposici\u00f3n Barcelona Fot\u00f3grafas. Plaza del Born CCM - Agrupaci\u00f3 Fotogr\u00e0fica de Catalunya","isPartOf":{"@id":"https:\/\/afc.cat\/es\/#website"},"primaryImageOfPage":{"@id":"https:\/\/afc.cat\/es\/exposicion-barcelona-fotografas-plaza-del-born-ccm\/#primaryimage"},"image":{"@id":"https:\/\/afc.cat\/es\/exposicion-barcelona-fotografas-plaza-del-born-ccm\/#primaryimage"},"thumbnailUrl":"https:\/\/afc.cat\/wp-content\/uploads\/2021\/04\/Rosa-Szucs.jpg","datePublished":"2021-03-06T06:44:13+00:00","dateModified":"2021-04-29T19:18:03+00:00","author":{"@id":"https:\/\/afc.cat\/es\/#\/schema\/person\/2868ff3362c6c568af6bbef21aab18a6"},"breadcrumb":{"@id":"https:\/\/afc.cat\/es\/exposicion-barcelona-fotografas-plaza-del-born-ccm\/#breadcrumb"},"inLanguage":"es","potentialAction":[{"@type":"ReadAction","target":["https:\/\/afc.cat\/es\/exposicion-barcelona-fotografas-plaza-del-born-ccm\/"]}]},{"@type":"ImageObject","inLanguage":"es","@id":"https:\/\/afc.cat\/es\/exposicion-barcelona-fotografas-plaza-del-born-ccm\/#primaryimage","url":"https:\/\/afc.cat\/wp-content\/uploads\/2021\/04\/Rosa-Szucs.jpg","contentUrl":"https:\/\/afc.cat\/wp-content\/uploads\/2021\/04\/Rosa-Szucs.jpg","width":408,"height":600},{"@type":"BreadcrumbList","@id":"https:\/\/afc.cat\/es\/exposicion-barcelona-fotografas-plaza-del-born-ccm\/#breadcrumb","itemListElement":[{"@type":"ListItem","position":1,"name":"Inicio","item":"https:\/\/afc.cat\/es\/"},{"@type":"ListItem","position":2,"name":"Exposici\u00f3n Barcelona Fot\u00f3grafas. Plaza del Born CCM"}]},{"@type":"WebSite","@id":"https:\/\/afc.cat\/es\/#website","url":"https:\/\/afc.cat\/es\/","name":"Agrupaci\u00f3 Fotogr\u00e0fica de Catalunya","description":"Fomento y divulgaci\u00f3n de la fotograf\u00eda en todas sus variedades","potentialAction":[{"@type":"SearchAction","target":{"@type":"EntryPoint","urlTemplate":"https:\/\/afc.cat\/es\/?s={search_term_string}"},"query-input":{"@type":"PropertyValueSpecification","valueRequired":true,"valueName":"search_term_string"}}],"inLanguage":"es"},{"@type":"Person","@id":"https:\/\/afc.cat\/es\/#\/schema\/person\/2868ff3362c6c568af6bbef21aab18a6","name":"Albert Folch Naval\u00f3n","image":{"@type":"ImageObject","inLanguage":"es","@id":"https:\/\/secure.gravatar.com\/avatar\/d9af2c27458acd834a2ba71216b3c70b3d550f58587654086a7e7c13f9ffa40c?s=96&d=mm&r=g","url":"https:\/\/secure.gravatar.com\/avatar\/d9af2c27458acd834a2ba71216b3c70b3d550f58587654086a7e7c13f9ffa40c?s=96&d=mm&r=g","contentUrl":"https:\/\/secure.gravatar.com\/avatar\/d9af2c27458acd834a2ba71216b3c70b3d550f58587654086a7e7c13f9ffa40c?s=96&d=mm&r=g","caption":"Albert Folch Naval\u00f3n"},"url":"https:\/\/afc.cat\/es\/author\/albertf2021\/"}]}},"_links":{"self":[{"href":"https:\/\/afc.cat\/es\/wp-json\/wp\/v2\/posts\/21110","targetHints":{"allow":["GET"]}}],"collection":[{"href":"https:\/\/afc.cat\/es\/wp-json\/wp\/v2\/posts"}],"about":[{"href":"https:\/\/afc.cat\/es\/wp-json\/wp\/v2\/types\/post"}],"author":[{"embeddable":true,"href":"https:\/\/afc.cat\/es\/wp-json\/wp\/v2\/users\/33"}],"replies":[{"embeddable":true,"href":"https:\/\/afc.cat\/es\/wp-json\/wp\/v2\/comments?post=21110"}],"version-history":[{"count":6,"href":"https:\/\/afc.cat\/es\/wp-json\/wp\/v2\/posts\/21110\/revisions"}],"predecessor-version":[{"id":21117,"href":"https:\/\/afc.cat\/es\/wp-json\/wp\/v2\/posts\/21110\/revisions\/21117"}],"wp:featuredmedia":[{"embeddable":true,"href":"https:\/\/afc.cat\/es\/wp-json\/wp\/v2\/media\/20896"}],"wp:attachment":[{"href":"https:\/\/afc.cat\/es\/wp-json\/wp\/v2\/media?parent=21110"}],"wp:term":[{"taxonomy":"category","embeddable":true,"href":"https:\/\/afc.cat\/es\/wp-json\/wp\/v2\/categories?post=21110"},{"taxonomy":"post_tag","embeddable":true,"href":"https:\/\/afc.cat\/es\/wp-json\/wp\/v2\/tags?post=21110"}],"curies":[{"name":"wp","href":"https:\/\/api.w.org\/{rel}","templated":true}]}}