{"id":21124,"date":"2021-03-18T20:23:44","date_gmt":"2021-03-18T18:23:44","guid":{"rendered":"https:\/\/afc.cat\/?p=21124"},"modified":"2021-04-29T20:43:45","modified_gmt":"2021-04-29T18:43:45","slug":"21124","status":"publish","type":"post","link":"https:\/\/afc.cat\/es\/21124\/","title":{"rendered":"Exposici\u00f3n Mary Ellen Mark. Vida de Mujeres. Fundaci\u00f3n Foto Colectania"},"content":{"rendered":"<div class=\"fusion-fullwidth fullwidth-box fusion-builder-row-1 fusion-flex-container nonhundred-percent-fullwidth non-hundred-percent-height-scrolling\" style=\"background-color: rgba(255,255,255,0);background-position: center center;background-repeat: no-repeat;border-width: 0px 0px 0px 0px;border-color:#ffffff;border-style:solid;\" ><div class=\"fusion-builder-row fusion-row fusion-flex-align-items-flex-start\" style=\"max-width:1300px;margin-left: calc(-4% \/ 2 );margin-right: calc(-4% \/ 2 );\"><div class=\"fusion-layout-column fusion_builder_column fusion-builder-column-0 fusion_builder_column_2_3 2_3 fusion-flex-column\"><div class=\"fusion-column-wrapper fusion-flex-justify-content-flex-start fusion-content-layout-column\" style=\"background-position:left top;background-repeat:no-repeat;-webkit-background-size:cover;-moz-background-size:cover;-o-background-size:cover;background-size:cover;padding: 0px 0px 0px 0px;\"><div class=\"fusion-text fusion-text-1\"><h2>Mary Ellen Mark. Vidas de Mujeres<\/h2>\n<h3>Foto Colectania<\/h3>\n<p>Del\u00a018\/03\/21\u00a0 al\u00a0 31\/07\/21<\/p>\n<p>Desde el 18 de marzo Foto Colectania ha inaugurado una exposici\u00f3n de Mary Ellen Mark nacida en Elkins un pueblecito de Pensilvania (20 de marzo de 1940 &#8211; 25 de mayo de 2015).<\/p>\n<p>Se podr\u00e1 visitar hasta el 31 de julio.<\/p>\n<p>Mary empez\u00f3 a fotografiar a partir de los 9 a\u00f1os con una c\u00e1mara Brownie Box y ja no lo dej\u00f3 el resto de su vida. Trabaj\u00f3 principalmente con pel\u00edculas de B\/N y sobretodo con Kodak Tri-X, tambi\u00e9n utiliz\u00f3 diferentes formatos de c\u00e1mara desde 35mm pasando por formato 120\/220, c\u00e1maras de 4&#215;5 y hasta una 20&#215;24 de Polaroid.<\/p>\n<p>Obtuvo el t\u00edtulo de periodista pero su labor fue en el campo del fotoperiodismo y la fotograf\u00eda documental, aunque tambi\u00e9n trabaj\u00f3 el retrato y la publicidad.<br \/>\nSu primer libro fue Passport (1974) gracias a una beca para fotografiar en Turqu\u00eda durante todo un a\u00f1o, y que aprovech\u00f3 para viajar por Inglaterra, Alemania,Gr\u00e9cia, Italia i Espa\u00f1a.<\/p>\n<p>En 1966 se traslad\u00f3 a Nueva York donde fotografi\u00f3 eventos como manifestaciones en contra de la guerra del Vietnam, movimientos de liberaci\u00f3n femenina, as\u00ed como temas sociales como la falta de vivienda, la soledad, la adicci\u00f3n a las drogas y la infancia.<br \/>\nParticip\u00f3 como fot\u00f3grafa en m\u00e1s de 100 pel\u00edculas, entre las que destacan Apocalypse Now de Francis Ford Coppola, Alice&#8217;s Restaurant de Arthur Penn, Carnal Knowledge y Catch-22 de Mike Nichols. Tambi\u00e9n public\u00f3 en muchas revistas: Life, Rolling Stone, The New Yorker, The New York Times, y Vanity Fair.<br \/>\nMark se uni\u00f3 a Magnum fotos en 1977 luego pas\u00f3 Archive Pictures y finalmente cre\u00f3 su propia agencia.<\/p>\n<p>Su obra ha sido expuesta en galer\u00edas de todo el mundo y el reconocimiento le viene de la mano de premios como: Robert F. Kennedy de Periodismo, tres becas de la Fundaci\u00f3n Nacional de las Artes, el premio a una vida dedicada a la fotograf\u00eda 2014, de la George Eastman House y el Premio de Fotograf\u00eda por su Contribuci\u00f3n Excepcional de la Organizaci\u00f3n Mundial de Fotograf\u00eda.<\/p>\n<p>Foto Colectania se ha centrado en una recopilaci\u00f3n de fotograf\u00edas, pel\u00edculas y material de trabajo de Mark, realizado durante la segunda mitad del siglo XX, documentando gran variedad de mujeres en situaciones muy diversas.<\/p>\n<p>Pensamos que es una exposici\u00f3n imprescindible.<\/p>\n<p>Para m\u00e1s informaci\u00f3n visitad la web de <a href=\"http:\/\/fotocolectania.org\/es\/exhibition\/141\/mary-ellen-mark-vidas-de-mujeres\" target=\"_blank\" rel=\"noopener noreferrer\">Foto Colectania Mary Ellen Mark. Vida de Mujeres<\/a><\/p>\n<\/div><\/div><style type=\"text\/css\">.fusion-body .fusion-builder-column-0{width:66.666666666667% !important;margin-top : 0px;margin-bottom : 0px;}.fusion-builder-column-0 > .fusion-column-wrapper {padding-top : 0px !important;padding-right : 0px !important;margin-right : 3.84%;padding-bottom : 0px !important;padding-left : 0px !important;margin-left : 2.88%;}@media only screen and (max-width:1024px) {.fusion-body .fusion-builder-column-0{width:66.666666666667% !important;}.fusion-builder-column-0 > .fusion-column-wrapper {margin-right : 3.84%;margin-left : 2.88%;}}@media only screen and (max-width:640px) {.fusion-body .fusion-builder-column-0{width:100% !important;}.fusion-builder-column-0 > .fusion-column-wrapper {margin-right : 1.92%;margin-left : 1.92%;}}<\/style><\/div><div class=\"fusion-layout-column fusion_builder_column fusion-builder-column-1 fusion_builder_column_1_3 1_3 fusion-flex-column\"><div class=\"fusion-column-wrapper fusion-flex-justify-content-flex-start fusion-content-layout-column\" style=\"background-position:left top;background-repeat:no-repeat;-webkit-background-size:cover;-moz-background-size:cover;-o-background-size:cover;background-size:cover;padding: 0px 0px 0px 0px;\"><div style=\"text-align:center;\"><span class=\" fusion-imageframe imageframe-none imageframe-1 hover-type-zoomin\"><img decoding=\"async\" width=\"396\" height=\"600\" title=\"Exp_Mary_2\" src=\"https:\/\/afc.cat\/wp-content\/uploads\/2021\/04\/Exp_Mary_2.jpg\" alt class=\"img-responsive wp-image-20867\" srcset=\"https:\/\/afc.cat\/wp-content\/uploads\/2021\/04\/Exp_Mary_2-200x303.jpg 200w, https:\/\/afc.cat\/wp-content\/uploads\/2021\/04\/Exp_Mary_2.jpg 396w\" sizes=\"(max-width: 640px) 100vw, 396px\" \/><\/span><\/div><div class=\"fusion-text fusion-text-2\" style=\"text-align:center;font-size:13px;color:#adadad;\"><p style=\"text-align: center;\">\u00a9 Mary Ellen Mark. Tiny vestida para Halloween,Seattle, Washington, Estados Unidos, 1983<\/p>\n<\/div><\/div><style type=\"text\/css\">.fusion-body .fusion-builder-column-1{width:33.333333333333% !important;margin-top : 0px;margin-bottom : 0px;}.fusion-builder-column-1 > .fusion-column-wrapper {padding-top : 0px !important;padding-right : 0px !important;margin-right : 5.76%;padding-bottom : 0px !important;padding-left : 0px !important;margin-left : 3.84%;}@media only screen and (max-width:1024px) {.fusion-body .fusion-builder-column-1{width:33.333333333333% !important;}.fusion-builder-column-1 > .fusion-column-wrapper {margin-right : 5.76%;margin-left : 3.84%;}}@media only screen and (max-width:640px) {.fusion-body .fusion-builder-column-1{width:100% !important;}.fusion-builder-column-1 > .fusion-column-wrapper {margin-right : 1.92%;margin-left : 1.92%;}}<\/style><\/div><\/div><style type=\"text\/css\">.fusion-body .fusion-flex-container.fusion-builder-row-1{ padding-top : 0px;margin-top : 0px;padding-right : 0px;padding-bottom : 0px;margin-bottom : 0px;padding-left : 0px;}<\/style><\/div>\n","protected":false},"excerpt":{"rendered":"","protected":false},"author":33,"featured_media":20865,"comment_status":"closed","ping_status":"closed","sticky":false,"template":"","format":"standard","meta":{"_acf_changed":false,"footnotes":""},"categories":[55,59],"tags":[],"class_list":["post-21124","post","type-post","status-publish","format-standard","has-post-thumbnail","hentry","category-exposiciones","category-salas-exposiciones"],"acf":[],"yoast_head":"<!-- This site is optimized with the Yoast SEO plugin v27.2 - https:\/\/yoast.com\/product\/yoast-seo-wordpress\/ -->\n<title>Exposici\u00f3n Mary Ellen Mark. Vida de Mujeres. Fundaci\u00f3n Foto Colectania - Agrupaci\u00f3 Fotogr\u00e0fica de Catalunya<\/title>\n<meta name=\"robots\" content=\"index, follow, max-snippet:-1, max-image-preview:large, max-video-preview:-1\" \/>\n<link rel=\"canonical\" href=\"https:\/\/afc.cat\/es\/21124\/\" \/>\n<meta property=\"og:locale\" content=\"es_ES\" \/>\n<meta property=\"og:type\" content=\"article\" \/>\n<meta property=\"og:title\" content=\"Exposici\u00f3n Mary Ellen Mark. Vida de Mujeres. Fundaci\u00f3n Foto Colectania - Agrupaci\u00f3 Fotogr\u00e0fica de Catalunya\" \/>\n<meta property=\"og:url\" content=\"https:\/\/afc.cat\/es\/21124\/\" \/>\n<meta property=\"og:site_name\" content=\"Agrupaci\u00f3 Fotogr\u00e0fica de Catalunya\" \/>\n<meta property=\"article:published_time\" content=\"2021-03-18T18:23:44+00:00\" \/>\n<meta property=\"article:modified_time\" content=\"2021-04-29T18:43:45+00:00\" \/>\n<meta property=\"og:image\" content=\"https:\/\/afc.cat\/wp-content\/uploads\/2021\/04\/Exp_Mary_1.jpg\" \/>\n\t<meta property=\"og:image:width\" content=\"600\" \/>\n\t<meta property=\"og:image:height\" content=\"450\" \/>\n\t<meta property=\"og:image:type\" content=\"image\/jpeg\" \/>\n<meta name=\"author\" content=\"Albert Folch Naval\u00f3n\" \/>\n<meta name=\"twitter:card\" content=\"summary_large_image\" \/>\n<meta name=\"twitter:label1\" content=\"Escrito por\" \/>\n\t<meta name=\"twitter:data1\" content=\"Albert Folch Naval\u00f3n\" \/>\n\t<meta name=\"twitter:label2\" content=\"Tiempo de lectura\" \/>\n\t<meta name=\"twitter:data2\" content=\"3 minutos\" \/>\n<script type=\"application\/ld+json\" class=\"yoast-schema-graph\">{\"@context\":\"https:\/\/schema.org\",\"@graph\":[{\"@type\":\"Article\",\"@id\":\"https:\/\/afc.cat\/es\/21124\/#article\",\"isPartOf\":{\"@id\":\"https:\/\/afc.cat\/es\/21124\/\"},\"author\":{\"name\":\"Albert Folch Naval\u00f3n\",\"@id\":\"https:\/\/afc.cat\/es\/#\/schema\/person\/2868ff3362c6c568af6bbef21aab18a6\"},\"headline\":\"Exposici\u00f3n Mary Ellen Mark. Vida de Mujeres. Fundaci\u00f3n Foto Colectania\",\"datePublished\":\"2021-03-18T18:23:44+00:00\",\"dateModified\":\"2021-04-29T18:43:45+00:00\",\"mainEntityOfPage\":{\"@id\":\"https:\/\/afc.cat\/es\/21124\/\"},\"wordCount\":943,\"image\":{\"@id\":\"https:\/\/afc.cat\/es\/21124\/#primaryimage\"},\"thumbnailUrl\":\"https:\/\/afc.cat\/wp-content\/uploads\/2021\/04\/Exp_Mary_1.jpg\",\"articleSection\":[\"Exposiciones\",\"Salas de exposiciones\"],\"inLanguage\":\"es\"},{\"@type\":\"WebPage\",\"@id\":\"https:\/\/afc.cat\/es\/21124\/\",\"url\":\"https:\/\/afc.cat\/es\/21124\/\",\"name\":\"Exposici\u00f3n Mary Ellen Mark. Vida de Mujeres. Fundaci\u00f3n Foto Colectania - Agrupaci\u00f3 Fotogr\u00e0fica de Catalunya\",\"isPartOf\":{\"@id\":\"https:\/\/afc.cat\/es\/#website\"},\"primaryImageOfPage\":{\"@id\":\"https:\/\/afc.cat\/es\/21124\/#primaryimage\"},\"image\":{\"@id\":\"https:\/\/afc.cat\/es\/21124\/#primaryimage\"},\"thumbnailUrl\":\"https:\/\/afc.cat\/wp-content\/uploads\/2021\/04\/Exp_Mary_1.jpg\",\"datePublished\":\"2021-03-18T18:23:44+00:00\",\"dateModified\":\"2021-04-29T18:43:45+00:00\",\"author\":{\"@id\":\"https:\/\/afc.cat\/es\/#\/schema\/person\/2868ff3362c6c568af6bbef21aab18a6\"},\"breadcrumb\":{\"@id\":\"https:\/\/afc.cat\/es\/21124\/#breadcrumb\"},\"inLanguage\":\"es\",\"potentialAction\":[{\"@type\":\"ReadAction\",\"target\":[\"https:\/\/afc.cat\/es\/21124\/\"]}]},{\"@type\":\"ImageObject\",\"inLanguage\":\"es\",\"@id\":\"https:\/\/afc.cat\/es\/21124\/#primaryimage\",\"url\":\"https:\/\/afc.cat\/wp-content\/uploads\/2021\/04\/Exp_Mary_1.jpg\",\"contentUrl\":\"https:\/\/afc.cat\/wp-content\/uploads\/2021\/04\/Exp_Mary_1.jpg\",\"width\":600,\"height\":450},{\"@type\":\"BreadcrumbList\",\"@id\":\"https:\/\/afc.cat\/es\/21124\/#breadcrumb\",\"itemListElement\":[{\"@type\":\"ListItem\",\"position\":1,\"name\":\"Inicio\",\"item\":\"https:\/\/afc.cat\/es\/\"},{\"@type\":\"ListItem\",\"position\":2,\"name\":\"Exposici\u00f3n Mary Ellen Mark. Vida de Mujeres. Fundaci\u00f3n Foto Colectania\"}]},{\"@type\":\"WebSite\",\"@id\":\"https:\/\/afc.cat\/es\/#website\",\"url\":\"https:\/\/afc.cat\/es\/\",\"name\":\"Agrupaci\u00f3 Fotogr\u00e0fica de Catalunya\",\"description\":\"Fomento y divulgaci\u00f3n de la fotograf\u00eda en todas sus variedades\",\"potentialAction\":[{\"@type\":\"SearchAction\",\"target\":{\"@type\":\"EntryPoint\",\"urlTemplate\":\"https:\/\/afc.cat\/es\/?s={search_term_string}\"},\"query-input\":{\"@type\":\"PropertyValueSpecification\",\"valueRequired\":true,\"valueName\":\"search_term_string\"}}],\"inLanguage\":\"es\"},{\"@type\":\"Person\",\"@id\":\"https:\/\/afc.cat\/es\/#\/schema\/person\/2868ff3362c6c568af6bbef21aab18a6\",\"name\":\"Albert Folch Naval\u00f3n\",\"image\":{\"@type\":\"ImageObject\",\"inLanguage\":\"es\",\"@id\":\"https:\/\/secure.gravatar.com\/avatar\/d9af2c27458acd834a2ba71216b3c70b3d550f58587654086a7e7c13f9ffa40c?s=96&d=mm&r=g\",\"url\":\"https:\/\/secure.gravatar.com\/avatar\/d9af2c27458acd834a2ba71216b3c70b3d550f58587654086a7e7c13f9ffa40c?s=96&d=mm&r=g\",\"contentUrl\":\"https:\/\/secure.gravatar.com\/avatar\/d9af2c27458acd834a2ba71216b3c70b3d550f58587654086a7e7c13f9ffa40c?s=96&d=mm&r=g\",\"caption\":\"Albert Folch Naval\u00f3n\"},\"url\":\"https:\/\/afc.cat\/es\/author\/albertf2021\/\"}]}<\/script>\n<!-- \/ Yoast SEO plugin. -->","yoast_head_json":{"title":"Exposici\u00f3n Mary Ellen Mark. Vida de Mujeres. Fundaci\u00f3n Foto Colectania - Agrupaci\u00f3 Fotogr\u00e0fica de Catalunya","robots":{"index":"index","follow":"follow","max-snippet":"max-snippet:-1","max-image-preview":"max-image-preview:large","max-video-preview":"max-video-preview:-1"},"canonical":"https:\/\/afc.cat\/es\/21124\/","og_locale":"es_ES","og_type":"article","og_title":"Exposici\u00f3n Mary Ellen Mark. Vida de Mujeres. Fundaci\u00f3n Foto Colectania - Agrupaci\u00f3 Fotogr\u00e0fica de Catalunya","og_url":"https:\/\/afc.cat\/es\/21124\/","og_site_name":"Agrupaci\u00f3 Fotogr\u00e0fica de Catalunya","article_published_time":"2021-03-18T18:23:44+00:00","article_modified_time":"2021-04-29T18:43:45+00:00","og_image":[{"width":600,"height":450,"url":"https:\/\/afc.cat\/wp-content\/uploads\/2021\/04\/Exp_Mary_1.jpg","type":"image\/jpeg"}],"author":"Albert Folch Naval\u00f3n","twitter_card":"summary_large_image","twitter_misc":{"Escrito por":"Albert Folch Naval\u00f3n","Tiempo de lectura":"3 minutos"},"schema":{"@context":"https:\/\/schema.org","@graph":[{"@type":"Article","@id":"https:\/\/afc.cat\/es\/21124\/#article","isPartOf":{"@id":"https:\/\/afc.cat\/es\/21124\/"},"author":{"name":"Albert Folch Naval\u00f3n","@id":"https:\/\/afc.cat\/es\/#\/schema\/person\/2868ff3362c6c568af6bbef21aab18a6"},"headline":"Exposici\u00f3n Mary Ellen Mark. Vida de Mujeres. Fundaci\u00f3n Foto Colectania","datePublished":"2021-03-18T18:23:44+00:00","dateModified":"2021-04-29T18:43:45+00:00","mainEntityOfPage":{"@id":"https:\/\/afc.cat\/es\/21124\/"},"wordCount":943,"image":{"@id":"https:\/\/afc.cat\/es\/21124\/#primaryimage"},"thumbnailUrl":"https:\/\/afc.cat\/wp-content\/uploads\/2021\/04\/Exp_Mary_1.jpg","articleSection":["Exposiciones","Salas de exposiciones"],"inLanguage":"es"},{"@type":"WebPage","@id":"https:\/\/afc.cat\/es\/21124\/","url":"https:\/\/afc.cat\/es\/21124\/","name":"Exposici\u00f3n Mary Ellen Mark. Vida de Mujeres. Fundaci\u00f3n Foto Colectania - Agrupaci\u00f3 Fotogr\u00e0fica de Catalunya","isPartOf":{"@id":"https:\/\/afc.cat\/es\/#website"},"primaryImageOfPage":{"@id":"https:\/\/afc.cat\/es\/21124\/#primaryimage"},"image":{"@id":"https:\/\/afc.cat\/es\/21124\/#primaryimage"},"thumbnailUrl":"https:\/\/afc.cat\/wp-content\/uploads\/2021\/04\/Exp_Mary_1.jpg","datePublished":"2021-03-18T18:23:44+00:00","dateModified":"2021-04-29T18:43:45+00:00","author":{"@id":"https:\/\/afc.cat\/es\/#\/schema\/person\/2868ff3362c6c568af6bbef21aab18a6"},"breadcrumb":{"@id":"https:\/\/afc.cat\/es\/21124\/#breadcrumb"},"inLanguage":"es","potentialAction":[{"@type":"ReadAction","target":["https:\/\/afc.cat\/es\/21124\/"]}]},{"@type":"ImageObject","inLanguage":"es","@id":"https:\/\/afc.cat\/es\/21124\/#primaryimage","url":"https:\/\/afc.cat\/wp-content\/uploads\/2021\/04\/Exp_Mary_1.jpg","contentUrl":"https:\/\/afc.cat\/wp-content\/uploads\/2021\/04\/Exp_Mary_1.jpg","width":600,"height":450},{"@type":"BreadcrumbList","@id":"https:\/\/afc.cat\/es\/21124\/#breadcrumb","itemListElement":[{"@type":"ListItem","position":1,"name":"Inicio","item":"https:\/\/afc.cat\/es\/"},{"@type":"ListItem","position":2,"name":"Exposici\u00f3n Mary Ellen Mark. Vida de Mujeres. Fundaci\u00f3n Foto Colectania"}]},{"@type":"WebSite","@id":"https:\/\/afc.cat\/es\/#website","url":"https:\/\/afc.cat\/es\/","name":"Agrupaci\u00f3 Fotogr\u00e0fica de Catalunya","description":"Fomento y divulgaci\u00f3n de la fotograf\u00eda en todas sus variedades","potentialAction":[{"@type":"SearchAction","target":{"@type":"EntryPoint","urlTemplate":"https:\/\/afc.cat\/es\/?s={search_term_string}"},"query-input":{"@type":"PropertyValueSpecification","valueRequired":true,"valueName":"search_term_string"}}],"inLanguage":"es"},{"@type":"Person","@id":"https:\/\/afc.cat\/es\/#\/schema\/person\/2868ff3362c6c568af6bbef21aab18a6","name":"Albert Folch Naval\u00f3n","image":{"@type":"ImageObject","inLanguage":"es","@id":"https:\/\/secure.gravatar.com\/avatar\/d9af2c27458acd834a2ba71216b3c70b3d550f58587654086a7e7c13f9ffa40c?s=96&d=mm&r=g","url":"https:\/\/secure.gravatar.com\/avatar\/d9af2c27458acd834a2ba71216b3c70b3d550f58587654086a7e7c13f9ffa40c?s=96&d=mm&r=g","contentUrl":"https:\/\/secure.gravatar.com\/avatar\/d9af2c27458acd834a2ba71216b3c70b3d550f58587654086a7e7c13f9ffa40c?s=96&d=mm&r=g","caption":"Albert Folch Naval\u00f3n"},"url":"https:\/\/afc.cat\/es\/author\/albertf2021\/"}]}},"_links":{"self":[{"href":"https:\/\/afc.cat\/es\/wp-json\/wp\/v2\/posts\/21124","targetHints":{"allow":["GET"]}}],"collection":[{"href":"https:\/\/afc.cat\/es\/wp-json\/wp\/v2\/posts"}],"about":[{"href":"https:\/\/afc.cat\/es\/wp-json\/wp\/v2\/types\/post"}],"author":[{"embeddable":true,"href":"https:\/\/afc.cat\/es\/wp-json\/wp\/v2\/users\/33"}],"replies":[{"embeddable":true,"href":"https:\/\/afc.cat\/es\/wp-json\/wp\/v2\/comments?post=21124"}],"version-history":[{"count":3,"href":"https:\/\/afc.cat\/es\/wp-json\/wp\/v2\/posts\/21124\/revisions"}],"predecessor-version":[{"id":21127,"href":"https:\/\/afc.cat\/es\/wp-json\/wp\/v2\/posts\/21124\/revisions\/21127"}],"wp:featuredmedia":[{"embeddable":true,"href":"https:\/\/afc.cat\/es\/wp-json\/wp\/v2\/media\/20865"}],"wp:attachment":[{"href":"https:\/\/afc.cat\/es\/wp-json\/wp\/v2\/media?parent=21124"}],"wp:term":[{"taxonomy":"category","embeddable":true,"href":"https:\/\/afc.cat\/es\/wp-json\/wp\/v2\/categories?post=21124"},{"taxonomy":"post_tag","embeddable":true,"href":"https:\/\/afc.cat\/es\/wp-json\/wp\/v2\/tags?post=21124"}],"curies":[{"name":"wp","href":"https:\/\/api.w.org\/{rel}","templated":true}]}}