{"id":21177,"date":"2021-04-30T13:13:49","date_gmt":"2021-04-30T11:13:49","guid":{"rendered":"https:\/\/afc.cat\/?p=21177"},"modified":"2021-04-30T13:39:59","modified_gmt":"2021-04-30T11:39:59","slug":"exposicion-11-fotoconnectades-centre-civic-cotxeres-de-sants","status":"publish","type":"post","link":"https:\/\/afc.cat\/es\/exposicion-11-fotoconnectades-centre-civic-cotxeres-de-sants\/","title":{"rendered":"Exposici\u00f3n 11 Fotoconnectades. Centre C\u00edvic Cotxeres de Sants"},"content":{"rendered":"<div class=\"fusion-fullwidth fullwidth-box fusion-builder-row-1 fusion-flex-container nonhundred-percent-fullwidth non-hundred-percent-height-scrolling\" style=\"background-color: rgba(255,255,255,0);background-position: center center;background-repeat: no-repeat;border-width: 0px 0px 0px 0px;border-color:#ffffff;border-style:solid;\" ><div class=\"fusion-builder-row fusion-row fusion-flex-align-items-flex-start\" style=\"max-width:1300px;margin-left: calc(-4% \/ 2 );margin-right: calc(-4% \/ 2 );\"><div class=\"fusion-layout-column fusion_builder_column fusion-builder-column-0 fusion_builder_column_2_3 2_3 fusion-flex-column\"><div class=\"fusion-column-wrapper fusion-flex-justify-content-flex-start fusion-content-layout-column\" style=\"background-position:left top;background-repeat:no-repeat;-webkit-background-size:cover;-moz-background-size:cover;-o-background-size:cover;background-size:cover;padding: 0px 0px 0px 0px;\"><div class=\"fusion-text fusion-text-1\"><h2>Vuelve la exposici\u00f3n 11 Fotoconnectades, ahora en el Centro C\u00edvico Cocheras de Sants<\/h2>\n<h3>Exposici\u00f3n colectiva donde participa nuestra compa\u00f1era Francesca Portol\u00e9s.<\/h3>\n<h4>Presenta cuatro obras de tema libre con el lema\u00a0\u00a0\u00abBuidant la casa dels pares, 2011\u00bb<\/h4>\n<p>La exposici\u00f3n <strong>11 Fotoconnectades<\/strong> es una iniciativa de <strong>Fotoconnexi\u00f3<\/strong> que pretende dar visibilidad a los trabajos de las fot\u00f3grafas miembros de la asociaci\u00f3n. Participan once fot\u00f3grafas \u2014<strong>Etel Borges Reyes<\/strong>, <strong>Violeta Ca\u00f1igueral Casassas<\/strong>, <strong>Laura Covars\u00ed Zafrilla<\/strong>, <strong>Tatiana Donoso Matthews<\/strong>, <strong>Conxi Duro<\/strong>, <strong>Christina Guldager<\/strong>, <strong>Elisabet Insenser Brufau<\/strong>, <strong>Rosa Mar\u00eda L\u00f3pez Mart\u00ednez<\/strong>, <strong>Nuria Mart\u00ednez Seguer<\/strong>, <strong>Noelia P\u00e9rez S\u00e1ndez<\/strong> y <strong>Francesca Portol\u00e9s Bras\u00f3<\/strong>\u2014 que presentan sus creaciones visuales a trav\u00e9s de diferentes g\u00e9neros y t\u00e9cnicas fotogr\u00e1ficas.<\/p>\n<p>La muestra est\u00e1 comisariada por <strong>Ricard Marco<\/strong> y organizada por Fotoconnexi\u00f3 con la colaboraci\u00f3n del <strong>\u00e1rea de Derechos Sociales, Justicia Global, Feminismos y LGTBI del Ayuntamiento de Barcelona y el Distrito de Santos-Montjuic<\/strong>.<\/p>\n<p>La exposici\u00f3n 11 Fotoconnectades, programada para el a\u00f1o 2020 con motivo del <strong>D\u00eda Internacional de las Mujeres<\/strong>, fue aplazada a causa de la pandemia de la Covid19. Su inauguraci\u00f3n en el <strong>Centro C\u00edvico de Cocheras de Sants<\/strong> ser\u00e1 el pr\u00f3ximo 4 de mayo a las 19h.<\/p>\n<p><strong>Del 4 al 22 de mayo de 2021<\/strong><br \/>\n<strong>Centro C\u00edvico Cocheras de Sants<\/strong><br \/>\n<strong>Sala de Exposiciones Llu\u00efsa Franch<\/strong><br \/>\n<strong>Carrer de Sants, 79<\/strong><br \/>\n<strong>08014 Barcelona<\/strong><\/p>\n<p>Recordad tambi\u00e9n que hay disponible la <a href=\"https:\/\/afc.cat\/wp-content\/uploads\/2021\/04\/CAPSA_CAJA_FTCdes_2021.pdf\" target=\"_blank\" rel=\"noopener noreferrer\">caja conmemorativa<\/a> con el recopilatorio de la obra expuesta!<\/p>\n<p>Para mayor informaci\u00f3n visitad la <a href=\"https:\/\/www.fotoconnexio.cat\/event\/exposicio-11-fotoconnectades-a-cotxeres\/\" target=\"_blank\" rel=\"noopener noreferrer\">web de fotoconnexi\u00f3<\/a><\/p>\n<\/div><\/div><style type=\"text\/css\">.fusion-body .fusion-builder-column-0{width:66.666666666667% !important;margin-top : 0px;margin-bottom : 0px;}.fusion-builder-column-0 > .fusion-column-wrapper {padding-top : 0px !important;padding-right : 0px !important;margin-right : 3.84%;padding-bottom : 0px !important;padding-left : 0px !important;margin-left : 2.88%;}@media only screen and (max-width:1024px) {.fusion-body .fusion-builder-column-0{width:66.666666666667% !important;}.fusion-builder-column-0 > .fusion-column-wrapper {margin-right : 3.84%;margin-left : 2.88%;}}@media only screen and (max-width:640px) {.fusion-body .fusion-builder-column-0{width:100% !important;}.fusion-builder-column-0 > .fusion-column-wrapper {margin-right : 1.92%;margin-left : 1.92%;}}<\/style><\/div><div class=\"fusion-layout-column fusion_builder_column fusion-builder-column-1 fusion_builder_column_1_3 1_3 fusion-flex-column\"><div class=\"fusion-column-wrapper fusion-flex-justify-content-flex-start fusion-content-layout-column\" style=\"background-position:left top;background-repeat:no-repeat;-webkit-background-size:cover;-moz-background-size:cover;-o-background-size:cover;background-size:cover;padding: 0px 0px 0px 0px;\"><div style=\"text-align:center;\"><style>.fusion-imageframe.imageframe-1{ margin-bottom : 10px;}<\/style><span class=\" fusion-imageframe imageframe-none imageframe-1 hover-type-zoomin\"><img decoding=\"async\" width=\"400\" height=\"602\" title=\"Francesca Portol\u00e9s (Tancant Balcons).\" src=\"https:\/\/afc.cat\/wp-content\/uploads\/2021\/04\/Francesca-Portoles-Tancant-Balcons..jpg\" alt class=\"img-responsive wp-image-21162\" srcset=\"https:\/\/afc.cat\/wp-content\/uploads\/2021\/04\/Francesca-Portoles-Tancant-Balcons.-200x301.jpg 200w, https:\/\/afc.cat\/wp-content\/uploads\/2021\/04\/Francesca-Portoles-Tancant-Balcons..jpg 400w\" sizes=\"(max-width: 640px) 100vw, 400px\" \/><\/span><\/div><div class=\"fusion-text fusion-text-2\" style=\"text-align:center;font-size:13px;line-height:3px;color:#adadad;\"><p style=\"text-align: center;\">Tancant balcons<\/p>\n<p style=\"text-align: center;\">foto: Francesca Potol\u00e9s<\/p>\n<\/div><div style=\"text-align:center;\"><style>.fusion-imageframe.imageframe-2{ margin-top : 20px;}<\/style><span class=\" fusion-imageframe imageframe-none imageframe-2 hover-type-none\"><img decoding=\"async\" width=\"280\" height=\"800\" title=\"11 fotoconectades 800&#215;280\" src=\"https:\/\/afc.cat\/wp-content\/uploads\/2021\/04\/11-fotoconectades-800x280-1.jpg\" alt class=\"img-responsive wp-image-21158\" srcset=\"https:\/\/afc.cat\/wp-content\/uploads\/2021\/04\/11-fotoconectades-800x280-1-200x571.jpg 200w, https:\/\/afc.cat\/wp-content\/uploads\/2021\/04\/11-fotoconectades-800x280-1.jpg 280w\" sizes=\"(max-width: 640px) 100vw, 280px\" \/><\/span><\/div><\/div><style type=\"text\/css\">.fusion-body .fusion-builder-column-1{width:33.333333333333% !important;margin-top : 0px;margin-bottom : 0px;}.fusion-builder-column-1 > .fusion-column-wrapper {padding-top : 0px !important;padding-right : 0px !important;margin-right : 5.76%;padding-bottom : 0px !important;padding-left : 0px !important;margin-left : 3.84%;}@media only screen and (max-width:1024px) {.fusion-body .fusion-builder-column-1{width:33.333333333333% !important;}.fusion-builder-column-1 > .fusion-column-wrapper {margin-right : 5.76%;margin-left : 3.84%;}}@media only screen and (max-width:640px) {.fusion-body .fusion-builder-column-1{width:100% !important;}.fusion-builder-column-1 > .fusion-column-wrapper {margin-right : 1.92%;margin-left : 1.92%;}}<\/style><\/div><\/div><style type=\"text\/css\">.fusion-body .fusion-flex-container.fusion-builder-row-1{ padding-top : 0px;margin-top : 0px;padding-right : 0px;padding-bottom : 0px;margin-bottom : 0px;padding-left : 0px;}<\/style><\/div>\n","protected":false},"excerpt":{"rendered":"","protected":false},"author":33,"featured_media":21156,"comment_status":"closed","ping_status":"closed","sticky":false,"template":"","format":"standard","meta":{"_acf_changed":false,"footnotes":""},"categories":[55],"tags":[],"class_list":["post-21177","post","type-post","status-publish","format-standard","has-post-thumbnail","hentry","category-exposiciones"],"acf":[],"yoast_head":"<!-- This site is optimized with the Yoast SEO plugin v27.5 - https:\/\/yoast.com\/product\/yoast-seo-wordpress\/ -->\n<title>Exposici\u00f3n 11 Fotoconnectades. Centre C\u00edvic Cotxeres de Sants - Agrupaci\u00f3 Fotogr\u00e0fica de Catalunya<\/title>\n<meta name=\"robots\" content=\"index, follow, max-snippet:-1, max-image-preview:large, max-video-preview:-1\" \/>\n<link rel=\"canonical\" href=\"https:\/\/afc.cat\/es\/exposicion-11-fotoconnectades-centre-civic-cotxeres-de-sants\/\" \/>\n<meta property=\"og:locale\" content=\"es_ES\" \/>\n<meta property=\"og:type\" content=\"article\" \/>\n<meta property=\"og:title\" content=\"Exposici\u00f3n 11 Fotoconnectades. Centre C\u00edvic Cotxeres de Sants - Agrupaci\u00f3 Fotogr\u00e0fica de Catalunya\" \/>\n<meta property=\"og:url\" content=\"https:\/\/afc.cat\/es\/exposicion-11-fotoconnectades-centre-civic-cotxeres-de-sants\/\" \/>\n<meta property=\"og:site_name\" content=\"Agrupaci\u00f3 Fotogr\u00e0fica de Catalunya\" \/>\n<meta property=\"article:published_time\" content=\"2021-04-30T11:13:49+00:00\" \/>\n<meta property=\"article:modified_time\" content=\"2021-04-30T11:39:59+00:00\" \/>\n<meta property=\"og:image\" content=\"https:\/\/afc.cat\/wp-content\/uploads\/2021\/04\/11-Fotoconnectades-2021.jpg\" \/>\n\t<meta property=\"og:image:width\" content=\"420\" \/>\n\t<meta property=\"og:image:height\" content=\"300\" \/>\n\t<meta property=\"og:image:type\" content=\"image\/jpeg\" \/>\n<meta name=\"author\" content=\"Albert Folch Naval\u00f3n\" \/>\n<meta name=\"twitter:card\" content=\"summary_large_image\" \/>\n<meta name=\"twitter:label1\" content=\"Escrito por\" \/>\n\t<meta name=\"twitter:data1\" content=\"Albert Folch Naval\u00f3n\" \/>\n\t<meta name=\"twitter:label2\" content=\"Tiempo de lectura\" \/>\n\t<meta name=\"twitter:data2\" content=\"3 minutos\" \/>\n<script type=\"application\/ld+json\" class=\"yoast-schema-graph\">{\"@context\":\"https:\\\/\\\/schema.org\",\"@graph\":[{\"@type\":\"Article\",\"@id\":\"https:\\\/\\\/afc.cat\\\/es\\\/exposicion-11-fotoconnectades-centre-civic-cotxeres-de-sants\\\/#article\",\"isPartOf\":{\"@id\":\"https:\\\/\\\/afc.cat\\\/es\\\/exposicion-11-fotoconnectades-centre-civic-cotxeres-de-sants\\\/\"},\"author\":{\"name\":\"Albert Folch Naval\u00f3n\",\"@id\":\"https:\\\/\\\/afc.cat\\\/es\\\/#\\\/schema\\\/person\\\/2868ff3362c6c568af6bbef21aab18a6\"},\"headline\":\"Exposici\u00f3n 11 Fotoconnectades. Centre C\u00edvic Cotxeres de Sants\",\"datePublished\":\"2021-04-30T11:13:49+00:00\",\"dateModified\":\"2021-04-30T11:39:59+00:00\",\"mainEntityOfPage\":{\"@id\":\"https:\\\/\\\/afc.cat\\\/es\\\/exposicion-11-fotoconnectades-centre-civic-cotxeres-de-sants\\\/\"},\"wordCount\":896,\"image\":{\"@id\":\"https:\\\/\\\/afc.cat\\\/es\\\/exposicion-11-fotoconnectades-centre-civic-cotxeres-de-sants\\\/#primaryimage\"},\"thumbnailUrl\":\"https:\\\/\\\/afc.cat\\\/wp-content\\\/uploads\\\/2021\\\/04\\\/11-Fotoconnectades-2021.jpg\",\"articleSection\":[\"Exposiciones\"],\"inLanguage\":\"es\"},{\"@type\":\"WebPage\",\"@id\":\"https:\\\/\\\/afc.cat\\\/es\\\/exposicion-11-fotoconnectades-centre-civic-cotxeres-de-sants\\\/\",\"url\":\"https:\\\/\\\/afc.cat\\\/es\\\/exposicion-11-fotoconnectades-centre-civic-cotxeres-de-sants\\\/\",\"name\":\"Exposici\u00f3n 11 Fotoconnectades. Centre C\u00edvic Cotxeres de Sants - Agrupaci\u00f3 Fotogr\u00e0fica de Catalunya\",\"isPartOf\":{\"@id\":\"https:\\\/\\\/afc.cat\\\/es\\\/#website\"},\"primaryImageOfPage\":{\"@id\":\"https:\\\/\\\/afc.cat\\\/es\\\/exposicion-11-fotoconnectades-centre-civic-cotxeres-de-sants\\\/#primaryimage\"},\"image\":{\"@id\":\"https:\\\/\\\/afc.cat\\\/es\\\/exposicion-11-fotoconnectades-centre-civic-cotxeres-de-sants\\\/#primaryimage\"},\"thumbnailUrl\":\"https:\\\/\\\/afc.cat\\\/wp-content\\\/uploads\\\/2021\\\/04\\\/11-Fotoconnectades-2021.jpg\",\"datePublished\":\"2021-04-30T11:13:49+00:00\",\"dateModified\":\"2021-04-30T11:39:59+00:00\",\"author\":{\"@id\":\"https:\\\/\\\/afc.cat\\\/es\\\/#\\\/schema\\\/person\\\/2868ff3362c6c568af6bbef21aab18a6\"},\"breadcrumb\":{\"@id\":\"https:\\\/\\\/afc.cat\\\/es\\\/exposicion-11-fotoconnectades-centre-civic-cotxeres-de-sants\\\/#breadcrumb\"},\"inLanguage\":\"es\",\"potentialAction\":[{\"@type\":\"ReadAction\",\"target\":[\"https:\\\/\\\/afc.cat\\\/es\\\/exposicion-11-fotoconnectades-centre-civic-cotxeres-de-sants\\\/\"]}]},{\"@type\":\"ImageObject\",\"inLanguage\":\"es\",\"@id\":\"https:\\\/\\\/afc.cat\\\/es\\\/exposicion-11-fotoconnectades-centre-civic-cotxeres-de-sants\\\/#primaryimage\",\"url\":\"https:\\\/\\\/afc.cat\\\/wp-content\\\/uploads\\\/2021\\\/04\\\/11-Fotoconnectades-2021.jpg\",\"contentUrl\":\"https:\\\/\\\/afc.cat\\\/wp-content\\\/uploads\\\/2021\\\/04\\\/11-Fotoconnectades-2021.jpg\",\"width\":420,\"height\":300},{\"@type\":\"BreadcrumbList\",\"@id\":\"https:\\\/\\\/afc.cat\\\/es\\\/exposicion-11-fotoconnectades-centre-civic-cotxeres-de-sants\\\/#breadcrumb\",\"itemListElement\":[{\"@type\":\"ListItem\",\"position\":1,\"name\":\"Inicio\",\"item\":\"https:\\\/\\\/afc.cat\\\/es\\\/\"},{\"@type\":\"ListItem\",\"position\":2,\"name\":\"Exposici\u00f3n 11 Fotoconnectades. Centre C\u00edvic Cotxeres de Sants\"}]},{\"@type\":\"WebSite\",\"@id\":\"https:\\\/\\\/afc.cat\\\/es\\\/#website\",\"url\":\"https:\\\/\\\/afc.cat\\\/es\\\/\",\"name\":\"Agrupaci\u00f3 Fotogr\u00e0fica de Catalunya\",\"description\":\"Fomento y divulgaci\u00f3n de la fotograf\u00eda en todas sus variedades\",\"potentialAction\":[{\"@type\":\"SearchAction\",\"target\":{\"@type\":\"EntryPoint\",\"urlTemplate\":\"https:\\\/\\\/afc.cat\\\/es\\\/?s={search_term_string}\"},\"query-input\":{\"@type\":\"PropertyValueSpecification\",\"valueRequired\":true,\"valueName\":\"search_term_string\"}}],\"inLanguage\":\"es\"},{\"@type\":\"Person\",\"@id\":\"https:\\\/\\\/afc.cat\\\/es\\\/#\\\/schema\\\/person\\\/2868ff3362c6c568af6bbef21aab18a6\",\"name\":\"Albert Folch Naval\u00f3n\",\"image\":{\"@type\":\"ImageObject\",\"inLanguage\":\"es\",\"@id\":\"https:\\\/\\\/secure.gravatar.com\\\/avatar\\\/d9af2c27458acd834a2ba71216b3c70b3d550f58587654086a7e7c13f9ffa40c?s=96&d=mm&r=g\",\"url\":\"https:\\\/\\\/secure.gravatar.com\\\/avatar\\\/d9af2c27458acd834a2ba71216b3c70b3d550f58587654086a7e7c13f9ffa40c?s=96&d=mm&r=g\",\"contentUrl\":\"https:\\\/\\\/secure.gravatar.com\\\/avatar\\\/d9af2c27458acd834a2ba71216b3c70b3d550f58587654086a7e7c13f9ffa40c?s=96&d=mm&r=g\",\"caption\":\"Albert Folch Naval\u00f3n\"},\"url\":\"https:\\\/\\\/afc.cat\\\/es\\\/author\\\/albertf2021\\\/\"}]}<\/script>\n<!-- \/ Yoast SEO plugin. -->","yoast_head_json":{"title":"Exposici\u00f3n 11 Fotoconnectades. Centre C\u00edvic Cotxeres de Sants - Agrupaci\u00f3 Fotogr\u00e0fica de Catalunya","robots":{"index":"index","follow":"follow","max-snippet":"max-snippet:-1","max-image-preview":"max-image-preview:large","max-video-preview":"max-video-preview:-1"},"canonical":"https:\/\/afc.cat\/es\/exposicion-11-fotoconnectades-centre-civic-cotxeres-de-sants\/","og_locale":"es_ES","og_type":"article","og_title":"Exposici\u00f3n 11 Fotoconnectades. Centre C\u00edvic Cotxeres de Sants - Agrupaci\u00f3 Fotogr\u00e0fica de Catalunya","og_url":"https:\/\/afc.cat\/es\/exposicion-11-fotoconnectades-centre-civic-cotxeres-de-sants\/","og_site_name":"Agrupaci\u00f3 Fotogr\u00e0fica de Catalunya","article_published_time":"2021-04-30T11:13:49+00:00","article_modified_time":"2021-04-30T11:39:59+00:00","og_image":[{"width":420,"height":300,"url":"https:\/\/afc.cat\/wp-content\/uploads\/2021\/04\/11-Fotoconnectades-2021.jpg","type":"image\/jpeg"}],"author":"Albert Folch Naval\u00f3n","twitter_card":"summary_large_image","twitter_misc":{"Escrito por":"Albert Folch Naval\u00f3n","Tiempo de lectura":"3 minutos"},"schema":{"@context":"https:\/\/schema.org","@graph":[{"@type":"Article","@id":"https:\/\/afc.cat\/es\/exposicion-11-fotoconnectades-centre-civic-cotxeres-de-sants\/#article","isPartOf":{"@id":"https:\/\/afc.cat\/es\/exposicion-11-fotoconnectades-centre-civic-cotxeres-de-sants\/"},"author":{"name":"Albert Folch Naval\u00f3n","@id":"https:\/\/afc.cat\/es\/#\/schema\/person\/2868ff3362c6c568af6bbef21aab18a6"},"headline":"Exposici\u00f3n 11 Fotoconnectades. Centre C\u00edvic Cotxeres de Sants","datePublished":"2021-04-30T11:13:49+00:00","dateModified":"2021-04-30T11:39:59+00:00","mainEntityOfPage":{"@id":"https:\/\/afc.cat\/es\/exposicion-11-fotoconnectades-centre-civic-cotxeres-de-sants\/"},"wordCount":896,"image":{"@id":"https:\/\/afc.cat\/es\/exposicion-11-fotoconnectades-centre-civic-cotxeres-de-sants\/#primaryimage"},"thumbnailUrl":"https:\/\/afc.cat\/wp-content\/uploads\/2021\/04\/11-Fotoconnectades-2021.jpg","articleSection":["Exposiciones"],"inLanguage":"es"},{"@type":"WebPage","@id":"https:\/\/afc.cat\/es\/exposicion-11-fotoconnectades-centre-civic-cotxeres-de-sants\/","url":"https:\/\/afc.cat\/es\/exposicion-11-fotoconnectades-centre-civic-cotxeres-de-sants\/","name":"Exposici\u00f3n 11 Fotoconnectades. Centre C\u00edvic Cotxeres de Sants - Agrupaci\u00f3 Fotogr\u00e0fica de Catalunya","isPartOf":{"@id":"https:\/\/afc.cat\/es\/#website"},"primaryImageOfPage":{"@id":"https:\/\/afc.cat\/es\/exposicion-11-fotoconnectades-centre-civic-cotxeres-de-sants\/#primaryimage"},"image":{"@id":"https:\/\/afc.cat\/es\/exposicion-11-fotoconnectades-centre-civic-cotxeres-de-sants\/#primaryimage"},"thumbnailUrl":"https:\/\/afc.cat\/wp-content\/uploads\/2021\/04\/11-Fotoconnectades-2021.jpg","datePublished":"2021-04-30T11:13:49+00:00","dateModified":"2021-04-30T11:39:59+00:00","author":{"@id":"https:\/\/afc.cat\/es\/#\/schema\/person\/2868ff3362c6c568af6bbef21aab18a6"},"breadcrumb":{"@id":"https:\/\/afc.cat\/es\/exposicion-11-fotoconnectades-centre-civic-cotxeres-de-sants\/#breadcrumb"},"inLanguage":"es","potentialAction":[{"@type":"ReadAction","target":["https:\/\/afc.cat\/es\/exposicion-11-fotoconnectades-centre-civic-cotxeres-de-sants\/"]}]},{"@type":"ImageObject","inLanguage":"es","@id":"https:\/\/afc.cat\/es\/exposicion-11-fotoconnectades-centre-civic-cotxeres-de-sants\/#primaryimage","url":"https:\/\/afc.cat\/wp-content\/uploads\/2021\/04\/11-Fotoconnectades-2021.jpg","contentUrl":"https:\/\/afc.cat\/wp-content\/uploads\/2021\/04\/11-Fotoconnectades-2021.jpg","width":420,"height":300},{"@type":"BreadcrumbList","@id":"https:\/\/afc.cat\/es\/exposicion-11-fotoconnectades-centre-civic-cotxeres-de-sants\/#breadcrumb","itemListElement":[{"@type":"ListItem","position":1,"name":"Inicio","item":"https:\/\/afc.cat\/es\/"},{"@type":"ListItem","position":2,"name":"Exposici\u00f3n 11 Fotoconnectades. Centre C\u00edvic Cotxeres de Sants"}]},{"@type":"WebSite","@id":"https:\/\/afc.cat\/es\/#website","url":"https:\/\/afc.cat\/es\/","name":"Agrupaci\u00f3 Fotogr\u00e0fica de Catalunya","description":"Fomento y divulgaci\u00f3n de la fotograf\u00eda en todas sus variedades","potentialAction":[{"@type":"SearchAction","target":{"@type":"EntryPoint","urlTemplate":"https:\/\/afc.cat\/es\/?s={search_term_string}"},"query-input":{"@type":"PropertyValueSpecification","valueRequired":true,"valueName":"search_term_string"}}],"inLanguage":"es"},{"@type":"Person","@id":"https:\/\/afc.cat\/es\/#\/schema\/person\/2868ff3362c6c568af6bbef21aab18a6","name":"Albert Folch Naval\u00f3n","image":{"@type":"ImageObject","inLanguage":"es","@id":"https:\/\/secure.gravatar.com\/avatar\/d9af2c27458acd834a2ba71216b3c70b3d550f58587654086a7e7c13f9ffa40c?s=96&d=mm&r=g","url":"https:\/\/secure.gravatar.com\/avatar\/d9af2c27458acd834a2ba71216b3c70b3d550f58587654086a7e7c13f9ffa40c?s=96&d=mm&r=g","contentUrl":"https:\/\/secure.gravatar.com\/avatar\/d9af2c27458acd834a2ba71216b3c70b3d550f58587654086a7e7c13f9ffa40c?s=96&d=mm&r=g","caption":"Albert Folch Naval\u00f3n"},"url":"https:\/\/afc.cat\/es\/author\/albertf2021\/"}]}},"_links":{"self":[{"href":"https:\/\/afc.cat\/es\/wp-json\/wp\/v2\/posts\/21177","targetHints":{"allow":["GET"]}}],"collection":[{"href":"https:\/\/afc.cat\/es\/wp-json\/wp\/v2\/posts"}],"about":[{"href":"https:\/\/afc.cat\/es\/wp-json\/wp\/v2\/types\/post"}],"author":[{"embeddable":true,"href":"https:\/\/afc.cat\/es\/wp-json\/wp\/v2\/users\/33"}],"replies":[{"embeddable":true,"href":"https:\/\/afc.cat\/es\/wp-json\/wp\/v2\/comments?post=21177"}],"version-history":[{"count":8,"href":"https:\/\/afc.cat\/es\/wp-json\/wp\/v2\/posts\/21177\/revisions"}],"predecessor-version":[{"id":21187,"href":"https:\/\/afc.cat\/es\/wp-json\/wp\/v2\/posts\/21177\/revisions\/21187"}],"wp:featuredmedia":[{"embeddable":true,"href":"https:\/\/afc.cat\/es\/wp-json\/wp\/v2\/media\/21156"}],"wp:attachment":[{"href":"https:\/\/afc.cat\/es\/wp-json\/wp\/v2\/media?parent=21177"}],"wp:term":[{"taxonomy":"category","embeddable":true,"href":"https:\/\/afc.cat\/es\/wp-json\/wp\/v2\/categories?post=21177"},{"taxonomy":"post_tag","embeddable":true,"href":"https:\/\/afc.cat\/es\/wp-json\/wp\/v2\/tags?post=21177"}],"curies":[{"name":"wp","href":"https:\/\/api.w.org\/{rel}","templated":true}]}}