{"id":21201,"date":"2021-05-02T16:35:28","date_gmt":"2021-05-02T14:35:28","guid":{"rendered":"https:\/\/afc.cat\/?p=21201"},"modified":"2021-05-02T21:45:37","modified_gmt":"2021-05-02T19:45:37","slug":"21201","status":"publish","type":"post","link":"https:\/\/afc.cat\/es\/21201\/","title":{"rendered":"Exposici\u00f3n \u201cMiradas de Pandemia\u201d de Antoni Serrano"},"content":{"rendered":"<div class=\"fusion-fullwidth fullwidth-box fusion-builder-row-1 fusion-flex-container nonhundred-percent-fullwidth non-hundred-percent-height-scrolling\" style=\"background-color: rgba(255,255,255,0);background-position: center center;background-repeat: no-repeat;border-width: 0px 0px 0px 0px;border-color:#ffffff;border-style:solid;\" ><div class=\"fusion-builder-row fusion-row fusion-flex-align-items-flex-start\" style=\"max-width:1300px;margin-left: calc(-4% \/ 2 );margin-right: calc(-4% \/ 2 );\"><div class=\"fusion-layout-column fusion_builder_column fusion-builder-column-0 fusion_builder_column_2_3 2_3 fusion-flex-column\"><div class=\"fusion-column-wrapper fusion-flex-justify-content-flex-start fusion-content-layout-column\" style=\"background-position:left top;background-repeat:no-repeat;-webkit-background-size:cover;-moz-background-size:cover;-o-background-size:cover;background-size:cover;padding: 0px 0px 0px 0px;\"><div class=\"fusion-text fusion-text-1\"><h2>Proyecto Visual \u201cMiradas de Pandemia\u201d<\/h2>\n<h3>Exposici\u00f3n de nuestro compa\u00f1ero Antoni Serrano<\/h3>\n<p>Del 14 al 24 de Mayo 2021<\/p>\n<p>Inauguraci\u00f3n viernes 14 de mayo a las\u00a019h.<\/p>\n<p><strong>Presentaci\u00f3n de Antoni Serrano<\/strong><\/p>\n<p>Desde peque\u00f1o, la c\u00e1mara fotogr\u00e1fica ha sido un enser que ha acompa\u00f1ado a la familia durante vacaciones, viajes y acontecimientos.<\/p>\n<p>Pero la aut\u00e9ntica revelaci\u00f3n del milagro de la fotograf\u00eda se dio hace unos cincuenta a\u00f1os, precisamente contemplando el revelado de las im\u00e1genes en las cubetas del laboratorio de un familiar aficionado a la fotograf\u00eda a qui\u00e9n compr\u00f3 la primera ampliadora.<\/p>\n<p>Despu\u00e9s de unos a\u00f1os revelando en blanco y negro, el inter\u00e9s por el color hizo que dejara el laboratorio propio por el revelado por profesionales.<br \/>\nLa frustraci\u00f3n de no poder hacer el propio revelado en color por las dificultades t\u00e9cnicas y econ\u00f3micas que implicaba y el consiguiente desmantelamiento del laboratorio en blanco y negro, inici\u00f3 un largo periodo de baja actividad fotogr\u00e1fica aunque nunca del todo abandonada.<\/p>\n<p>La aparici\u00f3n asequible de la fotograf\u00eda digital combinado con la afici\u00f3n por la inform\u00e1tica, reactivan su actividad fotogr\u00e1fica, inicialmente escaneando negativos revelados comercialmente y finalmente adquiriendo la primera r\u00e9flex digital el 2004. Interesado por varios g\u00e9neros: paisaje, astrofotograf\u00eda. bodeg\u00f3n, period\u00edstico, retrato y otros.<\/p>\n<p>B\u00e1sicamente autodidacta, ha hecho cursos de iniciaci\u00f3n en el Instituto de Estudios Fotogr\u00e1ficos de Catalu\u00f1a, de los realizados por profesionales a trav\u00e9s de la red y de los organizados por la Agrupaci\u00f3n Fotogr\u00e1fica de Catalu\u00f1a de la que es miembro.<\/p>\n<p>La jubilaci\u00f3n y el cese de la actividad profesional como psic\u00f3logo e ingeniero le han permitido, los \u00faltimos seis a\u00f1os, dedicar el tiempo necesario a mejorar la t\u00e9cnica y practicar intensamente la fotograf\u00eda.<\/p>\n<p><strong>El proyecto<\/strong><\/p>\n<p>Al proyecto de Antoni consiste en una reflexi\u00f3n visual est\u00e1tica y animada sobre la funci\u00f3n comunicativa que la mirada adquiere en un estado de pandemia que nos niega el tacto por la obligaci\u00f3n de la distancia y nos censura la expresi\u00f3n facial.<\/p>\n<p>Son 103 miradas prestadas de manera espont\u00e1nea por la calle. Miradas a trav\u00e9s de las cuales nos vemos a nosotros mismos dentro del contexto de la pandemia.<\/p>\n<p>Esta exposici\u00f3n viene acompa\u00f1ada de una proyecci\u00f3n de 7\u2032 36\u2033 de duraci\u00f3n relacionada con la composici\u00f3n de las miradas del proyecto.<\/p>\n<p>Antoni siempre ha sido aficionado a la fotograf\u00eda empezando con la fotograf\u00eda anal\u00f3gica y adapt\u00e1ndose a la digital desde el 2004 hasta ahora. Es b\u00e1sicamente autodidacta a pesar de que ha hecho alg\u00fan curso formativo en el IEFC y en nuestra Agrupaci\u00f3n de la cual es socio.<\/p>\n<p>Esta exposici\u00f3n la podr\u00e9is ver del 14 al 24 de Mayo<\/p>\n<p>Son miradas de pandemia.<\/p>\n<p><strong>Sala Sant Miquel<\/strong><br \/>\n<strong>Carrer major, 23<\/strong><br \/>\n<strong>Montblanc (Tarragona)<\/strong><\/p>\n<\/div><div ><span class=\" fusion-imageframe imageframe-none imageframe-1 hover-type-none\"><img decoding=\"async\" width=\"400\" height=\"279\" title=\"Antonio Serrrano (Vinil)\" src=\"https:\/\/afc.cat\/wp-content\/uploads\/2021\/05\/Antonio-Serrrano-Vinil.jpeg\" alt class=\"img-responsive wp-image-21193\" srcset=\"https:\/\/afc.cat\/wp-content\/uploads\/2021\/05\/Antonio-Serrrano-Vinil-200x140.jpeg 200w, https:\/\/afc.cat\/wp-content\/uploads\/2021\/05\/Antonio-Serrrano-Vinil.jpeg 400w\" sizes=\"(max-width: 640px) 100vw, 400px\" \/><\/span><\/div><\/div><style type=\"text\/css\">.fusion-body .fusion-builder-column-0{width:66.666666666667% !important;margin-top : 0px;margin-bottom : 0px;}.fusion-builder-column-0 > .fusion-column-wrapper {padding-top : 0px !important;padding-right : 0px !important;margin-right : 3.84%;padding-bottom : 0px !important;padding-left : 0px !important;margin-left : 2.88%;}@media only screen and (max-width:1024px) {.fusion-body .fusion-builder-column-0{width:66.666666666667% !important;}.fusion-builder-column-0 > .fusion-column-wrapper {margin-right : 3.84%;margin-left : 2.88%;}}@media only screen and (max-width:640px) {.fusion-body .fusion-builder-column-0{width:100% !important;}.fusion-builder-column-0 > .fusion-column-wrapper {margin-right : 1.92%;margin-left : 1.92%;}}<\/style><\/div><div class=\"fusion-layout-column fusion_builder_column fusion-builder-column-1 fusion_builder_column_1_3 1_3 fusion-flex-column\"><div class=\"fusion-column-wrapper fusion-flex-justify-content-flex-start fusion-content-layout-column\" style=\"background-position:left top;background-repeat:no-repeat;-webkit-background-size:cover;-moz-background-size:cover;-o-background-size:cover;background-size:cover;padding: 0px 0px 0px 0px;\"><div style=\"text-align:center;\"><span class=\" fusion-imageframe imageframe-none imageframe-2 hover-type-zoomin\"><img decoding=\"async\" width=\"420\" height=\"594\" title=\"Mirades de Pand\u00e8mia &#8211; Cartell\" src=\"https:\/\/afc.cat\/wp-content\/uploads\/2021\/05\/Mirades-de-Pandemia-Cartell.jpg\" alt class=\"img-responsive wp-image-21189\" srcset=\"https:\/\/afc.cat\/wp-content\/uploads\/2021\/05\/Mirades-de-Pandemia-Cartell-200x283.jpg 200w, https:\/\/afc.cat\/wp-content\/uploads\/2021\/05\/Mirades-de-Pandemia-Cartell-400x566.jpg 400w, https:\/\/afc.cat\/wp-content\/uploads\/2021\/05\/Mirades-de-Pandemia-Cartell.jpg 420w\" sizes=\"(max-width: 640px) 100vw, 400px\" \/><\/span><\/div><div class=\"fusion-text fusion-text-2\" style=\"text-align:center;font-size:13px;color:#adadad;\"><p style=\"text-align: center;\">Miradas de Pand\u00e8mia<\/p>\n<\/div><\/div><style type=\"text\/css\">.fusion-body .fusion-builder-column-1{width:33.333333333333% !important;margin-top : 0px;margin-bottom : 0px;}.fusion-builder-column-1 > .fusion-column-wrapper {padding-top : 0px !important;padding-right : 0px !important;margin-right : 5.76%;padding-bottom : 0px !important;padding-left : 0px !important;margin-left : 3.84%;}@media only screen and (max-width:1024px) {.fusion-body .fusion-builder-column-1{width:33.333333333333% !important;}.fusion-builder-column-1 > .fusion-column-wrapper {margin-right : 5.76%;margin-left : 3.84%;}}@media only screen and (max-width:640px) {.fusion-body .fusion-builder-column-1{width:100% !important;}.fusion-builder-column-1 > .fusion-column-wrapper {margin-right : 1.92%;margin-left : 1.92%;}}<\/style><\/div><\/div><style type=\"text\/css\">.fusion-body .fusion-flex-container.fusion-builder-row-1{ padding-top : 0px;margin-top : 0px;padding-right : 0px;padding-bottom : 0px;margin-bottom : 0px;padding-left : 0px;}<\/style><\/div>\n","protected":false},"excerpt":{"rendered":"","protected":false},"author":33,"featured_media":21191,"comment_status":"closed","ping_status":"closed","sticky":false,"template":"","format":"standard","meta":{"_acf_changed":false,"footnotes":""},"categories":[55],"tags":[],"class_list":["post-21201","post","type-post","status-publish","format-standard","has-post-thumbnail","hentry","category-exposiciones"],"acf":[],"yoast_head":"<!-- This site is optimized with the Yoast SEO plugin v27.5 - https:\/\/yoast.com\/product\/yoast-seo-wordpress\/ -->\n<title>Exposici\u00f3n \u201cMiradas de Pandemia\u201d de Antoni Serrano - Agrupaci\u00f3 Fotogr\u00e0fica de Catalunya<\/title>\n<meta name=\"robots\" content=\"index, follow, max-snippet:-1, max-image-preview:large, max-video-preview:-1\" \/>\n<link rel=\"canonical\" href=\"https:\/\/afc.cat\/es\/21201\/\" \/>\n<meta property=\"og:locale\" content=\"es_ES\" \/>\n<meta property=\"og:type\" content=\"article\" \/>\n<meta property=\"og:title\" content=\"Exposici\u00f3n \u201cMiradas de Pandemia\u201d de Antoni Serrano - Agrupaci\u00f3 Fotogr\u00e0fica de Catalunya\" \/>\n<meta property=\"og:url\" content=\"https:\/\/afc.cat\/es\/21201\/\" \/>\n<meta property=\"og:site_name\" content=\"Agrupaci\u00f3 Fotogr\u00e0fica de Catalunya\" \/>\n<meta property=\"article:published_time\" content=\"2021-05-02T14:35:28+00:00\" \/>\n<meta property=\"article:modified_time\" content=\"2021-05-02T19:45:37+00:00\" \/>\n<meta property=\"og:image\" content=\"https:\/\/afc.cat\/wp-content\/uploads\/2021\/05\/Mirades-de-Pandemia.jpg\" \/>\n\t<meta property=\"og:image:width\" content=\"420\" \/>\n\t<meta property=\"og:image:height\" content=\"300\" \/>\n\t<meta property=\"og:image:type\" content=\"image\/jpeg\" \/>\n<meta name=\"author\" content=\"Albert Folch Naval\u00f3n\" \/>\n<meta name=\"twitter:card\" content=\"summary_large_image\" \/>\n<meta name=\"twitter:label1\" content=\"Escrito por\" \/>\n\t<meta name=\"twitter:data1\" content=\"Albert Folch Naval\u00f3n\" \/>\n\t<meta name=\"twitter:label2\" content=\"Tiempo de lectura\" \/>\n\t<meta name=\"twitter:data2\" content=\"3 minutos\" \/>\n<script type=\"application\/ld+json\" class=\"yoast-schema-graph\">{\"@context\":\"https:\\\/\\\/schema.org\",\"@graph\":[{\"@type\":\"Article\",\"@id\":\"https:\\\/\\\/afc.cat\\\/es\\\/21201\\\/#article\",\"isPartOf\":{\"@id\":\"https:\\\/\\\/afc.cat\\\/es\\\/21201\\\/\"},\"author\":{\"name\":\"Albert Folch Naval\u00f3n\",\"@id\":\"https:\\\/\\\/afc.cat\\\/es\\\/#\\\/schema\\\/person\\\/2868ff3362c6c568af6bbef21aab18a6\"},\"headline\":\"Exposici\u00f3n \u201cMiradas de Pandemia\u201d de Antoni Serrano\",\"datePublished\":\"2021-05-02T14:35:28+00:00\",\"dateModified\":\"2021-05-02T19:45:37+00:00\",\"mainEntityOfPage\":{\"@id\":\"https:\\\/\\\/afc.cat\\\/es\\\/21201\\\/\"},\"wordCount\":1124,\"image\":{\"@id\":\"https:\\\/\\\/afc.cat\\\/es\\\/21201\\\/#primaryimage\"},\"thumbnailUrl\":\"https:\\\/\\\/afc.cat\\\/wp-content\\\/uploads\\\/2021\\\/05\\\/Mirades-de-Pandemia.jpg\",\"articleSection\":[\"Exposiciones\"],\"inLanguage\":\"es\"},{\"@type\":\"WebPage\",\"@id\":\"https:\\\/\\\/afc.cat\\\/es\\\/21201\\\/\",\"url\":\"https:\\\/\\\/afc.cat\\\/es\\\/21201\\\/\",\"name\":\"Exposici\u00f3n \u201cMiradas de Pandemia\u201d de Antoni Serrano - Agrupaci\u00f3 Fotogr\u00e0fica de Catalunya\",\"isPartOf\":{\"@id\":\"https:\\\/\\\/afc.cat\\\/es\\\/#website\"},\"primaryImageOfPage\":{\"@id\":\"https:\\\/\\\/afc.cat\\\/es\\\/21201\\\/#primaryimage\"},\"image\":{\"@id\":\"https:\\\/\\\/afc.cat\\\/es\\\/21201\\\/#primaryimage\"},\"thumbnailUrl\":\"https:\\\/\\\/afc.cat\\\/wp-content\\\/uploads\\\/2021\\\/05\\\/Mirades-de-Pandemia.jpg\",\"datePublished\":\"2021-05-02T14:35:28+00:00\",\"dateModified\":\"2021-05-02T19:45:37+00:00\",\"author\":{\"@id\":\"https:\\\/\\\/afc.cat\\\/es\\\/#\\\/schema\\\/person\\\/2868ff3362c6c568af6bbef21aab18a6\"},\"breadcrumb\":{\"@id\":\"https:\\\/\\\/afc.cat\\\/es\\\/21201\\\/#breadcrumb\"},\"inLanguage\":\"es\",\"potentialAction\":[{\"@type\":\"ReadAction\",\"target\":[\"https:\\\/\\\/afc.cat\\\/es\\\/21201\\\/\"]}]},{\"@type\":\"ImageObject\",\"inLanguage\":\"es\",\"@id\":\"https:\\\/\\\/afc.cat\\\/es\\\/21201\\\/#primaryimage\",\"url\":\"https:\\\/\\\/afc.cat\\\/wp-content\\\/uploads\\\/2021\\\/05\\\/Mirades-de-Pandemia.jpg\",\"contentUrl\":\"https:\\\/\\\/afc.cat\\\/wp-content\\\/uploads\\\/2021\\\/05\\\/Mirades-de-Pandemia.jpg\",\"width\":420,\"height\":300},{\"@type\":\"BreadcrumbList\",\"@id\":\"https:\\\/\\\/afc.cat\\\/es\\\/21201\\\/#breadcrumb\",\"itemListElement\":[{\"@type\":\"ListItem\",\"position\":1,\"name\":\"Inicio\",\"item\":\"https:\\\/\\\/afc.cat\\\/es\\\/\"},{\"@type\":\"ListItem\",\"position\":2,\"name\":\"Exposici\u00f3n \u201cMiradas de Pandemia\u201d de Antoni Serrano\"}]},{\"@type\":\"WebSite\",\"@id\":\"https:\\\/\\\/afc.cat\\\/es\\\/#website\",\"url\":\"https:\\\/\\\/afc.cat\\\/es\\\/\",\"name\":\"Agrupaci\u00f3 Fotogr\u00e0fica de Catalunya\",\"description\":\"Fomento y divulgaci\u00f3n de la fotograf\u00eda en todas sus variedades\",\"potentialAction\":[{\"@type\":\"SearchAction\",\"target\":{\"@type\":\"EntryPoint\",\"urlTemplate\":\"https:\\\/\\\/afc.cat\\\/es\\\/?s={search_term_string}\"},\"query-input\":{\"@type\":\"PropertyValueSpecification\",\"valueRequired\":true,\"valueName\":\"search_term_string\"}}],\"inLanguage\":\"es\"},{\"@type\":\"Person\",\"@id\":\"https:\\\/\\\/afc.cat\\\/es\\\/#\\\/schema\\\/person\\\/2868ff3362c6c568af6bbef21aab18a6\",\"name\":\"Albert Folch Naval\u00f3n\",\"image\":{\"@type\":\"ImageObject\",\"inLanguage\":\"es\",\"@id\":\"https:\\\/\\\/secure.gravatar.com\\\/avatar\\\/d9af2c27458acd834a2ba71216b3c70b3d550f58587654086a7e7c13f9ffa40c?s=96&d=mm&r=g\",\"url\":\"https:\\\/\\\/secure.gravatar.com\\\/avatar\\\/d9af2c27458acd834a2ba71216b3c70b3d550f58587654086a7e7c13f9ffa40c?s=96&d=mm&r=g\",\"contentUrl\":\"https:\\\/\\\/secure.gravatar.com\\\/avatar\\\/d9af2c27458acd834a2ba71216b3c70b3d550f58587654086a7e7c13f9ffa40c?s=96&d=mm&r=g\",\"caption\":\"Albert Folch Naval\u00f3n\"},\"url\":\"https:\\\/\\\/afc.cat\\\/es\\\/author\\\/albertf2021\\\/\"}]}<\/script>\n<!-- \/ Yoast SEO plugin. -->","yoast_head_json":{"title":"Exposici\u00f3n \u201cMiradas de Pandemia\u201d de Antoni Serrano - Agrupaci\u00f3 Fotogr\u00e0fica de Catalunya","robots":{"index":"index","follow":"follow","max-snippet":"max-snippet:-1","max-image-preview":"max-image-preview:large","max-video-preview":"max-video-preview:-1"},"canonical":"https:\/\/afc.cat\/es\/21201\/","og_locale":"es_ES","og_type":"article","og_title":"Exposici\u00f3n \u201cMiradas de Pandemia\u201d de Antoni Serrano - Agrupaci\u00f3 Fotogr\u00e0fica de Catalunya","og_url":"https:\/\/afc.cat\/es\/21201\/","og_site_name":"Agrupaci\u00f3 Fotogr\u00e0fica de Catalunya","article_published_time":"2021-05-02T14:35:28+00:00","article_modified_time":"2021-05-02T19:45:37+00:00","og_image":[{"width":420,"height":300,"url":"https:\/\/afc.cat\/wp-content\/uploads\/2021\/05\/Mirades-de-Pandemia.jpg","type":"image\/jpeg"}],"author":"Albert Folch Naval\u00f3n","twitter_card":"summary_large_image","twitter_misc":{"Escrito por":"Albert Folch Naval\u00f3n","Tiempo de lectura":"3 minutos"},"schema":{"@context":"https:\/\/schema.org","@graph":[{"@type":"Article","@id":"https:\/\/afc.cat\/es\/21201\/#article","isPartOf":{"@id":"https:\/\/afc.cat\/es\/21201\/"},"author":{"name":"Albert Folch Naval\u00f3n","@id":"https:\/\/afc.cat\/es\/#\/schema\/person\/2868ff3362c6c568af6bbef21aab18a6"},"headline":"Exposici\u00f3n \u201cMiradas de Pandemia\u201d de Antoni Serrano","datePublished":"2021-05-02T14:35:28+00:00","dateModified":"2021-05-02T19:45:37+00:00","mainEntityOfPage":{"@id":"https:\/\/afc.cat\/es\/21201\/"},"wordCount":1124,"image":{"@id":"https:\/\/afc.cat\/es\/21201\/#primaryimage"},"thumbnailUrl":"https:\/\/afc.cat\/wp-content\/uploads\/2021\/05\/Mirades-de-Pandemia.jpg","articleSection":["Exposiciones"],"inLanguage":"es"},{"@type":"WebPage","@id":"https:\/\/afc.cat\/es\/21201\/","url":"https:\/\/afc.cat\/es\/21201\/","name":"Exposici\u00f3n \u201cMiradas de Pandemia\u201d de Antoni Serrano - Agrupaci\u00f3 Fotogr\u00e0fica de Catalunya","isPartOf":{"@id":"https:\/\/afc.cat\/es\/#website"},"primaryImageOfPage":{"@id":"https:\/\/afc.cat\/es\/21201\/#primaryimage"},"image":{"@id":"https:\/\/afc.cat\/es\/21201\/#primaryimage"},"thumbnailUrl":"https:\/\/afc.cat\/wp-content\/uploads\/2021\/05\/Mirades-de-Pandemia.jpg","datePublished":"2021-05-02T14:35:28+00:00","dateModified":"2021-05-02T19:45:37+00:00","author":{"@id":"https:\/\/afc.cat\/es\/#\/schema\/person\/2868ff3362c6c568af6bbef21aab18a6"},"breadcrumb":{"@id":"https:\/\/afc.cat\/es\/21201\/#breadcrumb"},"inLanguage":"es","potentialAction":[{"@type":"ReadAction","target":["https:\/\/afc.cat\/es\/21201\/"]}]},{"@type":"ImageObject","inLanguage":"es","@id":"https:\/\/afc.cat\/es\/21201\/#primaryimage","url":"https:\/\/afc.cat\/wp-content\/uploads\/2021\/05\/Mirades-de-Pandemia.jpg","contentUrl":"https:\/\/afc.cat\/wp-content\/uploads\/2021\/05\/Mirades-de-Pandemia.jpg","width":420,"height":300},{"@type":"BreadcrumbList","@id":"https:\/\/afc.cat\/es\/21201\/#breadcrumb","itemListElement":[{"@type":"ListItem","position":1,"name":"Inicio","item":"https:\/\/afc.cat\/es\/"},{"@type":"ListItem","position":2,"name":"Exposici\u00f3n \u201cMiradas de Pandemia\u201d de Antoni Serrano"}]},{"@type":"WebSite","@id":"https:\/\/afc.cat\/es\/#website","url":"https:\/\/afc.cat\/es\/","name":"Agrupaci\u00f3 Fotogr\u00e0fica de Catalunya","description":"Fomento y divulgaci\u00f3n de la fotograf\u00eda en todas sus variedades","potentialAction":[{"@type":"SearchAction","target":{"@type":"EntryPoint","urlTemplate":"https:\/\/afc.cat\/es\/?s={search_term_string}"},"query-input":{"@type":"PropertyValueSpecification","valueRequired":true,"valueName":"search_term_string"}}],"inLanguage":"es"},{"@type":"Person","@id":"https:\/\/afc.cat\/es\/#\/schema\/person\/2868ff3362c6c568af6bbef21aab18a6","name":"Albert Folch Naval\u00f3n","image":{"@type":"ImageObject","inLanguage":"es","@id":"https:\/\/secure.gravatar.com\/avatar\/d9af2c27458acd834a2ba71216b3c70b3d550f58587654086a7e7c13f9ffa40c?s=96&d=mm&r=g","url":"https:\/\/secure.gravatar.com\/avatar\/d9af2c27458acd834a2ba71216b3c70b3d550f58587654086a7e7c13f9ffa40c?s=96&d=mm&r=g","contentUrl":"https:\/\/secure.gravatar.com\/avatar\/d9af2c27458acd834a2ba71216b3c70b3d550f58587654086a7e7c13f9ffa40c?s=96&d=mm&r=g","caption":"Albert Folch Naval\u00f3n"},"url":"https:\/\/afc.cat\/es\/author\/albertf2021\/"}]}},"_links":{"self":[{"href":"https:\/\/afc.cat\/es\/wp-json\/wp\/v2\/posts\/21201","targetHints":{"allow":["GET"]}}],"collection":[{"href":"https:\/\/afc.cat\/es\/wp-json\/wp\/v2\/posts"}],"about":[{"href":"https:\/\/afc.cat\/es\/wp-json\/wp\/v2\/types\/post"}],"author":[{"embeddable":true,"href":"https:\/\/afc.cat\/es\/wp-json\/wp\/v2\/users\/33"}],"replies":[{"embeddable":true,"href":"https:\/\/afc.cat\/es\/wp-json\/wp\/v2\/comments?post=21201"}],"version-history":[{"count":4,"href":"https:\/\/afc.cat\/es\/wp-json\/wp\/v2\/posts\/21201\/revisions"}],"predecessor-version":[{"id":21209,"href":"https:\/\/afc.cat\/es\/wp-json\/wp\/v2\/posts\/21201\/revisions\/21209"}],"wp:featuredmedia":[{"embeddable":true,"href":"https:\/\/afc.cat\/es\/wp-json\/wp\/v2\/media\/21191"}],"wp:attachment":[{"href":"https:\/\/afc.cat\/es\/wp-json\/wp\/v2\/media?parent=21201"}],"wp:term":[{"taxonomy":"category","embeddable":true,"href":"https:\/\/afc.cat\/es\/wp-json\/wp\/v2\/categories?post=21201"},{"taxonomy":"post_tag","embeddable":true,"href":"https:\/\/afc.cat\/es\/wp-json\/wp\/v2\/tags?post=21201"}],"curies":[{"name":"wp","href":"https:\/\/api.w.org\/{rel}","templated":true}]}}