{"id":21236,"date":"2021-05-04T16:53:24","date_gmt":"2021-05-04T14:53:24","guid":{"rendered":"https:\/\/afc.cat\/?p=21236"},"modified":"2021-12-13T20:03:48","modified_gmt":"2021-12-13T18:03:48","slug":"afc-aixi-vam-veure-lexposicio-de-claudia-andujar","status":"publish","type":"post","link":"https:\/\/afc.cat\/es\/afc-aixi-vam-veure-lexposicio-de-claudia-andujar\/","title":{"rendered":"AFC  As\u00ed vimos la exposici\u00f3n de Claudia Andujar"},"content":{"rendered":"<div class=\"fusion-fullwidth fullwidth-box fusion-builder-row-1 fusion-flex-container nonhundred-percent-fullwidth non-hundred-percent-height-scrolling\" style=\"background-color: rgba(255,255,255,0);background-position: center center;background-repeat: no-repeat;border-width: 0px 0px 0px 0px;border-color:#ffffff;border-style:solid;\" ><div class=\"fusion-builder-row fusion-row fusion-flex-align-items-flex-start\" style=\"max-width:1300px;margin-left: calc(-4% \/ 2 );margin-right: calc(-4% \/ 2 );\"><div class=\"fusion-layout-column fusion_builder_column fusion-builder-column-0 fusion_builder_column_2_3 2_3 fusion-flex-column\"><div class=\"fusion-column-wrapper fusion-flex-justify-content-flex-start fusion-content-layout-column\" style=\"background-position:left top;background-repeat:no-repeat;-webkit-background-size:cover;-moz-background-size:cover;-o-background-size:cover;background-size:cover;padding: 0px 0px 0px 0px;\"><div class=\"fusion-text fusion-text-1\"><h2>Visita a la sala KBr \u2013 Fundaci\u00f3n Mapfre<\/h2>\n<h3>EXPOSICIONES:\u00a0 CLAUDIA ANDUJAR &#8211; LA MIRADA CAPTIVA<\/h3>\n<p>El pasado 29 de abril de 2021, pudimos disfrutar de una visita guiada por <strong>Nerea\u00a0Arrojer\u00eda<\/strong>, una excelente gu\u00eda de la\u00a0<strong>Fundaci\u00f3n\u00a0Mapfre<\/strong>. Por motivos sanitarios, la visita estuvo restringida a seis personas.<\/p>\n<h4>LA MIRADA CAPTIVA<\/h4>\n<p>En primer lugar visitamos la sala peque\u00f1a donde hay expuestos m\u00e1s de un centenar de <strong>daguerrotipos<\/strong>\u00a0 del <strong>Centro de Investigaci\u00f3n y Difusi\u00f3n de la Imagen (CRDI)\u00a0del Ayuntamiento de Girona<\/strong>.<br \/>\nNos reencontramos con los or\u00edgenes de la fotograf\u00eda cuando en 1836\u00a0<strong>Dagu\u00e8rre\u00a0<\/strong>obtuvo por primera vez una imagen sobre una placa ba\u00f1ada con sales, procedimiento que hab\u00eda sido desarrollado por\u00a0<strong>Ni\u00e9pce<\/strong>, pero que este no lleg\u00f3 a plasmar. Este procedimiento se extendi\u00f3 por todas partes y de este modo todo el mundo pod\u00eda conservar una imagen, un recuerdo, de las personas que estimaba y que ya no estaban o de s\u00ed mismos.<br \/>\nPor su delicada conservaci\u00f3n estos retratos se ten\u00edan que conservar aislados del aire para evitar su oxidaci\u00f3n y deterioro, de aqu\u00ed que nos encontramos con peque\u00f1as cajas artesanales.<br \/>\nTambi\u00e9n pudimos ver un audiovisual donde se muestra como se restauran algunas piezas de esta colecci\u00f3n, as\u00ed como unas vitrinas con material para hacer los daguerrotipos.<\/p>\n<\/div><style type=\"text\/css\">.fusion-gallery-1 .fusion-gallery-image {border:0px solid #e2e2e2;}<\/style><div class=\"fusion-gallery fusion-gallery-container fusion-grid-3 fusion-columns-total-3 fusion-gallery-layout-grid fusion-gallery-1\" style=\"margin:-5px;\"><div style=\"padding:5px;\" class=\"fusion-grid-column fusion-gallery-column fusion-gallery-column-3 hover-type-none\"><div class=\"fusion-gallery-image\"><a href=\"https:\/\/afc.cat\/wp-content\/uploads\/2021\/05\/sala-expo.jpg\" data-title=\"La Mirada Captiva 1\" title=\"La Mirada Captiva 1\" rel=\"noreferrer\" data-rel=\"iLightbox[gallery_image_1]\" class=\"fusion-lightbox\" target=\"_self\"><img decoding=\"async\" src=\"https:\/\/afc.cat\/wp-content\/uploads\/2021\/05\/sala-expo-400x295.jpg\" width=\"400\" height=\"295\" alt=\"\" title=\"La Mirada Captiva 1\" aria-label=\"La Mirada Captiva 1\" class=\"img-responsive wp-image-21251 fusion-gallery-image-size-fixed\" \/><\/a><\/div><\/div><div style=\"padding:5px;\" class=\"fusion-grid-column fusion-gallery-column fusion-gallery-column-3 hover-type-none\"><div class=\"fusion-gallery-image\"><a href=\"https:\/\/afc.cat\/wp-content\/uploads\/2021\/05\/La-Mirada-Captiva-3.jpg\" data-title=\"La Mirada Captiva 3\" title=\"La Mirada Captiva 3\" rel=\"noreferrer\" data-rel=\"iLightbox[gallery_image_1]\" class=\"fusion-lightbox\" target=\"_self\"><img decoding=\"async\" src=\"https:\/\/afc.cat\/wp-content\/uploads\/2021\/05\/La-Mirada-Captiva-3-460x295.jpg\" width=\"460\" height=\"295\" alt=\"\" title=\"La Mirada Captiva 3\" aria-label=\"La Mirada Captiva 3\" class=\"img-responsive wp-image-21247 fusion-gallery-image-size-fixed\" \/><\/a><\/div><\/div><div style=\"padding:5px;\" class=\"fusion-grid-column fusion-gallery-column fusion-gallery-column-3 hover-type-none\"><div class=\"fusion-gallery-image\"><a href=\"https:\/\/afc.cat\/wp-content\/uploads\/2021\/05\/La-Mirada-Captiva-2.jpg\" data-title=\"La Mirada Captiva 2\" title=\"La Mirada Captiva 2\" rel=\"noreferrer\" data-rel=\"iLightbox[gallery_image_1]\" class=\"fusion-lightbox\" target=\"_self\"><img decoding=\"async\" src=\"https:\/\/afc.cat\/wp-content\/uploads\/2021\/05\/La-Mirada-Captiva-2-460x295.jpg\" width=\"460\" height=\"295\" alt=\"\" title=\"La Mirada Captiva 2\" aria-label=\"La Mirada Captiva 2\" class=\"img-responsive wp-image-21245 fusion-gallery-image-size-fixed\" \/><\/a><\/div><\/div><div class=\"clearfix\"><\/div><\/div><div class=\"fusion-text fusion-text-2\"><h4>CLAUDIA ANDUJAR<\/h4>\n<p>A continuaci\u00f3n pasamos en la sala grande donde est\u00e1 expuesto el trabajo de Claudia\u00a0Andujar, una fot\u00f3grafa nacida en Suiza el 1931, de familia jud\u00eda, tuvo que huir y se cambi\u00f3 el nombre por el del marido. Primero en Nueva York y finalmente se estableci\u00f3 a\u00a0Sao\u00a0Paulo, donde entr\u00f3 en contacto con las comunidades m\u00e1s vulnerables del pa\u00eds. Poco a poco estableci\u00f3 un v\u00ednculo que la llev\u00f3 a convivir largo periodos de tiempos con la comunidad\u00a0ianomami, en plena selva amaz\u00f3nica.<br \/>\nLa muestra, de ocho secciones, re\u00fane cerca de doscientas setenta fotograf\u00edas y una serie de dibujos realizados por integrantes del pueblo ianomami, como tambi\u00e9n libros, proyecciones audiovisuales y documentos que exploran la extraordinaria contribuci\u00f3n del artista al medio fotogr\u00e1fico. Con un estilo que combina una mirada \u00edntima hacia los sujetos representados y una aproximaci\u00f3n experimental que conjuga el arte y compromiso, Andujar ha transformado las protecci\u00f3n y defensa de los ianomamis, en una misi\u00f3n de vida.<\/p>\n<p>En las diferentes secciones podemos ver los primeros trabajos de fotoperiodismo, siempre desde una derramando social y reivindicativa. Ya centrados en la convivencia con los ianomamis, Andujar nos presenta diferentes temas: \u201cEl Encanto lo Catrimani\u201d donde nos muestra el entorno donde viven los ianomamis. \u201cLa intimidad del hogar\u201d: d\u00f3nde fotograf\u00eda la iani, o casa donde viven docenas de familias. \u201cRitual e Invenci\u00f3n\u201d: rituales de la muerte, el paso de ni\u00f1o a adulto. \u201cEn busca de una identidad\u201d fotos intimistas y sensibles donde retrata los miembros de la tribu, jugando con las luz que se filtran por el techo de la gran caba\u00f1a. \u201cEl proyecto de los dibujos\u201d: mujer papel y colores porque hagan una cosa que no han hecho nunca, ni han visto qu\u00e9 es: pintar, El resultado es espectacular. \u201cDel Arte al activismo\u201d donde denuncia la deforestaci\u00f3n y las condiciones a las que est\u00e1n sometidos los ianomamis. \u201cProgramas de salud\u201d a partir del trabajo para identificar los miembros de este pueblo a base de hacer fotos con un n\u00famero (ellos no tienen nombre) y por un error descubre fotograf\u00edas con doble exposici\u00f3n. El resultado es sorprendente. \u201cGenocidio do Yanomami: Morte do Brasil\u201d donde deja constancia de los efectos de la colonizaci\u00f3n: occidentalizaci\u00f3n en la manera de vestir, drogas, prostituci\u00f3n, enfermedades.<\/p>\n<div class=\"traductor-textarea form-group\">\n<div class=\"textarea-desti col-xs-12 col-sm-6\">\n<div class=\"form-control second-textarea\"><\/div>\n<\/div>\n<\/div>\n<\/div><style type=\"text\/css\">.fusion-gallery-2 .fusion-gallery-image {border:0px solid #e2e2e2;}<\/style><div class=\"fusion-gallery fusion-gallery-container fusion-grid-3 fusion-columns-total-3 fusion-gallery-layout-grid fusion-gallery-2\" style=\"margin:-5px;\"><div style=\"padding:5px;\" class=\"fusion-grid-column fusion-gallery-column fusion-gallery-column-3 hover-type-none\"><div class=\"fusion-gallery-image\"><a href=\"https:\/\/afc.cat\/wp-content\/uploads\/2021\/05\/Claudia-Andujar-1.jpg\" rel=\"noreferrer\" data-rel=\"iLightbox[gallery_image_2]\" class=\"fusion-lightbox\" target=\"_self\"><img decoding=\"async\" src=\"https:\/\/afc.cat\/wp-content\/uploads\/2021\/05\/Claudia-Andujar-1-460x295.jpg\" width=\"460\" height=\"295\" alt=\"\" title=\"Claudia Andujar 1\" aria-label=\"Claudia Andujar 1\" class=\"img-responsive wp-image-21237 fusion-gallery-image-size-fixed\" \/><\/a><\/div><\/div><div style=\"padding:5px;\" class=\"fusion-grid-column fusion-gallery-column fusion-gallery-column-3 hover-type-none\"><div class=\"fusion-gallery-image\"><a href=\"https:\/\/afc.cat\/wp-content\/uploads\/2021\/05\/Claudia-Andujar-2.jpg\" rel=\"noreferrer\" data-rel=\"iLightbox[gallery_image_2]\" class=\"fusion-lightbox\" target=\"_self\"><img decoding=\"async\" src=\"https:\/\/afc.cat\/wp-content\/uploads\/2021\/05\/Claudia-Andujar-2-460x295.jpg\" width=\"460\" height=\"295\" alt=\"\" title=\"Claudia Andujar 2\" aria-label=\"Claudia Andujar 2\" class=\"img-responsive wp-image-21239 fusion-gallery-image-size-fixed\" \/><\/a><\/div><\/div><div style=\"padding:5px;\" class=\"fusion-grid-column fusion-gallery-column fusion-gallery-column-3 hover-type-none\"><div class=\"fusion-gallery-image\"><a href=\"https:\/\/afc.cat\/wp-content\/uploads\/2021\/05\/Claudia-Andujar-3.jpg\" rel=\"noreferrer\" data-rel=\"iLightbox[gallery_image_2]\" class=\"fusion-lightbox\" target=\"_self\"><img decoding=\"async\" src=\"https:\/\/afc.cat\/wp-content\/uploads\/2021\/05\/Claudia-Andujar-3-460x295.jpg\" width=\"460\" height=\"295\" alt=\"\" title=\"Claudia Andujar 3\" aria-label=\"Claudia Andujar 3\" class=\"img-responsive wp-image-21241 fusion-gallery-image-size-fixed\" \/><\/a><\/div><\/div><div class=\"clearfix\"><\/div><\/div><\/div><style type=\"text\/css\">.fusion-body .fusion-builder-column-0{width:66.666666666667% !important;margin-top : 0px;margin-bottom : 0px;}.fusion-builder-column-0 > .fusion-column-wrapper {padding-top : 0px !important;padding-right : 0px !important;margin-right : 3.84%;padding-bottom : 0px !important;padding-left : 0px !important;margin-left : 2.88%;}@media only screen and (max-width:1024px) {.fusion-body .fusion-builder-column-0{width:66.666666666667% !important;}.fusion-builder-column-0 > .fusion-column-wrapper {margin-right : 3.84%;margin-left : 2.88%;}}@media only screen and (max-width:640px) {.fusion-body .fusion-builder-column-0{width:100% !important;}.fusion-builder-column-0 > .fusion-column-wrapper {margin-right : 1.92%;margin-left : 1.92%;}}<\/style><\/div><div class=\"fusion-layout-column fusion_builder_column fusion-builder-column-1 fusion_builder_column_1_3 1_3 fusion-flex-column\"><div class=\"fusion-column-wrapper fusion-flex-justify-content-flex-start fusion-content-layout-column\" style=\"background-position:left top;background-repeat:no-repeat;-webkit-background-size:cover;-moz-background-size:cover;-o-background-size:cover;background-size:cover;padding: 0px 0px 0px 0px;\"><div style=\"text-align:center;\"><span class=\" fusion-imageframe imageframe-none imageframe-1 hover-type-none\"><img decoding=\"async\" width=\"300\" height=\"225\" title=\"La Mirada Captiva 1\" src=\"https:\/\/afc.cat\/wp-content\/uploads\/2021\/05\/sala-expo-300x225.jpg\" alt class=\"img-responsive wp-image-21251\" srcset=\"https:\/\/afc.cat\/wp-content\/uploads\/2021\/05\/sala-expo-200x150.jpg 200w, https:\/\/afc.cat\/wp-content\/uploads\/2021\/05\/sala-expo.jpg 400w\" sizes=\"(max-width: 640px) 100vw, 300px\" \/><\/span><\/div><div class=\"fusion-text fusion-text-3\" style=\"text-align:center;font-size:13px;color:#adadad;\"><p style=\"text-align: center;\">Sala exposiciones KBr<br \/>\nfoto: Francesc Soldevila<\/p>\n<\/div><\/div><style type=\"text\/css\">.fusion-body .fusion-builder-column-1{width:33.333333333333% !important;margin-top : 0px;margin-bottom : 0px;}.fusion-builder-column-1 > .fusion-column-wrapper {padding-top : 0px !important;padding-right : 0px !important;margin-right : 5.76%;padding-bottom : 0px !important;padding-left : 0px !important;margin-left : 3.84%;}@media only screen and (max-width:1024px) {.fusion-body .fusion-builder-column-1{width:33.333333333333% !important;}.fusion-builder-column-1 > .fusion-column-wrapper {margin-right : 5.76%;margin-left : 3.84%;}}@media only screen and (max-width:640px) {.fusion-body .fusion-builder-column-1{width:100% !important;}.fusion-builder-column-1 > .fusion-column-wrapper {margin-right : 1.92%;margin-left : 1.92%;}}<\/style><\/div><\/div><style type=\"text\/css\">.fusion-body .fusion-flex-container.fusion-builder-row-1{ padding-top : 0px;margin-top : 0px;padding-right : 0px;padding-bottom : 0px;margin-bottom : 0px;padding-left : 0px;}<\/style><\/div>\n","protected":false},"excerpt":{"rendered":"","protected":false},"author":33,"featured_media":21249,"comment_status":"open","ping_status":"open","sticky":false,"template":"","format":"standard","meta":{"_acf_changed":false,"footnotes":""},"categories":[197],"tags":[],"class_list":["post-21236","post","type-post","status-publish","format-standard","has-post-thumbnail","hentry","category-salidas-exposiciones"],"acf":[],"yoast_head":"<!-- This site is optimized with the Yoast SEO plugin v27.5 - https:\/\/yoast.com\/product\/yoast-seo-wordpress\/ -->\n<title>AFC As\u00ed vimos la exposici\u00f3n de Claudia Andujar - Agrupaci\u00f3 Fotogr\u00e0fica de Catalunya<\/title>\n<meta name=\"robots\" content=\"index, follow, max-snippet:-1, max-image-preview:large, max-video-preview:-1\" \/>\n<link rel=\"canonical\" href=\"https:\/\/afc.cat\/es\/afc-aixi-vam-veure-lexposicio-de-claudia-andujar\/\" \/>\n<meta property=\"og:locale\" content=\"es_ES\" \/>\n<meta property=\"og:type\" content=\"article\" \/>\n<meta property=\"og:title\" content=\"AFC As\u00ed vimos la exposici\u00f3n de Claudia Andujar - Agrupaci\u00f3 Fotogr\u00e0fica de Catalunya\" \/>\n<meta property=\"og:url\" content=\"https:\/\/afc.cat\/es\/afc-aixi-vam-veure-lexposicio-de-claudia-andujar\/\" \/>\n<meta property=\"og:site_name\" content=\"Agrupaci\u00f3 Fotogr\u00e0fica de Catalunya\" \/>\n<meta property=\"article:published_time\" content=\"2021-05-04T14:53:24+00:00\" \/>\n<meta property=\"article:modified_time\" content=\"2021-12-13T18:03:48+00:00\" \/>\n<meta property=\"og:image\" content=\"https:\/\/afc.cat\/wp-content\/uploads\/2021\/05\/Claudia-Andujar-sala.jpg\" \/>\n\t<meta property=\"og:image:width\" content=\"400\" \/>\n\t<meta property=\"og:image:height\" content=\"300\" \/>\n\t<meta property=\"og:image:type\" content=\"image\/jpeg\" \/>\n<meta name=\"author\" content=\"Albert Folch Naval\u00f3n\" \/>\n<meta name=\"twitter:card\" content=\"summary_large_image\" \/>\n<meta name=\"twitter:label1\" content=\"Escrito por\" \/>\n\t<meta name=\"twitter:data1\" content=\"Albert Folch Naval\u00f3n\" \/>\n\t<meta name=\"twitter:label2\" content=\"Tiempo de lectura\" \/>\n\t<meta name=\"twitter:data2\" content=\"3 minutos\" \/>\n<script type=\"application\/ld+json\" class=\"yoast-schema-graph\">{\"@context\":\"https:\\\/\\\/schema.org\",\"@graph\":[{\"@type\":\"Article\",\"@id\":\"https:\\\/\\\/afc.cat\\\/es\\\/afc-aixi-vam-veure-lexposicio-de-claudia-andujar\\\/#article\",\"isPartOf\":{\"@id\":\"https:\\\/\\\/afc.cat\\\/es\\\/afc-aixi-vam-veure-lexposicio-de-claudia-andujar\\\/\"},\"author\":{\"name\":\"Albert Folch Naval\u00f3n\",\"@id\":\"https:\\\/\\\/afc.cat\\\/es\\\/#\\\/schema\\\/person\\\/2868ff3362c6c568af6bbef21aab18a6\"},\"headline\":\"AFC As\u00ed vimos la exposici\u00f3n de Claudia Andujar\",\"datePublished\":\"2021-05-04T14:53:24+00:00\",\"dateModified\":\"2021-12-13T18:03:48+00:00\",\"mainEntityOfPage\":{\"@id\":\"https:\\\/\\\/afc.cat\\\/es\\\/afc-aixi-vam-veure-lexposicio-de-claudia-andujar\\\/\"},\"wordCount\":1381,\"commentCount\":0,\"image\":{\"@id\":\"https:\\\/\\\/afc.cat\\\/es\\\/afc-aixi-vam-veure-lexposicio-de-claudia-andujar\\\/#primaryimage\"},\"thumbnailUrl\":\"https:\\\/\\\/afc.cat\\\/wp-content\\\/uploads\\\/2021\\\/05\\\/Claudia-Andujar-sala.jpg\",\"articleSection\":[\"Salidas a exposiciones\"],\"inLanguage\":\"es\",\"potentialAction\":[{\"@type\":\"CommentAction\",\"name\":\"Comment\",\"target\":[\"https:\\\/\\\/afc.cat\\\/es\\\/afc-aixi-vam-veure-lexposicio-de-claudia-andujar\\\/#respond\"]}]},{\"@type\":\"WebPage\",\"@id\":\"https:\\\/\\\/afc.cat\\\/es\\\/afc-aixi-vam-veure-lexposicio-de-claudia-andujar\\\/\",\"url\":\"https:\\\/\\\/afc.cat\\\/es\\\/afc-aixi-vam-veure-lexposicio-de-claudia-andujar\\\/\",\"name\":\"AFC As\u00ed vimos la exposici\u00f3n de Claudia Andujar - Agrupaci\u00f3 Fotogr\u00e0fica de Catalunya\",\"isPartOf\":{\"@id\":\"https:\\\/\\\/afc.cat\\\/es\\\/#website\"},\"primaryImageOfPage\":{\"@id\":\"https:\\\/\\\/afc.cat\\\/es\\\/afc-aixi-vam-veure-lexposicio-de-claudia-andujar\\\/#primaryimage\"},\"image\":{\"@id\":\"https:\\\/\\\/afc.cat\\\/es\\\/afc-aixi-vam-veure-lexposicio-de-claudia-andujar\\\/#primaryimage\"},\"thumbnailUrl\":\"https:\\\/\\\/afc.cat\\\/wp-content\\\/uploads\\\/2021\\\/05\\\/Claudia-Andujar-sala.jpg\",\"datePublished\":\"2021-05-04T14:53:24+00:00\",\"dateModified\":\"2021-12-13T18:03:48+00:00\",\"author\":{\"@id\":\"https:\\\/\\\/afc.cat\\\/es\\\/#\\\/schema\\\/person\\\/2868ff3362c6c568af6bbef21aab18a6\"},\"breadcrumb\":{\"@id\":\"https:\\\/\\\/afc.cat\\\/es\\\/afc-aixi-vam-veure-lexposicio-de-claudia-andujar\\\/#breadcrumb\"},\"inLanguage\":\"es\",\"potentialAction\":[{\"@type\":\"ReadAction\",\"target\":[\"https:\\\/\\\/afc.cat\\\/es\\\/afc-aixi-vam-veure-lexposicio-de-claudia-andujar\\\/\"]}]},{\"@type\":\"ImageObject\",\"inLanguage\":\"es\",\"@id\":\"https:\\\/\\\/afc.cat\\\/es\\\/afc-aixi-vam-veure-lexposicio-de-claudia-andujar\\\/#primaryimage\",\"url\":\"https:\\\/\\\/afc.cat\\\/wp-content\\\/uploads\\\/2021\\\/05\\\/Claudia-Andujar-sala.jpg\",\"contentUrl\":\"https:\\\/\\\/afc.cat\\\/wp-content\\\/uploads\\\/2021\\\/05\\\/Claudia-Andujar-sala.jpg\",\"width\":400,\"height\":300},{\"@type\":\"BreadcrumbList\",\"@id\":\"https:\\\/\\\/afc.cat\\\/es\\\/afc-aixi-vam-veure-lexposicio-de-claudia-andujar\\\/#breadcrumb\",\"itemListElement\":[{\"@type\":\"ListItem\",\"position\":1,\"name\":\"Inicio\",\"item\":\"https:\\\/\\\/afc.cat\\\/es\\\/\"},{\"@type\":\"ListItem\",\"position\":2,\"name\":\"AFC As\u00ed vimos la exposici\u00f3n de Claudia Andujar\"}]},{\"@type\":\"WebSite\",\"@id\":\"https:\\\/\\\/afc.cat\\\/es\\\/#website\",\"url\":\"https:\\\/\\\/afc.cat\\\/es\\\/\",\"name\":\"Agrupaci\u00f3 Fotogr\u00e0fica de Catalunya\",\"description\":\"Fomento y divulgaci\u00f3n de la fotograf\u00eda en todas sus variedades\",\"potentialAction\":[{\"@type\":\"SearchAction\",\"target\":{\"@type\":\"EntryPoint\",\"urlTemplate\":\"https:\\\/\\\/afc.cat\\\/es\\\/?s={search_term_string}\"},\"query-input\":{\"@type\":\"PropertyValueSpecification\",\"valueRequired\":true,\"valueName\":\"search_term_string\"}}],\"inLanguage\":\"es\"},{\"@type\":\"Person\",\"@id\":\"https:\\\/\\\/afc.cat\\\/es\\\/#\\\/schema\\\/person\\\/2868ff3362c6c568af6bbef21aab18a6\",\"name\":\"Albert Folch Naval\u00f3n\",\"image\":{\"@type\":\"ImageObject\",\"inLanguage\":\"es\",\"@id\":\"https:\\\/\\\/secure.gravatar.com\\\/avatar\\\/d9af2c27458acd834a2ba71216b3c70b3d550f58587654086a7e7c13f9ffa40c?s=96&d=mm&r=g\",\"url\":\"https:\\\/\\\/secure.gravatar.com\\\/avatar\\\/d9af2c27458acd834a2ba71216b3c70b3d550f58587654086a7e7c13f9ffa40c?s=96&d=mm&r=g\",\"contentUrl\":\"https:\\\/\\\/secure.gravatar.com\\\/avatar\\\/d9af2c27458acd834a2ba71216b3c70b3d550f58587654086a7e7c13f9ffa40c?s=96&d=mm&r=g\",\"caption\":\"Albert Folch Naval\u00f3n\"},\"url\":\"https:\\\/\\\/afc.cat\\\/es\\\/author\\\/albertf2021\\\/\"}]}<\/script>\n<!-- \/ Yoast SEO plugin. -->","yoast_head_json":{"title":"AFC As\u00ed vimos la exposici\u00f3n de Claudia Andujar - Agrupaci\u00f3 Fotogr\u00e0fica de Catalunya","robots":{"index":"index","follow":"follow","max-snippet":"max-snippet:-1","max-image-preview":"max-image-preview:large","max-video-preview":"max-video-preview:-1"},"canonical":"https:\/\/afc.cat\/es\/afc-aixi-vam-veure-lexposicio-de-claudia-andujar\/","og_locale":"es_ES","og_type":"article","og_title":"AFC As\u00ed vimos la exposici\u00f3n de Claudia Andujar - Agrupaci\u00f3 Fotogr\u00e0fica de Catalunya","og_url":"https:\/\/afc.cat\/es\/afc-aixi-vam-veure-lexposicio-de-claudia-andujar\/","og_site_name":"Agrupaci\u00f3 Fotogr\u00e0fica de Catalunya","article_published_time":"2021-05-04T14:53:24+00:00","article_modified_time":"2021-12-13T18:03:48+00:00","og_image":[{"width":400,"height":300,"url":"https:\/\/afc.cat\/wp-content\/uploads\/2021\/05\/Claudia-Andujar-sala.jpg","type":"image\/jpeg"}],"author":"Albert Folch Naval\u00f3n","twitter_card":"summary_large_image","twitter_misc":{"Escrito por":"Albert Folch Naval\u00f3n","Tiempo de lectura":"3 minutos"},"schema":{"@context":"https:\/\/schema.org","@graph":[{"@type":"Article","@id":"https:\/\/afc.cat\/es\/afc-aixi-vam-veure-lexposicio-de-claudia-andujar\/#article","isPartOf":{"@id":"https:\/\/afc.cat\/es\/afc-aixi-vam-veure-lexposicio-de-claudia-andujar\/"},"author":{"name":"Albert Folch Naval\u00f3n","@id":"https:\/\/afc.cat\/es\/#\/schema\/person\/2868ff3362c6c568af6bbef21aab18a6"},"headline":"AFC As\u00ed vimos la exposici\u00f3n de Claudia Andujar","datePublished":"2021-05-04T14:53:24+00:00","dateModified":"2021-12-13T18:03:48+00:00","mainEntityOfPage":{"@id":"https:\/\/afc.cat\/es\/afc-aixi-vam-veure-lexposicio-de-claudia-andujar\/"},"wordCount":1381,"commentCount":0,"image":{"@id":"https:\/\/afc.cat\/es\/afc-aixi-vam-veure-lexposicio-de-claudia-andujar\/#primaryimage"},"thumbnailUrl":"https:\/\/afc.cat\/wp-content\/uploads\/2021\/05\/Claudia-Andujar-sala.jpg","articleSection":["Salidas a exposiciones"],"inLanguage":"es","potentialAction":[{"@type":"CommentAction","name":"Comment","target":["https:\/\/afc.cat\/es\/afc-aixi-vam-veure-lexposicio-de-claudia-andujar\/#respond"]}]},{"@type":"WebPage","@id":"https:\/\/afc.cat\/es\/afc-aixi-vam-veure-lexposicio-de-claudia-andujar\/","url":"https:\/\/afc.cat\/es\/afc-aixi-vam-veure-lexposicio-de-claudia-andujar\/","name":"AFC As\u00ed vimos la exposici\u00f3n de Claudia Andujar - Agrupaci\u00f3 Fotogr\u00e0fica de Catalunya","isPartOf":{"@id":"https:\/\/afc.cat\/es\/#website"},"primaryImageOfPage":{"@id":"https:\/\/afc.cat\/es\/afc-aixi-vam-veure-lexposicio-de-claudia-andujar\/#primaryimage"},"image":{"@id":"https:\/\/afc.cat\/es\/afc-aixi-vam-veure-lexposicio-de-claudia-andujar\/#primaryimage"},"thumbnailUrl":"https:\/\/afc.cat\/wp-content\/uploads\/2021\/05\/Claudia-Andujar-sala.jpg","datePublished":"2021-05-04T14:53:24+00:00","dateModified":"2021-12-13T18:03:48+00:00","author":{"@id":"https:\/\/afc.cat\/es\/#\/schema\/person\/2868ff3362c6c568af6bbef21aab18a6"},"breadcrumb":{"@id":"https:\/\/afc.cat\/es\/afc-aixi-vam-veure-lexposicio-de-claudia-andujar\/#breadcrumb"},"inLanguage":"es","potentialAction":[{"@type":"ReadAction","target":["https:\/\/afc.cat\/es\/afc-aixi-vam-veure-lexposicio-de-claudia-andujar\/"]}]},{"@type":"ImageObject","inLanguage":"es","@id":"https:\/\/afc.cat\/es\/afc-aixi-vam-veure-lexposicio-de-claudia-andujar\/#primaryimage","url":"https:\/\/afc.cat\/wp-content\/uploads\/2021\/05\/Claudia-Andujar-sala.jpg","contentUrl":"https:\/\/afc.cat\/wp-content\/uploads\/2021\/05\/Claudia-Andujar-sala.jpg","width":400,"height":300},{"@type":"BreadcrumbList","@id":"https:\/\/afc.cat\/es\/afc-aixi-vam-veure-lexposicio-de-claudia-andujar\/#breadcrumb","itemListElement":[{"@type":"ListItem","position":1,"name":"Inicio","item":"https:\/\/afc.cat\/es\/"},{"@type":"ListItem","position":2,"name":"AFC As\u00ed vimos la exposici\u00f3n de Claudia Andujar"}]},{"@type":"WebSite","@id":"https:\/\/afc.cat\/es\/#website","url":"https:\/\/afc.cat\/es\/","name":"Agrupaci\u00f3 Fotogr\u00e0fica de Catalunya","description":"Fomento y divulgaci\u00f3n de la fotograf\u00eda en todas sus variedades","potentialAction":[{"@type":"SearchAction","target":{"@type":"EntryPoint","urlTemplate":"https:\/\/afc.cat\/es\/?s={search_term_string}"},"query-input":{"@type":"PropertyValueSpecification","valueRequired":true,"valueName":"search_term_string"}}],"inLanguage":"es"},{"@type":"Person","@id":"https:\/\/afc.cat\/es\/#\/schema\/person\/2868ff3362c6c568af6bbef21aab18a6","name":"Albert Folch Naval\u00f3n","image":{"@type":"ImageObject","inLanguage":"es","@id":"https:\/\/secure.gravatar.com\/avatar\/d9af2c27458acd834a2ba71216b3c70b3d550f58587654086a7e7c13f9ffa40c?s=96&d=mm&r=g","url":"https:\/\/secure.gravatar.com\/avatar\/d9af2c27458acd834a2ba71216b3c70b3d550f58587654086a7e7c13f9ffa40c?s=96&d=mm&r=g","contentUrl":"https:\/\/secure.gravatar.com\/avatar\/d9af2c27458acd834a2ba71216b3c70b3d550f58587654086a7e7c13f9ffa40c?s=96&d=mm&r=g","caption":"Albert Folch Naval\u00f3n"},"url":"https:\/\/afc.cat\/es\/author\/albertf2021\/"}]}},"_links":{"self":[{"href":"https:\/\/afc.cat\/es\/wp-json\/wp\/v2\/posts\/21236","targetHints":{"allow":["GET"]}}],"collection":[{"href":"https:\/\/afc.cat\/es\/wp-json\/wp\/v2\/posts"}],"about":[{"href":"https:\/\/afc.cat\/es\/wp-json\/wp\/v2\/types\/post"}],"author":[{"embeddable":true,"href":"https:\/\/afc.cat\/es\/wp-json\/wp\/v2\/users\/33"}],"replies":[{"embeddable":true,"href":"https:\/\/afc.cat\/es\/wp-json\/wp\/v2\/comments?post=21236"}],"version-history":[{"count":22,"href":"https:\/\/afc.cat\/es\/wp-json\/wp\/v2\/posts\/21236\/revisions"}],"predecessor-version":[{"id":21288,"href":"https:\/\/afc.cat\/es\/wp-json\/wp\/v2\/posts\/21236\/revisions\/21288"}],"wp:featuredmedia":[{"embeddable":true,"href":"https:\/\/afc.cat\/es\/wp-json\/wp\/v2\/media\/21249"}],"wp:attachment":[{"href":"https:\/\/afc.cat\/es\/wp-json\/wp\/v2\/media?parent=21236"}],"wp:term":[{"taxonomy":"category","embeddable":true,"href":"https:\/\/afc.cat\/es\/wp-json\/wp\/v2\/categories?post=21236"},{"taxonomy":"post_tag","embeddable":true,"href":"https:\/\/afc.cat\/es\/wp-json\/wp\/v2\/tags?post=21236"}],"curies":[{"name":"wp","href":"https:\/\/api.w.org\/{rel}","templated":true}]}}