{"id":21575,"date":"2021-05-21T00:52:17","date_gmt":"2021-05-20T22:52:17","guid":{"rendered":"https:\/\/afc.cat\/?p=21575"},"modified":"2021-05-21T00:52:17","modified_gmt":"2021-05-20T22:52:17","slug":"i-jornada-los-hornos-de-aceite-de-enebro-de-riba-roja-debre-josep-blanch","status":"publish","type":"post","link":"https:\/\/afc.cat\/es\/i-jornada-los-hornos-de-aceite-de-enebro-de-riba-roja-debre-josep-blanch\/","title":{"rendered":"I Jornada: Los hornos de aceite de enebro de Riba-roja d\u2019Ebre \/ Josep Blanch"},"content":{"rendered":"<div class=\"fusion-fullwidth fullwidth-box fusion-builder-row-1 fusion-flex-container nonhundred-percent-fullwidth non-hundred-percent-height-scrolling\" style=\"background-color: rgba(255,255,255,0);background-position: center center;background-repeat: no-repeat;border-width: 0px 0px 0px 0px;border-color:#ffffff;border-style:solid;\" ><div class=\"fusion-builder-row fusion-row fusion-flex-align-items-flex-start\" style=\"max-width:1300px;margin-left: calc(-4% \/ 2 );margin-right: calc(-4% \/ 2 );\"><div class=\"fusion-layout-column fusion_builder_column fusion-builder-column-0 fusion_builder_column_1_1 1_1 fusion-flex-column\"><div class=\"fusion-column-wrapper fusion-flex-justify-content-flex-start fusion-content-layout-column\" style=\"background-position:left top;background-repeat:no-repeat;-webkit-background-size:cover;-moz-background-size:cover;-o-background-size:cover;background-size:cover;padding: 0px 0px 0px 0px;\"><div class=\"fusion-text fusion-text-1\"><h2>Una industria de 500 a\u00f1os con perspectiva de futuro<\/h2>\n<p>Una jornada para conocer la elaboraci\u00f3n del aceite de enebro.<\/p>\n<div class=\"video-shortcode\">\n<blockquote class=\"wp-embedded-content\" data-secret=\"ztkKAurb0s\">\n<p><a href=\"https:\/\/www.antropologia.cat\/event\/jornada-els-forns-doli-de-ginebre-de-riba-roja-debre-una-industria-de-500-anys-amb-perspectives-de-futur\/\">I JORNADA: Els forns d&#8217;oli de ginebre de Riba-roja d&#8217;Ebre: una ind\u00fastria de 500 anys amb perspectives de futur<\/a><\/p>\n<\/blockquote>\n<p><iframe class=\"wp-embedded-content\" sandbox=\"allow-scripts\" security=\"restricted\" style=\"position: absolute; clip: rect(1px, 1px, 1px, 1px);\" title=\"&#8220;I JORNADA: Els forns d&#8217;oli de ginebre de Riba-roja d&#8217;Ebre: una ind\u00fastria de 500 anys amb perspectives de futur&#8221; &#8212; Institut Catal\u00e0 d&#039;Antropologia\" src=\"https:\/\/www.antropologia.cat\/event\/jornada-els-forns-doli-de-ginebre-de-riba-roja-debre-una-industria-de-500-anys-amb-perspectives-de-futur\/embed\/#?secret=ztkKAurb0s\" data-secret=\"ztkKAurb0s\" width=\"600\" height=\"338\" frameborder=\"0\" marginwidth=\"0\" marginheight=\"0\" scrolling=\"no\"><\/iframe><\/div>\n<p>Conferencia con la participaci\u00f3n de nuestro compa\u00f1ero Josep Blanch, especialista en <strong>fotograf\u00eda de viajes y etnogr\u00e1fica<\/strong>. Miembro de <strong>Amigos de Riba-roja<\/strong>.<\/p>\n<p><strong>Fecha<\/strong><br \/>\n11\/06\/2021 de 9.30h\u00a0a 18.30h<\/p>\n<p><strong>Donde<\/strong><br \/>\nMuseu etnol\u00f2gic i de Cultures del M\u00f3n<\/p>\n<p>La actividad es gratuita con inscripci\u00f3n previa:<br \/>\n<a href=\"https:\/\/forms.gle\/DbQviU3kbbHnqird7\" target=\"_blank\" rel=\"noopener noreferrer\">Inscribirse<\/a><\/p>\n<p>Aforo limitado<br \/>\nActividad presencial y en streaming<\/p>\n<\/div><div class=\"fusion-separator fusion-no-medium-visibility fusion-full-width-sep\" style=\"align-self: center;margin-left: auto;margin-right: auto;margin-top:20px;margin-bottom:20px;width:100%;\"><div class=\"fusion-separator-border sep-single sep-solid\" style=\"border-color:#3ec0bf;border-top-width:2px;\"><\/div><\/div><div style=\"text-align:center;\"><span class=\" fusion-imageframe imageframe-none imageframe-1 hover-type-none\"><img decoding=\"async\" width=\"566\" height=\"800\" title=\"Cartell I Jornada Forns Olis de ginebre Cultura Viva\" src=\"https:\/\/afc.cat\/wp-content\/uploads\/2021\/05\/Cartell-I-Jornada-Forns-Olis-de-ginebre-Cultura-Viva-1.png\" alt class=\"img-responsive wp-image-21601\" srcset=\"https:\/\/afc.cat\/wp-content\/uploads\/2021\/05\/Cartell-I-Jornada-Forns-Olis-de-ginebre-Cultura-Viva-1-200x283.png 200w, https:\/\/afc.cat\/wp-content\/uploads\/2021\/05\/Cartell-I-Jornada-Forns-Olis-de-ginebre-Cultura-Viva-1-400x565.png 400w, https:\/\/afc.cat\/wp-content\/uploads\/2021\/05\/Cartell-I-Jornada-Forns-Olis-de-ginebre-Cultura-Viva-1.png 566w\" sizes=\"(max-width: 640px) 100vw, 566px\" \/><\/span><\/div><div class=\"fusion-text fusion-text-2\" style=\"font-size:13px;\"><p style=\"text-align: center;\">Cartel de la jornada<\/p>\n<\/div><\/div><style type=\"text\/css\">.fusion-body .fusion-builder-column-0{width:100% !important;margin-top : 0px;margin-bottom : 0px;}.fusion-builder-column-0 > .fusion-column-wrapper {padding-top : 0px !important;padding-right : 0px !important;margin-right : 2.56%;padding-bottom : 0px !important;padding-left : 0px !important;margin-left : 1.92%;}@media only screen and (max-width:1024px) {.fusion-body .fusion-builder-column-0{width:100% !important;}.fusion-builder-column-0 > .fusion-column-wrapper {margin-right : 2.56%;margin-left : 1.92%;}}@media only screen and (max-width:640px) {.fusion-body .fusion-builder-column-0{width:100% !important;}.fusion-builder-column-0 > .fusion-column-wrapper {margin-right : 1.92%;margin-left : 1.92%;}}<\/style><\/div><div class=\"fusion-layout-column fusion_builder_column fusion-builder-column-1 fusion_builder_column_1_3 1_3 fusion-flex-column\"><div class=\"fusion-column-wrapper fusion-flex-justify-content-flex-start fusion-content-layout-column\" style=\"background-position:left top;background-repeat:no-repeat;-webkit-background-size:cover;-moz-background-size:cover;-o-background-size:cover;background-size:cover;padding: 0px 0px 0px 0px;\"><\/div><style type=\"text\/css\">.fusion-body .fusion-builder-column-1{width:33.333333333333% !important;margin-top : 0px;margin-bottom : 0px;}.fusion-builder-column-1 > .fusion-column-wrapper {padding-top : 0px !important;padding-right : 0px !important;margin-right : 5.76%;padding-bottom : 0px !important;padding-left : 0px !important;margin-left : 3.84%;}@media only screen and (max-width:1024px) {.fusion-body .fusion-builder-column-1{width:33.333333333333% !important;}.fusion-builder-column-1 > .fusion-column-wrapper {margin-right : 5.76%;margin-left : 3.84%;}}@media only screen and (max-width:640px) {.fusion-body .fusion-builder-column-1{width:100% !important;}.fusion-builder-column-1 > .fusion-column-wrapper {margin-right : 1.92%;margin-left : 1.92%;}}<\/style><\/div><\/div><style type=\"text\/css\">.fusion-body .fusion-flex-container.fusion-builder-row-1{ padding-top : 0px;margin-top : 0px;padding-right : 0px;padding-bottom : 0px;margin-bottom : 0px;padding-left : 0px;}<\/style><\/div>\n","protected":false},"excerpt":{"rendered":"","protected":false},"author":33,"featured_media":21597,"comment_status":"open","ping_status":"open","sticky":false,"template":"","format":"standard","meta":{"_acf_changed":false,"footnotes":""},"categories":[36],"tags":[],"class_list":["post-21575","post","type-post","status-publish","format-standard","has-post-thumbnail","hentry","category-actos-culturales"],"acf":[],"yoast_head":"<!-- This site is optimized with the Yoast SEO plugin v27.5 - https:\/\/yoast.com\/product\/yoast-seo-wordpress\/ -->\n<title>I Jornada: Los hornos de aceite de enebro de Riba-roja d\u2019Ebre \/ Josep Blanch - Agrupaci\u00f3 Fotogr\u00e0fica de Catalunya<\/title>\n<meta name=\"robots\" content=\"index, follow, max-snippet:-1, max-image-preview:large, max-video-preview:-1\" \/>\n<link rel=\"canonical\" href=\"https:\/\/afc.cat\/es\/i-jornada-los-hornos-de-aceite-de-enebro-de-riba-roja-debre-josep-blanch\/\" \/>\n<meta property=\"og:locale\" content=\"es_ES\" \/>\n<meta property=\"og:type\" content=\"article\" \/>\n<meta property=\"og:title\" content=\"I Jornada: Los hornos de aceite de enebro de Riba-roja d\u2019Ebre \/ Josep Blanch - Agrupaci\u00f3 Fotogr\u00e0fica de Catalunya\" \/>\n<meta property=\"og:url\" content=\"https:\/\/afc.cat\/es\/i-jornada-los-hornos-de-aceite-de-enebro-de-riba-roja-debre-josep-blanch\/\" \/>\n<meta property=\"og:site_name\" content=\"Agrupaci\u00f3 Fotogr\u00e0fica de Catalunya\" \/>\n<meta property=\"article:published_time\" content=\"2021-05-20T22:52:17+00:00\" \/>\n<meta property=\"og:image\" content=\"https:\/\/afc.cat\/wp-content\/uploads\/2021\/05\/Jornada-Forns-Olis-de-ginebre-Cultura-Viva.jpg\" \/>\n\t<meta property=\"og:image:width\" content=\"420\" \/>\n\t<meta property=\"og:image:height\" content=\"300\" \/>\n\t<meta property=\"og:image:type\" content=\"image\/jpeg\" \/>\n<meta name=\"author\" content=\"Albert Folch Naval\u00f3n\" \/>\n<meta name=\"twitter:card\" content=\"summary_large_image\" \/>\n<meta name=\"twitter:label1\" content=\"Escrito por\" \/>\n\t<meta name=\"twitter:data1\" content=\"Albert Folch Naval\u00f3n\" \/>\n\t<meta name=\"twitter:label2\" content=\"Tiempo de lectura\" \/>\n\t<meta name=\"twitter:data2\" content=\"2 minutos\" \/>\n<script type=\"application\/ld+json\" class=\"yoast-schema-graph\">{\"@context\":\"https:\\\/\\\/schema.org\",\"@graph\":[{\"@type\":\"Article\",\"@id\":\"https:\\\/\\\/afc.cat\\\/es\\\/i-jornada-los-hornos-de-aceite-de-enebro-de-riba-roja-debre-josep-blanch\\\/#article\",\"isPartOf\":{\"@id\":\"https:\\\/\\\/afc.cat\\\/es\\\/i-jornada-los-hornos-de-aceite-de-enebro-de-riba-roja-debre-josep-blanch\\\/\"},\"author\":{\"name\":\"Albert Folch Naval\u00f3n\",\"@id\":\"https:\\\/\\\/afc.cat\\\/es\\\/#\\\/schema\\\/person\\\/2868ff3362c6c568af6bbef21aab18a6\"},\"headline\":\"I Jornada: Los hornos de aceite de enebro de Riba-roja d\u2019Ebre \\\/ Josep Blanch\",\"datePublished\":\"2021-05-20T22:52:17+00:00\",\"mainEntityOfPage\":{\"@id\":\"https:\\\/\\\/afc.cat\\\/es\\\/i-jornada-los-hornos-de-aceite-de-enebro-de-riba-roja-debre-josep-blanch\\\/\"},\"wordCount\":645,\"commentCount\":0,\"image\":{\"@id\":\"https:\\\/\\\/afc.cat\\\/es\\\/i-jornada-los-hornos-de-aceite-de-enebro-de-riba-roja-debre-josep-blanch\\\/#primaryimage\"},\"thumbnailUrl\":\"https:\\\/\\\/afc.cat\\\/wp-content\\\/uploads\\\/2021\\\/05\\\/Jornada-Forns-Olis-de-ginebre-Cultura-Viva.jpg\",\"articleSection\":[\"Actos Culturales\"],\"inLanguage\":\"es\",\"potentialAction\":[{\"@type\":\"CommentAction\",\"name\":\"Comment\",\"target\":[\"https:\\\/\\\/afc.cat\\\/es\\\/i-jornada-los-hornos-de-aceite-de-enebro-de-riba-roja-debre-josep-blanch\\\/#respond\"]}]},{\"@type\":\"WebPage\",\"@id\":\"https:\\\/\\\/afc.cat\\\/es\\\/i-jornada-los-hornos-de-aceite-de-enebro-de-riba-roja-debre-josep-blanch\\\/\",\"url\":\"https:\\\/\\\/afc.cat\\\/es\\\/i-jornada-los-hornos-de-aceite-de-enebro-de-riba-roja-debre-josep-blanch\\\/\",\"name\":\"I Jornada: Los hornos de aceite de enebro de Riba-roja d\u2019Ebre \\\/ Josep Blanch - Agrupaci\u00f3 Fotogr\u00e0fica de Catalunya\",\"isPartOf\":{\"@id\":\"https:\\\/\\\/afc.cat\\\/es\\\/#website\"},\"primaryImageOfPage\":{\"@id\":\"https:\\\/\\\/afc.cat\\\/es\\\/i-jornada-los-hornos-de-aceite-de-enebro-de-riba-roja-debre-josep-blanch\\\/#primaryimage\"},\"image\":{\"@id\":\"https:\\\/\\\/afc.cat\\\/es\\\/i-jornada-los-hornos-de-aceite-de-enebro-de-riba-roja-debre-josep-blanch\\\/#primaryimage\"},\"thumbnailUrl\":\"https:\\\/\\\/afc.cat\\\/wp-content\\\/uploads\\\/2021\\\/05\\\/Jornada-Forns-Olis-de-ginebre-Cultura-Viva.jpg\",\"datePublished\":\"2021-05-20T22:52:17+00:00\",\"author\":{\"@id\":\"https:\\\/\\\/afc.cat\\\/es\\\/#\\\/schema\\\/person\\\/2868ff3362c6c568af6bbef21aab18a6\"},\"breadcrumb\":{\"@id\":\"https:\\\/\\\/afc.cat\\\/es\\\/i-jornada-los-hornos-de-aceite-de-enebro-de-riba-roja-debre-josep-blanch\\\/#breadcrumb\"},\"inLanguage\":\"es\",\"potentialAction\":[{\"@type\":\"ReadAction\",\"target\":[\"https:\\\/\\\/afc.cat\\\/es\\\/i-jornada-los-hornos-de-aceite-de-enebro-de-riba-roja-debre-josep-blanch\\\/\"]}]},{\"@type\":\"ImageObject\",\"inLanguage\":\"es\",\"@id\":\"https:\\\/\\\/afc.cat\\\/es\\\/i-jornada-los-hornos-de-aceite-de-enebro-de-riba-roja-debre-josep-blanch\\\/#primaryimage\",\"url\":\"https:\\\/\\\/afc.cat\\\/wp-content\\\/uploads\\\/2021\\\/05\\\/Jornada-Forns-Olis-de-ginebre-Cultura-Viva.jpg\",\"contentUrl\":\"https:\\\/\\\/afc.cat\\\/wp-content\\\/uploads\\\/2021\\\/05\\\/Jornada-Forns-Olis-de-ginebre-Cultura-Viva.jpg\",\"width\":420,\"height\":300},{\"@type\":\"BreadcrumbList\",\"@id\":\"https:\\\/\\\/afc.cat\\\/es\\\/i-jornada-los-hornos-de-aceite-de-enebro-de-riba-roja-debre-josep-blanch\\\/#breadcrumb\",\"itemListElement\":[{\"@type\":\"ListItem\",\"position\":1,\"name\":\"Inicio\",\"item\":\"https:\\\/\\\/afc.cat\\\/es\\\/\"},{\"@type\":\"ListItem\",\"position\":2,\"name\":\"I Jornada: Los hornos de aceite de enebro de Riba-roja d\u2019Ebre \\\/ Josep Blanch\"}]},{\"@type\":\"WebSite\",\"@id\":\"https:\\\/\\\/afc.cat\\\/es\\\/#website\",\"url\":\"https:\\\/\\\/afc.cat\\\/es\\\/\",\"name\":\"Agrupaci\u00f3 Fotogr\u00e0fica de Catalunya\",\"description\":\"Fomento y divulgaci\u00f3n de la fotograf\u00eda en todas sus variedades\",\"potentialAction\":[{\"@type\":\"SearchAction\",\"target\":{\"@type\":\"EntryPoint\",\"urlTemplate\":\"https:\\\/\\\/afc.cat\\\/es\\\/?s={search_term_string}\"},\"query-input\":{\"@type\":\"PropertyValueSpecification\",\"valueRequired\":true,\"valueName\":\"search_term_string\"}}],\"inLanguage\":\"es\"},{\"@type\":\"Person\",\"@id\":\"https:\\\/\\\/afc.cat\\\/es\\\/#\\\/schema\\\/person\\\/2868ff3362c6c568af6bbef21aab18a6\",\"name\":\"Albert Folch Naval\u00f3n\",\"image\":{\"@type\":\"ImageObject\",\"inLanguage\":\"es\",\"@id\":\"https:\\\/\\\/secure.gravatar.com\\\/avatar\\\/d9af2c27458acd834a2ba71216b3c70b3d550f58587654086a7e7c13f9ffa40c?s=96&d=mm&r=g\",\"url\":\"https:\\\/\\\/secure.gravatar.com\\\/avatar\\\/d9af2c27458acd834a2ba71216b3c70b3d550f58587654086a7e7c13f9ffa40c?s=96&d=mm&r=g\",\"contentUrl\":\"https:\\\/\\\/secure.gravatar.com\\\/avatar\\\/d9af2c27458acd834a2ba71216b3c70b3d550f58587654086a7e7c13f9ffa40c?s=96&d=mm&r=g\",\"caption\":\"Albert Folch Naval\u00f3n\"},\"url\":\"https:\\\/\\\/afc.cat\\\/es\\\/author\\\/albertf2021\\\/\"}]}<\/script>\n<!-- \/ Yoast SEO plugin. -->","yoast_head_json":{"title":"I Jornada: Los hornos de aceite de enebro de Riba-roja d\u2019Ebre \/ Josep Blanch - Agrupaci\u00f3 Fotogr\u00e0fica de Catalunya","robots":{"index":"index","follow":"follow","max-snippet":"max-snippet:-1","max-image-preview":"max-image-preview:large","max-video-preview":"max-video-preview:-1"},"canonical":"https:\/\/afc.cat\/es\/i-jornada-los-hornos-de-aceite-de-enebro-de-riba-roja-debre-josep-blanch\/","og_locale":"es_ES","og_type":"article","og_title":"I Jornada: Los hornos de aceite de enebro de Riba-roja d\u2019Ebre \/ Josep Blanch - Agrupaci\u00f3 Fotogr\u00e0fica de Catalunya","og_url":"https:\/\/afc.cat\/es\/i-jornada-los-hornos-de-aceite-de-enebro-de-riba-roja-debre-josep-blanch\/","og_site_name":"Agrupaci\u00f3 Fotogr\u00e0fica de Catalunya","article_published_time":"2021-05-20T22:52:17+00:00","og_image":[{"width":420,"height":300,"url":"https:\/\/afc.cat\/wp-content\/uploads\/2021\/05\/Jornada-Forns-Olis-de-ginebre-Cultura-Viva.jpg","type":"image\/jpeg"}],"author":"Albert Folch Naval\u00f3n","twitter_card":"summary_large_image","twitter_misc":{"Escrito por":"Albert Folch Naval\u00f3n","Tiempo de lectura":"2 minutos"},"schema":{"@context":"https:\/\/schema.org","@graph":[{"@type":"Article","@id":"https:\/\/afc.cat\/es\/i-jornada-los-hornos-de-aceite-de-enebro-de-riba-roja-debre-josep-blanch\/#article","isPartOf":{"@id":"https:\/\/afc.cat\/es\/i-jornada-los-hornos-de-aceite-de-enebro-de-riba-roja-debre-josep-blanch\/"},"author":{"name":"Albert Folch Naval\u00f3n","@id":"https:\/\/afc.cat\/es\/#\/schema\/person\/2868ff3362c6c568af6bbef21aab18a6"},"headline":"I Jornada: Los hornos de aceite de enebro de Riba-roja d\u2019Ebre \/ Josep Blanch","datePublished":"2021-05-20T22:52:17+00:00","mainEntityOfPage":{"@id":"https:\/\/afc.cat\/es\/i-jornada-los-hornos-de-aceite-de-enebro-de-riba-roja-debre-josep-blanch\/"},"wordCount":645,"commentCount":0,"image":{"@id":"https:\/\/afc.cat\/es\/i-jornada-los-hornos-de-aceite-de-enebro-de-riba-roja-debre-josep-blanch\/#primaryimage"},"thumbnailUrl":"https:\/\/afc.cat\/wp-content\/uploads\/2021\/05\/Jornada-Forns-Olis-de-ginebre-Cultura-Viva.jpg","articleSection":["Actos Culturales"],"inLanguage":"es","potentialAction":[{"@type":"CommentAction","name":"Comment","target":["https:\/\/afc.cat\/es\/i-jornada-los-hornos-de-aceite-de-enebro-de-riba-roja-debre-josep-blanch\/#respond"]}]},{"@type":"WebPage","@id":"https:\/\/afc.cat\/es\/i-jornada-los-hornos-de-aceite-de-enebro-de-riba-roja-debre-josep-blanch\/","url":"https:\/\/afc.cat\/es\/i-jornada-los-hornos-de-aceite-de-enebro-de-riba-roja-debre-josep-blanch\/","name":"I Jornada: Los hornos de aceite de enebro de Riba-roja d\u2019Ebre \/ Josep Blanch - Agrupaci\u00f3 Fotogr\u00e0fica de Catalunya","isPartOf":{"@id":"https:\/\/afc.cat\/es\/#website"},"primaryImageOfPage":{"@id":"https:\/\/afc.cat\/es\/i-jornada-los-hornos-de-aceite-de-enebro-de-riba-roja-debre-josep-blanch\/#primaryimage"},"image":{"@id":"https:\/\/afc.cat\/es\/i-jornada-los-hornos-de-aceite-de-enebro-de-riba-roja-debre-josep-blanch\/#primaryimage"},"thumbnailUrl":"https:\/\/afc.cat\/wp-content\/uploads\/2021\/05\/Jornada-Forns-Olis-de-ginebre-Cultura-Viva.jpg","datePublished":"2021-05-20T22:52:17+00:00","author":{"@id":"https:\/\/afc.cat\/es\/#\/schema\/person\/2868ff3362c6c568af6bbef21aab18a6"},"breadcrumb":{"@id":"https:\/\/afc.cat\/es\/i-jornada-los-hornos-de-aceite-de-enebro-de-riba-roja-debre-josep-blanch\/#breadcrumb"},"inLanguage":"es","potentialAction":[{"@type":"ReadAction","target":["https:\/\/afc.cat\/es\/i-jornada-los-hornos-de-aceite-de-enebro-de-riba-roja-debre-josep-blanch\/"]}]},{"@type":"ImageObject","inLanguage":"es","@id":"https:\/\/afc.cat\/es\/i-jornada-los-hornos-de-aceite-de-enebro-de-riba-roja-debre-josep-blanch\/#primaryimage","url":"https:\/\/afc.cat\/wp-content\/uploads\/2021\/05\/Jornada-Forns-Olis-de-ginebre-Cultura-Viva.jpg","contentUrl":"https:\/\/afc.cat\/wp-content\/uploads\/2021\/05\/Jornada-Forns-Olis-de-ginebre-Cultura-Viva.jpg","width":420,"height":300},{"@type":"BreadcrumbList","@id":"https:\/\/afc.cat\/es\/i-jornada-los-hornos-de-aceite-de-enebro-de-riba-roja-debre-josep-blanch\/#breadcrumb","itemListElement":[{"@type":"ListItem","position":1,"name":"Inicio","item":"https:\/\/afc.cat\/es\/"},{"@type":"ListItem","position":2,"name":"I Jornada: Los hornos de aceite de enebro de Riba-roja d\u2019Ebre \/ Josep Blanch"}]},{"@type":"WebSite","@id":"https:\/\/afc.cat\/es\/#website","url":"https:\/\/afc.cat\/es\/","name":"Agrupaci\u00f3 Fotogr\u00e0fica de Catalunya","description":"Fomento y divulgaci\u00f3n de la fotograf\u00eda en todas sus variedades","potentialAction":[{"@type":"SearchAction","target":{"@type":"EntryPoint","urlTemplate":"https:\/\/afc.cat\/es\/?s={search_term_string}"},"query-input":{"@type":"PropertyValueSpecification","valueRequired":true,"valueName":"search_term_string"}}],"inLanguage":"es"},{"@type":"Person","@id":"https:\/\/afc.cat\/es\/#\/schema\/person\/2868ff3362c6c568af6bbef21aab18a6","name":"Albert Folch Naval\u00f3n","image":{"@type":"ImageObject","inLanguage":"es","@id":"https:\/\/secure.gravatar.com\/avatar\/d9af2c27458acd834a2ba71216b3c70b3d550f58587654086a7e7c13f9ffa40c?s=96&d=mm&r=g","url":"https:\/\/secure.gravatar.com\/avatar\/d9af2c27458acd834a2ba71216b3c70b3d550f58587654086a7e7c13f9ffa40c?s=96&d=mm&r=g","contentUrl":"https:\/\/secure.gravatar.com\/avatar\/d9af2c27458acd834a2ba71216b3c70b3d550f58587654086a7e7c13f9ffa40c?s=96&d=mm&r=g","caption":"Albert Folch Naval\u00f3n"},"url":"https:\/\/afc.cat\/es\/author\/albertf2021\/"}]}},"_links":{"self":[{"href":"https:\/\/afc.cat\/es\/wp-json\/wp\/v2\/posts\/21575","targetHints":{"allow":["GET"]}}],"collection":[{"href":"https:\/\/afc.cat\/es\/wp-json\/wp\/v2\/posts"}],"about":[{"href":"https:\/\/afc.cat\/es\/wp-json\/wp\/v2\/types\/post"}],"author":[{"embeddable":true,"href":"https:\/\/afc.cat\/es\/wp-json\/wp\/v2\/users\/33"}],"replies":[{"embeddable":true,"href":"https:\/\/afc.cat\/es\/wp-json\/wp\/v2\/comments?post=21575"}],"version-history":[{"count":7,"href":"https:\/\/afc.cat\/es\/wp-json\/wp\/v2\/posts\/21575\/revisions"}],"predecessor-version":[{"id":21611,"href":"https:\/\/afc.cat\/es\/wp-json\/wp\/v2\/posts\/21575\/revisions\/21611"}],"wp:featuredmedia":[{"embeddable":true,"href":"https:\/\/afc.cat\/es\/wp-json\/wp\/v2\/media\/21597"}],"wp:attachment":[{"href":"https:\/\/afc.cat\/es\/wp-json\/wp\/v2\/media?parent=21575"}],"wp:term":[{"taxonomy":"category","embeddable":true,"href":"https:\/\/afc.cat\/es\/wp-json\/wp\/v2\/categories?post=21575"},{"taxonomy":"post_tag","embeddable":true,"href":"https:\/\/afc.cat\/es\/wp-json\/wp\/v2\/tags?post=21575"}],"curies":[{"name":"wp","href":"https:\/\/api.w.org\/{rel}","templated":true}]}}