{"id":22240,"date":"2021-06-16T00:24:07","date_gmt":"2021-06-15T22:24:07","guid":{"rendered":"https:\/\/afc.cat\/?p=22240"},"modified":"2021-06-16T00:24:07","modified_gmt":"2021-06-15T22:24:07","slug":"exposicion-nature-in-slow-motion-societat-catalana-de-fotografs-de-natura","status":"publish","type":"post","link":"https:\/\/afc.cat\/es\/exposicion-nature-in-slow-motion-societat-catalana-de-fotografs-de-natura\/","title":{"rendered":"Exposici\u00f3n Nature in slow motion. Societat Catalana de Fotogr\u00e0fs de Natura"},"content":{"rendered":"<div class=\"fusion-fullwidth fullwidth-box fusion-builder-row-1 fusion-flex-container nonhundred-percent-fullwidth non-hundred-percent-height-scrolling\" style=\"background-color: rgba(255,255,255,0);background-position: center center;background-repeat: no-repeat;border-width: 0px 0px 0px 0px;border-color:#ffffff;border-style:solid;\" ><div class=\"fusion-builder-row fusion-row fusion-flex-align-items-flex-start\" style=\"max-width:1300px;margin-left: calc(-4% \/ 2 );margin-right: calc(-4% \/ 2 );\"><div class=\"fusion-layout-column fusion_builder_column fusion-builder-column-0 fusion_builder_column_1_1 1_1 fusion-flex-column\"><div class=\"fusion-column-wrapper fusion-flex-justify-content-flex-start fusion-content-layout-column\" style=\"background-position:left top;background-repeat:no-repeat;-webkit-background-size:cover;-moz-background-size:cover;-o-background-size:cover;background-size:cover;padding: 0px 0px 0px 0px;\"><div class=\"fusion-text fusion-text-1\"><h2>Naturaleza a c\u00e1mara lenta<\/h2>\n<h3>Inauguraci\u00f3n de la 4\u00aa muestra de la Sociedad Catalana de fotograf\u00eda de naturaleza.<\/h3>\n<p>Te informamos que el 30 de junio se inaugura la exposici\u00f3n fotogr\u00e1fica colectiva \u00ab<strong>NATURE IN SLOW MOTION<\/strong>\u00bb actividad de la Sociedad Catalana de Fot\u00f3grafos de Naturaleza y en la que participa nuestro compa\u00f1ero <strong>Josep Blanch.<\/strong><\/p>\n<p>La exposici\u00f3n se realizar\u00e1 en la sede del Instituto de Estudios Catalanes, Calle del Carmen, 47 de Barcelona.<\/p>\n<p>Inscripciones para la inauguraci\u00f3n: <a href=\"https:\/\/bit.ly\/3zkvUgz\">https:\/\/bit.ly\/3zkvUgz<\/a><\/p>\n<\/div><div ><span class=\" fusion-imageframe imageframe-none imageframe-1 hover-type-none\"><img decoding=\"async\" width=\"1024\" height=\"775\" title=\"image (1)\" src=\"https:\/\/afc.cat\/wp-content\/uploads\/2021\/06\/image-1-1024x775.png\" alt class=\"img-responsive wp-image-22236\" srcset=\"https:\/\/afc.cat\/wp-content\/uploads\/2021\/06\/image-1-200x151.png 200w, https:\/\/afc.cat\/wp-content\/uploads\/2021\/06\/image-1-400x303.png 400w, https:\/\/afc.cat\/wp-content\/uploads\/2021\/06\/image-1-600x454.png 600w, https:\/\/afc.cat\/wp-content\/uploads\/2021\/06\/image-1-800x605.png 800w, https:\/\/afc.cat\/wp-content\/uploads\/2021\/06\/image-1.png 1200w\" sizes=\"(max-width: 640px) 100vw, 1024px\" \/><\/span><\/div><\/div><style type=\"text\/css\">.fusion-body .fusion-builder-column-0{width:100% !important;margin-top : 0px;margin-bottom : 0px;}.fusion-builder-column-0 > .fusion-column-wrapper {padding-top : 0px !important;padding-right : 0px !important;margin-right : 2.56%;padding-bottom : 0px !important;padding-left : 0px !important;margin-left : 1.92%;}@media only screen and (max-width:1024px) {.fusion-body .fusion-builder-column-0{width:100% !important;}.fusion-builder-column-0 > .fusion-column-wrapper {margin-right : 2.56%;margin-left : 1.92%;}}@media only screen and (max-width:640px) {.fusion-body .fusion-builder-column-0{width:100% !important;}.fusion-builder-column-0 > .fusion-column-wrapper {margin-right : 1.92%;margin-left : 1.92%;}}<\/style><\/div><div class=\"fusion-layout-column fusion_builder_column fusion-builder-column-1 fusion_builder_column_1_3 1_3 fusion-flex-column\"><div class=\"fusion-column-wrapper fusion-flex-justify-content-flex-start fusion-content-layout-column\" style=\"background-position:left top;background-repeat:no-repeat;-webkit-background-size:cover;-moz-background-size:cover;-o-background-size:cover;background-size:cover;padding: 0px 0px 0px 0px;\"><div class=\"fusion-text fusion-text-2\" style=\"text-align:center;font-size:13px;color:#adadad;\"><p>Pie de foto<\/p>\n<\/div><\/div><style type=\"text\/css\">.fusion-body .fusion-builder-column-1{width:33.333333333333% !important;margin-top : 0px;margin-bottom : 0px;}.fusion-builder-column-1 > .fusion-column-wrapper {padding-top : 0px !important;padding-right : 0px !important;margin-right : 5.76%;padding-bottom : 0px !important;padding-left : 0px !important;margin-left : 3.84%;}@media only screen and (max-width:1024px) {.fusion-body .fusion-builder-column-1{width:33.333333333333% !important;}.fusion-builder-column-1 > .fusion-column-wrapper {margin-right : 5.76%;margin-left : 3.84%;}}@media only screen and (max-width:640px) {.fusion-body .fusion-builder-column-1{width:100% !important;}.fusion-builder-column-1 > .fusion-column-wrapper {margin-right : 1.92%;margin-left : 1.92%;}}<\/style><\/div><\/div><style type=\"text\/css\">.fusion-body .fusion-flex-container.fusion-builder-row-1{ padding-top : 0px;margin-top : 0px;padding-right : 0px;padding-bottom : 0px;margin-bottom : 0px;padding-left : 0px;}<\/style><\/div>\n","protected":false},"excerpt":{"rendered":"","protected":false},"author":33,"featured_media":22238,"comment_status":"open","ping_status":"open","sticky":false,"template":"","format":"standard","meta":{"_acf_changed":false,"footnotes":""},"categories":[55],"tags":[263],"class_list":["post-22240","post","type-post","status-publish","format-standard","has-post-thumbnail","hentry","category-exposiciones","tag-fotografia-de-naturaleza"],"acf":[],"yoast_head":"<!-- This site is optimized with the Yoast SEO plugin v27.2 - https:\/\/yoast.com\/product\/yoast-seo-wordpress\/ -->\n<title>Exposici\u00f3n Nature in slow motion. Societat Catalana de Fotogr\u00e0fs de Natura - Agrupaci\u00f3 Fotogr\u00e0fica de Catalunya<\/title>\n<meta name=\"robots\" content=\"index, follow, max-snippet:-1, max-image-preview:large, max-video-preview:-1\" \/>\n<link rel=\"canonical\" href=\"https:\/\/afc.cat\/es\/exposicion-nature-in-slow-motion-societat-catalana-de-fotografs-de-natura\/\" \/>\n<meta property=\"og:locale\" content=\"es_ES\" \/>\n<meta property=\"og:type\" content=\"article\" \/>\n<meta property=\"og:title\" content=\"Exposici\u00f3n Nature in slow motion. Societat Catalana de Fotogr\u00e0fs de Natura - Agrupaci\u00f3 Fotogr\u00e0fica de Catalunya\" \/>\n<meta property=\"og:url\" content=\"https:\/\/afc.cat\/es\/exposicion-nature-in-slow-motion-societat-catalana-de-fotografs-de-natura\/\" \/>\n<meta property=\"og:site_name\" content=\"Agrupaci\u00f3 Fotogr\u00e0fica de Catalunya\" \/>\n<meta property=\"article:published_time\" content=\"2021-06-15T22:24:07+00:00\" \/>\n<meta property=\"og:image\" content=\"https:\/\/afc.cat\/wp-content\/uploads\/2021\/06\/natura-a-camera-lenta-2.png\" \/>\n\t<meta property=\"og:image:width\" content=\"400\" \/>\n\t<meta property=\"og:image:height\" content=\"303\" \/>\n\t<meta property=\"og:image:type\" content=\"image\/png\" \/>\n<meta name=\"author\" content=\"Albert Folch Naval\u00f3n\" \/>\n<meta name=\"twitter:card\" content=\"summary_large_image\" \/>\n<meta name=\"twitter:label1\" content=\"Escrito por\" \/>\n\t<meta name=\"twitter:data1\" content=\"Albert Folch Naval\u00f3n\" \/>\n\t<meta name=\"twitter:label2\" content=\"Tiempo de lectura\" \/>\n\t<meta name=\"twitter:data2\" content=\"2 minutos\" \/>\n<script type=\"application\/ld+json\" class=\"yoast-schema-graph\">{\"@context\":\"https:\/\/schema.org\",\"@graph\":[{\"@type\":\"Article\",\"@id\":\"https:\/\/afc.cat\/es\/exposicion-nature-in-slow-motion-societat-catalana-de-fotografs-de-natura\/#article\",\"isPartOf\":{\"@id\":\"https:\/\/afc.cat\/es\/exposicion-nature-in-slow-motion-societat-catalana-de-fotografs-de-natura\/\"},\"author\":{\"name\":\"Albert Folch Naval\u00f3n\",\"@id\":\"https:\/\/afc.cat\/es\/#\/schema\/person\/2868ff3362c6c568af6bbef21aab18a6\"},\"headline\":\"Exposici\u00f3n Nature in slow motion. Societat Catalana de Fotogr\u00e0fs de Natura\",\"datePublished\":\"2021-06-15T22:24:07+00:00\",\"mainEntityOfPage\":{\"@id\":\"https:\/\/afc.cat\/es\/exposicion-nature-in-slow-motion-societat-catalana-de-fotografs-de-natura\/\"},\"wordCount\":606,\"commentCount\":0,\"image\":{\"@id\":\"https:\/\/afc.cat\/es\/exposicion-nature-in-slow-motion-societat-catalana-de-fotografs-de-natura\/#primaryimage\"},\"thumbnailUrl\":\"https:\/\/afc.cat\/wp-content\/uploads\/2021\/06\/natura-a-camera-lenta-2.png\",\"keywords\":[\"Fotograf\u00eda de Naturaleza\"],\"articleSection\":[\"Exposiciones\"],\"inLanguage\":\"es\",\"potentialAction\":[{\"@type\":\"CommentAction\",\"name\":\"Comment\",\"target\":[\"https:\/\/afc.cat\/es\/exposicion-nature-in-slow-motion-societat-catalana-de-fotografs-de-natura\/#respond\"]}]},{\"@type\":\"WebPage\",\"@id\":\"https:\/\/afc.cat\/es\/exposicion-nature-in-slow-motion-societat-catalana-de-fotografs-de-natura\/\",\"url\":\"https:\/\/afc.cat\/es\/exposicion-nature-in-slow-motion-societat-catalana-de-fotografs-de-natura\/\",\"name\":\"Exposici\u00f3n Nature in slow motion. Societat Catalana de Fotogr\u00e0fs de Natura - Agrupaci\u00f3 Fotogr\u00e0fica de Catalunya\",\"isPartOf\":{\"@id\":\"https:\/\/afc.cat\/es\/#website\"},\"primaryImageOfPage\":{\"@id\":\"https:\/\/afc.cat\/es\/exposicion-nature-in-slow-motion-societat-catalana-de-fotografs-de-natura\/#primaryimage\"},\"image\":{\"@id\":\"https:\/\/afc.cat\/es\/exposicion-nature-in-slow-motion-societat-catalana-de-fotografs-de-natura\/#primaryimage\"},\"thumbnailUrl\":\"https:\/\/afc.cat\/wp-content\/uploads\/2021\/06\/natura-a-camera-lenta-2.png\",\"datePublished\":\"2021-06-15T22:24:07+00:00\",\"author\":{\"@id\":\"https:\/\/afc.cat\/es\/#\/schema\/person\/2868ff3362c6c568af6bbef21aab18a6\"},\"breadcrumb\":{\"@id\":\"https:\/\/afc.cat\/es\/exposicion-nature-in-slow-motion-societat-catalana-de-fotografs-de-natura\/#breadcrumb\"},\"inLanguage\":\"es\",\"potentialAction\":[{\"@type\":\"ReadAction\",\"target\":[\"https:\/\/afc.cat\/es\/exposicion-nature-in-slow-motion-societat-catalana-de-fotografs-de-natura\/\"]}]},{\"@type\":\"ImageObject\",\"inLanguage\":\"es\",\"@id\":\"https:\/\/afc.cat\/es\/exposicion-nature-in-slow-motion-societat-catalana-de-fotografs-de-natura\/#primaryimage\",\"url\":\"https:\/\/afc.cat\/wp-content\/uploads\/2021\/06\/natura-a-camera-lenta-2.png\",\"contentUrl\":\"https:\/\/afc.cat\/wp-content\/uploads\/2021\/06\/natura-a-camera-lenta-2.png\",\"width\":400,\"height\":303},{\"@type\":\"BreadcrumbList\",\"@id\":\"https:\/\/afc.cat\/es\/exposicion-nature-in-slow-motion-societat-catalana-de-fotografs-de-natura\/#breadcrumb\",\"itemListElement\":[{\"@type\":\"ListItem\",\"position\":1,\"name\":\"Inicio\",\"item\":\"https:\/\/afc.cat\/es\/\"},{\"@type\":\"ListItem\",\"position\":2,\"name\":\"Exposici\u00f3n Nature in slow motion. Societat Catalana de Fotogr\u00e0fs de Natura\"}]},{\"@type\":\"WebSite\",\"@id\":\"https:\/\/afc.cat\/es\/#website\",\"url\":\"https:\/\/afc.cat\/es\/\",\"name\":\"Agrupaci\u00f3 Fotogr\u00e0fica de Catalunya\",\"description\":\"Fomento y divulgaci\u00f3n de la fotograf\u00eda en todas sus variedades\",\"potentialAction\":[{\"@type\":\"SearchAction\",\"target\":{\"@type\":\"EntryPoint\",\"urlTemplate\":\"https:\/\/afc.cat\/es\/?s={search_term_string}\"},\"query-input\":{\"@type\":\"PropertyValueSpecification\",\"valueRequired\":true,\"valueName\":\"search_term_string\"}}],\"inLanguage\":\"es\"},{\"@type\":\"Person\",\"@id\":\"https:\/\/afc.cat\/es\/#\/schema\/person\/2868ff3362c6c568af6bbef21aab18a6\",\"name\":\"Albert Folch Naval\u00f3n\",\"image\":{\"@type\":\"ImageObject\",\"inLanguage\":\"es\",\"@id\":\"https:\/\/secure.gravatar.com\/avatar\/d9af2c27458acd834a2ba71216b3c70b3d550f58587654086a7e7c13f9ffa40c?s=96&d=mm&r=g\",\"url\":\"https:\/\/secure.gravatar.com\/avatar\/d9af2c27458acd834a2ba71216b3c70b3d550f58587654086a7e7c13f9ffa40c?s=96&d=mm&r=g\",\"contentUrl\":\"https:\/\/secure.gravatar.com\/avatar\/d9af2c27458acd834a2ba71216b3c70b3d550f58587654086a7e7c13f9ffa40c?s=96&d=mm&r=g\",\"caption\":\"Albert Folch Naval\u00f3n\"},\"url\":\"https:\/\/afc.cat\/es\/author\/albertf2021\/\"}]}<\/script>\n<!-- \/ Yoast SEO plugin. -->","yoast_head_json":{"title":"Exposici\u00f3n Nature in slow motion. Societat Catalana de Fotogr\u00e0fs de Natura - Agrupaci\u00f3 Fotogr\u00e0fica de Catalunya","robots":{"index":"index","follow":"follow","max-snippet":"max-snippet:-1","max-image-preview":"max-image-preview:large","max-video-preview":"max-video-preview:-1"},"canonical":"https:\/\/afc.cat\/es\/exposicion-nature-in-slow-motion-societat-catalana-de-fotografs-de-natura\/","og_locale":"es_ES","og_type":"article","og_title":"Exposici\u00f3n Nature in slow motion. Societat Catalana de Fotogr\u00e0fs de Natura - Agrupaci\u00f3 Fotogr\u00e0fica de Catalunya","og_url":"https:\/\/afc.cat\/es\/exposicion-nature-in-slow-motion-societat-catalana-de-fotografs-de-natura\/","og_site_name":"Agrupaci\u00f3 Fotogr\u00e0fica de Catalunya","article_published_time":"2021-06-15T22:24:07+00:00","og_image":[{"width":400,"height":303,"url":"https:\/\/afc.cat\/wp-content\/uploads\/2021\/06\/natura-a-camera-lenta-2.png","type":"image\/png"}],"author":"Albert Folch Naval\u00f3n","twitter_card":"summary_large_image","twitter_misc":{"Escrito por":"Albert Folch Naval\u00f3n","Tiempo de lectura":"2 minutos"},"schema":{"@context":"https:\/\/schema.org","@graph":[{"@type":"Article","@id":"https:\/\/afc.cat\/es\/exposicion-nature-in-slow-motion-societat-catalana-de-fotografs-de-natura\/#article","isPartOf":{"@id":"https:\/\/afc.cat\/es\/exposicion-nature-in-slow-motion-societat-catalana-de-fotografs-de-natura\/"},"author":{"name":"Albert Folch Naval\u00f3n","@id":"https:\/\/afc.cat\/es\/#\/schema\/person\/2868ff3362c6c568af6bbef21aab18a6"},"headline":"Exposici\u00f3n Nature in slow motion. Societat Catalana de Fotogr\u00e0fs de Natura","datePublished":"2021-06-15T22:24:07+00:00","mainEntityOfPage":{"@id":"https:\/\/afc.cat\/es\/exposicion-nature-in-slow-motion-societat-catalana-de-fotografs-de-natura\/"},"wordCount":606,"commentCount":0,"image":{"@id":"https:\/\/afc.cat\/es\/exposicion-nature-in-slow-motion-societat-catalana-de-fotografs-de-natura\/#primaryimage"},"thumbnailUrl":"https:\/\/afc.cat\/wp-content\/uploads\/2021\/06\/natura-a-camera-lenta-2.png","keywords":["Fotograf\u00eda de Naturaleza"],"articleSection":["Exposiciones"],"inLanguage":"es","potentialAction":[{"@type":"CommentAction","name":"Comment","target":["https:\/\/afc.cat\/es\/exposicion-nature-in-slow-motion-societat-catalana-de-fotografs-de-natura\/#respond"]}]},{"@type":"WebPage","@id":"https:\/\/afc.cat\/es\/exposicion-nature-in-slow-motion-societat-catalana-de-fotografs-de-natura\/","url":"https:\/\/afc.cat\/es\/exposicion-nature-in-slow-motion-societat-catalana-de-fotografs-de-natura\/","name":"Exposici\u00f3n Nature in slow motion. Societat Catalana de Fotogr\u00e0fs de Natura - Agrupaci\u00f3 Fotogr\u00e0fica de Catalunya","isPartOf":{"@id":"https:\/\/afc.cat\/es\/#website"},"primaryImageOfPage":{"@id":"https:\/\/afc.cat\/es\/exposicion-nature-in-slow-motion-societat-catalana-de-fotografs-de-natura\/#primaryimage"},"image":{"@id":"https:\/\/afc.cat\/es\/exposicion-nature-in-slow-motion-societat-catalana-de-fotografs-de-natura\/#primaryimage"},"thumbnailUrl":"https:\/\/afc.cat\/wp-content\/uploads\/2021\/06\/natura-a-camera-lenta-2.png","datePublished":"2021-06-15T22:24:07+00:00","author":{"@id":"https:\/\/afc.cat\/es\/#\/schema\/person\/2868ff3362c6c568af6bbef21aab18a6"},"breadcrumb":{"@id":"https:\/\/afc.cat\/es\/exposicion-nature-in-slow-motion-societat-catalana-de-fotografs-de-natura\/#breadcrumb"},"inLanguage":"es","potentialAction":[{"@type":"ReadAction","target":["https:\/\/afc.cat\/es\/exposicion-nature-in-slow-motion-societat-catalana-de-fotografs-de-natura\/"]}]},{"@type":"ImageObject","inLanguage":"es","@id":"https:\/\/afc.cat\/es\/exposicion-nature-in-slow-motion-societat-catalana-de-fotografs-de-natura\/#primaryimage","url":"https:\/\/afc.cat\/wp-content\/uploads\/2021\/06\/natura-a-camera-lenta-2.png","contentUrl":"https:\/\/afc.cat\/wp-content\/uploads\/2021\/06\/natura-a-camera-lenta-2.png","width":400,"height":303},{"@type":"BreadcrumbList","@id":"https:\/\/afc.cat\/es\/exposicion-nature-in-slow-motion-societat-catalana-de-fotografs-de-natura\/#breadcrumb","itemListElement":[{"@type":"ListItem","position":1,"name":"Inicio","item":"https:\/\/afc.cat\/es\/"},{"@type":"ListItem","position":2,"name":"Exposici\u00f3n Nature in slow motion. Societat Catalana de Fotogr\u00e0fs de Natura"}]},{"@type":"WebSite","@id":"https:\/\/afc.cat\/es\/#website","url":"https:\/\/afc.cat\/es\/","name":"Agrupaci\u00f3 Fotogr\u00e0fica de Catalunya","description":"Fomento y divulgaci\u00f3n de la fotograf\u00eda en todas sus variedades","potentialAction":[{"@type":"SearchAction","target":{"@type":"EntryPoint","urlTemplate":"https:\/\/afc.cat\/es\/?s={search_term_string}"},"query-input":{"@type":"PropertyValueSpecification","valueRequired":true,"valueName":"search_term_string"}}],"inLanguage":"es"},{"@type":"Person","@id":"https:\/\/afc.cat\/es\/#\/schema\/person\/2868ff3362c6c568af6bbef21aab18a6","name":"Albert Folch Naval\u00f3n","image":{"@type":"ImageObject","inLanguage":"es","@id":"https:\/\/secure.gravatar.com\/avatar\/d9af2c27458acd834a2ba71216b3c70b3d550f58587654086a7e7c13f9ffa40c?s=96&d=mm&r=g","url":"https:\/\/secure.gravatar.com\/avatar\/d9af2c27458acd834a2ba71216b3c70b3d550f58587654086a7e7c13f9ffa40c?s=96&d=mm&r=g","contentUrl":"https:\/\/secure.gravatar.com\/avatar\/d9af2c27458acd834a2ba71216b3c70b3d550f58587654086a7e7c13f9ffa40c?s=96&d=mm&r=g","caption":"Albert Folch Naval\u00f3n"},"url":"https:\/\/afc.cat\/es\/author\/albertf2021\/"}]}},"_links":{"self":[{"href":"https:\/\/afc.cat\/es\/wp-json\/wp\/v2\/posts\/22240","targetHints":{"allow":["GET"]}}],"collection":[{"href":"https:\/\/afc.cat\/es\/wp-json\/wp\/v2\/posts"}],"about":[{"href":"https:\/\/afc.cat\/es\/wp-json\/wp\/v2\/types\/post"}],"author":[{"embeddable":true,"href":"https:\/\/afc.cat\/es\/wp-json\/wp\/v2\/users\/33"}],"replies":[{"embeddable":true,"href":"https:\/\/afc.cat\/es\/wp-json\/wp\/v2\/comments?post=22240"}],"version-history":[{"count":1,"href":"https:\/\/afc.cat\/es\/wp-json\/wp\/v2\/posts\/22240\/revisions"}],"predecessor-version":[{"id":22241,"href":"https:\/\/afc.cat\/es\/wp-json\/wp\/v2\/posts\/22240\/revisions\/22241"}],"wp:featuredmedia":[{"embeddable":true,"href":"https:\/\/afc.cat\/es\/wp-json\/wp\/v2\/media\/22238"}],"wp:attachment":[{"href":"https:\/\/afc.cat\/es\/wp-json\/wp\/v2\/media?parent=22240"}],"wp:term":[{"taxonomy":"category","embeddable":true,"href":"https:\/\/afc.cat\/es\/wp-json\/wp\/v2\/categories?post=22240"},{"taxonomy":"post_tag","embeddable":true,"href":"https:\/\/afc.cat\/es\/wp-json\/wp\/v2\/tags?post=22240"}],"curies":[{"name":"wp","href":"https:\/\/api.w.org\/{rel}","templated":true}]}}