{"id":22585,"date":"2021-07-06T18:31:02","date_gmt":"2021-07-06T16:31:02","guid":{"rendered":"https:\/\/afc.cat\/?p=22585"},"modified":"2021-12-13T20:02:07","modified_gmt":"2021-12-13T18:02:07","slug":"13-05-2021-resena-visita-expo-joaquin-tusquets-museu-maritim-de-barcelona","status":"publish","type":"post","link":"https:\/\/afc.cat\/es\/13-05-2021-resena-visita-expo-joaquin-tusquets-museu-maritim-de-barcelona\/","title":{"rendered":"13\/05\/2021: RESE\u00d1A VISITA EXPO JOAQU\u00cdN TUSQUETS. MUSEU MAR\u00cdTIM DE BARCELONA"},"content":{"rendered":"<p><div class=\"fusion-fullwidth fullwidth-box fusion-builder-row-1 fusion-flex-container nonhundred-percent-fullwidth non-hundred-percent-height-scrolling\" style=\"background-color: rgba(255,255,255,0);background-position: center center;background-repeat: no-repeat;border-width: 0px 0px 0px 0px;border-color:#ffffff;border-style:solid;\" ><div class=\"fusion-builder-row fusion-row fusion-flex-align-items-flex-start\" style=\"max-width:1300px;margin-left: calc(-4% \/ 2 );margin-right: calc(-4% \/ 2 );\"><div class=\"fusion-layout-column fusion_builder_column fusion-builder-column-0 fusion_builder_column_2_3 2_3 fusion-flex-column\"><div class=\"fusion-column-wrapper fusion-flex-justify-content-flex-start fusion-content-layout-column\" style=\"background-position:left top;background-repeat:no-repeat;-webkit-background-size:cover;-moz-background-size:cover;-o-background-size:cover;background-size:cover;padding: 0px 0px 0px 0px;\"><div class=\"fusion-text fusion-text-1\"><h2>IM\u00c1GENES ENCONTRADAS. LA BARCELONA MAR\u00cdTIMA DE LA POSGUERRA<\/h2>\n<p>El pasado 13 de mayo de 2021 un grupo de 12 socias y socios del AFC visitamos la exposici\u00f3n de las fotograf\u00edas adquiridas por el Museo Mar\u00edtimo de Barcelona en las cuales el fot\u00f3grafo Joaqu\u00edn Tusquets de Cabirol retrat\u00f3 con gran acierto la Barcelona de la postguerra y en especial el entorno del puerto de Barcelona. Las fotograf\u00edas est\u00e1n fechadas entre los a\u00f1os 1940 y 1959. La exposici\u00f3n muestra la Barcelona portuaria de posguerra. Los d\u00edas festivos Joaqu\u00edn Tusquets baja al puerto con asiduos en la faceta m\u00e1s amable del puerto, huyendo del retrato sobre los estragos de una guerra durante la cual el puerto hab\u00eda sufrido bombardeos constantes. La reconstrucci\u00f3n de almacenes y muelles, o la recuperaci\u00f3n de barcos hundidos no son temas que quiera tratar. El pasado no inspira el arte. Tusquets observa con sorpresa el trasiego de veleros y como andan por los muelles barceloneses que, como \u00e9l, se acercan al lado del mar para respirar aire puro en unos escenarios abiertos a un futuro m\u00e1s esperanzador.<\/p>\n<p>Por medio de las im\u00e1genes de Tusquets, entramos en una etapa caracterizada por el estancamiento econ\u00f3mico del puerto (entre las d\u00e9cadas de los a\u00f1os cuarenta y cincuenta), despu\u00e9s de una guerra que hab\u00eda parado las inversiones en obras b\u00e1sicas e instalaciones. A partir de los a\u00f1os sesenta, con la apertura de la econom\u00eda del Estado espa\u00f1ol al exterior, el puerto entr\u00f3 en una etapa de gran crecimiento.<\/p>\n<p>Pudimos visitar las salas llenas de buenas y sensibles fotograf\u00edas, mientras Silvia Dahl nos daba todo tipo de explicaciones, tanto del fondo como de las mismas fotos.<\/p>\n<\/div><\/div><style type=\"text\/css\">.fusion-body .fusion-builder-column-0{width:66.666666666667% !important;margin-top : 0px;margin-bottom : 0px;}.fusion-builder-column-0 > .fusion-column-wrapper {padding-top : 0px !important;padding-right : 0px !important;margin-right : 3.84%;padding-bottom : 0px !important;padding-left : 0px !important;margin-left : 2.88%;}@media only screen and (max-width:1024px) {.fusion-body .fusion-builder-column-0{width:66.666666666667% !important;}.fusion-builder-column-0 > .fusion-column-wrapper {margin-right : 3.84%;margin-left : 2.88%;}}@media only screen and (max-width:640px) {.fusion-body .fusion-builder-column-0{width:100% !important;}.fusion-builder-column-0 > .fusion-column-wrapper {margin-right : 1.92%;margin-left : 1.92%;}}<\/style><\/div><div class=\"fusion-layout-column fusion_builder_column fusion-builder-column-1 fusion_builder_column_1_3 1_3 fusion-flex-column\"><div class=\"fusion-column-wrapper fusion-flex-justify-content-flex-start fusion-content-layout-column\" style=\"background-position:left top;background-repeat:no-repeat;-webkit-background-size:cover;-moz-background-size:cover;-o-background-size:cover;background-size:cover;padding: 0px 0px 0px 0px;\"><div ><span class=\" fusion-imageframe imageframe-none imageframe-1 hover-type-none\"><img decoding=\"async\" width=\"1024\" height=\"731\" title=\"Carles Punyet Museu Maritim\" src=\"https:\/\/afc.cat\/wp-content\/uploads\/2021\/07\/Carles-Punyet-Museu-Maritim.jpg\" alt class=\"img-responsive wp-image-22571\" srcset=\"https:\/\/afc.cat\/wp-content\/uploads\/2021\/07\/Carles-Punyet-Museu-Maritim-200x143.jpg 200w, https:\/\/afc.cat\/wp-content\/uploads\/2021\/07\/Carles-Punyet-Museu-Maritim-400x286.jpg 400w, https:\/\/afc.cat\/wp-content\/uploads\/2021\/07\/Carles-Punyet-Museu-Maritim-600x428.jpg 600w, https:\/\/afc.cat\/wp-content\/uploads\/2021\/07\/Carles-Punyet-Museu-Maritim-800x571.jpg 800w, https:\/\/afc.cat\/wp-content\/uploads\/2021\/07\/Carles-Punyet-Museu-Maritim.jpg 1024w\" sizes=\"(max-width: 640px) 100vw, 400px\" \/><\/span><\/div><div class=\"fusion-text fusion-text-2\" style=\"text-align:center;font-size:13px;color:#adadad;\"><p>Foto: Carles Punyet<\/p>\n<\/div><\/div><style type=\"text\/css\">.fusion-body .fusion-builder-column-1{width:33.333333333333% !important;margin-top : 0px;margin-bottom : 0px;}.fusion-builder-column-1 > .fusion-column-wrapper {padding-top : 0px !important;padding-right : 0px !important;margin-right : 5.76%;padding-bottom : 0px !important;padding-left : 0px !important;margin-left : 3.84%;}@media only screen and (max-width:1024px) {.fusion-body .fusion-builder-column-1{width:33.333333333333% !important;}.fusion-builder-column-1 > .fusion-column-wrapper {margin-right : 5.76%;margin-left : 3.84%;}}@media only screen and (max-width:640px) {.fusion-body .fusion-builder-column-1{width:100% !important;}.fusion-builder-column-1 > .fusion-column-wrapper {margin-right : 1.92%;margin-left : 1.92%;}}<\/style><\/div><\/div><style type=\"text\/css\">.fusion-body .fusion-flex-container.fusion-builder-row-1{ padding-top : 0px;margin-top : 0px;padding-right : 0px;padding-bottom : 0px;margin-bottom : 0px;padding-left : 0px;}<\/style><\/div><div class=\"fusion-fullwidth fullwidth-box fusion-builder-row-2 fusion-flex-container nonhundred-percent-fullwidth non-hundred-percent-height-scrolling\" style=\"background-color: rgba(255,255,255,0);background-position: center center;background-repeat: no-repeat;border-width: 0px 0px 0px 0px;border-color:#ffffff;border-style:solid;\" ><div class=\"fusion-builder-row fusion-row fusion-flex-align-items-flex-start\" style=\"max-width:1300px;margin-left: calc(-4% \/ 2 );margin-right: calc(-4% \/ 2 );\"><div class=\"fusion-layout-column fusion_builder_column fusion-builder-column-2 fusion_builder_column_1_1 1_1 fusion-flex-column\"><div class=\"fusion-column-wrapper fusion-flex-justify-content-flex-start fusion-content-layout-column\" style=\"background-position:left top;background-repeat:no-repeat;-webkit-background-size:cover;-moz-background-size:cover;-o-background-size:cover;background-size:cover;padding: 0px 0px 0px 0px;\"><div class=\"fusion-separator fusion-full-width-sep\" style=\"align-self: center;margin-left: auto;margin-right: auto;margin-top:20px;margin-bottom:20px;width:100%;\"><div class=\"fusion-separator-border sep-single sep-solid\" style=\"border-color:#3ec0bf;border-top-width:2px;\"><\/div><\/div><style type=\"text\/css\">.fusion-gallery-1 .fusion-gallery-image {border:0px solid #e2e2e2;}<\/style><div class=\"fusion-gallery fusion-gallery-container fusion-grid-5 fusion-columns-total-5 fusion-gallery-layout-grid fusion-gallery-1\" style=\"margin:-5px;\"><div style=\"padding:5px;\" class=\"fusion-grid-column fusion-gallery-column fusion-gallery-column-5 hover-type-none\"><div class=\"fusion-gallery-image\"><a href=\"https:\/\/afc.cat\/wp-content\/uploads\/2021\/07\/Francesc-Soldevila-Museu-Maritim-1.jpg\" rel=\"noreferrer\" data-rel=\"iLightbox[gallery_image_1]\" class=\"fusion-lightbox\" target=\"_self\"><img decoding=\"async\" src=\"https:\/\/afc.cat\/wp-content\/uploads\/2021\/07\/Francesc-Soldevila-Museu-Maritim-1-320x202.jpg\" width=\"320\" height=\"202\" alt=\"\" title=\"Francesc Soldevila Museu Maritim 1\" aria-label=\"Francesc Soldevila Museu Maritim 1\" class=\"img-responsive wp-image-22573 fusion-gallery-image-size-fixed\" srcset=\"https:\/\/afc.cat\/wp-content\/uploads\/2021\/07\/Francesc-Soldevila-Museu-Maritim-1-320x202.jpg 320w, https:\/\/afc.cat\/wp-content\/uploads\/2021\/07\/Francesc-Soldevila-Museu-Maritim-1-700x441.jpg 700w\" sizes=\"(max-width: 320px) 100vw, 320px\" \/><\/a><\/div><\/div><div style=\"padding:5px;\" class=\"fusion-grid-column fusion-gallery-column fusion-gallery-column-5 hover-type-none\"><div class=\"fusion-gallery-image\"><a href=\"https:\/\/afc.cat\/wp-content\/uploads\/2021\/07\/Francesc-Soldevila-Museu-Maritim-2.jpg\" rel=\"noreferrer\" data-rel=\"iLightbox[gallery_image_1]\" class=\"fusion-lightbox\" target=\"_self\"><img decoding=\"async\" src=\"https:\/\/afc.cat\/wp-content\/uploads\/2021\/07\/Francesc-Soldevila-Museu-Maritim-2-320x202.jpg\" width=\"320\" height=\"202\" alt=\"\" title=\"Francesc Soldevila Museu Maritim 2\" aria-label=\"Francesc Soldevila Museu Maritim 2\" class=\"img-responsive wp-image-22575 fusion-gallery-image-size-fixed\" srcset=\"https:\/\/afc.cat\/wp-content\/uploads\/2021\/07\/Francesc-Soldevila-Museu-Maritim-2-320x202.jpg 320w, https:\/\/afc.cat\/wp-content\/uploads\/2021\/07\/Francesc-Soldevila-Museu-Maritim-2-700x441.jpg 700w\" sizes=\"(max-width: 320px) 100vw, 320px\" \/><\/a><\/div><\/div><div style=\"padding:5px;\" class=\"fusion-grid-column fusion-gallery-column fusion-gallery-column-5 hover-type-none\"><div class=\"fusion-gallery-image\"><a href=\"https:\/\/afc.cat\/wp-content\/uploads\/2021\/07\/Francesc-Soldevila-Museu-Maritim-3.jpg\" rel=\"noreferrer\" data-rel=\"iLightbox[gallery_image_1]\" class=\"fusion-lightbox\" target=\"_self\"><img decoding=\"async\" src=\"https:\/\/afc.cat\/wp-content\/uploads\/2021\/07\/Francesc-Soldevila-Museu-Maritim-3-320x202.jpg\" width=\"320\" height=\"202\" alt=\"\" title=\"Francesc Soldevila Museu Maritim 3\" aria-label=\"Francesc Soldevila Museu Maritim 3\" class=\"img-responsive wp-image-22577 fusion-gallery-image-size-fixed\" srcset=\"https:\/\/afc.cat\/wp-content\/uploads\/2021\/07\/Francesc-Soldevila-Museu-Maritim-3-320x202.jpg 320w, https:\/\/afc.cat\/wp-content\/uploads\/2021\/07\/Francesc-Soldevila-Museu-Maritim-3-700x441.jpg 700w\" sizes=\"(max-width: 320px) 100vw, 320px\" \/><\/a><\/div><\/div><div style=\"padding:5px;\" class=\"fusion-grid-column fusion-gallery-column fusion-gallery-column-5 hover-type-none\"><div class=\"fusion-gallery-image\"><a href=\"https:\/\/afc.cat\/wp-content\/uploads\/2021\/07\/Francesc-Soldevila-Museu-Maritim-4.jpg\" rel=\"noreferrer\" data-rel=\"iLightbox[gallery_image_1]\" class=\"fusion-lightbox\" target=\"_self\"><img decoding=\"async\" src=\"https:\/\/afc.cat\/wp-content\/uploads\/2021\/07\/Francesc-Soldevila-Museu-Maritim-4-320x202.jpg\" width=\"320\" height=\"202\" alt=\"\" title=\"Francesc Soldevila Museu Maritim 4\" aria-label=\"Francesc Soldevila Museu Maritim 4\" class=\"img-responsive wp-image-22579 fusion-gallery-image-size-fixed\" srcset=\"https:\/\/afc.cat\/wp-content\/uploads\/2021\/07\/Francesc-Soldevila-Museu-Maritim-4-320x202.jpg 320w, https:\/\/afc.cat\/wp-content\/uploads\/2021\/07\/Francesc-Soldevila-Museu-Maritim-4-700x441.jpg 700w\" sizes=\"(max-width: 320px) 100vw, 320px\" \/><\/a><\/div><\/div><div style=\"padding:5px;\" class=\"fusion-grid-column fusion-gallery-column fusion-gallery-column-5 hover-type-none\"><div class=\"fusion-gallery-image\"><a href=\"https:\/\/afc.cat\/wp-content\/uploads\/2021\/07\/Francesc-Soldevila-Museu-Maritim-5.jpg\" rel=\"noreferrer\" data-rel=\"iLightbox[gallery_image_1]\" class=\"fusion-lightbox\" target=\"_self\"><img decoding=\"async\" src=\"https:\/\/afc.cat\/wp-content\/uploads\/2021\/07\/Francesc-Soldevila-Museu-Maritim-5-320x202.jpg\" width=\"320\" height=\"202\" alt=\"\" title=\"Francesc Soldevila Museu Maritim 5\" aria-label=\"Francesc Soldevila Museu Maritim 5\" class=\"img-responsive wp-image-22581 fusion-gallery-image-size-fixed\" srcset=\"https:\/\/afc.cat\/wp-content\/uploads\/2021\/07\/Francesc-Soldevila-Museu-Maritim-5-320x202.jpg 320w, https:\/\/afc.cat\/wp-content\/uploads\/2021\/07\/Francesc-Soldevila-Museu-Maritim-5-700x441.jpg 700w\" sizes=\"(max-width: 320px) 100vw, 320px\" \/><\/a><\/div><\/div><div class=\"clearfix\"><\/div><\/div><div class=\"fusion-text fusion-text-3\"><p>Fotos: Francesc Soldevila<\/p>\n<\/div><\/div><style type=\"text\/css\">.fusion-body .fusion-builder-column-2{width:100% !important;margin-top : 0px;margin-bottom : 20px;}.fusion-builder-column-2 > .fusion-column-wrapper {padding-top : 0px !important;padding-right : 0px !important;margin-right : 1.92%;padding-bottom : 0px !important;padding-left : 0px !important;margin-left : 1.92%;}@media only screen and (max-width:1024px) {.fusion-body .fusion-builder-column-2{width:100% !important;order : 0;}.fusion-builder-column-2 > .fusion-column-wrapper {margin-right : 1.92%;margin-left : 1.92%;}}@media only screen and (max-width:640px) {.fusion-body .fusion-builder-column-2{width:100% !important;order : 0;}.fusion-builder-column-2 > .fusion-column-wrapper {margin-right : 1.92%;margin-left : 1.92%;}}<\/style><\/div><\/div><style type=\"text\/css\">.fusion-body .fusion-flex-container.fusion-builder-row-2{ padding-top : 0px;margin-top : 0px;padding-right : 0px;padding-bottom : 0px;margin-bottom : 0px;padding-left : 0px;}<\/style><\/div><\/p>\n","protected":false},"excerpt":{"rendered":"","protected":false},"author":49,"featured_media":22571,"comment_status":"open","ping_status":"open","sticky":false,"template":"","format":"standard","meta":{"_acf_changed":false,"footnotes":""},"categories":[197],"tags":[],"class_list":["post-22585","post","type-post","status-publish","format-standard","has-post-thumbnail","hentry","category-salidas-exposiciones"],"acf":[],"yoast_head":"<!-- This site is optimized with the Yoast SEO plugin v27.5 - https:\/\/yoast.com\/product\/yoast-seo-wordpress\/ -->\n<title>13\/05\/2021: RESE\u00d1A VISITA EXPO JOAQU\u00cdN TUSQUETS. MUSEU MAR\u00cdTIM DE BARCELONA - Agrupaci\u00f3 Fotogr\u00e0fica de Catalunya<\/title>\n<meta name=\"robots\" content=\"index, follow, max-snippet:-1, max-image-preview:large, max-video-preview:-1\" \/>\n<link rel=\"canonical\" href=\"https:\/\/afc.cat\/es\/13-05-2021-resena-visita-expo-joaquin-tusquets-museu-maritim-de-barcelona\/\" \/>\n<meta property=\"og:locale\" content=\"es_ES\" \/>\n<meta property=\"og:type\" content=\"article\" \/>\n<meta property=\"og:title\" content=\"13\/05\/2021: RESE\u00d1A VISITA EXPO JOAQU\u00cdN TUSQUETS. MUSEU MAR\u00cdTIM DE BARCELONA - Agrupaci\u00f3 Fotogr\u00e0fica de Catalunya\" \/>\n<meta property=\"og:url\" content=\"https:\/\/afc.cat\/es\/13-05-2021-resena-visita-expo-joaquin-tusquets-museu-maritim-de-barcelona\/\" \/>\n<meta property=\"og:site_name\" content=\"Agrupaci\u00f3 Fotogr\u00e0fica de Catalunya\" \/>\n<meta property=\"article:published_time\" content=\"2021-07-06T16:31:02+00:00\" \/>\n<meta property=\"article:modified_time\" content=\"2021-12-13T18:02:07+00:00\" \/>\n<meta property=\"og:image\" content=\"https:\/\/afc.cat\/wp-content\/uploads\/2021\/07\/Carles-Punyet-Museu-Maritim.jpg\" \/>\n\t<meta property=\"og:image:width\" content=\"1024\" \/>\n\t<meta property=\"og:image:height\" content=\"731\" \/>\n\t<meta property=\"og:image:type\" content=\"image\/jpeg\" \/>\n<meta name=\"author\" content=\"Francesc Soldevila\" \/>\n<meta name=\"twitter:card\" content=\"summary_large_image\" \/>\n<meta name=\"twitter:label1\" content=\"Escrito por\" \/>\n\t<meta name=\"twitter:data1\" content=\"Francesc Soldevila\" \/>\n\t<meta name=\"twitter:label2\" content=\"Tiempo de lectura\" \/>\n\t<meta name=\"twitter:data2\" content=\"4 minutos\" \/>\n<script type=\"application\/ld+json\" class=\"yoast-schema-graph\">{\"@context\":\"https:\\\/\\\/schema.org\",\"@graph\":[{\"@type\":\"Article\",\"@id\":\"https:\\\/\\\/afc.cat\\\/es\\\/13-05-2021-resena-visita-expo-joaquin-tusquets-museu-maritim-de-barcelona\\\/#article\",\"isPartOf\":{\"@id\":\"https:\\\/\\\/afc.cat\\\/es\\\/13-05-2021-resena-visita-expo-joaquin-tusquets-museu-maritim-de-barcelona\\\/\"},\"author\":{\"name\":\"Francesc Soldevila\",\"@id\":\"https:\\\/\\\/afc.cat\\\/es\\\/#\\\/schema\\\/person\\\/c733dd519635198e56944a745f80f32e\"},\"headline\":\"13\\\/05\\\/2021: RESE\u00d1A VISITA EXPO JOAQU\u00cdN TUSQUETS. MUSEU MAR\u00cdTIM DE BARCELONA\",\"datePublished\":\"2021-07-06T16:31:02+00:00\",\"dateModified\":\"2021-12-13T18:02:07+00:00\",\"mainEntityOfPage\":{\"@id\":\"https:\\\/\\\/afc.cat\\\/es\\\/13-05-2021-resena-visita-expo-joaquin-tusquets-museu-maritim-de-barcelona\\\/\"},\"wordCount\":1568,\"commentCount\":0,\"image\":{\"@id\":\"https:\\\/\\\/afc.cat\\\/es\\\/13-05-2021-resena-visita-expo-joaquin-tusquets-museu-maritim-de-barcelona\\\/#primaryimage\"},\"thumbnailUrl\":\"https:\\\/\\\/afc.cat\\\/wp-content\\\/uploads\\\/2021\\\/07\\\/Carles-Punyet-Museu-Maritim.jpg\",\"articleSection\":[\"Salidas a exposiciones\"],\"inLanguage\":\"es\",\"potentialAction\":[{\"@type\":\"CommentAction\",\"name\":\"Comment\",\"target\":[\"https:\\\/\\\/afc.cat\\\/es\\\/13-05-2021-resena-visita-expo-joaquin-tusquets-museu-maritim-de-barcelona\\\/#respond\"]}]},{\"@type\":\"WebPage\",\"@id\":\"https:\\\/\\\/afc.cat\\\/es\\\/13-05-2021-resena-visita-expo-joaquin-tusquets-museu-maritim-de-barcelona\\\/\",\"url\":\"https:\\\/\\\/afc.cat\\\/es\\\/13-05-2021-resena-visita-expo-joaquin-tusquets-museu-maritim-de-barcelona\\\/\",\"name\":\"13\\\/05\\\/2021: RESE\u00d1A VISITA EXPO JOAQU\u00cdN TUSQUETS. MUSEU MAR\u00cdTIM DE BARCELONA - Agrupaci\u00f3 Fotogr\u00e0fica de Catalunya\",\"isPartOf\":{\"@id\":\"https:\\\/\\\/afc.cat\\\/es\\\/#website\"},\"primaryImageOfPage\":{\"@id\":\"https:\\\/\\\/afc.cat\\\/es\\\/13-05-2021-resena-visita-expo-joaquin-tusquets-museu-maritim-de-barcelona\\\/#primaryimage\"},\"image\":{\"@id\":\"https:\\\/\\\/afc.cat\\\/es\\\/13-05-2021-resena-visita-expo-joaquin-tusquets-museu-maritim-de-barcelona\\\/#primaryimage\"},\"thumbnailUrl\":\"https:\\\/\\\/afc.cat\\\/wp-content\\\/uploads\\\/2021\\\/07\\\/Carles-Punyet-Museu-Maritim.jpg\",\"datePublished\":\"2021-07-06T16:31:02+00:00\",\"dateModified\":\"2021-12-13T18:02:07+00:00\",\"author\":{\"@id\":\"https:\\\/\\\/afc.cat\\\/es\\\/#\\\/schema\\\/person\\\/c733dd519635198e56944a745f80f32e\"},\"breadcrumb\":{\"@id\":\"https:\\\/\\\/afc.cat\\\/es\\\/13-05-2021-resena-visita-expo-joaquin-tusquets-museu-maritim-de-barcelona\\\/#breadcrumb\"},\"inLanguage\":\"es\",\"potentialAction\":[{\"@type\":\"ReadAction\",\"target\":[\"https:\\\/\\\/afc.cat\\\/es\\\/13-05-2021-resena-visita-expo-joaquin-tusquets-museu-maritim-de-barcelona\\\/\"]}]},{\"@type\":\"ImageObject\",\"inLanguage\":\"es\",\"@id\":\"https:\\\/\\\/afc.cat\\\/es\\\/13-05-2021-resena-visita-expo-joaquin-tusquets-museu-maritim-de-barcelona\\\/#primaryimage\",\"url\":\"https:\\\/\\\/afc.cat\\\/wp-content\\\/uploads\\\/2021\\\/07\\\/Carles-Punyet-Museu-Maritim.jpg\",\"contentUrl\":\"https:\\\/\\\/afc.cat\\\/wp-content\\\/uploads\\\/2021\\\/07\\\/Carles-Punyet-Museu-Maritim.jpg\",\"width\":1024,\"height\":731},{\"@type\":\"BreadcrumbList\",\"@id\":\"https:\\\/\\\/afc.cat\\\/es\\\/13-05-2021-resena-visita-expo-joaquin-tusquets-museu-maritim-de-barcelona\\\/#breadcrumb\",\"itemListElement\":[{\"@type\":\"ListItem\",\"position\":1,\"name\":\"Inicio\",\"item\":\"https:\\\/\\\/afc.cat\\\/es\\\/\"},{\"@type\":\"ListItem\",\"position\":2,\"name\":\"13\\\/05\\\/2021: RESE\u00d1A VISITA EXPO JOAQU\u00cdN TUSQUETS. MUSEU MAR\u00cdTIM DE BARCELONA\"}]},{\"@type\":\"WebSite\",\"@id\":\"https:\\\/\\\/afc.cat\\\/es\\\/#website\",\"url\":\"https:\\\/\\\/afc.cat\\\/es\\\/\",\"name\":\"Agrupaci\u00f3 Fotogr\u00e0fica de Catalunya\",\"description\":\"Fomento y divulgaci\u00f3n de la fotograf\u00eda en todas sus variedades\",\"potentialAction\":[{\"@type\":\"SearchAction\",\"target\":{\"@type\":\"EntryPoint\",\"urlTemplate\":\"https:\\\/\\\/afc.cat\\\/es\\\/?s={search_term_string}\"},\"query-input\":{\"@type\":\"PropertyValueSpecification\",\"valueRequired\":true,\"valueName\":\"search_term_string\"}}],\"inLanguage\":\"es\"},{\"@type\":\"Person\",\"@id\":\"https:\\\/\\\/afc.cat\\\/es\\\/#\\\/schema\\\/person\\\/c733dd519635198e56944a745f80f32e\",\"name\":\"Francesc Soldevila\",\"image\":{\"@type\":\"ImageObject\",\"inLanguage\":\"es\",\"@id\":\"https:\\\/\\\/secure.gravatar.com\\\/avatar\\\/dcb69fbde626f379256d5cb551ffd021337bff6fe152ee866e8f3d8319b9ef25?s=96&d=mm&r=g\",\"url\":\"https:\\\/\\\/secure.gravatar.com\\\/avatar\\\/dcb69fbde626f379256d5cb551ffd021337bff6fe152ee866e8f3d8319b9ef25?s=96&d=mm&r=g\",\"contentUrl\":\"https:\\\/\\\/secure.gravatar.com\\\/avatar\\\/dcb69fbde626f379256d5cb551ffd021337bff6fe152ee866e8f3d8319b9ef25?s=96&d=mm&r=g\",\"caption\":\"Francesc Soldevila\"},\"url\":\"https:\\\/\\\/afc.cat\\\/es\\\/author\\\/vocaliaculturaafc\\\/\"}]}<\/script>\n<!-- \/ Yoast SEO plugin. -->","yoast_head_json":{"title":"13\/05\/2021: RESE\u00d1A VISITA EXPO JOAQU\u00cdN TUSQUETS. MUSEU MAR\u00cdTIM DE BARCELONA - Agrupaci\u00f3 Fotogr\u00e0fica de Catalunya","robots":{"index":"index","follow":"follow","max-snippet":"max-snippet:-1","max-image-preview":"max-image-preview:large","max-video-preview":"max-video-preview:-1"},"canonical":"https:\/\/afc.cat\/es\/13-05-2021-resena-visita-expo-joaquin-tusquets-museu-maritim-de-barcelona\/","og_locale":"es_ES","og_type":"article","og_title":"13\/05\/2021: RESE\u00d1A VISITA EXPO JOAQU\u00cdN TUSQUETS. MUSEU MAR\u00cdTIM DE BARCELONA - Agrupaci\u00f3 Fotogr\u00e0fica de Catalunya","og_url":"https:\/\/afc.cat\/es\/13-05-2021-resena-visita-expo-joaquin-tusquets-museu-maritim-de-barcelona\/","og_site_name":"Agrupaci\u00f3 Fotogr\u00e0fica de Catalunya","article_published_time":"2021-07-06T16:31:02+00:00","article_modified_time":"2021-12-13T18:02:07+00:00","og_image":[{"width":1024,"height":731,"url":"https:\/\/afc.cat\/wp-content\/uploads\/2021\/07\/Carles-Punyet-Museu-Maritim.jpg","type":"image\/jpeg"}],"author":"Francesc Soldevila","twitter_card":"summary_large_image","twitter_misc":{"Escrito por":"Francesc Soldevila","Tiempo de lectura":"4 minutos"},"schema":{"@context":"https:\/\/schema.org","@graph":[{"@type":"Article","@id":"https:\/\/afc.cat\/es\/13-05-2021-resena-visita-expo-joaquin-tusquets-museu-maritim-de-barcelona\/#article","isPartOf":{"@id":"https:\/\/afc.cat\/es\/13-05-2021-resena-visita-expo-joaquin-tusquets-museu-maritim-de-barcelona\/"},"author":{"name":"Francesc Soldevila","@id":"https:\/\/afc.cat\/es\/#\/schema\/person\/c733dd519635198e56944a745f80f32e"},"headline":"13\/05\/2021: RESE\u00d1A VISITA EXPO JOAQU\u00cdN TUSQUETS. MUSEU MAR\u00cdTIM DE BARCELONA","datePublished":"2021-07-06T16:31:02+00:00","dateModified":"2021-12-13T18:02:07+00:00","mainEntityOfPage":{"@id":"https:\/\/afc.cat\/es\/13-05-2021-resena-visita-expo-joaquin-tusquets-museu-maritim-de-barcelona\/"},"wordCount":1568,"commentCount":0,"image":{"@id":"https:\/\/afc.cat\/es\/13-05-2021-resena-visita-expo-joaquin-tusquets-museu-maritim-de-barcelona\/#primaryimage"},"thumbnailUrl":"https:\/\/afc.cat\/wp-content\/uploads\/2021\/07\/Carles-Punyet-Museu-Maritim.jpg","articleSection":["Salidas a exposiciones"],"inLanguage":"es","potentialAction":[{"@type":"CommentAction","name":"Comment","target":["https:\/\/afc.cat\/es\/13-05-2021-resena-visita-expo-joaquin-tusquets-museu-maritim-de-barcelona\/#respond"]}]},{"@type":"WebPage","@id":"https:\/\/afc.cat\/es\/13-05-2021-resena-visita-expo-joaquin-tusquets-museu-maritim-de-barcelona\/","url":"https:\/\/afc.cat\/es\/13-05-2021-resena-visita-expo-joaquin-tusquets-museu-maritim-de-barcelona\/","name":"13\/05\/2021: RESE\u00d1A VISITA EXPO JOAQU\u00cdN TUSQUETS. MUSEU MAR\u00cdTIM DE BARCELONA - Agrupaci\u00f3 Fotogr\u00e0fica de Catalunya","isPartOf":{"@id":"https:\/\/afc.cat\/es\/#website"},"primaryImageOfPage":{"@id":"https:\/\/afc.cat\/es\/13-05-2021-resena-visita-expo-joaquin-tusquets-museu-maritim-de-barcelona\/#primaryimage"},"image":{"@id":"https:\/\/afc.cat\/es\/13-05-2021-resena-visita-expo-joaquin-tusquets-museu-maritim-de-barcelona\/#primaryimage"},"thumbnailUrl":"https:\/\/afc.cat\/wp-content\/uploads\/2021\/07\/Carles-Punyet-Museu-Maritim.jpg","datePublished":"2021-07-06T16:31:02+00:00","dateModified":"2021-12-13T18:02:07+00:00","author":{"@id":"https:\/\/afc.cat\/es\/#\/schema\/person\/c733dd519635198e56944a745f80f32e"},"breadcrumb":{"@id":"https:\/\/afc.cat\/es\/13-05-2021-resena-visita-expo-joaquin-tusquets-museu-maritim-de-barcelona\/#breadcrumb"},"inLanguage":"es","potentialAction":[{"@type":"ReadAction","target":["https:\/\/afc.cat\/es\/13-05-2021-resena-visita-expo-joaquin-tusquets-museu-maritim-de-barcelona\/"]}]},{"@type":"ImageObject","inLanguage":"es","@id":"https:\/\/afc.cat\/es\/13-05-2021-resena-visita-expo-joaquin-tusquets-museu-maritim-de-barcelona\/#primaryimage","url":"https:\/\/afc.cat\/wp-content\/uploads\/2021\/07\/Carles-Punyet-Museu-Maritim.jpg","contentUrl":"https:\/\/afc.cat\/wp-content\/uploads\/2021\/07\/Carles-Punyet-Museu-Maritim.jpg","width":1024,"height":731},{"@type":"BreadcrumbList","@id":"https:\/\/afc.cat\/es\/13-05-2021-resena-visita-expo-joaquin-tusquets-museu-maritim-de-barcelona\/#breadcrumb","itemListElement":[{"@type":"ListItem","position":1,"name":"Inicio","item":"https:\/\/afc.cat\/es\/"},{"@type":"ListItem","position":2,"name":"13\/05\/2021: RESE\u00d1A VISITA EXPO JOAQU\u00cdN TUSQUETS. MUSEU MAR\u00cdTIM DE BARCELONA"}]},{"@type":"WebSite","@id":"https:\/\/afc.cat\/es\/#website","url":"https:\/\/afc.cat\/es\/","name":"Agrupaci\u00f3 Fotogr\u00e0fica de Catalunya","description":"Fomento y divulgaci\u00f3n de la fotograf\u00eda en todas sus variedades","potentialAction":[{"@type":"SearchAction","target":{"@type":"EntryPoint","urlTemplate":"https:\/\/afc.cat\/es\/?s={search_term_string}"},"query-input":{"@type":"PropertyValueSpecification","valueRequired":true,"valueName":"search_term_string"}}],"inLanguage":"es"},{"@type":"Person","@id":"https:\/\/afc.cat\/es\/#\/schema\/person\/c733dd519635198e56944a745f80f32e","name":"Francesc Soldevila","image":{"@type":"ImageObject","inLanguage":"es","@id":"https:\/\/secure.gravatar.com\/avatar\/dcb69fbde626f379256d5cb551ffd021337bff6fe152ee866e8f3d8319b9ef25?s=96&d=mm&r=g","url":"https:\/\/secure.gravatar.com\/avatar\/dcb69fbde626f379256d5cb551ffd021337bff6fe152ee866e8f3d8319b9ef25?s=96&d=mm&r=g","contentUrl":"https:\/\/secure.gravatar.com\/avatar\/dcb69fbde626f379256d5cb551ffd021337bff6fe152ee866e8f3d8319b9ef25?s=96&d=mm&r=g","caption":"Francesc Soldevila"},"url":"https:\/\/afc.cat\/es\/author\/vocaliaculturaafc\/"}]}},"_links":{"self":[{"href":"https:\/\/afc.cat\/es\/wp-json\/wp\/v2\/posts\/22585","targetHints":{"allow":["GET"]}}],"collection":[{"href":"https:\/\/afc.cat\/es\/wp-json\/wp\/v2\/posts"}],"about":[{"href":"https:\/\/afc.cat\/es\/wp-json\/wp\/v2\/types\/post"}],"author":[{"embeddable":true,"href":"https:\/\/afc.cat\/es\/wp-json\/wp\/v2\/users\/49"}],"replies":[{"embeddable":true,"href":"https:\/\/afc.cat\/es\/wp-json\/wp\/v2\/comments?post=22585"}],"version-history":[{"count":5,"href":"https:\/\/afc.cat\/es\/wp-json\/wp\/v2\/posts\/22585\/revisions"}],"predecessor-version":[{"id":22590,"href":"https:\/\/afc.cat\/es\/wp-json\/wp\/v2\/posts\/22585\/revisions\/22590"}],"wp:featuredmedia":[{"embeddable":true,"href":"https:\/\/afc.cat\/es\/wp-json\/wp\/v2\/media\/22571"}],"wp:attachment":[{"href":"https:\/\/afc.cat\/es\/wp-json\/wp\/v2\/media?parent=22585"}],"wp:term":[{"taxonomy":"category","embeddable":true,"href":"https:\/\/afc.cat\/es\/wp-json\/wp\/v2\/categories?post=22585"},{"taxonomy":"post_tag","embeddable":true,"href":"https:\/\/afc.cat\/es\/wp-json\/wp\/v2\/tags?post=22585"}],"curies":[{"name":"wp","href":"https:\/\/api.w.org\/{rel}","templated":true}]}}