{"id":22613,"date":"2021-07-07T17:34:59","date_gmt":"2021-07-07T15:34:59","guid":{"rendered":"https:\/\/afc.cat\/?p=22613"},"modified":"2021-07-08T16:33:04","modified_gmt":"2021-07-08T14:33:04","slug":"22-06-2021-resena-visita-expo-antoni-campana-mnac-barcelona","status":"publish","type":"post","link":"https:\/\/afc.cat\/es\/22-06-2021-resena-visita-expo-antoni-campana-mnac-barcelona\/","title":{"rendered":"22\/06\/2021 RESE\u00d1A VISITA EXPO ANTONI CAMPA\u00d1\u00c0. MNAC BARCELONA"},"content":{"rendered":"<p><div class=\"fusion-fullwidth fullwidth-box fusion-builder-row-1 fusion-flex-container nonhundred-percent-fullwidth non-hundred-percent-height-scrolling\" style=\"background-color: rgba(255,255,255,0);background-position: center center;background-repeat: no-repeat;border-width: 0px 0px 0px 0px;border-color:#ffffff;border-style:solid;\" ><div class=\"fusion-builder-row fusion-row fusion-flex-align-items-flex-start\" style=\"max-width:1300px;margin-left: calc(-4% \/ 2 );margin-right: calc(-4% \/ 2 );\"><div class=\"fusion-layout-column fusion_builder_column fusion-builder-column-0 fusion_builder_column_2_3 2_3 fusion-flex-column\"><div class=\"fusion-column-wrapper fusion-flex-justify-content-flex-start fusion-content-layout-column\" style=\"background-position:left top;background-repeat:no-repeat;-webkit-background-size:cover;-moz-background-size:cover;-o-background-size:cover;background-size:cover;padding: 0px 0px 0px 0px;\"><div class=\"fusion-text fusion-text-1\"><h2>LAS IM\u00c1GENES IN\u00c9DITAS DE LA \u00abCAJA ROJA\u00bb<\/h2>\n<p>El pasado 22 de junio de 2021 un grupo de 17 socias y socios de la Agrupaci\u00f3 nos encontramos a las puertas del MNAC donde nos dio la bienvenida Roser Cambray, jefe de fotograf\u00eda del MuseU Nacional d\u2019Art de Catalunya. Antes de entrar para ver la exposici\u00f3n, una sorpresa nos esperaba: Toni Monner, nieto de Atoni Campa\u00f1\u00e0 y descubridor de la \u00abcaja roja\u00bb con las fotograf\u00edas, ser\u00eda el encargado de guiarnos durante la visita. Un privilegio del cual pudimos disfrutar desde el primer momento con las explicaciones que nos dio. Una vez dentro del museo, Toni fue explicando de pe a pa todas las salas y lo m\u00e1s destacado del contenido de cada una de ellas, as\u00ed como todo el proceso desde la sorpresa del descubrimiento hasta la realidad de esta magn\u00edfica exposici\u00f3n.. En repetidas ocasiones hizo referencia de la estrecha relaci\u00f3n que su abuelo ten\u00eda con la Agrupaci\u00f3 Fotogr\u00e0fica de Catalunya.<\/p>\n<p>El recorrido nos permiti\u00f3 ver, adem\u00e1s de las famosas fotos de la guerra de la \u00abcaja roja\u00bb distribuidas en una sala ambientada de una manera muy especial y acertada con una entrada en forma de pasillo, de un color rojo intenso, otras del mismo autor que nos permiti\u00f3 hacernos una idea de su figura y de su obra.<\/p>\n<p>la exposici\u00f3n finaliza con un gran mosaico formado por mil y una fotograf\u00edas en formato postal, especialidad a la cual Antoni Campa\u00f1\u00e0 dedic\u00f3 buena parte de su vida profesional.<\/p>\n<\/div><\/div><style type=\"text\/css\">.fusion-body .fusion-builder-column-0{width:66.666666666667% !important;margin-top : 0px;margin-bottom : 0px;}.fusion-builder-column-0 > .fusion-column-wrapper {padding-top : 0px !important;padding-right : 0px !important;margin-right : 3.84%;padding-bottom : 0px !important;padding-left : 0px !important;margin-left : 2.88%;}@media only screen and (max-width:1024px) {.fusion-body .fusion-builder-column-0{width:66.666666666667% !important;}.fusion-builder-column-0 > .fusion-column-wrapper {margin-right : 3.84%;margin-left : 2.88%;}}@media only screen and (max-width:640px) {.fusion-body .fusion-builder-column-0{width:100% !important;}.fusion-builder-column-0 > .fusion-column-wrapper {margin-right : 1.92%;margin-left : 1.92%;}}<\/style><\/div><div class=\"fusion-layout-column fusion_builder_column fusion-builder-column-1 fusion_builder_column_1_3 1_3 fusion-flex-column\"><div class=\"fusion-column-wrapper fusion-flex-justify-content-flex-start fusion-content-layout-column\" style=\"background-position:left top;background-repeat:no-repeat;-webkit-background-size:cover;-moz-background-size:cover;-o-background-size:cover;background-size:cover;padding: 0px 0px 0px 0px;\"><div ><span class=\" fusion-imageframe imageframe-none imageframe-1 hover-type-none\"><img decoding=\"async\" width=\"1024\" height=\"702\" title=\"MNAC-1\" src=\"https:\/\/afc.cat\/wp-content\/uploads\/2021\/07\/MNAC-1.jpg\" alt class=\"img-responsive wp-image-22608\" srcset=\"https:\/\/afc.cat\/wp-content\/uploads\/2021\/07\/MNAC-1-200x137.jpg 200w, https:\/\/afc.cat\/wp-content\/uploads\/2021\/07\/MNAC-1-400x274.jpg 400w, https:\/\/afc.cat\/wp-content\/uploads\/2021\/07\/MNAC-1-600x411.jpg 600w, https:\/\/afc.cat\/wp-content\/uploads\/2021\/07\/MNAC-1-800x548.jpg 800w, https:\/\/afc.cat\/wp-content\/uploads\/2021\/07\/MNAC-1.jpg 1024w\" sizes=\"(max-width: 640px) 100vw, 400px\" \/><\/span><\/div><\/div><style type=\"text\/css\">.fusion-body .fusion-builder-column-1{width:33.333333333333% !important;margin-top : 0px;margin-bottom : 0px;}.fusion-builder-column-1 > .fusion-column-wrapper {padding-top : 0px !important;padding-right : 0px !important;margin-right : 5.76%;padding-bottom : 0px !important;padding-left : 0px !important;margin-left : 3.84%;}@media only screen and (max-width:1024px) {.fusion-body .fusion-builder-column-1{width:33.333333333333% !important;}.fusion-builder-column-1 > .fusion-column-wrapper {margin-right : 5.76%;margin-left : 3.84%;}}@media only screen and (max-width:640px) {.fusion-body .fusion-builder-column-1{width:100% !important;}.fusion-builder-column-1 > .fusion-column-wrapper {margin-right : 1.92%;margin-left : 1.92%;}}<\/style><\/div><\/div><style type=\"text\/css\">.fusion-body .fusion-flex-container.fusion-builder-row-1{ padding-top : 0px;margin-top : 0px;padding-right : 0px;padding-bottom : 0px;margin-bottom : 0px;padding-left : 0px;}<\/style><\/div><div class=\"fusion-fullwidth fullwidth-box fusion-builder-row-2 fusion-flex-container nonhundred-percent-fullwidth non-hundred-percent-height-scrolling\" style=\"background-color: rgba(255,255,255,0);background-position: center center;background-repeat: no-repeat;border-width: 0px 0px 0px 0px;border-color:#ffffff;border-style:solid;\" ><div class=\"fusion-builder-row fusion-row fusion-flex-align-items-flex-start\" style=\"max-width:1300px;margin-left: calc(-4% \/ 2 );margin-right: calc(-4% \/ 2 );\"><div class=\"fusion-layout-column fusion_builder_column fusion-builder-column-2 fusion_builder_column_1_1 1_1 fusion-flex-column\"><div class=\"fusion-column-wrapper fusion-flex-justify-content-flex-start fusion-content-layout-column\" style=\"background-position:left top;background-repeat:no-repeat;-webkit-background-size:cover;-moz-background-size:cover;-o-background-size:cover;background-size:cover;padding: 0px 0px 0px 0px;\"><div class=\"fusion-separator fusion-full-width-sep\" style=\"align-self: center;margin-left: auto;margin-right: auto;margin-top:20px;margin-bottom:20px;width:100%;\"><div class=\"fusion-separator-border sep-single sep-solid\" style=\"border-color:#3ec0bf;border-top-width:3px;\"><\/div><\/div><style type=\"text\/css\">.fusion-gallery-1 .fusion-gallery-image {border:0px solid #e2e2e2;}<\/style><div class=\"fusion-gallery fusion-gallery-container fusion-grid-3 fusion-columns-total-7 fusion-gallery-layout-grid fusion-gallery-1\" style=\"margin:-5px;\"><div style=\"padding:5px;\" class=\"fusion-grid-column fusion-gallery-column fusion-gallery-column-3 hover-type-none\"><div class=\"fusion-gallery-image\"><a href=\"https:\/\/afc.cat\/wp-content\/uploads\/2021\/07\/Francesc-Soldevila-MNAC-2.jpg\" rel=\"noreferrer\" data-rel=\"iLightbox[gallery_image_1]\" class=\"fusion-lightbox\" target=\"_self\"><img decoding=\"async\" src=\"https:\/\/afc.cat\/wp-content\/uploads\/2021\/07\/Francesc-Soldevila-MNAC-2-460x295.jpg\" width=\"460\" height=\"295\" alt=\"\" title=\"Francesc Soldevila MNAC-2\" aria-label=\"Francesc Soldevila MNAC-2\" class=\"img-responsive wp-image-22594 fusion-gallery-image-size-fixed\" \/><\/a><\/div><\/div><div style=\"padding:5px;\" class=\"fusion-grid-column fusion-gallery-column fusion-gallery-column-3 hover-type-none\"><div class=\"fusion-gallery-image\"><a href=\"https:\/\/afc.cat\/wp-content\/uploads\/2021\/07\/Francesc-Soldevila-MNAC-3.jpg\" rel=\"noreferrer\" data-rel=\"iLightbox[gallery_image_1]\" class=\"fusion-lightbox\" target=\"_self\"><img decoding=\"async\" src=\"https:\/\/afc.cat\/wp-content\/uploads\/2021\/07\/Francesc-Soldevila-MNAC-3-460x295.jpg\" width=\"460\" height=\"295\" alt=\"\" title=\"Francesc Soldevila MNAC-3\" aria-label=\"Francesc Soldevila MNAC-3\" class=\"img-responsive wp-image-22596 fusion-gallery-image-size-fixed\" \/><\/a><\/div><\/div><div style=\"padding:5px;\" class=\"fusion-grid-column fusion-gallery-column fusion-gallery-column-3 hover-type-none\"><div class=\"fusion-gallery-image\"><a href=\"https:\/\/afc.cat\/wp-content\/uploads\/2021\/07\/Francesc-Soldevila-MNAC-4.jpg\" rel=\"noreferrer\" data-rel=\"iLightbox[gallery_image_1]\" class=\"fusion-lightbox\" target=\"_self\"><img decoding=\"async\" src=\"https:\/\/afc.cat\/wp-content\/uploads\/2021\/07\/Francesc-Soldevila-MNAC-4-460x295.jpg\" width=\"460\" height=\"295\" alt=\"\" title=\"Francesc Soldevila MNAC-4\" aria-label=\"Francesc Soldevila MNAC-4\" class=\"img-responsive wp-image-22598 fusion-gallery-image-size-fixed\" \/><\/a><\/div><\/div><div class=\"clearfix\"><\/div><div style=\"padding:5px;\" class=\"fusion-grid-column fusion-gallery-column fusion-gallery-column-3 hover-type-none\"><div class=\"fusion-gallery-image\"><a href=\"https:\/\/afc.cat\/wp-content\/uploads\/2021\/07\/Francesc-Soldevila-MNAC-5.jpg\" rel=\"noreferrer\" data-rel=\"iLightbox[gallery_image_1]\" class=\"fusion-lightbox\" target=\"_self\"><img decoding=\"async\" src=\"https:\/\/afc.cat\/wp-content\/uploads\/2021\/07\/Francesc-Soldevila-MNAC-5-460x295.jpg\" width=\"460\" height=\"295\" alt=\"\" title=\"Francesc Soldevila MNAC-5\" aria-label=\"Francesc Soldevila MNAC-5\" class=\"img-responsive wp-image-22600 fusion-gallery-image-size-fixed\" \/><\/a><\/div><\/div><div style=\"padding:5px;\" class=\"fusion-grid-column fusion-gallery-column fusion-gallery-column-3 hover-type-none\"><div class=\"fusion-gallery-image\"><a href=\"https:\/\/afc.cat\/wp-content\/uploads\/2021\/07\/Francesc-Soldevila-MNAC-6.jpg\" rel=\"noreferrer\" data-rel=\"iLightbox[gallery_image_1]\" class=\"fusion-lightbox\" target=\"_self\"><img decoding=\"async\" src=\"https:\/\/afc.cat\/wp-content\/uploads\/2021\/07\/Francesc-Soldevila-MNAC-6-460x295.jpg\" width=\"460\" height=\"295\" alt=\"\" title=\"Francesc Soldevila MNAC-6\" aria-label=\"Francesc Soldevila MNAC-6\" class=\"img-responsive wp-image-22602 fusion-gallery-image-size-fixed\" \/><\/a><\/div><\/div><div style=\"padding:5px;\" class=\"fusion-grid-column fusion-gallery-column fusion-gallery-column-3 hover-type-none\"><div class=\"fusion-gallery-image\"><a href=\"https:\/\/afc.cat\/wp-content\/uploads\/2021\/07\/Francesc-Soldevila-MNAC-7.jpg\" rel=\"noreferrer\" data-rel=\"iLightbox[gallery_image_1]\" class=\"fusion-lightbox\" target=\"_self\"><img decoding=\"async\" src=\"https:\/\/afc.cat\/wp-content\/uploads\/2021\/07\/Francesc-Soldevila-MNAC-7-460x295.jpg\" width=\"460\" height=\"295\" alt=\"\" title=\"Francesc Soldevila MNAC-7\" aria-label=\"Francesc Soldevila MNAC-7\" class=\"img-responsive wp-image-22604 fusion-gallery-image-size-fixed\" \/><\/a><\/div><\/div><div class=\"clearfix\"><\/div><div style=\"padding:5px;\" class=\"fusion-grid-column fusion-gallery-column fusion-gallery-column-3 hover-type-none\"><div class=\"fusion-gallery-image\"><a href=\"https:\/\/afc.cat\/wp-content\/uploads\/2021\/07\/Francesc-Soldevila-MNAC-8.jpg\" rel=\"noreferrer\" data-rel=\"iLightbox[gallery_image_1]\" class=\"fusion-lightbox\" target=\"_self\"><img decoding=\"async\" src=\"https:\/\/afc.cat\/wp-content\/uploads\/2021\/07\/Francesc-Soldevila-MNAC-8-460x295.jpg\" width=\"460\" height=\"295\" alt=\"\" title=\"Francesc Soldevila MNAC-8\" aria-label=\"Francesc Soldevila MNAC-8\" class=\"img-responsive wp-image-22606 fusion-gallery-image-size-fixed\" \/><\/a><\/div><\/div><\/div><div class=\"fusion-text fusion-text-2\"><p>Fotos: Francesc Soldevila<\/p>\n<\/div><\/div><style type=\"text\/css\">.fusion-body .fusion-builder-column-2{width:100% !important;margin-top : 0px;margin-bottom : 20px;}.fusion-builder-column-2 > .fusion-column-wrapper {padding-top : 0px !important;padding-right : 0px !important;margin-right : 1.92%;padding-bottom : 0px !important;padding-left : 0px !important;margin-left : 1.92%;}@media only screen and (max-width:1024px) {.fusion-body .fusion-builder-column-2{width:100% !important;order : 0;}.fusion-builder-column-2 > .fusion-column-wrapper {margin-right : 1.92%;margin-left : 1.92%;}}@media only screen and (max-width:640px) {.fusion-body .fusion-builder-column-2{width:100% !important;order : 0;}.fusion-builder-column-2 > .fusion-column-wrapper {margin-right : 1.92%;margin-left : 1.92%;}}<\/style><\/div><\/div><style type=\"text\/css\">.fusion-body .fusion-flex-container.fusion-builder-row-2{ padding-top : 0px;margin-top : 0px;padding-right : 0px;padding-bottom : 0px;margin-bottom : 0px;padding-left : 0px;}<\/style><\/div><\/p>\n","protected":false},"excerpt":{"rendered":"","protected":false},"author":49,"featured_media":22608,"comment_status":"open","ping_status":"open","sticky":false,"template":"","format":"standard","meta":{"_acf_changed":false,"footnotes":""},"categories":[197],"tags":[],"class_list":["post-22613","post","type-post","status-publish","format-standard","has-post-thumbnail","hentry","category-salidas-exposiciones"],"acf":[],"yoast_head":"<!-- This site is optimized with the Yoast SEO plugin v27.5 - https:\/\/yoast.com\/product\/yoast-seo-wordpress\/ -->\n<title>22\/06\/2021 RESE\u00d1A VISITA EXPO ANTONI CAMPA\u00d1\u00c0. MNAC BARCELONA - Agrupaci\u00f3 Fotogr\u00e0fica de Catalunya<\/title>\n<meta name=\"robots\" content=\"index, follow, max-snippet:-1, max-image-preview:large, max-video-preview:-1\" \/>\n<link rel=\"canonical\" href=\"https:\/\/afc.cat\/es\/22-06-2021-resena-visita-expo-antoni-campana-mnac-barcelona\/\" \/>\n<meta property=\"og:locale\" content=\"es_ES\" \/>\n<meta property=\"og:type\" content=\"article\" \/>\n<meta property=\"og:title\" content=\"22\/06\/2021 RESE\u00d1A VISITA EXPO ANTONI CAMPA\u00d1\u00c0. MNAC BARCELONA - Agrupaci\u00f3 Fotogr\u00e0fica de Catalunya\" \/>\n<meta property=\"og:url\" content=\"https:\/\/afc.cat\/es\/22-06-2021-resena-visita-expo-antoni-campana-mnac-barcelona\/\" \/>\n<meta property=\"og:site_name\" content=\"Agrupaci\u00f3 Fotogr\u00e0fica de Catalunya\" \/>\n<meta property=\"article:published_time\" content=\"2021-07-07T15:34:59+00:00\" \/>\n<meta property=\"article:modified_time\" content=\"2021-07-08T14:33:04+00:00\" \/>\n<meta property=\"og:image\" content=\"https:\/\/afc.cat\/wp-content\/uploads\/2021\/07\/MNAC-1.jpg\" \/>\n\t<meta property=\"og:image:width\" content=\"1024\" \/>\n\t<meta property=\"og:image:height\" content=\"702\" \/>\n\t<meta property=\"og:image:type\" content=\"image\/jpeg\" \/>\n<meta name=\"author\" content=\"Francesc Soldevila\" \/>\n<meta name=\"twitter:card\" content=\"summary_large_image\" \/>\n<meta name=\"twitter:label1\" content=\"Escrito por\" \/>\n\t<meta name=\"twitter:data1\" content=\"Francesc Soldevila\" \/>\n\t<meta name=\"twitter:label2\" content=\"Tiempo de lectura\" \/>\n\t<meta name=\"twitter:data2\" content=\"3 minutos\" \/>\n<script type=\"application\/ld+json\" class=\"yoast-schema-graph\">{\"@context\":\"https:\\\/\\\/schema.org\",\"@graph\":[{\"@type\":\"Article\",\"@id\":\"https:\\\/\\\/afc.cat\\\/es\\\/22-06-2021-resena-visita-expo-antoni-campana-mnac-barcelona\\\/#article\",\"isPartOf\":{\"@id\":\"https:\\\/\\\/afc.cat\\\/es\\\/22-06-2021-resena-visita-expo-antoni-campana-mnac-barcelona\\\/\"},\"author\":{\"name\":\"Francesc Soldevila\",\"@id\":\"https:\\\/\\\/afc.cat\\\/es\\\/#\\\/schema\\\/person\\\/c733dd519635198e56944a745f80f32e\"},\"headline\":\"22\\\/06\\\/2021 RESE\u00d1A VISITA EXPO ANTONI CAMPA\u00d1\u00c0. MNAC BARCELONA\",\"datePublished\":\"2021-07-07T15:34:59+00:00\",\"dateModified\":\"2021-07-08T14:33:04+00:00\",\"mainEntityOfPage\":{\"@id\":\"https:\\\/\\\/afc.cat\\\/es\\\/22-06-2021-resena-visita-expo-antoni-campana-mnac-barcelona\\\/\"},\"wordCount\":1489,\"commentCount\":0,\"image\":{\"@id\":\"https:\\\/\\\/afc.cat\\\/es\\\/22-06-2021-resena-visita-expo-antoni-campana-mnac-barcelona\\\/#primaryimage\"},\"thumbnailUrl\":\"https:\\\/\\\/afc.cat\\\/wp-content\\\/uploads\\\/2021\\\/07\\\/MNAC-1.jpg\",\"articleSection\":[\"Salidas a exposiciones\"],\"inLanguage\":\"es\",\"potentialAction\":[{\"@type\":\"CommentAction\",\"name\":\"Comment\",\"target\":[\"https:\\\/\\\/afc.cat\\\/es\\\/22-06-2021-resena-visita-expo-antoni-campana-mnac-barcelona\\\/#respond\"]}]},{\"@type\":\"WebPage\",\"@id\":\"https:\\\/\\\/afc.cat\\\/es\\\/22-06-2021-resena-visita-expo-antoni-campana-mnac-barcelona\\\/\",\"url\":\"https:\\\/\\\/afc.cat\\\/es\\\/22-06-2021-resena-visita-expo-antoni-campana-mnac-barcelona\\\/\",\"name\":\"22\\\/06\\\/2021 RESE\u00d1A VISITA EXPO ANTONI CAMPA\u00d1\u00c0. MNAC BARCELONA - Agrupaci\u00f3 Fotogr\u00e0fica de Catalunya\",\"isPartOf\":{\"@id\":\"https:\\\/\\\/afc.cat\\\/es\\\/#website\"},\"primaryImageOfPage\":{\"@id\":\"https:\\\/\\\/afc.cat\\\/es\\\/22-06-2021-resena-visita-expo-antoni-campana-mnac-barcelona\\\/#primaryimage\"},\"image\":{\"@id\":\"https:\\\/\\\/afc.cat\\\/es\\\/22-06-2021-resena-visita-expo-antoni-campana-mnac-barcelona\\\/#primaryimage\"},\"thumbnailUrl\":\"https:\\\/\\\/afc.cat\\\/wp-content\\\/uploads\\\/2021\\\/07\\\/MNAC-1.jpg\",\"datePublished\":\"2021-07-07T15:34:59+00:00\",\"dateModified\":\"2021-07-08T14:33:04+00:00\",\"author\":{\"@id\":\"https:\\\/\\\/afc.cat\\\/es\\\/#\\\/schema\\\/person\\\/c733dd519635198e56944a745f80f32e\"},\"breadcrumb\":{\"@id\":\"https:\\\/\\\/afc.cat\\\/es\\\/22-06-2021-resena-visita-expo-antoni-campana-mnac-barcelona\\\/#breadcrumb\"},\"inLanguage\":\"es\",\"potentialAction\":[{\"@type\":\"ReadAction\",\"target\":[\"https:\\\/\\\/afc.cat\\\/es\\\/22-06-2021-resena-visita-expo-antoni-campana-mnac-barcelona\\\/\"]}]},{\"@type\":\"ImageObject\",\"inLanguage\":\"es\",\"@id\":\"https:\\\/\\\/afc.cat\\\/es\\\/22-06-2021-resena-visita-expo-antoni-campana-mnac-barcelona\\\/#primaryimage\",\"url\":\"https:\\\/\\\/afc.cat\\\/wp-content\\\/uploads\\\/2021\\\/07\\\/MNAC-1.jpg\",\"contentUrl\":\"https:\\\/\\\/afc.cat\\\/wp-content\\\/uploads\\\/2021\\\/07\\\/MNAC-1.jpg\",\"width\":1024,\"height\":702},{\"@type\":\"BreadcrumbList\",\"@id\":\"https:\\\/\\\/afc.cat\\\/es\\\/22-06-2021-resena-visita-expo-antoni-campana-mnac-barcelona\\\/#breadcrumb\",\"itemListElement\":[{\"@type\":\"ListItem\",\"position\":1,\"name\":\"Inicio\",\"item\":\"https:\\\/\\\/afc.cat\\\/es\\\/\"},{\"@type\":\"ListItem\",\"position\":2,\"name\":\"22\\\/06\\\/2021 RESE\u00d1A VISITA EXPO ANTONI CAMPA\u00d1\u00c0. MNAC BARCELONA\"}]},{\"@type\":\"WebSite\",\"@id\":\"https:\\\/\\\/afc.cat\\\/es\\\/#website\",\"url\":\"https:\\\/\\\/afc.cat\\\/es\\\/\",\"name\":\"Agrupaci\u00f3 Fotogr\u00e0fica de Catalunya\",\"description\":\"Fomento y divulgaci\u00f3n de la fotograf\u00eda en todas sus variedades\",\"potentialAction\":[{\"@type\":\"SearchAction\",\"target\":{\"@type\":\"EntryPoint\",\"urlTemplate\":\"https:\\\/\\\/afc.cat\\\/es\\\/?s={search_term_string}\"},\"query-input\":{\"@type\":\"PropertyValueSpecification\",\"valueRequired\":true,\"valueName\":\"search_term_string\"}}],\"inLanguage\":\"es\"},{\"@type\":\"Person\",\"@id\":\"https:\\\/\\\/afc.cat\\\/es\\\/#\\\/schema\\\/person\\\/c733dd519635198e56944a745f80f32e\",\"name\":\"Francesc Soldevila\",\"image\":{\"@type\":\"ImageObject\",\"inLanguage\":\"es\",\"@id\":\"https:\\\/\\\/secure.gravatar.com\\\/avatar\\\/dcb69fbde626f379256d5cb551ffd021337bff6fe152ee866e8f3d8319b9ef25?s=96&d=mm&r=g\",\"url\":\"https:\\\/\\\/secure.gravatar.com\\\/avatar\\\/dcb69fbde626f379256d5cb551ffd021337bff6fe152ee866e8f3d8319b9ef25?s=96&d=mm&r=g\",\"contentUrl\":\"https:\\\/\\\/secure.gravatar.com\\\/avatar\\\/dcb69fbde626f379256d5cb551ffd021337bff6fe152ee866e8f3d8319b9ef25?s=96&d=mm&r=g\",\"caption\":\"Francesc Soldevila\"},\"url\":\"https:\\\/\\\/afc.cat\\\/es\\\/author\\\/vocaliaculturaafc\\\/\"}]}<\/script>\n<!-- \/ Yoast SEO plugin. -->","yoast_head_json":{"title":"22\/06\/2021 RESE\u00d1A VISITA EXPO ANTONI CAMPA\u00d1\u00c0. MNAC BARCELONA - Agrupaci\u00f3 Fotogr\u00e0fica de Catalunya","robots":{"index":"index","follow":"follow","max-snippet":"max-snippet:-1","max-image-preview":"max-image-preview:large","max-video-preview":"max-video-preview:-1"},"canonical":"https:\/\/afc.cat\/es\/22-06-2021-resena-visita-expo-antoni-campana-mnac-barcelona\/","og_locale":"es_ES","og_type":"article","og_title":"22\/06\/2021 RESE\u00d1A VISITA EXPO ANTONI CAMPA\u00d1\u00c0. MNAC BARCELONA - Agrupaci\u00f3 Fotogr\u00e0fica de Catalunya","og_url":"https:\/\/afc.cat\/es\/22-06-2021-resena-visita-expo-antoni-campana-mnac-barcelona\/","og_site_name":"Agrupaci\u00f3 Fotogr\u00e0fica de Catalunya","article_published_time":"2021-07-07T15:34:59+00:00","article_modified_time":"2021-07-08T14:33:04+00:00","og_image":[{"width":1024,"height":702,"url":"https:\/\/afc.cat\/wp-content\/uploads\/2021\/07\/MNAC-1.jpg","type":"image\/jpeg"}],"author":"Francesc Soldevila","twitter_card":"summary_large_image","twitter_misc":{"Escrito por":"Francesc Soldevila","Tiempo de lectura":"3 minutos"},"schema":{"@context":"https:\/\/schema.org","@graph":[{"@type":"Article","@id":"https:\/\/afc.cat\/es\/22-06-2021-resena-visita-expo-antoni-campana-mnac-barcelona\/#article","isPartOf":{"@id":"https:\/\/afc.cat\/es\/22-06-2021-resena-visita-expo-antoni-campana-mnac-barcelona\/"},"author":{"name":"Francesc Soldevila","@id":"https:\/\/afc.cat\/es\/#\/schema\/person\/c733dd519635198e56944a745f80f32e"},"headline":"22\/06\/2021 RESE\u00d1A VISITA EXPO ANTONI CAMPA\u00d1\u00c0. MNAC BARCELONA","datePublished":"2021-07-07T15:34:59+00:00","dateModified":"2021-07-08T14:33:04+00:00","mainEntityOfPage":{"@id":"https:\/\/afc.cat\/es\/22-06-2021-resena-visita-expo-antoni-campana-mnac-barcelona\/"},"wordCount":1489,"commentCount":0,"image":{"@id":"https:\/\/afc.cat\/es\/22-06-2021-resena-visita-expo-antoni-campana-mnac-barcelona\/#primaryimage"},"thumbnailUrl":"https:\/\/afc.cat\/wp-content\/uploads\/2021\/07\/MNAC-1.jpg","articleSection":["Salidas a exposiciones"],"inLanguage":"es","potentialAction":[{"@type":"CommentAction","name":"Comment","target":["https:\/\/afc.cat\/es\/22-06-2021-resena-visita-expo-antoni-campana-mnac-barcelona\/#respond"]}]},{"@type":"WebPage","@id":"https:\/\/afc.cat\/es\/22-06-2021-resena-visita-expo-antoni-campana-mnac-barcelona\/","url":"https:\/\/afc.cat\/es\/22-06-2021-resena-visita-expo-antoni-campana-mnac-barcelona\/","name":"22\/06\/2021 RESE\u00d1A VISITA EXPO ANTONI CAMPA\u00d1\u00c0. MNAC BARCELONA - Agrupaci\u00f3 Fotogr\u00e0fica de Catalunya","isPartOf":{"@id":"https:\/\/afc.cat\/es\/#website"},"primaryImageOfPage":{"@id":"https:\/\/afc.cat\/es\/22-06-2021-resena-visita-expo-antoni-campana-mnac-barcelona\/#primaryimage"},"image":{"@id":"https:\/\/afc.cat\/es\/22-06-2021-resena-visita-expo-antoni-campana-mnac-barcelona\/#primaryimage"},"thumbnailUrl":"https:\/\/afc.cat\/wp-content\/uploads\/2021\/07\/MNAC-1.jpg","datePublished":"2021-07-07T15:34:59+00:00","dateModified":"2021-07-08T14:33:04+00:00","author":{"@id":"https:\/\/afc.cat\/es\/#\/schema\/person\/c733dd519635198e56944a745f80f32e"},"breadcrumb":{"@id":"https:\/\/afc.cat\/es\/22-06-2021-resena-visita-expo-antoni-campana-mnac-barcelona\/#breadcrumb"},"inLanguage":"es","potentialAction":[{"@type":"ReadAction","target":["https:\/\/afc.cat\/es\/22-06-2021-resena-visita-expo-antoni-campana-mnac-barcelona\/"]}]},{"@type":"ImageObject","inLanguage":"es","@id":"https:\/\/afc.cat\/es\/22-06-2021-resena-visita-expo-antoni-campana-mnac-barcelona\/#primaryimage","url":"https:\/\/afc.cat\/wp-content\/uploads\/2021\/07\/MNAC-1.jpg","contentUrl":"https:\/\/afc.cat\/wp-content\/uploads\/2021\/07\/MNAC-1.jpg","width":1024,"height":702},{"@type":"BreadcrumbList","@id":"https:\/\/afc.cat\/es\/22-06-2021-resena-visita-expo-antoni-campana-mnac-barcelona\/#breadcrumb","itemListElement":[{"@type":"ListItem","position":1,"name":"Inicio","item":"https:\/\/afc.cat\/es\/"},{"@type":"ListItem","position":2,"name":"22\/06\/2021 RESE\u00d1A VISITA EXPO ANTONI CAMPA\u00d1\u00c0. MNAC BARCELONA"}]},{"@type":"WebSite","@id":"https:\/\/afc.cat\/es\/#website","url":"https:\/\/afc.cat\/es\/","name":"Agrupaci\u00f3 Fotogr\u00e0fica de Catalunya","description":"Fomento y divulgaci\u00f3n de la fotograf\u00eda en todas sus variedades","potentialAction":[{"@type":"SearchAction","target":{"@type":"EntryPoint","urlTemplate":"https:\/\/afc.cat\/es\/?s={search_term_string}"},"query-input":{"@type":"PropertyValueSpecification","valueRequired":true,"valueName":"search_term_string"}}],"inLanguage":"es"},{"@type":"Person","@id":"https:\/\/afc.cat\/es\/#\/schema\/person\/c733dd519635198e56944a745f80f32e","name":"Francesc Soldevila","image":{"@type":"ImageObject","inLanguage":"es","@id":"https:\/\/secure.gravatar.com\/avatar\/dcb69fbde626f379256d5cb551ffd021337bff6fe152ee866e8f3d8319b9ef25?s=96&d=mm&r=g","url":"https:\/\/secure.gravatar.com\/avatar\/dcb69fbde626f379256d5cb551ffd021337bff6fe152ee866e8f3d8319b9ef25?s=96&d=mm&r=g","contentUrl":"https:\/\/secure.gravatar.com\/avatar\/dcb69fbde626f379256d5cb551ffd021337bff6fe152ee866e8f3d8319b9ef25?s=96&d=mm&r=g","caption":"Francesc Soldevila"},"url":"https:\/\/afc.cat\/es\/author\/vocaliaculturaafc\/"}]}},"_links":{"self":[{"href":"https:\/\/afc.cat\/es\/wp-json\/wp\/v2\/posts\/22613","targetHints":{"allow":["GET"]}}],"collection":[{"href":"https:\/\/afc.cat\/es\/wp-json\/wp\/v2\/posts"}],"about":[{"href":"https:\/\/afc.cat\/es\/wp-json\/wp\/v2\/types\/post"}],"author":[{"embeddable":true,"href":"https:\/\/afc.cat\/es\/wp-json\/wp\/v2\/users\/49"}],"replies":[{"embeddable":true,"href":"https:\/\/afc.cat\/es\/wp-json\/wp\/v2\/comments?post=22613"}],"version-history":[{"count":3,"href":"https:\/\/afc.cat\/es\/wp-json\/wp\/v2\/posts\/22613\/revisions"}],"predecessor-version":[{"id":22616,"href":"https:\/\/afc.cat\/es\/wp-json\/wp\/v2\/posts\/22613\/revisions\/22616"}],"wp:featuredmedia":[{"embeddable":true,"href":"https:\/\/afc.cat\/es\/wp-json\/wp\/v2\/media\/22608"}],"wp:attachment":[{"href":"https:\/\/afc.cat\/es\/wp-json\/wp\/v2\/media?parent=22613"}],"wp:term":[{"taxonomy":"category","embeddable":true,"href":"https:\/\/afc.cat\/es\/wp-json\/wp\/v2\/categories?post=22613"},{"taxonomy":"post_tag","embeddable":true,"href":"https:\/\/afc.cat\/es\/wp-json\/wp\/v2\/tags?post=22613"}],"curies":[{"name":"wp","href":"https:\/\/api.w.org\/{rel}","templated":true}]}}