{"id":24101,"date":"2021-11-15T21:25:10","date_gmt":"2021-11-15T19:25:10","guid":{"rendered":"https:\/\/afc.cat\/?p=24101"},"modified":"2021-11-16T19:58:42","modified_gmt":"2021-11-16T17:58:42","slug":"46o-concurso-de-luis-navarro","status":"publish","type":"post","link":"https:\/\/afc.cat\/es\/46o-concurso-de-luis-navarro\/","title":{"rendered":"46\u00ba concurso de Luis Navarro"},"content":{"rendered":"<div class=\"fusion-fullwidth fullwidth-box fusion-builder-row-1 fusion-flex-container nonhundred-percent-fullwidth non-hundred-percent-height-scrolling\" style=\"background-color: rgba(255,255,255,0);background-position: center center;background-repeat: no-repeat;border-width: 0px 0px 0px 0px;border-color:#ffffff;border-style:solid;\" ><div class=\"fusion-builder-row fusion-row fusion-flex-align-items-flex-start\" style=\"max-width:1300px;margin-left: calc(-4% \/ 2 );margin-right: calc(-4% \/ 2 );\"><div class=\"fusion-layout-column fusion_builder_column fusion-builder-column-0 fusion_builder_column_3_4 3_4 fusion-flex-column\"><div class=\"fusion-column-wrapper fusion-flex-justify-content-flex-start fusion-content-layout-column\" style=\"background-position:left top;background-repeat:no-repeat;-webkit-background-size:cover;-moz-background-size:cover;-o-background-size:cover;background-size:cover;padding: 0px 0px 0px 0px;\"><div class=\"fusion-text fusion-text-1\"><h2 class=\"fusion-responsive-typography-calculated\" data-fontsize=\"40\" data-lineheight=\"48px\">Primera edici\u00f3n digital del 46\u00ba concurso Luis Navarro<\/h2>\n<p>Este a\u00f1o celebramos el 46\u00ba concurso de Luis Navarro que en 1953 se inici\u00f3 por su iniciativa con el nombre de Concurso de Fotograf\u00eda Moderna.<\/p>\n<p>Al morir Lu\u00eds Navarro al a\u00f1o siguiente, el concurso sigui\u00f3 pero adoptando su nombre en homenaje a su persona.<\/p>\n<p>La pandemia del c\u00f3vid-19 ha acelerado el proceso de digitalizaci\u00f3n de todas las actuaciones y en especial en lo que se refiere a la fotograf\u00eda.<\/p>\n<p>Esto hace que en esta edici\u00f3n el concurso sea ya de fotograf\u00eda digital.<\/p>\n<p>Queremos seguir con los principios que dieron origen a este concurso, es decir, que cada uno exprese sus sentimientos sin restricciones.<\/p>\n<p>Por eso, creemos que siendo fieles a la idea de Luis Navarro, definimos este concurso como\u00a0<strong>Creativo \u2013 Experimental<\/strong>.<\/p>\n<h3 class=\"fusion-responsive-typography-calculated\" data-fontsize=\"30\" data-lineheight=\"39px\">English<\/h3>\n<p>This year we are celebrating the 46th Luis Navarro competition, which began in 1953 on his own initiative with the name of Modern Photography Competition.<\/p>\n<p>When Luis Navarro died the following year, the contest continued but adopting its name in tribute to its person.<\/p>\n<p>The covid-19 pandemic has accelerated the process of digitization of all actions and especially in terms of photography.<\/p>\n<p>This means that in this edition the competition is already digital photography.<\/p>\n<p>We want to continue with the principles that gave rise to this contest, that is to say that each one expresses his feelings without restrictions.<\/p>\n<p>Therefore, we believe that being faithful to the idea of Luis Navarro, we define this contest as\u00a0<strong>Creative \u2013 Experimental<\/strong>.<\/p>\n<h3 class=\"fusion-responsive-typography-calculated\" data-fontsize=\"30\" data-lineheight=\"39px\">Fran\u00e7ais<\/h3>\n<p>Cette ann\u00e9e, nous c\u00e9l\u00e9brons le 46e concours Luis Navarro, qui a d\u00e9but\u00e9 en 1953 de sa propre initiative sous le nom de Concours de photographie moderne.<\/p>\n<p>\u00c0 la mort de Luis Navarro l\u2019ann\u00e9e suivante, le concours s\u2019est poursuivi mais en adoptant son nom en hommage \u00e0 sa personne.<\/p>\n<p>La pand\u00e9mie de covid-19 a acc\u00e9l\u00e9r\u00e9 le processus de num\u00e9risation de toutes les actions et notamment en mati\u00e8re de photographie.<\/p>\n<p>Cela signifie que dans cette \u00e9dition, le concours est d\u00e9j\u00e0 la photographie num\u00e9rique.<\/p>\n<p>Nous voulons continuer avec les principes qui ont donn\u00e9 lieu \u00e0 ce concours, c\u2019est-\u00e0-dire que chacun exprime ses sentiments sans restrictions.<\/p>\n<p>Par cons\u00e9quent, nous pensons qu\u2019\u00e9tant fid\u00e8les \u00e0 l\u2019id\u00e9e de Luis Navarro, nous d\u00e9finissons ce concours comme\u00a0<strong>Cr\u00e9atif \u2013 Exp\u00e9rimental<\/strong>.<\/p>\n<\/div><\/div><style type=\"text\/css\">.fusion-body .fusion-builder-column-0{width:75% !important;margin-top : 0px;margin-bottom : 0px;}.fusion-builder-column-0 > .fusion-column-wrapper {padding-top : 0px !important;padding-right : 0px !important;margin-right : 3.4133333333333%;padding-bottom : 0px !important;padding-left : 0px !important;margin-left : 2.56%;}@media only screen and (max-width:1024px) {.fusion-body .fusion-builder-column-0{width:75% !important;}.fusion-builder-column-0 > .fusion-column-wrapper {margin-right : 3.4133333333333%;margin-left : 2.56%;}}@media only screen and (max-width:640px) {.fusion-body .fusion-builder-column-0{width:100% !important;}.fusion-builder-column-0 > .fusion-column-wrapper {margin-right : 1.92%;margin-left : 1.92%;}}<\/style><\/div><div class=\"fusion-layout-column fusion_builder_column fusion-builder-column-1 fusion_builder_column_1_4 1_4 fusion-flex-column\"><div class=\"fusion-column-wrapper fusion-flex-justify-content-flex-start fusion-content-layout-column\" style=\"background-position:left top;background-repeat:no-repeat;-webkit-background-size:cover;-moz-background-size:cover;-o-background-size:cover;background-size:cover;padding: 0px 0px 0px 0px;\"><div style=\"text-align:center;\"><span class=\" fusion-imageframe imageframe-none imageframe-1 hover-type-none\"><img decoding=\"async\" width=\"212\" height=\"300\" title=\"Luis-Navarro-Emili-Combalia-El-ojo-que-lo-ve-todo.\" src=\"https:\/\/afc.cat\/wp-content\/uploads\/2021\/01\/Luis-Navarro-Emili-Combalia-El-ojo-que-lo-ve-todo.-212x300.jpg\" alt class=\"img-responsive wp-image-18368\" srcset=\"https:\/\/afc.cat\/wp-content\/uploads\/2021\/01\/Luis-Navarro-Emili-Combalia-El-ojo-que-lo-ve-todo.-200x283.jpg 200w, https:\/\/afc.cat\/wp-content\/uploads\/2021\/01\/Luis-Navarro-Emili-Combalia-El-ojo-que-lo-ve-todo.-400x565.jpg 400w, https:\/\/afc.cat\/wp-content\/uploads\/2021\/01\/Luis-Navarro-Emili-Combalia-El-ojo-que-lo-ve-todo.-600x848.jpg 600w, https:\/\/afc.cat\/wp-content\/uploads\/2021\/01\/Luis-Navarro-Emili-Combalia-El-ojo-que-lo-ve-todo.-800x1131.jpg 800w, https:\/\/afc.cat\/wp-content\/uploads\/2021\/01\/Luis-Navarro-Emili-Combalia-El-ojo-que-lo-ve-todo..jpg 839w\" sizes=\"(max-width: 640px) 100vw, 400px\" \/><\/span><\/div><div class=\"fusion-text fusion-text-2\" style=\"font-size:13px;\"><p style=\"text-align: center;\">Foto: Emili Combalia<br \/>\nGanador el 45\u00ba concurso Luis Navarro<\/p>\n<\/div><\/div><style type=\"text\/css\">.fusion-body .fusion-builder-column-1{width:25% !important;margin-top : 0px;margin-bottom : 20px;}.fusion-builder-column-1 > .fusion-column-wrapper {padding-top : 0px !important;padding-right : 0px !important;margin-right : 7.68%;padding-bottom : 0px !important;padding-left : 0px !important;margin-left : 7.68%;}@media only screen and (max-width:1024px) {.fusion-body .fusion-builder-column-1{width:25% !important;order : 0;}.fusion-builder-column-1 > .fusion-column-wrapper {margin-right : 7.68%;margin-left : 7.68%;}}@media only screen and (max-width:640px) {.fusion-body .fusion-builder-column-1{width:100% !important;order : 0;}.fusion-builder-column-1 > .fusion-column-wrapper {margin-right : 1.92%;margin-left : 1.92%;}}<\/style><\/div><div class=\"fusion-layout-column fusion_builder_column fusion-builder-column-2 fusion_builder_column_1_2 1_2 fusion-flex-column\"><div class=\"fusion-column-wrapper fusion-flex-justify-content-flex-start fusion-content-layout-column\" style=\"background-position:left top;background-repeat:no-repeat;-webkit-background-size:cover;-moz-background-size:cover;-o-background-size:cover;background-size:cover;padding: 0px 0px 0px 0px;\"><div ><style>.fusion-button.button-1{border-radius:4px 4px 4px 4px;}<\/style><a class=\"fusion-button button-flat fusion-button-default-size button-default button-1 fusion-button-default-span fusion-button-default-type\" target=\"_self\" href=\"https:\/\/afc.cat\/wp-content\/uploads\/2021\/11\/Bases_Navarro_46_2021_22_es_final-1.pdf\"><span class=\"fusion-button-text\">Bases concurso<\/span><\/a><\/div><\/div><style type=\"text\/css\">.fusion-body .fusion-builder-column-2{width:50% !important;margin-top : 0px;margin-bottom : 20px;}.fusion-builder-column-2 > .fusion-column-wrapper {padding-top : 0px !important;padding-right : 0px !important;margin-right : 3.84%;padding-bottom : 0px !important;padding-left : 0px !important;margin-left : 3.84%;}@media only screen and (max-width:1024px) {.fusion-body .fusion-builder-column-2{width:50% !important;order : 0;}.fusion-builder-column-2 > .fusion-column-wrapper {margin-right : 3.84%;margin-left : 3.84%;}}@media only screen and (max-width:640px) {.fusion-body .fusion-builder-column-2{width:100% !important;order : 0;}.fusion-builder-column-2 > .fusion-column-wrapper {margin-right : 1.92%;margin-left : 1.92%;}}<\/style><\/div><div class=\"fusion-layout-column fusion_builder_column fusion-builder-column-3 fusion_builder_column_1_2 1_2 fusion-flex-column\"><div class=\"fusion-column-wrapper fusion-flex-justify-content-flex-start fusion-content-layout-column\" style=\"background-position:left top;background-repeat:no-repeat;-webkit-background-size:cover;-moz-background-size:cover;-o-background-size:cover;background-size:cover;padding: 0px 0px 0px 0px;\"><div ><style>.fusion-button.button-2{border-radius:4px 4px 4px 4px;}<\/style><a class=\"fusion-button button-flat fusion-button-default-size button-default button-2 fusion-button-default-span fusion-button-default-type\" target=\"_self\" href=\"https:\/\/afc.cat\/wp-content\/uploads\/2021\/11\/Bases_Navarro_46_2021_22_en_final-1.pdf\"><span class=\"fusion-button-text\">Contest rules<\/span><\/a><\/div><\/div><style type=\"text\/css\">.fusion-body .fusion-builder-column-3{width:50% !important;margin-top : 0px;margin-bottom : 20px;}.fusion-builder-column-3 > .fusion-column-wrapper {padding-top : 0px !important;padding-right : 0px !important;margin-right : 3.84%;padding-bottom : 0px !important;padding-left : 0px !important;margin-left : 3.84%;}@media only screen and (max-width:1024px) {.fusion-body .fusion-builder-column-3{width:50% !important;order : 0;}.fusion-builder-column-3 > .fusion-column-wrapper {margin-right : 3.84%;margin-left : 3.84%;}}@media only screen and (max-width:640px) {.fusion-body .fusion-builder-column-3{width:100% !important;order : 0;}.fusion-builder-column-3 > .fusion-column-wrapper {margin-right : 1.92%;margin-left : 1.92%;}}<\/style><\/div><\/div><style type=\"text\/css\">.fusion-body .fusion-flex-container.fusion-builder-row-1{ padding-top : 0px;margin-top : 0px;padding-right : 0px;padding-bottom : 0px;margin-bottom : 0px;padding-left : 0px;}<\/style><\/div>\n","protected":false},"excerpt":{"rendered":"","protected":false},"author":33,"featured_media":24086,"comment_status":"closed","ping_status":"open","sticky":false,"template":"","format":"standard","meta":{"_acf_changed":false,"footnotes":""},"categories":[37],"tags":[],"class_list":["post-24101","post","type-post","status-publish","format-standard","has-post-thumbnail","hentry","category-concursos-es"],"acf":[],"yoast_head":"<!-- This site is optimized with the Yoast SEO plugin v27.5 - https:\/\/yoast.com\/product\/yoast-seo-wordpress\/ -->\n<title>46\u00ba concurso de Luis Navarro - Agrupaci\u00f3 Fotogr\u00e0fica de Catalunya<\/title>\n<meta name=\"robots\" content=\"index, follow, max-snippet:-1, max-image-preview:large, max-video-preview:-1\" \/>\n<link rel=\"canonical\" href=\"https:\/\/afc.cat\/es\/46o-concurso-de-luis-navarro\/\" \/>\n<meta property=\"og:locale\" content=\"es_ES\" \/>\n<meta property=\"og:type\" content=\"article\" \/>\n<meta property=\"og:title\" content=\"46\u00ba concurso de Luis Navarro - Agrupaci\u00f3 Fotogr\u00e0fica de Catalunya\" \/>\n<meta property=\"og:url\" content=\"https:\/\/afc.cat\/es\/46o-concurso-de-luis-navarro\/\" \/>\n<meta property=\"og:site_name\" content=\"Agrupaci\u00f3 Fotogr\u00e0fica de Catalunya\" \/>\n<meta property=\"article:published_time\" content=\"2021-11-15T19:25:10+00:00\" \/>\n<meta property=\"article:modified_time\" content=\"2021-11-16T17:58:42+00:00\" \/>\n<meta property=\"og:image\" content=\"https:\/\/afc.cat\/wp-content\/uploads\/2021\/11\/Luis-Navarro-Emili-Combalia.jpg\" \/>\n\t<meta property=\"og:image:width\" content=\"400\" \/>\n\t<meta property=\"og:image:height\" content=\"300\" \/>\n\t<meta property=\"og:image:type\" content=\"image\/jpeg\" \/>\n<meta name=\"author\" content=\"Albert Folch Naval\u00f3n\" \/>\n<meta name=\"twitter:card\" content=\"summary_large_image\" \/>\n<meta name=\"twitter:label1\" content=\"Escrito por\" \/>\n\t<meta name=\"twitter:data1\" content=\"Albert Folch Naval\u00f3n\" \/>\n\t<meta name=\"twitter:label2\" content=\"Tiempo de lectura\" \/>\n\t<meta name=\"twitter:data2\" content=\"4 minutos\" \/>\n<script type=\"application\/ld+json\" class=\"yoast-schema-graph\">{\"@context\":\"https:\\\/\\\/schema.org\",\"@graph\":[{\"@type\":\"Article\",\"@id\":\"https:\\\/\\\/afc.cat\\\/es\\\/46o-concurso-de-luis-navarro\\\/#article\",\"isPartOf\":{\"@id\":\"https:\\\/\\\/afc.cat\\\/es\\\/46o-concurso-de-luis-navarro\\\/\"},\"author\":{\"name\":\"Albert Folch Naval\u00f3n\",\"@id\":\"https:\\\/\\\/afc.cat\\\/es\\\/#\\\/schema\\\/person\\\/2868ff3362c6c568af6bbef21aab18a6\"},\"headline\":\"46\u00ba concurso de Luis Navarro\",\"datePublished\":\"2021-11-15T19:25:10+00:00\",\"dateModified\":\"2021-11-16T17:58:42+00:00\",\"mainEntityOfPage\":{\"@id\":\"https:\\\/\\\/afc.cat\\\/es\\\/46o-concurso-de-luis-navarro\\\/\"},\"wordCount\":1701,\"image\":{\"@id\":\"https:\\\/\\\/afc.cat\\\/es\\\/46o-concurso-de-luis-navarro\\\/#primaryimage\"},\"thumbnailUrl\":\"https:\\\/\\\/afc.cat\\\/wp-content\\\/uploads\\\/2021\\\/11\\\/Luis-Navarro-Emili-Combalia.jpg\",\"articleSection\":[\"Concursos\"],\"inLanguage\":\"es\"},{\"@type\":\"WebPage\",\"@id\":\"https:\\\/\\\/afc.cat\\\/es\\\/46o-concurso-de-luis-navarro\\\/\",\"url\":\"https:\\\/\\\/afc.cat\\\/es\\\/46o-concurso-de-luis-navarro\\\/\",\"name\":\"46\u00ba concurso de Luis Navarro - Agrupaci\u00f3 Fotogr\u00e0fica de Catalunya\",\"isPartOf\":{\"@id\":\"https:\\\/\\\/afc.cat\\\/es\\\/#website\"},\"primaryImageOfPage\":{\"@id\":\"https:\\\/\\\/afc.cat\\\/es\\\/46o-concurso-de-luis-navarro\\\/#primaryimage\"},\"image\":{\"@id\":\"https:\\\/\\\/afc.cat\\\/es\\\/46o-concurso-de-luis-navarro\\\/#primaryimage\"},\"thumbnailUrl\":\"https:\\\/\\\/afc.cat\\\/wp-content\\\/uploads\\\/2021\\\/11\\\/Luis-Navarro-Emili-Combalia.jpg\",\"datePublished\":\"2021-11-15T19:25:10+00:00\",\"dateModified\":\"2021-11-16T17:58:42+00:00\",\"author\":{\"@id\":\"https:\\\/\\\/afc.cat\\\/es\\\/#\\\/schema\\\/person\\\/2868ff3362c6c568af6bbef21aab18a6\"},\"breadcrumb\":{\"@id\":\"https:\\\/\\\/afc.cat\\\/es\\\/46o-concurso-de-luis-navarro\\\/#breadcrumb\"},\"inLanguage\":\"es\",\"potentialAction\":[{\"@type\":\"ReadAction\",\"target\":[\"https:\\\/\\\/afc.cat\\\/es\\\/46o-concurso-de-luis-navarro\\\/\"]}]},{\"@type\":\"ImageObject\",\"inLanguage\":\"es\",\"@id\":\"https:\\\/\\\/afc.cat\\\/es\\\/46o-concurso-de-luis-navarro\\\/#primaryimage\",\"url\":\"https:\\\/\\\/afc.cat\\\/wp-content\\\/uploads\\\/2021\\\/11\\\/Luis-Navarro-Emili-Combalia.jpg\",\"contentUrl\":\"https:\\\/\\\/afc.cat\\\/wp-content\\\/uploads\\\/2021\\\/11\\\/Luis-Navarro-Emili-Combalia.jpg\",\"width\":400,\"height\":300},{\"@type\":\"BreadcrumbList\",\"@id\":\"https:\\\/\\\/afc.cat\\\/es\\\/46o-concurso-de-luis-navarro\\\/#breadcrumb\",\"itemListElement\":[{\"@type\":\"ListItem\",\"position\":1,\"name\":\"Inicio\",\"item\":\"https:\\\/\\\/afc.cat\\\/es\\\/\"},{\"@type\":\"ListItem\",\"position\":2,\"name\":\"46\u00ba concurso de Luis Navarro\"}]},{\"@type\":\"WebSite\",\"@id\":\"https:\\\/\\\/afc.cat\\\/es\\\/#website\",\"url\":\"https:\\\/\\\/afc.cat\\\/es\\\/\",\"name\":\"Agrupaci\u00f3 Fotogr\u00e0fica de Catalunya\",\"description\":\"Fomento y divulgaci\u00f3n de la fotograf\u00eda en todas sus variedades\",\"potentialAction\":[{\"@type\":\"SearchAction\",\"target\":{\"@type\":\"EntryPoint\",\"urlTemplate\":\"https:\\\/\\\/afc.cat\\\/es\\\/?s={search_term_string}\"},\"query-input\":{\"@type\":\"PropertyValueSpecification\",\"valueRequired\":true,\"valueName\":\"search_term_string\"}}],\"inLanguage\":\"es\"},{\"@type\":\"Person\",\"@id\":\"https:\\\/\\\/afc.cat\\\/es\\\/#\\\/schema\\\/person\\\/2868ff3362c6c568af6bbef21aab18a6\",\"name\":\"Albert Folch Naval\u00f3n\",\"image\":{\"@type\":\"ImageObject\",\"inLanguage\":\"es\",\"@id\":\"https:\\\/\\\/secure.gravatar.com\\\/avatar\\\/d9af2c27458acd834a2ba71216b3c70b3d550f58587654086a7e7c13f9ffa40c?s=96&d=mm&r=g\",\"url\":\"https:\\\/\\\/secure.gravatar.com\\\/avatar\\\/d9af2c27458acd834a2ba71216b3c70b3d550f58587654086a7e7c13f9ffa40c?s=96&d=mm&r=g\",\"contentUrl\":\"https:\\\/\\\/secure.gravatar.com\\\/avatar\\\/d9af2c27458acd834a2ba71216b3c70b3d550f58587654086a7e7c13f9ffa40c?s=96&d=mm&r=g\",\"caption\":\"Albert Folch Naval\u00f3n\"},\"url\":\"https:\\\/\\\/afc.cat\\\/es\\\/author\\\/albertf2021\\\/\"}]}<\/script>\n<!-- \/ Yoast SEO plugin. -->","yoast_head_json":{"title":"46\u00ba concurso de Luis Navarro - Agrupaci\u00f3 Fotogr\u00e0fica de Catalunya","robots":{"index":"index","follow":"follow","max-snippet":"max-snippet:-1","max-image-preview":"max-image-preview:large","max-video-preview":"max-video-preview:-1"},"canonical":"https:\/\/afc.cat\/es\/46o-concurso-de-luis-navarro\/","og_locale":"es_ES","og_type":"article","og_title":"46\u00ba concurso de Luis Navarro - Agrupaci\u00f3 Fotogr\u00e0fica de Catalunya","og_url":"https:\/\/afc.cat\/es\/46o-concurso-de-luis-navarro\/","og_site_name":"Agrupaci\u00f3 Fotogr\u00e0fica de Catalunya","article_published_time":"2021-11-15T19:25:10+00:00","article_modified_time":"2021-11-16T17:58:42+00:00","og_image":[{"width":400,"height":300,"url":"https:\/\/afc.cat\/wp-content\/uploads\/2021\/11\/Luis-Navarro-Emili-Combalia.jpg","type":"image\/jpeg"}],"author":"Albert Folch Naval\u00f3n","twitter_card":"summary_large_image","twitter_misc":{"Escrito por":"Albert Folch Naval\u00f3n","Tiempo de lectura":"4 minutos"},"schema":{"@context":"https:\/\/schema.org","@graph":[{"@type":"Article","@id":"https:\/\/afc.cat\/es\/46o-concurso-de-luis-navarro\/#article","isPartOf":{"@id":"https:\/\/afc.cat\/es\/46o-concurso-de-luis-navarro\/"},"author":{"name":"Albert Folch Naval\u00f3n","@id":"https:\/\/afc.cat\/es\/#\/schema\/person\/2868ff3362c6c568af6bbef21aab18a6"},"headline":"46\u00ba concurso de Luis Navarro","datePublished":"2021-11-15T19:25:10+00:00","dateModified":"2021-11-16T17:58:42+00:00","mainEntityOfPage":{"@id":"https:\/\/afc.cat\/es\/46o-concurso-de-luis-navarro\/"},"wordCount":1701,"image":{"@id":"https:\/\/afc.cat\/es\/46o-concurso-de-luis-navarro\/#primaryimage"},"thumbnailUrl":"https:\/\/afc.cat\/wp-content\/uploads\/2021\/11\/Luis-Navarro-Emili-Combalia.jpg","articleSection":["Concursos"],"inLanguage":"es"},{"@type":"WebPage","@id":"https:\/\/afc.cat\/es\/46o-concurso-de-luis-navarro\/","url":"https:\/\/afc.cat\/es\/46o-concurso-de-luis-navarro\/","name":"46\u00ba concurso de Luis Navarro - Agrupaci\u00f3 Fotogr\u00e0fica de Catalunya","isPartOf":{"@id":"https:\/\/afc.cat\/es\/#website"},"primaryImageOfPage":{"@id":"https:\/\/afc.cat\/es\/46o-concurso-de-luis-navarro\/#primaryimage"},"image":{"@id":"https:\/\/afc.cat\/es\/46o-concurso-de-luis-navarro\/#primaryimage"},"thumbnailUrl":"https:\/\/afc.cat\/wp-content\/uploads\/2021\/11\/Luis-Navarro-Emili-Combalia.jpg","datePublished":"2021-11-15T19:25:10+00:00","dateModified":"2021-11-16T17:58:42+00:00","author":{"@id":"https:\/\/afc.cat\/es\/#\/schema\/person\/2868ff3362c6c568af6bbef21aab18a6"},"breadcrumb":{"@id":"https:\/\/afc.cat\/es\/46o-concurso-de-luis-navarro\/#breadcrumb"},"inLanguage":"es","potentialAction":[{"@type":"ReadAction","target":["https:\/\/afc.cat\/es\/46o-concurso-de-luis-navarro\/"]}]},{"@type":"ImageObject","inLanguage":"es","@id":"https:\/\/afc.cat\/es\/46o-concurso-de-luis-navarro\/#primaryimage","url":"https:\/\/afc.cat\/wp-content\/uploads\/2021\/11\/Luis-Navarro-Emili-Combalia.jpg","contentUrl":"https:\/\/afc.cat\/wp-content\/uploads\/2021\/11\/Luis-Navarro-Emili-Combalia.jpg","width":400,"height":300},{"@type":"BreadcrumbList","@id":"https:\/\/afc.cat\/es\/46o-concurso-de-luis-navarro\/#breadcrumb","itemListElement":[{"@type":"ListItem","position":1,"name":"Inicio","item":"https:\/\/afc.cat\/es\/"},{"@type":"ListItem","position":2,"name":"46\u00ba concurso de Luis Navarro"}]},{"@type":"WebSite","@id":"https:\/\/afc.cat\/es\/#website","url":"https:\/\/afc.cat\/es\/","name":"Agrupaci\u00f3 Fotogr\u00e0fica de Catalunya","description":"Fomento y divulgaci\u00f3n de la fotograf\u00eda en todas sus variedades","potentialAction":[{"@type":"SearchAction","target":{"@type":"EntryPoint","urlTemplate":"https:\/\/afc.cat\/es\/?s={search_term_string}"},"query-input":{"@type":"PropertyValueSpecification","valueRequired":true,"valueName":"search_term_string"}}],"inLanguage":"es"},{"@type":"Person","@id":"https:\/\/afc.cat\/es\/#\/schema\/person\/2868ff3362c6c568af6bbef21aab18a6","name":"Albert Folch Naval\u00f3n","image":{"@type":"ImageObject","inLanguage":"es","@id":"https:\/\/secure.gravatar.com\/avatar\/d9af2c27458acd834a2ba71216b3c70b3d550f58587654086a7e7c13f9ffa40c?s=96&d=mm&r=g","url":"https:\/\/secure.gravatar.com\/avatar\/d9af2c27458acd834a2ba71216b3c70b3d550f58587654086a7e7c13f9ffa40c?s=96&d=mm&r=g","contentUrl":"https:\/\/secure.gravatar.com\/avatar\/d9af2c27458acd834a2ba71216b3c70b3d550f58587654086a7e7c13f9ffa40c?s=96&d=mm&r=g","caption":"Albert Folch Naval\u00f3n"},"url":"https:\/\/afc.cat\/es\/author\/albertf2021\/"}]}},"_links":{"self":[{"href":"https:\/\/afc.cat\/es\/wp-json\/wp\/v2\/posts\/24101","targetHints":{"allow":["GET"]}}],"collection":[{"href":"https:\/\/afc.cat\/es\/wp-json\/wp\/v2\/posts"}],"about":[{"href":"https:\/\/afc.cat\/es\/wp-json\/wp\/v2\/types\/post"}],"author":[{"embeddable":true,"href":"https:\/\/afc.cat\/es\/wp-json\/wp\/v2\/users\/33"}],"replies":[{"embeddable":true,"href":"https:\/\/afc.cat\/es\/wp-json\/wp\/v2\/comments?post=24101"}],"version-history":[{"count":7,"href":"https:\/\/afc.cat\/es\/wp-json\/wp\/v2\/posts\/24101\/revisions"}],"predecessor-version":[{"id":24132,"href":"https:\/\/afc.cat\/es\/wp-json\/wp\/v2\/posts\/24101\/revisions\/24132"}],"wp:featuredmedia":[{"embeddable":true,"href":"https:\/\/afc.cat\/es\/wp-json\/wp\/v2\/media\/24086"}],"wp:attachment":[{"href":"https:\/\/afc.cat\/es\/wp-json\/wp\/v2\/media?parent=24101"}],"wp:term":[{"taxonomy":"category","embeddable":true,"href":"https:\/\/afc.cat\/es\/wp-json\/wp\/v2\/categories?post=24101"},{"taxonomy":"post_tag","embeddable":true,"href":"https:\/\/afc.cat\/es\/wp-json\/wp\/v2\/tags?post=24101"}],"curies":[{"name":"wp","href":"https:\/\/api.w.org\/{rel}","templated":true}]}}