{"id":24390,"date":"2021-12-04T12:57:07","date_gmt":"2021-12-04T10:57:07","guid":{"rendered":"https:\/\/afc.cat\/?p=24390"},"modified":"2021-12-12T18:52:29","modified_gmt":"2021-12-12T16:52:29","slug":"finalistas-15o-concurs-de-natura-fotonat-ub-2021","status":"publish","type":"post","link":"https:\/\/afc.cat\/es\/finalistas-15o-concurs-de-natura-fotonat-ub-2021\/","title":{"rendered":"Finalistas 15\u00ba Concurs de Natura fotoNAT-UB 2021"},"content":{"rendered":"<p><div class=\"fusion-fullwidth fullwidth-box fusion-builder-row-1 fusion-flex-container nonhundred-percent-fullwidth non-hundred-percent-height-scrolling\" style=\"background-color: rgba(255,255,255,0);background-position: center center;background-repeat: no-repeat;border-width: 0px 0px 0px 0px;border-color:#ffffff;border-style:solid;\" ><div class=\"fusion-builder-row fusion-row fusion-flex-align-items-flex-start\" style=\"max-width:1300px;margin-left: calc(-4% \/ 2 );margin-right: calc(-4% \/ 2 );\"><div class=\"fusion-layout-column fusion_builder_column fusion-builder-column-0 fusion_builder_column_2_3 2_3 fusion-flex-column\"><div class=\"fusion-column-wrapper fusion-flex-justify-content-flex-start fusion-content-layout-column\" style=\"background-position:left top;background-repeat:no-repeat;-webkit-background-size:cover;-moz-background-size:cover;-o-background-size:cover;background-size:cover;padding: 0px 0px 0px 0px;\"><div class=\"fusion-text fusion-text-1\"><h2>Felicitamos a los compa\u00f1eros finalistas<\/h2>\n<p>Continuamos con buenas noticias!<\/p>\n<p>Felicitamos a nuestros tres consocios finalistas del<strong> 15\u00ba Concurs de Fotografia de Natura FotoNAT-UB 2021.<\/strong><\/p>\n<p>Desde la AFC les hacemos llegar nuestra sincera enhorabuena a <strong>N\u00faria Prat, Teresa Tejera i Toni Torres<\/strong> por sus \u00e9xitos.<\/p>\n<p>\u00a1Enhorabuena, compa\u00f1eros!<\/p>\n<\/div><\/div><style type=\"text\/css\">.fusion-body .fusion-builder-column-0{width:66.666666666667% !important;margin-top : 0px;margin-bottom : 20px;}.fusion-builder-column-0 > .fusion-column-wrapper {padding-top : 0px !important;padding-right : 0px !important;margin-right : 2.88%;padding-bottom : 0px !important;padding-left : 0px !important;margin-left : 2.88%;}@media only screen and (max-width:1024px) {.fusion-body .fusion-builder-column-0{width:66.666666666667% !important;order : 0;}.fusion-builder-column-0 > .fusion-column-wrapper {margin-right : 2.88%;margin-left : 2.88%;}}@media only screen and (max-width:640px) {.fusion-body .fusion-builder-column-0{width:100% !important;order : 0;}.fusion-builder-column-0 > .fusion-column-wrapper {margin-right : 1.92%;margin-left : 1.92%;}}<\/style><\/div><div class=\"fusion-layout-column fusion_builder_column fusion-builder-column-1 fusion_builder_column_1_3 1_3 fusion-flex-column fusion-flex-align-self-center\"><div class=\"fusion-column-wrapper fusion-flex-justify-content-flex-start fusion-content-layout-column\" style=\"background-position:left top;background-repeat:no-repeat;-webkit-background-size:cover;-moz-background-size:cover;-o-background-size:cover;background-size:cover;padding: 0px 0px 0px 0px;\"><div ><span class=\" fusion-imageframe imageframe-none imageframe-1 hover-type-none\"><a href=\"https:\/\/afc.cat\/wp-content\/uploads\/2021\/12\/AFCFotoNATUB-1.jpg\" class=\"fusion-lightbox\" data-rel=\"iLightbox[af5857ca7ca85ed22e7]\" data-title=\"AFCFotoNATUB\" title=\"AFCFotoNATUB\"><img decoding=\"async\" width=\"600\" height=\"218\" alt=\"Finalistas fotoNAT-UB 2021\" src=\"https:\/\/afc.cat\/wp-content\/uploads\/2021\/12\/AFCFotoNATUB-1.jpg\" class=\"img-responsive wp-image-24385\" srcset=\"https:\/\/afc.cat\/wp-content\/uploads\/2021\/12\/AFCFotoNATUB-1-200x73.jpg 200w, https:\/\/afc.cat\/wp-content\/uploads\/2021\/12\/AFCFotoNATUB-1-400x145.jpg 400w, https:\/\/afc.cat\/wp-content\/uploads\/2021\/12\/AFCFotoNATUB-1.jpg 600w\" sizes=\"(max-width: 640px) 100vw, 400px\" \/><\/a><\/span><\/div><div class=\"fusion-text fusion-text-2\" style=\"font-size:13px;\"><p style=\"text-align: center;\">Finalistas fotoNAT-UB 2021<\/p>\n<\/div><div ><span class=\" fusion-imageframe imageframe-none imageframe-2 hover-type-none\"><img decoding=\"async\" width=\"400\" height=\"300\" title=\"Finalistes AFC\" src=\"https:\/\/afc.cat\/wp-content\/uploads\/2021\/12\/FinalistesAFC.jpg\" alt class=\"img-responsive wp-image-24380\" srcset=\"https:\/\/afc.cat\/wp-content\/uploads\/2021\/12\/FinalistesAFC-200x150.jpg 200w, https:\/\/afc.cat\/wp-content\/uploads\/2021\/12\/FinalistesAFC.jpg 400w\" sizes=\"(max-width: 640px) 100vw, 400px\" \/><\/span><\/div><\/div><style type=\"text\/css\">.fusion-body .fusion-builder-column-1{width:33.333333333333% !important;margin-top : 0px;margin-bottom : 20px;}.fusion-builder-column-1 > .fusion-column-wrapper {padding-top : 0px !important;padding-right : 0px !important;margin-right : 5.76%;padding-bottom : 0px !important;padding-left : 0px !important;margin-left : 5.76%;}@media only screen and (max-width:1024px) {.fusion-body .fusion-builder-column-1{width:33.333333333333% !important;order : 0;}.fusion-builder-column-1 > .fusion-column-wrapper {margin-right : 5.76%;margin-left : 5.76%;}}@media only screen and (max-width:640px) {.fusion-body .fusion-builder-column-1{width:100% !important;order : 0;}.fusion-builder-column-1 > .fusion-column-wrapper {margin-right : 1.92%;margin-left : 1.92%;}}<\/style><\/div><\/div><style type=\"text\/css\">.fusion-body .fusion-flex-container.fusion-builder-row-1{ padding-top : 0px;margin-top : 0px;padding-right : 0px;padding-bottom : 0px;margin-bottom : 0px;padding-left : 0px;}<\/style><\/div><div class=\"fusion-fullwidth fullwidth-box fusion-builder-row-2 fusion-flex-container nonhundred-percent-fullwidth non-hundred-percent-height-scrolling\" style=\"background-color: rgba(255,255,255,0);background-position: center center;background-repeat: no-repeat;border-width: 0px 0px 0px 0px;border-color:#ffffff;border-style:solid;\" ><div class=\"fusion-builder-row fusion-row fusion-flex-align-items-flex-start\" style=\"max-width:1300px;margin-left: calc(-4% \/ 2 );margin-right: calc(-4% \/ 2 );\"><div class=\"fusion-layout-column fusion_builder_column fusion-builder-column-2 fusion_builder_column_1_1 1_1 fusion-flex-column\"><div class=\"fusion-column-wrapper fusion-flex-justify-content-flex-start fusion-content-layout-column\" style=\"background-position:left top;background-repeat:no-repeat;-webkit-background-size:cover;-moz-background-size:cover;-o-background-size:cover;background-size:cover;padding: 0px 0px 0px 0px;\"><\/div><style type=\"text\/css\">.fusion-body .fusion-builder-column-2{width:100% !important;margin-top : 0px;margin-bottom : 20px;}.fusion-builder-column-2 > .fusion-column-wrapper {padding-top : 0px !important;padding-right : 0px !important;margin-right : 1.92%;padding-bottom : 0px !important;padding-left : 0px !important;margin-left : 1.92%;}@media only screen and (max-width:1024px) {.fusion-body .fusion-builder-column-2{width:100% !important;order : 0;}.fusion-builder-column-2 > .fusion-column-wrapper {margin-right : 1.92%;margin-left : 1.92%;}}@media only screen and (max-width:640px) {.fusion-body .fusion-builder-column-2{width:100% !important;order : 0;}.fusion-builder-column-2 > .fusion-column-wrapper {margin-right : 1.92%;margin-left : 1.92%;}}<\/style><\/div><\/div><style type=\"text\/css\">.fusion-body .fusion-flex-container.fusion-builder-row-2{ padding-top : 0px;margin-top : 0px;padding-right : 0px;padding-bottom : 0px;margin-bottom : 0px;padding-left : 0px;}<\/style><\/div><\/p>\n","protected":false},"excerpt":{"rendered":"","protected":false},"author":47,"featured_media":24380,"comment_status":"closed","ping_status":"open","sticky":false,"template":"","format":"standard","meta":{"_acf_changed":false,"footnotes":""},"categories":[37],"tags":[],"class_list":["post-24390","post","type-post","status-publish","format-standard","has-post-thumbnail","hentry","category-concursos-es"],"acf":[],"yoast_head":"<!-- This site is optimized with the Yoast SEO plugin v27.2 - https:\/\/yoast.com\/product\/yoast-seo-wordpress\/ -->\n<title>Finalistas 15\u00ba Concurs de Natura fotoNAT-UB 2021 - Agrupaci\u00f3 Fotogr\u00e0fica de Catalunya<\/title>\n<meta name=\"robots\" content=\"index, follow, max-snippet:-1, max-image-preview:large, max-video-preview:-1\" \/>\n<link rel=\"canonical\" href=\"https:\/\/afc.cat\/es\/finalistas-15o-concurs-de-natura-fotonat-ub-2021\/\" \/>\n<meta property=\"og:locale\" content=\"es_ES\" \/>\n<meta property=\"og:type\" content=\"article\" \/>\n<meta property=\"og:title\" content=\"Finalistas 15\u00ba Concurs de Natura fotoNAT-UB 2021 - Agrupaci\u00f3 Fotogr\u00e0fica de Catalunya\" \/>\n<meta property=\"og:url\" content=\"https:\/\/afc.cat\/es\/finalistas-15o-concurs-de-natura-fotonat-ub-2021\/\" \/>\n<meta property=\"og:site_name\" content=\"Agrupaci\u00f3 Fotogr\u00e0fica de Catalunya\" \/>\n<meta property=\"article:published_time\" content=\"2021-12-04T10:57:07+00:00\" \/>\n<meta property=\"article:modified_time\" content=\"2021-12-12T16:52:29+00:00\" \/>\n<meta property=\"og:image\" content=\"https:\/\/afc.cat\/wp-content\/uploads\/2021\/12\/FinalistesAFC.jpg\" \/>\n\t<meta property=\"og:image:width\" content=\"400\" \/>\n\t<meta property=\"og:image:height\" content=\"300\" \/>\n\t<meta property=\"og:image:type\" content=\"image\/jpeg\" \/>\n<meta name=\"author\" content=\"M\u00f2nica Rodr\u00edguez\" \/>\n<meta name=\"twitter:card\" content=\"summary_large_image\" \/>\n<meta name=\"twitter:label1\" content=\"Escrito por\" \/>\n\t<meta name=\"twitter:data1\" content=\"M\u00f2nica Rodr\u00edguez\" \/>\n\t<meta name=\"twitter:label2\" content=\"Tiempo de lectura\" \/>\n\t<meta name=\"twitter:data2\" content=\"3 minutos\" \/>\n<script type=\"application\/ld+json\" class=\"yoast-schema-graph\">{\"@context\":\"https:\/\/schema.org\",\"@graph\":[{\"@type\":\"Article\",\"@id\":\"https:\/\/afc.cat\/es\/finalistas-15o-concurs-de-natura-fotonat-ub-2021\/#article\",\"isPartOf\":{\"@id\":\"https:\/\/afc.cat\/es\/finalistas-15o-concurs-de-natura-fotonat-ub-2021\/\"},\"author\":{\"name\":\"M\u00f2nica Rodr\u00edguez\",\"@id\":\"https:\/\/afc.cat\/es\/#\/schema\/person\/b914cefdd3d691831c5675292da9496a\"},\"headline\":\"Finalistas 15\u00ba Concurs de Natura fotoNAT-UB 2021\",\"datePublished\":\"2021-12-04T10:57:07+00:00\",\"dateModified\":\"2021-12-12T16:52:29+00:00\",\"mainEntityOfPage\":{\"@id\":\"https:\/\/afc.cat\/es\/finalistas-15o-concurs-de-natura-fotonat-ub-2021\/\"},\"wordCount\":1437,\"image\":{\"@id\":\"https:\/\/afc.cat\/es\/finalistas-15o-concurs-de-natura-fotonat-ub-2021\/#primaryimage\"},\"thumbnailUrl\":\"https:\/\/afc.cat\/wp-content\/uploads\/2021\/12\/FinalistesAFC.jpg\",\"articleSection\":[\"Concursos\"],\"inLanguage\":\"es\"},{\"@type\":\"WebPage\",\"@id\":\"https:\/\/afc.cat\/es\/finalistas-15o-concurs-de-natura-fotonat-ub-2021\/\",\"url\":\"https:\/\/afc.cat\/es\/finalistas-15o-concurs-de-natura-fotonat-ub-2021\/\",\"name\":\"Finalistas 15\u00ba Concurs de Natura fotoNAT-UB 2021 - Agrupaci\u00f3 Fotogr\u00e0fica de Catalunya\",\"isPartOf\":{\"@id\":\"https:\/\/afc.cat\/es\/#website\"},\"primaryImageOfPage\":{\"@id\":\"https:\/\/afc.cat\/es\/finalistas-15o-concurs-de-natura-fotonat-ub-2021\/#primaryimage\"},\"image\":{\"@id\":\"https:\/\/afc.cat\/es\/finalistas-15o-concurs-de-natura-fotonat-ub-2021\/#primaryimage\"},\"thumbnailUrl\":\"https:\/\/afc.cat\/wp-content\/uploads\/2021\/12\/FinalistesAFC.jpg\",\"datePublished\":\"2021-12-04T10:57:07+00:00\",\"dateModified\":\"2021-12-12T16:52:29+00:00\",\"author\":{\"@id\":\"https:\/\/afc.cat\/es\/#\/schema\/person\/b914cefdd3d691831c5675292da9496a\"},\"breadcrumb\":{\"@id\":\"https:\/\/afc.cat\/es\/finalistas-15o-concurs-de-natura-fotonat-ub-2021\/#breadcrumb\"},\"inLanguage\":\"es\",\"potentialAction\":[{\"@type\":\"ReadAction\",\"target\":[\"https:\/\/afc.cat\/es\/finalistas-15o-concurs-de-natura-fotonat-ub-2021\/\"]}]},{\"@type\":\"ImageObject\",\"inLanguage\":\"es\",\"@id\":\"https:\/\/afc.cat\/es\/finalistas-15o-concurs-de-natura-fotonat-ub-2021\/#primaryimage\",\"url\":\"https:\/\/afc.cat\/wp-content\/uploads\/2021\/12\/FinalistesAFC.jpg\",\"contentUrl\":\"https:\/\/afc.cat\/wp-content\/uploads\/2021\/12\/FinalistesAFC.jpg\",\"width\":400,\"height\":300},{\"@type\":\"BreadcrumbList\",\"@id\":\"https:\/\/afc.cat\/es\/finalistas-15o-concurs-de-natura-fotonat-ub-2021\/#breadcrumb\",\"itemListElement\":[{\"@type\":\"ListItem\",\"position\":1,\"name\":\"Inicio\",\"item\":\"https:\/\/afc.cat\/es\/\"},{\"@type\":\"ListItem\",\"position\":2,\"name\":\"Finalistas 15\u00ba Concurs de Natura fotoNAT-UB 2021\"}]},{\"@type\":\"WebSite\",\"@id\":\"https:\/\/afc.cat\/es\/#website\",\"url\":\"https:\/\/afc.cat\/es\/\",\"name\":\"Agrupaci\u00f3 Fotogr\u00e0fica de Catalunya\",\"description\":\"Fomento y divulgaci\u00f3n de la fotograf\u00eda en todas sus variedades\",\"potentialAction\":[{\"@type\":\"SearchAction\",\"target\":{\"@type\":\"EntryPoint\",\"urlTemplate\":\"https:\/\/afc.cat\/es\/?s={search_term_string}\"},\"query-input\":{\"@type\":\"PropertyValueSpecification\",\"valueRequired\":true,\"valueName\":\"search_term_string\"}}],\"inLanguage\":\"es\"},{\"@type\":\"Person\",\"@id\":\"https:\/\/afc.cat\/es\/#\/schema\/person\/b914cefdd3d691831c5675292da9496a\",\"name\":\"M\u00f2nica Rodr\u00edguez\",\"image\":{\"@type\":\"ImageObject\",\"inLanguage\":\"es\",\"@id\":\"https:\/\/secure.gravatar.com\/avatar\/dfc2b3f253d78a099cd1a6fca15dfcfafa251514d62e7dfd96d3a013321b382c?s=96&d=mm&r=g\",\"url\":\"https:\/\/secure.gravatar.com\/avatar\/dfc2b3f253d78a099cd1a6fca15dfcfafa251514d62e7dfd96d3a013321b382c?s=96&d=mm&r=g\",\"contentUrl\":\"https:\/\/secure.gravatar.com\/avatar\/dfc2b3f253d78a099cd1a6fca15dfcfafa251514d62e7dfd96d3a013321b382c?s=96&d=mm&r=g\",\"caption\":\"M\u00f2nica Rodr\u00edguez\"},\"url\":\"https:\/\/afc.cat\/es\/author\/secretariaconsellafc\/\"}]}<\/script>\n<!-- \/ Yoast SEO plugin. -->","yoast_head_json":{"title":"Finalistas 15\u00ba Concurs de Natura fotoNAT-UB 2021 - Agrupaci\u00f3 Fotogr\u00e0fica de Catalunya","robots":{"index":"index","follow":"follow","max-snippet":"max-snippet:-1","max-image-preview":"max-image-preview:large","max-video-preview":"max-video-preview:-1"},"canonical":"https:\/\/afc.cat\/es\/finalistas-15o-concurs-de-natura-fotonat-ub-2021\/","og_locale":"es_ES","og_type":"article","og_title":"Finalistas 15\u00ba Concurs de Natura fotoNAT-UB 2021 - Agrupaci\u00f3 Fotogr\u00e0fica de Catalunya","og_url":"https:\/\/afc.cat\/es\/finalistas-15o-concurs-de-natura-fotonat-ub-2021\/","og_site_name":"Agrupaci\u00f3 Fotogr\u00e0fica de Catalunya","article_published_time":"2021-12-04T10:57:07+00:00","article_modified_time":"2021-12-12T16:52:29+00:00","og_image":[{"width":400,"height":300,"url":"https:\/\/afc.cat\/wp-content\/uploads\/2021\/12\/FinalistesAFC.jpg","type":"image\/jpeg"}],"author":"M\u00f2nica Rodr\u00edguez","twitter_card":"summary_large_image","twitter_misc":{"Escrito por":"M\u00f2nica Rodr\u00edguez","Tiempo de lectura":"3 minutos"},"schema":{"@context":"https:\/\/schema.org","@graph":[{"@type":"Article","@id":"https:\/\/afc.cat\/es\/finalistas-15o-concurs-de-natura-fotonat-ub-2021\/#article","isPartOf":{"@id":"https:\/\/afc.cat\/es\/finalistas-15o-concurs-de-natura-fotonat-ub-2021\/"},"author":{"name":"M\u00f2nica Rodr\u00edguez","@id":"https:\/\/afc.cat\/es\/#\/schema\/person\/b914cefdd3d691831c5675292da9496a"},"headline":"Finalistas 15\u00ba Concurs de Natura fotoNAT-UB 2021","datePublished":"2021-12-04T10:57:07+00:00","dateModified":"2021-12-12T16:52:29+00:00","mainEntityOfPage":{"@id":"https:\/\/afc.cat\/es\/finalistas-15o-concurs-de-natura-fotonat-ub-2021\/"},"wordCount":1437,"image":{"@id":"https:\/\/afc.cat\/es\/finalistas-15o-concurs-de-natura-fotonat-ub-2021\/#primaryimage"},"thumbnailUrl":"https:\/\/afc.cat\/wp-content\/uploads\/2021\/12\/FinalistesAFC.jpg","articleSection":["Concursos"],"inLanguage":"es"},{"@type":"WebPage","@id":"https:\/\/afc.cat\/es\/finalistas-15o-concurs-de-natura-fotonat-ub-2021\/","url":"https:\/\/afc.cat\/es\/finalistas-15o-concurs-de-natura-fotonat-ub-2021\/","name":"Finalistas 15\u00ba Concurs de Natura fotoNAT-UB 2021 - Agrupaci\u00f3 Fotogr\u00e0fica de Catalunya","isPartOf":{"@id":"https:\/\/afc.cat\/es\/#website"},"primaryImageOfPage":{"@id":"https:\/\/afc.cat\/es\/finalistas-15o-concurs-de-natura-fotonat-ub-2021\/#primaryimage"},"image":{"@id":"https:\/\/afc.cat\/es\/finalistas-15o-concurs-de-natura-fotonat-ub-2021\/#primaryimage"},"thumbnailUrl":"https:\/\/afc.cat\/wp-content\/uploads\/2021\/12\/FinalistesAFC.jpg","datePublished":"2021-12-04T10:57:07+00:00","dateModified":"2021-12-12T16:52:29+00:00","author":{"@id":"https:\/\/afc.cat\/es\/#\/schema\/person\/b914cefdd3d691831c5675292da9496a"},"breadcrumb":{"@id":"https:\/\/afc.cat\/es\/finalistas-15o-concurs-de-natura-fotonat-ub-2021\/#breadcrumb"},"inLanguage":"es","potentialAction":[{"@type":"ReadAction","target":["https:\/\/afc.cat\/es\/finalistas-15o-concurs-de-natura-fotonat-ub-2021\/"]}]},{"@type":"ImageObject","inLanguage":"es","@id":"https:\/\/afc.cat\/es\/finalistas-15o-concurs-de-natura-fotonat-ub-2021\/#primaryimage","url":"https:\/\/afc.cat\/wp-content\/uploads\/2021\/12\/FinalistesAFC.jpg","contentUrl":"https:\/\/afc.cat\/wp-content\/uploads\/2021\/12\/FinalistesAFC.jpg","width":400,"height":300},{"@type":"BreadcrumbList","@id":"https:\/\/afc.cat\/es\/finalistas-15o-concurs-de-natura-fotonat-ub-2021\/#breadcrumb","itemListElement":[{"@type":"ListItem","position":1,"name":"Inicio","item":"https:\/\/afc.cat\/es\/"},{"@type":"ListItem","position":2,"name":"Finalistas 15\u00ba Concurs de Natura fotoNAT-UB 2021"}]},{"@type":"WebSite","@id":"https:\/\/afc.cat\/es\/#website","url":"https:\/\/afc.cat\/es\/","name":"Agrupaci\u00f3 Fotogr\u00e0fica de Catalunya","description":"Fomento y divulgaci\u00f3n de la fotograf\u00eda en todas sus variedades","potentialAction":[{"@type":"SearchAction","target":{"@type":"EntryPoint","urlTemplate":"https:\/\/afc.cat\/es\/?s={search_term_string}"},"query-input":{"@type":"PropertyValueSpecification","valueRequired":true,"valueName":"search_term_string"}}],"inLanguage":"es"},{"@type":"Person","@id":"https:\/\/afc.cat\/es\/#\/schema\/person\/b914cefdd3d691831c5675292da9496a","name":"M\u00f2nica Rodr\u00edguez","image":{"@type":"ImageObject","inLanguage":"es","@id":"https:\/\/secure.gravatar.com\/avatar\/dfc2b3f253d78a099cd1a6fca15dfcfafa251514d62e7dfd96d3a013321b382c?s=96&d=mm&r=g","url":"https:\/\/secure.gravatar.com\/avatar\/dfc2b3f253d78a099cd1a6fca15dfcfafa251514d62e7dfd96d3a013321b382c?s=96&d=mm&r=g","contentUrl":"https:\/\/secure.gravatar.com\/avatar\/dfc2b3f253d78a099cd1a6fca15dfcfafa251514d62e7dfd96d3a013321b382c?s=96&d=mm&r=g","caption":"M\u00f2nica Rodr\u00edguez"},"url":"https:\/\/afc.cat\/es\/author\/secretariaconsellafc\/"}]}},"_links":{"self":[{"href":"https:\/\/afc.cat\/es\/wp-json\/wp\/v2\/posts\/24390","targetHints":{"allow":["GET"]}}],"collection":[{"href":"https:\/\/afc.cat\/es\/wp-json\/wp\/v2\/posts"}],"about":[{"href":"https:\/\/afc.cat\/es\/wp-json\/wp\/v2\/types\/post"}],"author":[{"embeddable":true,"href":"https:\/\/afc.cat\/es\/wp-json\/wp\/v2\/users\/47"}],"replies":[{"embeddable":true,"href":"https:\/\/afc.cat\/es\/wp-json\/wp\/v2\/comments?post=24390"}],"version-history":[{"count":7,"href":"https:\/\/afc.cat\/es\/wp-json\/wp\/v2\/posts\/24390\/revisions"}],"predecessor-version":[{"id":24404,"href":"https:\/\/afc.cat\/es\/wp-json\/wp\/v2\/posts\/24390\/revisions\/24404"}],"wp:featuredmedia":[{"embeddable":true,"href":"https:\/\/afc.cat\/es\/wp-json\/wp\/v2\/media\/24380"}],"wp:attachment":[{"href":"https:\/\/afc.cat\/es\/wp-json\/wp\/v2\/media?parent=24390"}],"wp:term":[{"taxonomy":"category","embeddable":true,"href":"https:\/\/afc.cat\/es\/wp-json\/wp\/v2\/categories?post=24390"},{"taxonomy":"post_tag","embeddable":true,"href":"https:\/\/afc.cat\/es\/wp-json\/wp\/v2\/tags?post=24390"}],"curies":[{"name":"wp","href":"https:\/\/api.w.org\/{rel}","templated":true}]}}