{"id":25399,"date":"2022-01-19T20:50:25","date_gmt":"2022-01-19T18:50:25","guid":{"rendered":"https:\/\/afc.cat\/veredicte-46e-concurs-luis-navarro\/"},"modified":"2022-01-20T17:41:52","modified_gmt":"2022-01-20T15:41:52","slug":"veredicte-46e-concurs-luis-navarro","status":"publish","type":"post","link":"https:\/\/afc.cat\/es\/veredicte-46e-concurs-luis-navarro\/","title":{"rendered":"Veredicto 46.\u00ba Concurso Luis Navarro"},"content":{"rendered":"<div class=\"fusion-fullwidth fullwidth-box fusion-builder-row-1 fusion-flex-container nonhundred-percent-fullwidth non-hundred-percent-height-scrolling\" style=\"background-color: rgba(255,255,255,0);background-position: center center;background-repeat: no-repeat;border-width: 0px 0px 0px 0px;border-color:#ffffff;border-style:solid;\" ><div class=\"fusion-builder-row fusion-row fusion-flex-align-items-flex-start\" style=\"max-width:1300px;margin-left: calc(-4% \/ 2 );margin-right: calc(-4% \/ 2 );\"><div class=\"fusion-layout-column fusion_builder_column fusion-builder-column-0 fusion_builder_column_1_1 1_1 fusion-flex-column\"><div class=\"fusion-column-wrapper fusion-flex-justify-content-flex-start fusion-content-layout-column\" style=\"background-position:left top;background-repeat:no-repeat;-webkit-background-size:cover;-moz-background-size:cover;-o-background-size:cover;background-size:cover;padding: 0px 0px 0px 0px;\"><div class=\"fusion-text fusion-text-1\"><h2>Acta del Jurado<\/h2>\n<p>Reunido el d\u00eda 14 de enero de 2022, el jurado calificador del <strong>46\u00ba concurso Luis Navarro<\/strong>, formado por Carme Mas Puig (Associaci\u00f3 d\u2019Artistes de Premi\u00e0 de Dalt), Merc\u00e8 Mayol Faura (Associaci\u00f3 Fotogr\u00e0fica de la Garriga) y Alfons Oll\u00e9 (Ei POINT , Agrupaci\u00f3 Fotogr\u00e0fica de Catalunya), tras valorar las 114 obras presentadas a concurso de 40 autores participantes de 7 estados, otorgan el siguiente veredicto:<\/p>\n<p><strong>Primer premio<\/strong><br \/>\nTrofeo \u201cLuis Navarro\u201d\u00a0 de la AFC i 200 \u20ac a <strong>Carles Punyet Mir\u00f3<\/strong> de la Agrupaci\u00f3 Fotogr\u00e0fica de Catalunya con la fotograf\u00eda titulada \u201c<strong>Rumb Oest\u201d<\/strong><br \/>\n<strong>Segundo Premio<\/strong><br \/>\nMedalla plateada de la FCF i 100 \u20ac a <strong>Josep Maria Molist i Vilanova<\/strong> de la Associaci\u00f3 Fotogr\u00e0fica La Garriga con la fotograf\u00eda titulada \u201c<strong>Domino\u201d<\/strong><br \/>\n<strong>Tercer Premio<\/strong><br \/>\nMedalla bronceada de la AFC i 50 \u20ac a <strong>Gorka Elarre Sastre<\/strong> de la Sociedad Fotografica de Gipuzkoa con la fotograf\u00eda titulada \u201c<strong>Bailarina\u201d<\/strong><\/p>\n<p><strong>Diplomas de la AFC<\/strong><br \/>\n<strong>Carmen Pascual Soler<\/strong> con la fotograf\u00eda \u201c<strong>Leia 3\u201d<\/strong><br \/>\n<strong>Toni Barbany Bosch<\/strong> de la Agrupaci\u00f3 Fotogr\u00e1fica Montcada i Reixac con la fotograf\u00eda \u201c<strong>Colgar tel\u00e9fono\u201d<\/strong><br \/>\n<strong>John Sheridan<\/strong> con la fotograf\u00eda \u201c<strong>Window of Broken Dreams\u201d<\/strong><\/p>\n<p>Junto con las obras premiades han sido seleccionadas finalistas los siguientes concursantes:<\/p>\n<p><strong>Toni\u00a0 Barbany Bosch<\/strong> ( Agrupaci\u00f3 Fotogr\u00e1fica Montcada i Reixac) &#8211; \u201c<strong>Guitarra_Mans\u201d<\/strong><br \/>\n<strong>Albert\u00a0 Ca\u00f1ellas Xarau<\/strong> (Agrupaci\u00f3 Fotogr\u00e0fica de Catalunya) &#8211;\u00a0 \u201c<strong>Mar i Cel\u201d<\/strong><br \/>\n<strong>Francisco Javier Fern\u00e1ndez G\u00f3mez<\/strong> (Contraste Variable) &#8211; \u201c<strong>Rub\u00e9n Vs NY Giants\u201d<\/strong><br \/>\n<strong>Carlos Frias P\u00e9rez<\/strong>\u00a0 (Agrupaci\u00f3 Fotogr\u00e0fica Sant Boi &#8211; AFOBOI) &#8211; \u201c<strong>Alzheimer, dispersi\u00f3n de la memoria\u201d<\/strong><br \/>\n<strong>Carlos Frias P\u00e9rez<\/strong>\u00a0 (Agrupaci\u00f3 Fotogr\u00e0fica Sant Boi &#8211; AFOBOI) &#8211;\u00a0 \u201c<strong>The Family\u201d<\/strong><br \/>\n<strong>Carlos Girona Gomez<\/strong>\u00a0 (AFIC Blanes) &#8211;\u00a0 \u201c<strong>Eslalon\u201d<\/strong><br \/>\n<strong>Luis Leandro Serrano<\/strong> (A.F. Montcada i Reixac) &#8211;\u00a0 \u201c<strong>Ocaso\u201d<\/strong><br \/>\n<strong>Florentino Molero Guti\u00e9rrez<\/strong> (Agrupaci\u00f3n Fotogr\u00e1fica Antequerana &#8211; AFA) &#8211; \u201c<strong>Muy interesante\u201d<\/strong><br \/>\n<strong>Josep Maria Molist i Vilanova<\/strong> (Associaci\u00f3 Fotogr\u00e0fica La Garriga) &#8211; \u201c<strong>Ou llum i ombres\u201d<\/strong><br \/>\n<strong>Carles\u00a0 Punyet Mir\u00f3<\/strong>\u00a0 (Agrupaci\u00f3 Fotogr\u00e0fica de Catalunya) &#8211; \u201c<strong>Estilis-me\u201d<\/strong><br \/>\n<strong>Raul\u00a0 Villalba<\/strong> (Foto Film Calella) &#8211; \u201c<strong>La encantadora de flamencos\u201d<\/strong><\/p>\n<p>La <strong>Agrupaci\u00f3 Fotogr\u00e0fica de Catalunya<\/strong> agradece el trabajo realizado por el jurado y damos la enhorabuena a los premiados y a todos los concursantes por su participaci\u00f3n.<\/p>\n<p>Vocalia de Concursos<\/p>\n<\/div><div class=\"fusion-text fusion-text-2\"><p style=\"text-align: center;\"><strong>FOTOGRAF\u00cdAS GANADORAS<\/strong><\/p>\n<\/div><style type=\"text\/css\">.fusion-gallery-1 .fusion-gallery-image {border:0px solid #e2e2e2;}<\/style><div class=\"fusion-gallery fusion-gallery-container fusion-grid-3 fusion-columns-total-6 fusion-gallery-layout-grid fusion-gallery-1\" style=\"margin:-5px;\"><div style=\"padding:5px;\" class=\"fusion-grid-column fusion-gallery-column fusion-gallery-column-3 hover-type-zoomin\"><div class=\"fusion-gallery-image\"><a href=\"https:\/\/afc.cat\/wp-content\/uploads\/2022\/01\/01-Rumb-Oest-Carles-Punyet.jpg\" data-title=\"1er premi &#8211; Carles Punyet &#8211; Rumb Oest\" title=\"1er premi &#8211; Carles Punyet &#8211; Rumb Oest\" rel=\"noreferrer\" data-rel=\"iLightbox[gallery_image_1]\" class=\"fusion-lightbox\" target=\"_self\"><img decoding=\"async\" src=\"https:\/\/afc.cat\/wp-content\/uploads\/2022\/01\/01-Rumb-Oest-Carles-Punyet-460x295.jpg\" width=\"460\" height=\"295\" alt=\"\" title=\"1er premi &#8211; Carles Punyet &#8211; Rumb Oest\" aria-label=\"1er premi &#8211; Carles Punyet &#8211; Rumb Oest\" class=\"img-responsive wp-image-25324 fusion-gallery-image-size-fixed\" \/><\/a><\/div><\/div><div style=\"padding:5px;\" class=\"fusion-grid-column fusion-gallery-column fusion-gallery-column-3 hover-type-zoomin\"><div class=\"fusion-gallery-image\"><a href=\"https:\/\/afc.cat\/wp-content\/uploads\/2022\/01\/02-Domino-Josep-Maria-Molist.jpg\" data-title=\"2on premi &#8211; Josep Maria Molist &#8211; Domino\" title=\"2on premi &#8211; Josep Maria Molist &#8211; Domino\" rel=\"noreferrer\" data-rel=\"iLightbox[gallery_image_1]\" class=\"fusion-lightbox\" target=\"_self\"><img decoding=\"async\" src=\"https:\/\/afc.cat\/wp-content\/uploads\/2022\/01\/02-Domino-Josep-Maria-Molist-460x295.jpg\" width=\"460\" height=\"295\" alt=\"\" title=\"2on premi &#8211; Josep Maria Molist &#8211; Domino\" aria-label=\"2on premi &#8211; Josep Maria Molist &#8211; Domino\" class=\"img-responsive wp-image-25326 fusion-gallery-image-size-fixed\" \/><\/a><\/div><\/div><div style=\"padding:5px;\" class=\"fusion-grid-column fusion-gallery-column fusion-gallery-column-3 hover-type-zoomin\"><div class=\"fusion-gallery-image\"><a href=\"https:\/\/afc.cat\/wp-content\/uploads\/2022\/01\/03-Bailarina-Gorka-Elarre-Sastre.jpg\" data-title=\"3er premi &#8211; Gorka Elarre-Sastre &#8211; Bailarina\" title=\"3er premi &#8211; Gorka Elarre-Sastre &#8211; Bailarina\" rel=\"noreferrer\" data-rel=\"iLightbox[gallery_image_1]\" class=\"fusion-lightbox\" target=\"_self\"><img decoding=\"async\" src=\"https:\/\/afc.cat\/wp-content\/uploads\/2022\/01\/03-Bailarina-Gorka-Elarre-Sastre-460x295.jpg\" width=\"460\" height=\"295\" alt=\"\" title=\"3er premi &#8211; Gorka Elarre-Sastre &#8211; Bailarina\" aria-label=\"3er premi &#8211; Gorka Elarre-Sastre &#8211; Bailarina\" class=\"img-responsive wp-image-25328 fusion-gallery-image-size-fixed\" \/><\/a><\/div><\/div><div class=\"clearfix\"><\/div><div style=\"padding:5px;\" class=\"fusion-grid-column fusion-gallery-column fusion-gallery-column-3 hover-type-zoomin\"><div class=\"fusion-gallery-image\"><a href=\"https:\/\/afc.cat\/wp-content\/uploads\/2022\/01\/04-Leia-3-Carmen-Pascual.jpg\" data-title=\"Diploma &#8211; Carmen Pascual &#8211; Leia 3\" title=\"Diploma &#8211; Carmen Pascual &#8211; Leia 3\" rel=\"noreferrer\" data-rel=\"iLightbox[gallery_image_1]\" class=\"fusion-lightbox\" target=\"_self\"><img decoding=\"async\" src=\"https:\/\/afc.cat\/wp-content\/uploads\/2022\/01\/04-Leia-3-Carmen-Pascual-460x295.jpg\" width=\"460\" height=\"295\" alt=\"\" title=\"Diploma &#8211; Carmen Pascual &#8211; Leia 3\" aria-label=\"Diploma &#8211; Carmen Pascual &#8211; Leia 3\" class=\"img-responsive wp-image-25330 fusion-gallery-image-size-fixed\" \/><\/a><\/div><\/div><div style=\"padding:5px;\" class=\"fusion-grid-column fusion-gallery-column fusion-gallery-column-3 hover-type-zoomin\"><div class=\"fusion-gallery-image\"><a href=\"https:\/\/afc.cat\/wp-content\/uploads\/2022\/01\/05-Colgar-Telefono-Toni-Barbany-Bosch.jpg\" data-title=\"Diploma &#8211; Toni Barbany Bosch &#8211; Colgar Tel\u00e9fono\" title=\"Diploma &#8211; Toni Barbany Bosch &#8211; Colgar Tel\u00e9fono\" rel=\"noreferrer\" data-rel=\"iLightbox[gallery_image_1]\" class=\"fusion-lightbox\" target=\"_self\"><img decoding=\"async\" src=\"https:\/\/afc.cat\/wp-content\/uploads\/2022\/01\/05-Colgar-Telefono-Toni-Barbany-Bosch-460x295.jpg\" width=\"460\" height=\"295\" alt=\"\" title=\"Diploma &#8211; Toni Barbany Bosch &#8211; Colgar Tel\u00e9fono\" aria-label=\"Diploma &#8211; Toni Barbany Bosch &#8211; Colgar Tel\u00e9fono\" class=\"img-responsive wp-image-25332 fusion-gallery-image-size-fixed\" \/><\/a><\/div><\/div><div style=\"padding:5px;\" class=\"fusion-grid-column fusion-gallery-column fusion-gallery-column-3 hover-type-zoomin\"><div class=\"fusion-gallery-image\"><a href=\"https:\/\/afc.cat\/wp-content\/uploads\/2022\/01\/06-Window-of-Broken-Dreams-John-Sheridan-3.jpg\" data-title=\"Diploma &#8211; John Sheridan &#8211; Window of Broken Dreams\" title=\"Diploma &#8211; John Sheridan &#8211; Window of Broken Dreams\" rel=\"noreferrer\" data-rel=\"iLightbox[gallery_image_1]\" class=\"fusion-lightbox\" target=\"_self\"><img decoding=\"async\" src=\"https:\/\/afc.cat\/wp-content\/uploads\/2022\/01\/06-Window-of-Broken-Dreams-John-Sheridan-3-460x295.jpg\" width=\"460\" height=\"295\" alt=\"\" title=\"Diploma &#8211; John Sheridan &#8211; Window of Broken Dreams\" aria-label=\"Diploma &#8211; John Sheridan &#8211; Window of Broken Dreams\" class=\"img-responsive wp-image-25381 fusion-gallery-image-size-fixed\" \/><\/a><\/div><\/div><div class=\"clearfix\"><\/div><\/div><div class=\"fusion-text fusion-text-3\" style=\"margin-top:5%;\"><p style=\"text-align: center;\"><strong>FOTOGRAF\u00cdAS FINALISTAS<\/strong><\/p>\n<\/div><style type=\"text\/css\">.fusion-gallery-2 .fusion-gallery-image {border:0px solid #e2e2e2;}<\/style><div class=\"fusion-gallery fusion-gallery-container fusion-grid-4 fusion-columns-total-11 fusion-gallery-layout-grid fusion-gallery-2\" style=\"margin:-5px;\"><div style=\"padding:5px;\" class=\"fusion-grid-column fusion-gallery-column fusion-gallery-column-4 hover-type-none\"><div class=\"fusion-gallery-image\"><a href=\"https:\/\/afc.cat\/wp-content\/uploads\/2022\/01\/Sel-01-Guitarra-Mans-Toni-Barbany-Bosch.jpg\" data-title=\"Sel 01 &#8211; Toni Barbany Bosch &#8211; Guitarra Mans\" title=\"Sel 01 &#8211; Toni Barbany Bosch &#8211; Guitarra Mans\" rel=\"noreferrer\" data-rel=\"iLightbox[gallery_image_2]\" class=\"fusion-lightbox\" target=\"_self\"><img decoding=\"async\" src=\"https:\/\/afc.cat\/wp-content\/uploads\/2022\/01\/Sel-01-Guitarra-Mans-Toni-Barbany-Bosch-320x202.jpg\" width=\"320\" height=\"202\" alt=\"\" title=\"Sel 01 &#8211; Toni Barbany Bosch &#8211; Guitarra Mans\" aria-label=\"Sel 01 &#8211; Toni Barbany Bosch &#8211; Guitarra Mans\" class=\"img-responsive wp-image-25336 fusion-gallery-image-size-fixed\" \/><\/a><\/div><\/div><div style=\"padding:5px;\" class=\"fusion-grid-column fusion-gallery-column fusion-gallery-column-4 hover-type-none\"><div class=\"fusion-gallery-image\"><a href=\"https:\/\/afc.cat\/wp-content\/uploads\/2022\/01\/Sel-02-Mar-i-Cel-Albert-Canellas-Xarau.jpg\" data-title=\"Sel 02 &#8211; Albert Ca\u00f1ellas Xarau &#8211; Mar i Cel\" title=\"Sel 02 &#8211; Albert Ca\u00f1ellas Xarau &#8211; Mar i Cel\" rel=\"noreferrer\" data-rel=\"iLightbox[gallery_image_2]\" class=\"fusion-lightbox\" target=\"_self\"><img decoding=\"async\" src=\"https:\/\/afc.cat\/wp-content\/uploads\/2022\/01\/Sel-02-Mar-i-Cel-Albert-Canellas-Xarau-320x202.jpg\" width=\"320\" height=\"202\" alt=\"\" title=\"Sel 02 &#8211;  Albert Ca\u00f1ellas Xarau &#8211; Mar i Cel\" aria-label=\"Sel 02 &#8211;  Albert Ca\u00f1ellas Xarau &#8211; Mar i Cel\" class=\"img-responsive wp-image-25338 fusion-gallery-image-size-fixed\" \/><\/a><\/div><\/div><div class=\"clearfix\"><\/div><div style=\"padding:5px;\" class=\"fusion-grid-column fusion-gallery-column fusion-gallery-column-4 hover-type-none\"><div class=\"fusion-gallery-image\"><a href=\"https:\/\/afc.cat\/wp-content\/uploads\/2022\/01\/Sel-03-Ruben-Vs-NYGiants-Francisco-Javier-Fernandez-Gomez-1.jpg\" data-title=\"Sel 03 &#8211; Francisco Javier Fern\u00e1ndez G\u00f3mez &#8211; Rub\u00e9n Vs NY Giants\" title=\"Sel 03 &#8211; Francisco Javier Fern\u00e1ndez G\u00f3mez &#8211; Rub\u00e9n Vs NY Giants\" rel=\"noreferrer\" data-rel=\"iLightbox[gallery_image_2]\" class=\"fusion-lightbox\" target=\"_self\"><img decoding=\"async\" src=\"https:\/\/afc.cat\/wp-content\/uploads\/2022\/01\/Sel-03-Ruben-Vs-NYGiants-Francisco-Javier-Fernandez-Gomez-1-320x202.jpg\" width=\"320\" height=\"202\" alt=\"\" title=\"Sel 03 &#8211; Francisco Javier Fern\u00e1ndez G\u00f3mez &#8211; Rub\u00e9n Vs NY Giants\" aria-label=\"Sel 03 &#8211; Francisco Javier Fern\u00e1ndez G\u00f3mez &#8211; Rub\u00e9n Vs NY Giants\" class=\"img-responsive wp-image-25360 fusion-gallery-image-size-fixed\" srcset=\"https:\/\/afc.cat\/wp-content\/uploads\/2022\/01\/Sel-03-Ruben-Vs-NYGiants-Francisco-Javier-Fernandez-Gomez-1-320x202.jpg 320w, https:\/\/afc.cat\/wp-content\/uploads\/2022\/01\/Sel-03-Ruben-Vs-NYGiants-Francisco-Javier-Fernandez-Gomez-1-700x441.jpg 700w\" sizes=\"(max-width: 320px) 100vw, 320px\" \/><\/a><\/div><\/div><div style=\"padding:5px;\" class=\"fusion-grid-column fusion-gallery-column fusion-gallery-column-4 hover-type-none\"><div class=\"fusion-gallery-image\"><a href=\"https:\/\/afc.cat\/wp-content\/uploads\/2022\/01\/Sel-04-Alzheimer-dispersion-de-la-memoria-Carlos-Frias-Perez.jpg\" data-title=\"Sel 04 &#8211; Carlos Frias P\u00e9rez &#8211; Alzheimer, dispersi\u00f3n de la memoria\" title=\"Sel 04 &#8211; Carlos Frias P\u00e9rez &#8211; Alzheimer, dispersi\u00f3n de la memoria\" rel=\"noreferrer\" data-rel=\"iLightbox[gallery_image_2]\" class=\"fusion-lightbox\" target=\"_self\"><img decoding=\"async\" src=\"https:\/\/afc.cat\/wp-content\/uploads\/2022\/01\/Sel-04-Alzheimer-dispersion-de-la-memoria-Carlos-Frias-Perez-320x202.jpg\" width=\"320\" height=\"202\" alt=\"\" title=\"Sel 04 &#8211;  Carlos Frias P\u00e9rez &#8211; Alzheimer, dispersi\u00f3n de la memoria\" aria-label=\"Sel 04 &#8211;  Carlos Frias P\u00e9rez &#8211; Alzheimer, dispersi\u00f3n de la memoria\" class=\"img-responsive wp-image-25342 fusion-gallery-image-size-fixed\" \/><\/a><\/div><\/div><div style=\"padding:5px;\" class=\"fusion-grid-column fusion-gallery-column fusion-gallery-column-4 hover-type-none\"><div class=\"fusion-gallery-image\"><a href=\"https:\/\/afc.cat\/wp-content\/uploads\/2022\/01\/Sel-05-The-family-Carlos-Frias-Perez-1.jpg\" data-title=\"Sel 05 &#8211; Carlos Frias P\u00e9rez &#8211; The family\" title=\"Sel 05 &#8211; Carlos Frias P\u00e9rez &#8211; The family\" rel=\"noreferrer\" data-rel=\"iLightbox[gallery_image_2]\" class=\"fusion-lightbox\" target=\"_self\"><img decoding=\"async\" src=\"https:\/\/afc.cat\/wp-content\/uploads\/2022\/01\/Sel-05-The-family-Carlos-Frias-Perez-1-320x202.jpg\" width=\"320\" height=\"202\" alt=\"\" title=\"Sel 05 &#8211; Carlos Frias P\u00e9rez &#8211; The family\" aria-label=\"Sel 05 &#8211; Carlos Frias P\u00e9rez &#8211; The family\" class=\"img-responsive wp-image-25362 fusion-gallery-image-size-fixed\" srcset=\"https:\/\/afc.cat\/wp-content\/uploads\/2022\/01\/Sel-05-The-family-Carlos-Frias-Perez-1-320x202.jpg 320w, https:\/\/afc.cat\/wp-content\/uploads\/2022\/01\/Sel-05-The-family-Carlos-Frias-Perez-1-700x441.jpg 700w\" sizes=\"(max-width: 320px) 100vw, 320px\" \/><\/a><\/div><\/div><div style=\"padding:5px;\" class=\"fusion-grid-column fusion-gallery-column fusion-gallery-column-4 hover-type-none\"><div class=\"fusion-gallery-image\"><a href=\"https:\/\/afc.cat\/wp-content\/uploads\/2022\/01\/Sel-06-Eslalon-Carlos-Girona-Gomez-1.jpg\" data-title=\"Sel 06 &#8211; Carlos Girona G\u00f3mez &#8211; Eslalon\" title=\"Sel 06 &#8211; Carlos Girona G\u00f3mez &#8211; Eslalon\" rel=\"noreferrer\" data-rel=\"iLightbox[gallery_image_2]\" class=\"fusion-lightbox\" target=\"_self\"><img decoding=\"async\" src=\"https:\/\/afc.cat\/wp-content\/uploads\/2022\/01\/Sel-06-Eslalon-Carlos-Girona-Gomez-1-320x202.jpg\" width=\"320\" height=\"202\" alt=\"\" title=\"Sel 06 &#8211; Carlos Girona G\u00f3mez &#8211; Eslalon\" aria-label=\"Sel 06 &#8211; Carlos Girona G\u00f3mez &#8211; Eslalon\" class=\"img-responsive wp-image-25364 fusion-gallery-image-size-fixed\" srcset=\"https:\/\/afc.cat\/wp-content\/uploads\/2022\/01\/Sel-06-Eslalon-Carlos-Girona-Gomez-1-320x202.jpg 320w, https:\/\/afc.cat\/wp-content\/uploads\/2022\/01\/Sel-06-Eslalon-Carlos-Girona-Gomez-1-700x441.jpg 700w\" sizes=\"(max-width: 320px) 100vw, 320px\" \/><\/a><\/div><\/div><div class=\"clearfix\"><\/div><div style=\"padding:5px;\" class=\"fusion-grid-column fusion-gallery-column fusion-gallery-column-4 hover-type-none\"><div class=\"fusion-gallery-image\"><a href=\"https:\/\/afc.cat\/wp-content\/uploads\/2022\/01\/Sel-07-Ocaso-Luis-Leandro-Serrano-1.jpg\" data-title=\"Sel 07 &#8211; Ocaso &#8211; Luis Leandro Serrano\" title=\"Sel 07 &#8211; Ocaso &#8211; Luis Leandro Serrano\" rel=\"noreferrer\" data-rel=\"iLightbox[gallery_image_2]\" class=\"fusion-lightbox\" target=\"_self\"><img decoding=\"async\" src=\"https:\/\/afc.cat\/wp-content\/uploads\/2022\/01\/Sel-07-Ocaso-Luis-Leandro-Serrano-1-320x202.jpg\" width=\"320\" height=\"202\" alt=\"\" title=\"Sel 07 &#8211; Ocaso &#8211; Luis Leandro Serrano\" aria-label=\"Sel 07 &#8211; Ocaso &#8211; Luis Leandro Serrano\" class=\"img-responsive wp-image-25366 fusion-gallery-image-size-fixed\" srcset=\"https:\/\/afc.cat\/wp-content\/uploads\/2022\/01\/Sel-07-Ocaso-Luis-Leandro-Serrano-1-320x202.jpg 320w, https:\/\/afc.cat\/wp-content\/uploads\/2022\/01\/Sel-07-Ocaso-Luis-Leandro-Serrano-1-700x441.jpg 700w\" sizes=\"(max-width: 320px) 100vw, 320px\" \/><\/a><\/div><\/div><div style=\"padding:5px;\" class=\"fusion-grid-column fusion-gallery-column fusion-gallery-column-4 hover-type-none\"><div class=\"fusion-gallery-image\"><a href=\"https:\/\/afc.cat\/wp-content\/uploads\/2022\/01\/Sel-08-Muyinteresante-Florentino-Molero-Gutierrez-1.jpg\" data-title=\"Sel 08 &#8211; Florentino Molero Guti\u00e9rrez &#8211; Muy interesante\" title=\"Sel 08 &#8211; Florentino Molero Guti\u00e9rrez &#8211; Muy interesante\" rel=\"noreferrer\" data-rel=\"iLightbox[gallery_image_2]\" class=\"fusion-lightbox\" target=\"_self\"><img decoding=\"async\" src=\"https:\/\/afc.cat\/wp-content\/uploads\/2022\/01\/Sel-08-Muyinteresante-Florentino-Molero-Gutierrez-1-320x202.jpg\" width=\"320\" height=\"202\" alt=\"\" title=\"Sel 08 &#8211; Florentino Molero Guti\u00e9rrez &#8211; Muy interesante\" aria-label=\"Sel 08 &#8211; Florentino Molero Guti\u00e9rrez &#8211; Muy interesante\" class=\"img-responsive wp-image-25368 fusion-gallery-image-size-fixed\" srcset=\"https:\/\/afc.cat\/wp-content\/uploads\/2022\/01\/Sel-08-Muyinteresante-Florentino-Molero-Gutierrez-1-200x126.jpg 200w, https:\/\/afc.cat\/wp-content\/uploads\/2022\/01\/Sel-08-Muyinteresante-Florentino-Molero-Gutierrez-1-400x251.jpg 400w, https:\/\/afc.cat\/wp-content\/uploads\/2022\/01\/Sel-08-Muyinteresante-Florentino-Molero-Gutierrez-1-600x377.jpg 600w, https:\/\/afc.cat\/wp-content\/uploads\/2022\/01\/Sel-08-Muyinteresante-Florentino-Molero-Gutierrez-1-800x502.jpg 800w, https:\/\/afc.cat\/wp-content\/uploads\/2022\/01\/Sel-08-Muyinteresante-Florentino-Molero-Gutierrez-1.jpg 1024w\" sizes=\"(min-width: 2200px) 100vw, (min-width: 928px) 309px, (min-width: 832px) 412px, (min-width: 736px) 618px, (min-width: 640px) 736px, \" \/><\/a><\/div><\/div><div style=\"padding:5px;\" class=\"fusion-grid-column fusion-gallery-column fusion-gallery-column-4 hover-type-none\"><div class=\"fusion-gallery-image\"><a href=\"https:\/\/afc.cat\/wp-content\/uploads\/2022\/01\/Sel-09-Ou-llum-i-ombres-Josep-Maria-Molist-i-Vilanova.jpg\" data-title=\"Sel 09 &#8211; Josep Maria Molist i Vilanova &#8211; Ou llum i ombres\" title=\"Sel 09 &#8211; Josep Maria Molist i Vilanova &#8211; Ou llum i ombres\" rel=\"noreferrer\" data-rel=\"iLightbox[gallery_image_2]\" class=\"fusion-lightbox\" target=\"_self\"><img decoding=\"async\" src=\"https:\/\/afc.cat\/wp-content\/uploads\/2022\/01\/Sel-09-Ou-llum-i-ombres-Josep-Maria-Molist-i-Vilanova-320x202.jpg\" width=\"320\" height=\"202\" alt=\"\" title=\"Sel 09 &#8211; Josep Maria Molist i Vilanova &#8211; Ou llum i ombres\" aria-label=\"Sel 09 &#8211; Josep Maria Molist i Vilanova &#8211; Ou llum i ombres\" class=\"img-responsive wp-image-25352 fusion-gallery-image-size-fixed\" srcset=\"https:\/\/afc.cat\/wp-content\/uploads\/2022\/01\/Sel-09-Ou-llum-i-ombres-Josep-Maria-Molist-i-Vilanova-320x202.jpg 320w, https:\/\/afc.cat\/wp-content\/uploads\/2022\/01\/Sel-09-Ou-llum-i-ombres-Josep-Maria-Molist-i-Vilanova-700x441.jpg 700w\" sizes=\"(max-width: 320px) 100vw, 320px\" \/><\/a><\/div><\/div><div style=\"padding:5px;\" class=\"fusion-grid-column fusion-gallery-column fusion-gallery-column-4 hover-type-none\"><div class=\"fusion-gallery-image\"><a href=\"https:\/\/afc.cat\/wp-content\/uploads\/2022\/01\/Sel-10-Estilis-me-Carles-Punyet-1.jpg\" data-title=\"Sel 10 &#8211; Carles Punyet &#8211; Estilis-me\" title=\"Sel 10 &#8211; Carles Punyet &#8211; Estilis-me\" rel=\"noreferrer\" data-rel=\"iLightbox[gallery_image_2]\" class=\"fusion-lightbox\" target=\"_self\"><img decoding=\"async\" src=\"https:\/\/afc.cat\/wp-content\/uploads\/2022\/01\/Sel-10-Estilis-me-Carles-Punyet-1-320x202.jpg\" width=\"320\" height=\"202\" alt=\"\" title=\"Sel 10 &#8211; Carles Punyet &#8211; Estilis-me\" aria-label=\"Sel 10 &#8211; Carles Punyet &#8211; Estilis-me\" class=\"img-responsive wp-image-25370 fusion-gallery-image-size-fixed\" srcset=\"https:\/\/afc.cat\/wp-content\/uploads\/2022\/01\/Sel-10-Estilis-me-Carles-Punyet-1-320x202.jpg 320w, https:\/\/afc.cat\/wp-content\/uploads\/2022\/01\/Sel-10-Estilis-me-Carles-Punyet-1-700x441.jpg 700w\" sizes=\"(max-width: 320px) 100vw, 320px\" \/><\/a><\/div><\/div><div class=\"clearfix\"><\/div><div style=\"padding:5px;\" class=\"fusion-grid-column fusion-gallery-column fusion-gallery-column-4 hover-type-none\"><div class=\"fusion-gallery-image\"><a href=\"https:\/\/afc.cat\/wp-content\/uploads\/2022\/01\/Sel-11-La-encantadora-deflamencos-Raul-Villaba-2.jpg\" data-title=\"Sel 11 &#8211; La encantadora deflamencos &#8211; Raul Villaba\" title=\"Sel 11 &#8211; La encantadora deflamencos &#8211; Raul Villaba\" rel=\"noreferrer\" data-rel=\"iLightbox[gallery_image_2]\" class=\"fusion-lightbox\" target=\"_self\"><img decoding=\"async\" src=\"https:\/\/afc.cat\/wp-content\/uploads\/2022\/01\/Sel-11-La-encantadora-deflamencos-Raul-Villaba-2-320x202.jpg\" width=\"320\" height=\"202\" alt=\"\" title=\"Sel 11 &#8211; La encantadora deflamencos &#8211; Raul Villaba\" aria-label=\"Sel 11 &#8211; La encantadora deflamencos &#8211; Raul Villaba\" class=\"img-responsive wp-image-25383 fusion-gallery-image-size-fixed\" srcset=\"https:\/\/afc.cat\/wp-content\/uploads\/2022\/01\/Sel-11-La-encantadora-deflamencos-Raul-Villaba-2-320x202.jpg 320w, https:\/\/afc.cat\/wp-content\/uploads\/2022\/01\/Sel-11-La-encantadora-deflamencos-Raul-Villaba-2-700x441.jpg 700w\" sizes=\"(max-width: 320px) 100vw, 320px\" \/><\/a><\/div><\/div><\/div><\/div><style type=\"text\/css\">.fusion-body .fusion-builder-column-0{width:100% !important;margin-top : 0px;margin-bottom : 0px;}.fusion-builder-column-0 > .fusion-column-wrapper {padding-top : 0px !important;padding-right : 0px !important;margin-right : 2.56%;padding-bottom : 0px !important;padding-left : 0px !important;margin-left : 1.92%;}@media only screen and (max-width:1024px) {.fusion-body .fusion-builder-column-0{width:100% !important;}.fusion-builder-column-0 > .fusion-column-wrapper {margin-right : 2.56%;margin-left : 1.92%;}}@media only screen and (max-width:640px) {.fusion-body .fusion-builder-column-0{width:100% !important;}.fusion-builder-column-0 > .fusion-column-wrapper {margin-right : 1.92%;margin-left : 1.92%;}}<\/style><\/div><\/div><style type=\"text\/css\">.fusion-body .fusion-flex-container.fusion-builder-row-1{ padding-top : 0px;margin-top : 0px;padding-right : 0px;padding-bottom : 0px;margin-bottom : 0px;padding-left : 0px;}<\/style><\/div>\n","protected":false},"excerpt":{"rendered":"","protected":false},"author":33,"featured_media":25396,"comment_status":"closed","ping_status":"closed","sticky":false,"template":"","format":"standard","meta":{"_acf_changed":false,"footnotes":""},"categories":[37],"tags":[],"class_list":["post-25399","post","type-post","status-publish","format-standard","has-post-thumbnail","hentry","category-concursos-es"],"acf":[],"yoast_head":"<!-- This site is optimized with the Yoast SEO plugin v27.2 - https:\/\/yoast.com\/product\/yoast-seo-wordpress\/ -->\n<title>Veredicto 46.\u00ba Concurso Luis Navarro - Agrupaci\u00f3 Fotogr\u00e0fica de Catalunya<\/title>\n<meta name=\"robots\" content=\"index, follow, max-snippet:-1, max-image-preview:large, max-video-preview:-1\" \/>\n<link rel=\"canonical\" href=\"https:\/\/afc.cat\/es\/veredicte-46e-concurs-luis-navarro\/\" \/>\n<meta property=\"og:locale\" content=\"es_ES\" \/>\n<meta property=\"og:type\" content=\"article\" \/>\n<meta property=\"og:title\" content=\"Veredicto 46.\u00ba Concurso Luis Navarro - Agrupaci\u00f3 Fotogr\u00e0fica de Catalunya\" \/>\n<meta property=\"og:url\" content=\"https:\/\/afc.cat\/es\/veredicte-46e-concurs-luis-navarro\/\" \/>\n<meta property=\"og:site_name\" content=\"Agrupaci\u00f3 Fotogr\u00e0fica de Catalunya\" \/>\n<meta property=\"article:published_time\" content=\"2022-01-19T18:50:25+00:00\" \/>\n<meta property=\"article:modified_time\" content=\"2022-01-20T15:41:52+00:00\" \/>\n<meta property=\"og:image\" content=\"https:\/\/afc.cat\/wp-content\/uploads\/2022\/01\/1-premi-Rumb-Oest-Carles-Punyet.jpg\" \/>\n\t<meta property=\"og:image:width\" content=\"400\" \/>\n\t<meta property=\"og:image:height\" content=\"300\" \/>\n\t<meta property=\"og:image:type\" content=\"image\/jpeg\" \/>\n<meta name=\"author\" content=\"Albert Folch Naval\u00f3n\" \/>\n<meta name=\"twitter:card\" content=\"summary_large_image\" \/>\n<meta name=\"twitter:label1\" content=\"Escrito por\" \/>\n\t<meta name=\"twitter:data1\" content=\"Albert Folch Naval\u00f3n\" \/>\n\t<meta name=\"twitter:label2\" content=\"Tiempo de lectura\" \/>\n\t<meta name=\"twitter:data2\" content=\"3 minutos\" \/>\n<script type=\"application\/ld+json\" class=\"yoast-schema-graph\">{\"@context\":\"https:\/\/schema.org\",\"@graph\":[{\"@type\":\"Article\",\"@id\":\"https:\/\/afc.cat\/es\/veredicte-46e-concurs-luis-navarro\/#article\",\"isPartOf\":{\"@id\":\"https:\/\/afc.cat\/es\/veredicte-46e-concurs-luis-navarro\/\"},\"author\":{\"name\":\"Albert Folch Naval\u00f3n\",\"@id\":\"https:\/\/afc.cat\/es\/#\/schema\/person\/2868ff3362c6c568af6bbef21aab18a6\"},\"headline\":\"Veredicto 46.\u00ba Concurso Luis Navarro\",\"datePublished\":\"2022-01-19T18:50:25+00:00\",\"dateModified\":\"2022-01-20T15:41:52+00:00\",\"mainEntityOfPage\":{\"@id\":\"https:\/\/afc.cat\/es\/veredicte-46e-concurs-luis-navarro\/\"},\"wordCount\":1138,\"image\":{\"@id\":\"https:\/\/afc.cat\/es\/veredicte-46e-concurs-luis-navarro\/#primaryimage\"},\"thumbnailUrl\":\"https:\/\/afc.cat\/wp-content\/uploads\/2022\/01\/1-premi-Rumb-Oest-Carles-Punyet.jpg\",\"articleSection\":[\"Concursos\"],\"inLanguage\":\"es\"},{\"@type\":\"WebPage\",\"@id\":\"https:\/\/afc.cat\/es\/veredicte-46e-concurs-luis-navarro\/\",\"url\":\"https:\/\/afc.cat\/es\/veredicte-46e-concurs-luis-navarro\/\",\"name\":\"Veredicto 46.\u00ba Concurso Luis Navarro - Agrupaci\u00f3 Fotogr\u00e0fica de Catalunya\",\"isPartOf\":{\"@id\":\"https:\/\/afc.cat\/es\/#website\"},\"primaryImageOfPage\":{\"@id\":\"https:\/\/afc.cat\/es\/veredicte-46e-concurs-luis-navarro\/#primaryimage\"},\"image\":{\"@id\":\"https:\/\/afc.cat\/es\/veredicte-46e-concurs-luis-navarro\/#primaryimage\"},\"thumbnailUrl\":\"https:\/\/afc.cat\/wp-content\/uploads\/2022\/01\/1-premi-Rumb-Oest-Carles-Punyet.jpg\",\"datePublished\":\"2022-01-19T18:50:25+00:00\",\"dateModified\":\"2022-01-20T15:41:52+00:00\",\"author\":{\"@id\":\"https:\/\/afc.cat\/es\/#\/schema\/person\/2868ff3362c6c568af6bbef21aab18a6\"},\"breadcrumb\":{\"@id\":\"https:\/\/afc.cat\/es\/veredicte-46e-concurs-luis-navarro\/#breadcrumb\"},\"inLanguage\":\"es\",\"potentialAction\":[{\"@type\":\"ReadAction\",\"target\":[\"https:\/\/afc.cat\/es\/veredicte-46e-concurs-luis-navarro\/\"]}]},{\"@type\":\"ImageObject\",\"inLanguage\":\"es\",\"@id\":\"https:\/\/afc.cat\/es\/veredicte-46e-concurs-luis-navarro\/#primaryimage\",\"url\":\"https:\/\/afc.cat\/wp-content\/uploads\/2022\/01\/1-premi-Rumb-Oest-Carles-Punyet.jpg\",\"contentUrl\":\"https:\/\/afc.cat\/wp-content\/uploads\/2022\/01\/1-premi-Rumb-Oest-Carles-Punyet.jpg\",\"width\":400,\"height\":300},{\"@type\":\"BreadcrumbList\",\"@id\":\"https:\/\/afc.cat\/es\/veredicte-46e-concurs-luis-navarro\/#breadcrumb\",\"itemListElement\":[{\"@type\":\"ListItem\",\"position\":1,\"name\":\"Inicio\",\"item\":\"https:\/\/afc.cat\/es\/\"},{\"@type\":\"ListItem\",\"position\":2,\"name\":\"Veredicto 46.\u00ba Concurso Luis Navarro\"}]},{\"@type\":\"WebSite\",\"@id\":\"https:\/\/afc.cat\/es\/#website\",\"url\":\"https:\/\/afc.cat\/es\/\",\"name\":\"Agrupaci\u00f3 Fotogr\u00e0fica de Catalunya\",\"description\":\"Fomento y divulgaci\u00f3n de la fotograf\u00eda en todas sus variedades\",\"potentialAction\":[{\"@type\":\"SearchAction\",\"target\":{\"@type\":\"EntryPoint\",\"urlTemplate\":\"https:\/\/afc.cat\/es\/?s={search_term_string}\"},\"query-input\":{\"@type\":\"PropertyValueSpecification\",\"valueRequired\":true,\"valueName\":\"search_term_string\"}}],\"inLanguage\":\"es\"},{\"@type\":\"Person\",\"@id\":\"https:\/\/afc.cat\/es\/#\/schema\/person\/2868ff3362c6c568af6bbef21aab18a6\",\"name\":\"Albert Folch Naval\u00f3n\",\"image\":{\"@type\":\"ImageObject\",\"inLanguage\":\"es\",\"@id\":\"https:\/\/secure.gravatar.com\/avatar\/d9af2c27458acd834a2ba71216b3c70b3d550f58587654086a7e7c13f9ffa40c?s=96&d=mm&r=g\",\"url\":\"https:\/\/secure.gravatar.com\/avatar\/d9af2c27458acd834a2ba71216b3c70b3d550f58587654086a7e7c13f9ffa40c?s=96&d=mm&r=g\",\"contentUrl\":\"https:\/\/secure.gravatar.com\/avatar\/d9af2c27458acd834a2ba71216b3c70b3d550f58587654086a7e7c13f9ffa40c?s=96&d=mm&r=g\",\"caption\":\"Albert Folch Naval\u00f3n\"},\"url\":\"https:\/\/afc.cat\/es\/author\/albertf2021\/\"}]}<\/script>\n<!-- \/ Yoast SEO plugin. -->","yoast_head_json":{"title":"Veredicto 46.\u00ba Concurso Luis Navarro - Agrupaci\u00f3 Fotogr\u00e0fica de Catalunya","robots":{"index":"index","follow":"follow","max-snippet":"max-snippet:-1","max-image-preview":"max-image-preview:large","max-video-preview":"max-video-preview:-1"},"canonical":"https:\/\/afc.cat\/es\/veredicte-46e-concurs-luis-navarro\/","og_locale":"es_ES","og_type":"article","og_title":"Veredicto 46.\u00ba Concurso Luis Navarro - Agrupaci\u00f3 Fotogr\u00e0fica de Catalunya","og_url":"https:\/\/afc.cat\/es\/veredicte-46e-concurs-luis-navarro\/","og_site_name":"Agrupaci\u00f3 Fotogr\u00e0fica de Catalunya","article_published_time":"2022-01-19T18:50:25+00:00","article_modified_time":"2022-01-20T15:41:52+00:00","og_image":[{"width":400,"height":300,"url":"https:\/\/afc.cat\/wp-content\/uploads\/2022\/01\/1-premi-Rumb-Oest-Carles-Punyet.jpg","type":"image\/jpeg"}],"author":"Albert Folch Naval\u00f3n","twitter_card":"summary_large_image","twitter_misc":{"Escrito por":"Albert Folch Naval\u00f3n","Tiempo de lectura":"3 minutos"},"schema":{"@context":"https:\/\/schema.org","@graph":[{"@type":"Article","@id":"https:\/\/afc.cat\/es\/veredicte-46e-concurs-luis-navarro\/#article","isPartOf":{"@id":"https:\/\/afc.cat\/es\/veredicte-46e-concurs-luis-navarro\/"},"author":{"name":"Albert Folch Naval\u00f3n","@id":"https:\/\/afc.cat\/es\/#\/schema\/person\/2868ff3362c6c568af6bbef21aab18a6"},"headline":"Veredicto 46.\u00ba Concurso Luis Navarro","datePublished":"2022-01-19T18:50:25+00:00","dateModified":"2022-01-20T15:41:52+00:00","mainEntityOfPage":{"@id":"https:\/\/afc.cat\/es\/veredicte-46e-concurs-luis-navarro\/"},"wordCount":1138,"image":{"@id":"https:\/\/afc.cat\/es\/veredicte-46e-concurs-luis-navarro\/#primaryimage"},"thumbnailUrl":"https:\/\/afc.cat\/wp-content\/uploads\/2022\/01\/1-premi-Rumb-Oest-Carles-Punyet.jpg","articleSection":["Concursos"],"inLanguage":"es"},{"@type":"WebPage","@id":"https:\/\/afc.cat\/es\/veredicte-46e-concurs-luis-navarro\/","url":"https:\/\/afc.cat\/es\/veredicte-46e-concurs-luis-navarro\/","name":"Veredicto 46.\u00ba Concurso Luis Navarro - Agrupaci\u00f3 Fotogr\u00e0fica de Catalunya","isPartOf":{"@id":"https:\/\/afc.cat\/es\/#website"},"primaryImageOfPage":{"@id":"https:\/\/afc.cat\/es\/veredicte-46e-concurs-luis-navarro\/#primaryimage"},"image":{"@id":"https:\/\/afc.cat\/es\/veredicte-46e-concurs-luis-navarro\/#primaryimage"},"thumbnailUrl":"https:\/\/afc.cat\/wp-content\/uploads\/2022\/01\/1-premi-Rumb-Oest-Carles-Punyet.jpg","datePublished":"2022-01-19T18:50:25+00:00","dateModified":"2022-01-20T15:41:52+00:00","author":{"@id":"https:\/\/afc.cat\/es\/#\/schema\/person\/2868ff3362c6c568af6bbef21aab18a6"},"breadcrumb":{"@id":"https:\/\/afc.cat\/es\/veredicte-46e-concurs-luis-navarro\/#breadcrumb"},"inLanguage":"es","potentialAction":[{"@type":"ReadAction","target":["https:\/\/afc.cat\/es\/veredicte-46e-concurs-luis-navarro\/"]}]},{"@type":"ImageObject","inLanguage":"es","@id":"https:\/\/afc.cat\/es\/veredicte-46e-concurs-luis-navarro\/#primaryimage","url":"https:\/\/afc.cat\/wp-content\/uploads\/2022\/01\/1-premi-Rumb-Oest-Carles-Punyet.jpg","contentUrl":"https:\/\/afc.cat\/wp-content\/uploads\/2022\/01\/1-premi-Rumb-Oest-Carles-Punyet.jpg","width":400,"height":300},{"@type":"BreadcrumbList","@id":"https:\/\/afc.cat\/es\/veredicte-46e-concurs-luis-navarro\/#breadcrumb","itemListElement":[{"@type":"ListItem","position":1,"name":"Inicio","item":"https:\/\/afc.cat\/es\/"},{"@type":"ListItem","position":2,"name":"Veredicto 46.\u00ba Concurso Luis Navarro"}]},{"@type":"WebSite","@id":"https:\/\/afc.cat\/es\/#website","url":"https:\/\/afc.cat\/es\/","name":"Agrupaci\u00f3 Fotogr\u00e0fica de Catalunya","description":"Fomento y divulgaci\u00f3n de la fotograf\u00eda en todas sus variedades","potentialAction":[{"@type":"SearchAction","target":{"@type":"EntryPoint","urlTemplate":"https:\/\/afc.cat\/es\/?s={search_term_string}"},"query-input":{"@type":"PropertyValueSpecification","valueRequired":true,"valueName":"search_term_string"}}],"inLanguage":"es"},{"@type":"Person","@id":"https:\/\/afc.cat\/es\/#\/schema\/person\/2868ff3362c6c568af6bbef21aab18a6","name":"Albert Folch Naval\u00f3n","image":{"@type":"ImageObject","inLanguage":"es","@id":"https:\/\/secure.gravatar.com\/avatar\/d9af2c27458acd834a2ba71216b3c70b3d550f58587654086a7e7c13f9ffa40c?s=96&d=mm&r=g","url":"https:\/\/secure.gravatar.com\/avatar\/d9af2c27458acd834a2ba71216b3c70b3d550f58587654086a7e7c13f9ffa40c?s=96&d=mm&r=g","contentUrl":"https:\/\/secure.gravatar.com\/avatar\/d9af2c27458acd834a2ba71216b3c70b3d550f58587654086a7e7c13f9ffa40c?s=96&d=mm&r=g","caption":"Albert Folch Naval\u00f3n"},"url":"https:\/\/afc.cat\/es\/author\/albertf2021\/"}]}},"_links":{"self":[{"href":"https:\/\/afc.cat\/es\/wp-json\/wp\/v2\/posts\/25399","targetHints":{"allow":["GET"]}}],"collection":[{"href":"https:\/\/afc.cat\/es\/wp-json\/wp\/v2\/posts"}],"about":[{"href":"https:\/\/afc.cat\/es\/wp-json\/wp\/v2\/types\/post"}],"author":[{"embeddable":true,"href":"https:\/\/afc.cat\/es\/wp-json\/wp\/v2\/users\/33"}],"replies":[{"embeddable":true,"href":"https:\/\/afc.cat\/es\/wp-json\/wp\/v2\/comments?post=25399"}],"version-history":[{"count":9,"href":"https:\/\/afc.cat\/es\/wp-json\/wp\/v2\/posts\/25399\/revisions"}],"predecessor-version":[{"id":25416,"href":"https:\/\/afc.cat\/es\/wp-json\/wp\/v2\/posts\/25399\/revisions\/25416"}],"wp:featuredmedia":[{"embeddable":true,"href":"https:\/\/afc.cat\/es\/wp-json\/wp\/v2\/media\/25396"}],"wp:attachment":[{"href":"https:\/\/afc.cat\/es\/wp-json\/wp\/v2\/media?parent=25399"}],"wp:term":[{"taxonomy":"category","embeddable":true,"href":"https:\/\/afc.cat\/es\/wp-json\/wp\/v2\/categories?post=25399"},{"taxonomy":"post_tag","embeddable":true,"href":"https:\/\/afc.cat\/es\/wp-json\/wp\/v2\/tags?post=25399"}],"curies":[{"name":"wp","href":"https:\/\/api.w.org\/{rel}","templated":true}]}}