{"id":27305,"date":"2022-04-05T12:04:12","date_gmt":"2022-04-05T10:04:12","guid":{"rendered":"https:\/\/afc.cat\/el-periodico-parla-de-lafc\/"},"modified":"2022-04-11T19:25:07","modified_gmt":"2022-04-11T17:25:07","slug":"el-periodico-parla-de-lafc","status":"publish","type":"post","link":"https:\/\/afc.cat\/es\/el-periodico-parla-de-lafc\/","title":{"rendered":"\u00abEl Peri\u00f3dico\u00bb habla de la AFC"},"content":{"rendered":"<div class=\"fusion-fullwidth fullwidth-box fusion-builder-row-1 fusion-flex-container nonhundred-percent-fullwidth non-hundred-percent-height-scrolling\" style=\"background-color: rgba(255,255,255,0);background-position: center center;background-repeat: no-repeat;border-width: 0px 0px 0px 0px;border-color:#ffffff;border-style:solid;\" ><div class=\"fusion-builder-row fusion-row fusion-flex-align-items-flex-start\" style=\"max-width:1300px;margin-left: calc(-4% \/ 2 );margin-right: calc(-4% \/ 2 );\"><div class=\"fusion-layout-column fusion_builder_column fusion-builder-column-0 fusion_builder_column_2_3 2_3 fusion-flex-column\"><div class=\"fusion-column-wrapper fusion-flex-justify-content-flex-start fusion-content-layout-column\" style=\"background-position:left top;background-repeat:no-repeat;-webkit-background-size:cover;-moz-background-size:cover;-o-background-size:cover;background-size:cover;padding: 0px 0px 0px 0px;\"><div class=\"fusion-text fusion-text-1\" style=\"margin-top:5%;\"><h2>La maravillosa Milagros Caturla regresa a Barcelona<\/h2>\n<p><strong>Tom Sponheim<\/strong>, turista afortunado que compr\u00f3 a ciegas unos misteriosos negativos en los <strong>Encants<\/strong>, dona aquel tesoro a la Agrupaci\u00f3 Fotogr\u00e0fica de Catalunya.<\/p>\n<\/div><div ><span class=\" fusion-imageframe imageframe-none imageframe-1 hover-type-zoomin\"><img decoding=\"async\" width=\"1024\" height=\"682\" alt=\"Milagros Caturla\" title=\"Milagros Caturla\" src=\"https:\/\/afc.cat\/wp-content\/uploads\/2022\/04\/Caturla-nena-1024x682.jpg\" class=\"img-responsive wp-image-27280\" srcset=\"https:\/\/afc.cat\/wp-content\/uploads\/2022\/04\/Caturla-nena-200x133.jpg 200w, https:\/\/afc.cat\/wp-content\/uploads\/2022\/04\/Caturla-nena-400x266.jpg 400w, https:\/\/afc.cat\/wp-content\/uploads\/2022\/04\/Caturla-nena-600x400.jpg 600w, https:\/\/afc.cat\/wp-content\/uploads\/2022\/04\/Caturla-nena-800x533.jpg 800w, https:\/\/afc.cat\/wp-content\/uploads\/2022\/04\/Caturla-nena.jpg 1200w\" sizes=\"(max-width: 640px) 100vw, 800px\" \/><\/span><\/div><div class=\"fusion-text fusion-text-2\" style=\"font-size:13px;\"><p style=\"text-align: center;\">\u2019Ballet\u2019<br \/>\nMilagros Caturla<\/p>\n<\/div><div class=\"fusion-text fusion-text-3\"><p>Esto es un ep\u00edlogo. Si son ustedes de los que no aguardan a la escena a\u00f1adida tras los t\u00edtulos de cr\u00e9dito en el cine, pueden, si lo desean, descartar la lectura de esta cr\u00f3nica y limitarse a gozar, una vez m\u00e1s, de las im\u00e1genes. No es una mala opci\u00f3n. Las fotograf\u00edas que a caballo de los a\u00f1os 50 y 60 tom\u00f3 y revel\u00f3 en un cuarto de su casa Milagros Caturla, la llamada <strong>Vivian Maier de Barcelona<\/strong>, son realmente exquisitas. Sobre su vida y obra no hay nada nuevo que a\u00f1adir. El ep\u00edlogo, de esto va esto, es que los valiosos negativos que revelaron al mundo la existencia de aquella talentosa mujer y que un turista estadounidense, <strong>Tom Sponheim<\/strong>, compr\u00f3 en los <strong>Encants<\/strong> sin saber qu\u00e9 conten\u00edan, han retornado a casa, a la casi centenaria <strong>Agrupaci\u00f3 Fotogr\u00e0fica de Catalunya<\/strong>. Se cierra un c\u00edrculo.<\/p>\n<\/div><div ><span class=\" fusion-imageframe imageframe-none imageframe-2 hover-type-none\"><img decoding=\"async\" width=\"660\" height=\"370\" title=\"Milagros Caturla\" src=\"https:\/\/afc.cat\/wp-content\/uploads\/2022\/04\/Caturla-Font.jpg\" alt class=\"img-responsive wp-image-27278\" srcset=\"https:\/\/afc.cat\/wp-content\/uploads\/2022\/04\/Caturla-Font-200x112.jpg 200w, https:\/\/afc.cat\/wp-content\/uploads\/2022\/04\/Caturla-Font-400x224.jpg 400w, https:\/\/afc.cat\/wp-content\/uploads\/2022\/04\/Caturla-Font-600x336.jpg 600w, https:\/\/afc.cat\/wp-content\/uploads\/2022\/04\/Caturla-Font.jpg 660w\" sizes=\"(max-width: 640px) 100vw, 660px\" \/><\/span><\/div><div class=\"fusion-text fusion-text-4\" style=\"font-size:13px;\"><p style=\"text-align: center;\">Foto: Milagros Caturla<\/p>\n<\/div><div class=\"fusion-text fusion-text-5\"><p style=\"text-align: left;\">Una breve recapitulaci\u00f3n obliga a recordar el viaje de Sponheim a Barcelona en 2001. Visit\u00f3 la <strong>Sagrada Fam\u00edlia<\/strong> y, callejeando, que es lo que hay que hacer en esta ciudad, lleg\u00f3 a los Encants. Ya entonces, aquel \u2018march\u00e9 aux puces\u2019 al sur de los Pirineos comenzaba a despuntar como un cementerio de los elefantes de los negativos, un lugar donde aficionados a la arqueolog\u00eda fotogr\u00e1fica compran antiguas placas de cristal o im\u00e1genes en celuloide por el puro placer de revelarlos y llevarse tal vez, una vez positivados, agradables sorpresas. Aquello le hizo gracia a Sponheim y por menos de cinco euros se llev\u00f3 varios sobres de una cajita.<\/p>\n<\/div><div ><span class=\" fusion-imageframe imageframe-none imageframe-3 hover-type-none\"><img decoding=\"async\" width=\"660\" height=\"662\" title=\"Milagros Caturla\" src=\"https:\/\/afc.cat\/wp-content\/uploads\/2022\/04\/Caturla-Capellans.jpg\" alt class=\"img-responsive wp-image-27276\" srcset=\"https:\/\/afc.cat\/wp-content\/uploads\/2022\/04\/Caturla-Capellans-200x201.jpg 200w, https:\/\/afc.cat\/wp-content\/uploads\/2022\/04\/Caturla-Capellans-400x401.jpg 400w, https:\/\/afc.cat\/wp-content\/uploads\/2022\/04\/Caturla-Capellans-600x602.jpg 600w, https:\/\/afc.cat\/wp-content\/uploads\/2022\/04\/Caturla-Capellans.jpg 660w\" sizes=\"(max-width: 640px) 100vw, 660px\" \/><\/span><\/div><div class=\"fusion-text fusion-text-6\" style=\"font-size:13px;\"><p style=\"text-align: center;\">Foto: Milagros Caturla<\/p>\n<\/div><div class=\"fusion-text fusion-text-7\"><p>De regreso a casa, no daba cr\u00e9dito. Positiv\u00f3 las im\u00e1genes y descubri\u00f3 en ellas no solo una mirada fotogr\u00e1fica exquisita, sino tambi\u00e9n que hab\u00edan pertenecido a alguien con un don. Los antiguos aficionados a la fotograf\u00eda anal\u00f3gica lo sabr\u00e1n muy bien. En ocasiones, de un carrete de 36 capturas se pod\u00edan salvar con un buen reencuadre y buena mano en el laboratorio dos, tres o cuatro buenos retratos. La m\u00e1s famosa fotograf\u00eda de<strong> Che Guevara<\/strong>, la un mill\u00f3n de veces utilizada para estampar camisetas y p\u00f3sters, la entresac\u00f3 Alberto D\u00edaz \u2018Korda\u2019 de un carrete que, visto en su conjunto, es realmente catastr\u00f3fico.<\/p>\n<p>Esa es la cuesti\u00f3n. <strong>Sponheim<\/strong> vio al trasluz de repente una cordillera de \u2018ochomiles\u2019. Hab\u00eda alguna imagen mejor que otra, de acuerdo, pero pr\u00e1cticamente todas las de la serie eran preciosas.<\/p>\n<\/div><div ><span class=\" fusion-imageframe imageframe-none imageframe-4 hover-type-none\"><img decoding=\"async\" width=\"660\" height=\"492\" title=\"Milagros Caturla\" src=\"https:\/\/afc.cat\/wp-content\/uploads\/2022\/04\/Caturla-Dones-grans.jpg\" alt class=\"img-responsive wp-image-27274\" srcset=\"https:\/\/afc.cat\/wp-content\/uploads\/2022\/04\/Caturla-Dones-grans-200x149.jpg 200w, https:\/\/afc.cat\/wp-content\/uploads\/2022\/04\/Caturla-Dones-grans-400x298.jpg 400w, https:\/\/afc.cat\/wp-content\/uploads\/2022\/04\/Caturla-Dones-grans-600x447.jpg 600w, https:\/\/afc.cat\/wp-content\/uploads\/2022\/04\/Caturla-Dones-grans.jpg 660w\" sizes=\"(max-width: 640px) 100vw, 660px\" \/><\/span><\/div><div class=\"fusion-text fusion-text-8\" style=\"font-size:13px;\"><p style=\"text-align: center;\">Foto: Milagros Caturla<\/p>\n<\/div><div class=\"fusion-text fusion-text-9\"><p>Decor\u00f3 una pared de su casa con copias de aquellas fotos, pero aquello no hizo m\u00e1s que plantar en \u00e9l una semilla de curiosidad insaciable. \u00bfQui\u00e9n era el autor de aquellas fotograf\u00edas? \u00bfEra la obra perdida de alguien reputado? Encar\u00f3 esa inc\u00f3gnita como hoy en d\u00eda se resuelven estos enigmas. Ech\u00f3 mano de las redes sociales. Las mostr\u00f3 en Facebook y, no solo eso, pag\u00f3 para dar visibilidad a la p\u00e1gina en la que las exhib\u00eda. Pasaron a ser conocidas como \u2018las fotos perdidas de Barcelona\u2018.<\/p>\n<\/div><div ><span class=\" fusion-imageframe imageframe-none imageframe-5 hover-type-none\"><img decoding=\"async\" width=\"660\" height=\"990\" title=\"Milagros Caturla\" src=\"https:\/\/afc.cat\/wp-content\/uploads\/2022\/04\/Caturla-Peus.jpg\" alt class=\"img-responsive wp-image-27272\" srcset=\"https:\/\/afc.cat\/wp-content\/uploads\/2022\/04\/Caturla-Peus-200x300.jpg 200w, https:\/\/afc.cat\/wp-content\/uploads\/2022\/04\/Caturla-Peus-400x600.jpg 400w, https:\/\/afc.cat\/wp-content\/uploads\/2022\/04\/Caturla-Peus-600x900.jpg 600w, https:\/\/afc.cat\/wp-content\/uploads\/2022\/04\/Caturla-Peus.jpg 660w\" sizes=\"(max-width: 640px) 100vw, 660px\" \/><\/span><\/div><div class=\"fusion-text fusion-text-10\" style=\"font-size:13px;\"><p style=\"text-align: center;\">Foto: Milagros Caturla<\/p>\n<\/div><div class=\"fusion-text fusion-text-11\"><p>Los m\u00e1s futboleros puede que recuerden la semifinal de la <strong>Champions League<\/strong> que en 2011 enfrent\u00f3 al <strong>Real Madrid<\/strong> y al <strong>FC Barcelona<\/strong>. En el minuto 87, <strong>Sergio Busquets<\/strong> realiz\u00f3 la asistencia de gol m\u00e1s tonta de toda su carrera. Estaba casi en mitad del terreno de juego. La pelota estaba junto a sus botas. Apenas la golpe\u00f3. Sencillamente, <strong>Leo Messi<\/strong> pas\u00f3 por ah\u00ed a la carrera, se la llev\u00f3 y tras sortear a cuatro defensas de a\u00fapa como si fueran aprendices, venci\u00f3 a <strong>Iker Casillas<\/strong> y dej\u00f3 sentenciada la eliminatoria.<\/p>\n<\/div><div ><span class=\" fusion-imageframe imageframe-none imageframe-6 hover-type-none\"><img decoding=\"async\" width=\"660\" height=\"422\" title=\"Milagros Caturla\" src=\"https:\/\/afc.cat\/wp-content\/uploads\/2022\/04\/Caturla-Nens-saltant-paret.jpg\" alt class=\"img-responsive wp-image-27270\" srcset=\"https:\/\/afc.cat\/wp-content\/uploads\/2022\/04\/Caturla-Nens-saltant-paret-200x128.jpg 200w, https:\/\/afc.cat\/wp-content\/uploads\/2022\/04\/Caturla-Nens-saltant-paret-400x256.jpg 400w, https:\/\/afc.cat\/wp-content\/uploads\/2022\/04\/Caturla-Nens-saltant-paret-600x384.jpg 600w, https:\/\/afc.cat\/wp-content\/uploads\/2022\/04\/Caturla-Nens-saltant-paret.jpg 660w\" sizes=\"(max-width: 640px) 100vw, 660px\" \/><\/span><\/div><div class=\"fusion-text fusion-text-12\" style=\"font-size:13px;\"><p style=\"text-align: center;\">Foto: Milagros Caturla<\/p>\n<\/div><div class=\"fusion-text fusion-text-13\"><p>Quien esto firma fue <strong>Busquets<\/strong> en 2017. A trav\u00e9s de uno de los cazadores de negativos de los Encants, <strong>Enric Pareto<\/strong>, supo de la existencia de Sponheim y de su obsesi\u00f3n. Fue una asistencia period\u00edstica simple y llana. Se mostraron en este diario la fotos de Tom y se titul\u00f3 literalmente con un \u2018se busca\u2019. El gol lo marc\u00f3 <strong>Bego\u00f1a Fern\u00e1ndez<\/strong>, Messi, que simplemente ley\u00f3 aquel art\u00edculo y se sumergi\u00f3 en los oce\u00e1nicos archivos de la Agrupaci\u00f3 Fotografica de Catalunya hasta dar con una coincidencia. Una de las fotos de los negativos hab\u00eda ganado uno de aquellos concursos fotogr\u00e1ficos que a finales de los a\u00f1os 50 se organizaban en la ciudad para aficionados. As\u00ed sali\u00f3 a la luz el nombre de <strong>Milagros Caturla<\/strong>.<\/p>\n<\/div><div ><span class=\" fusion-imageframe imageframe-none imageframe-7 hover-type-none\"><img decoding=\"async\" width=\"660\" height=\"356\" title=\"Milagros Caturla\" src=\"https:\/\/afc.cat\/wp-content\/uploads\/2022\/04\/Caturla-Home-sentat-banc.jpg\" alt class=\"img-responsive wp-image-27268\" srcset=\"https:\/\/afc.cat\/wp-content\/uploads\/2022\/04\/Caturla-Home-sentat-banc-200x108.jpg 200w, https:\/\/afc.cat\/wp-content\/uploads\/2022\/04\/Caturla-Home-sentat-banc-400x216.jpg 400w, https:\/\/afc.cat\/wp-content\/uploads\/2022\/04\/Caturla-Home-sentat-banc-600x324.jpg 600w, https:\/\/afc.cat\/wp-content\/uploads\/2022\/04\/Caturla-Home-sentat-banc.jpg 660w\" sizes=\"(max-width: 640px) 100vw, 660px\" \/><\/span><\/div><div class=\"fusion-text fusion-text-14\" style=\"font-size:13px;\"><p style=\"text-align: center;\">Foto: Milagros Caturla<\/p>\n<\/div><div class=\"fusion-text fusion-text-15\"><p>El siguiente cap\u00edtulo, lo recordar\u00e1n quienes se interesaron entonces por aquella historia, consisti\u00f3 en reconstruir la biograf\u00eda de Caturla, s\u00e9ptima descendiente de un matrimonio con 10 hijos, funcionaria de la Diputaci\u00f3n Provincial de Barcelona y, sobre todo, en una \u00e9poca en la que estaba mal visto que las mujeres ejercieran de fot\u00f3grafas, fot\u00f3grafa de gran afici\u00f3n. Eso la define perfectamente como persona.<\/p>\n<\/div><div ><span class=\" fusion-imageframe imageframe-none imageframe-8 hover-type-none\"><img decoding=\"async\" width=\"660\" height=\"463\" title=\"Milagros Caturla\" src=\"https:\/\/afc.cat\/wp-content\/uploads\/2022\/04\/Caturla-Circ.jpg\" alt class=\"img-responsive wp-image-27266\" srcset=\"https:\/\/afc.cat\/wp-content\/uploads\/2022\/04\/Caturla-Circ-200x140.jpg 200w, https:\/\/afc.cat\/wp-content\/uploads\/2022\/04\/Caturla-Circ-400x281.jpg 400w, https:\/\/afc.cat\/wp-content\/uploads\/2022\/04\/Caturla-Circ-600x421.jpg 600w, https:\/\/afc.cat\/wp-content\/uploads\/2022\/04\/Caturla-Circ.jpg 660w\" sizes=\"(max-width: 640px) 100vw, 660px\" \/><\/span><\/div><div class=\"fusion-text fusion-text-16\" style=\"font-size:13px;\"><p style=\"text-align: center;\">Foto: Milagros Caturla<\/p>\n<\/div><div class=\"fusion-text fusion-text-17\"><p>Se apunt\u00f3 a los llamados \u2018salones fotogr\u00e1ficos\u2019, en realidad concursos en los que se propon\u00edan a los participantes unos retos con la c\u00e1mara y para los que <strong>Caturla<\/strong> demostr\u00f3 tener muy buena mano. Se alz\u00f3 con algunos premios. Uno de ellos le fue concedido por una obra, la que sirvi\u00f3 a Fern\u00e1ndez para pronunciar el oportuno \u2018eureka\u2019, que llevaba por t\u00edtulo \u2018<strong>Fervor<\/strong>\u2019 y que, en honor a la verdad, no es ni siquiera la m\u00e1s maravillosa de las fotograf\u00edas del carrete que compr\u00f3 Sponheim.<\/p>\n<\/div><div ><span class=\" fusion-imageframe imageframe-none imageframe-9 hover-type-none\"><img decoding=\"async\" width=\"660\" height=\"508\" title=\"Milagros Caturla &#8211; (Fervor)\" src=\"https:\/\/afc.cat\/wp-content\/uploads\/2022\/04\/Caturla-Fervor.jpg\" alt class=\"img-responsive wp-image-27264\" srcset=\"https:\/\/afc.cat\/wp-content\/uploads\/2022\/04\/Caturla-Fervor-200x154.jpg 200w, https:\/\/afc.cat\/wp-content\/uploads\/2022\/04\/Caturla-Fervor-400x308.jpg 400w, https:\/\/afc.cat\/wp-content\/uploads\/2022\/04\/Caturla-Fervor-600x462.jpg 600w, https:\/\/afc.cat\/wp-content\/uploads\/2022\/04\/Caturla-Fervor.jpg 660w\" sizes=\"(max-width: 640px) 100vw, 660px\" \/><\/span><\/div><div class=\"fusion-text fusion-text-18\" style=\"font-size:13px;\"><p style=\"text-align: center;\">Foto: \u00abFervor\u00bb &#8211; Milagros Caturla<\/p>\n<\/div><div class=\"fusion-text fusion-text-19\"><p>La trayectoria de <strong>Caturla<\/strong> como fot\u00f3grafa se vel\u00f3 en los a\u00f1os 60 por ese mal cr\u00f3nico que padece Barcelona desde antes incluso de tirar sus murallas. Tuvo que renunciar a su piso de la calle de Val\u00e8ncia y trasldarse a un apartamento m\u00e1s peque\u00f1o en el casco antiguo de la ciudad. A saber cu\u00e1ntos proyectos de vida extraordinarios ha lastrado el precio de los alquileres en esta ciudad. El caso es que, en el primero de los pisos Caturla ten\u00eda espacio para dedicar una habitaci\u00f3n a laboratorio de revelado. En el segundo, no. Fin de la historia.<\/p>\n<\/div><div ><span class=\" fusion-imageframe imageframe-none imageframe-10 hover-type-none\"><img decoding=\"async\" width=\"660\" height=\"689\" title=\"Milagros Caturla\" src=\"https:\/\/afc.cat\/wp-content\/uploads\/2022\/04\/Caturla-Dona-ma.jpg\" alt class=\"img-responsive wp-image-27262\" srcset=\"https:\/\/afc.cat\/wp-content\/uploads\/2022\/04\/Caturla-Dona-ma-200x209.jpg 200w, https:\/\/afc.cat\/wp-content\/uploads\/2022\/04\/Caturla-Dona-ma-400x418.jpg 400w, https:\/\/afc.cat\/wp-content\/uploads\/2022\/04\/Caturla-Dona-ma-600x626.jpg 600w, https:\/\/afc.cat\/wp-content\/uploads\/2022\/04\/Caturla-Dona-ma.jpg 660w\" sizes=\"(max-width: 640px) 100vw, 660px\" \/><\/span><\/div><div class=\"fusion-text fusion-text-20\" style=\"font-size:13px;\"><p style=\"text-align: center;\">Foto: Milagros Caturla<\/p>\n<\/div><div class=\"fusion-text fusion-text-21\"><p>El ep\u00edlogo de esta historia se produjo hace apenas un mes y medio. <strong>Sponheim<\/strong> mantuvo una conversaci\u00f3n transatl\u00e1ntica con <strong>Pere Puigdollers<\/strong>, nuevo presidente de la Agrupaci\u00f3 Fotogr\u00e0fica de Catalunya. Le expres\u00f3 su temor de que sus hijos, el d\u00eda que \u00e9l no est\u00e9, no le den a aquellos negativos el valor m\u00e1s que sentimental que realmente tienen, as\u00ed que propuso donarlos a la agrupaci\u00f3n para que los conserve. Ya han realizado el viaje de vuelta a la que fue su casa. A cambio de nada. \u201c\u00bfC\u00f3mo podr\u00eda quejarme de la falta de \u00e9tica de otras personas si ante una situaci\u00f3n como esta yo no me comportara as\u00ed?\u201d, explica Sponheim.<\/p>\n<\/div><div ><span class=\" fusion-imageframe imageframe-none imageframe-11 hover-type-none\"><img decoding=\"async\" width=\"660\" height=\"567\" title=\"Milagros Caturla\" src=\"https:\/\/afc.cat\/wp-content\/uploads\/2022\/04\/Caturla-Nens-patinant.jpg\" alt class=\"img-responsive wp-image-27260\" srcset=\"https:\/\/afc.cat\/wp-content\/uploads\/2022\/04\/Caturla-Nens-patinant-200x172.jpg 200w, https:\/\/afc.cat\/wp-content\/uploads\/2022\/04\/Caturla-Nens-patinant-400x344.jpg 400w, https:\/\/afc.cat\/wp-content\/uploads\/2022\/04\/Caturla-Nens-patinant-600x515.jpg 600w, https:\/\/afc.cat\/wp-content\/uploads\/2022\/04\/Caturla-Nens-patinant.jpg 660w\" sizes=\"(max-width: 640px) 100vw, 660px\" \/><\/span><\/div><div class=\"fusion-text fusion-text-22\" style=\"font-size:13px;\"><p style=\"text-align: center;\">Foto: Milagros Caturla<\/p>\n<\/div><div class=\"fusion-text fusion-text-23\"><p>Esta historia termina, a su manera, como \u2018Charada\u2019 deliciosa pel\u00edcula de <strong>Stanley Donen<\/strong> de 1963, con <strong>Audrey Hepburn y Cary Grant<\/strong> como protagonistas. Ambos descubren tras todo tipo de aventuras que el tesoro que persiguen sus antagonistas son tres sellos pegados en un sobre, tres antig\u00fcedades de incalculable valor. Cuando reparan en ello, se enteran con pavor de que un ni\u00f1o los ha intercambiado con un anticuario por una bolsa de sellos baratos. El anticuario, cuando Hepburn le visita, se los devuelve sin m\u00e1s. Le confiesa que le basta con que hayan sido suyos durante unos minutos. Como a Sponheim le ha pasado con los negativos. negatius.<\/p>\n<p><strong>Carles Cols<\/strong><\/p>\n<\/div><\/div><style type=\"text\/css\">.fusion-body .fusion-builder-column-0{width:66.666666666667% !important;margin-top : 0px;margin-bottom : 0px;}.fusion-builder-column-0 > .fusion-column-wrapper {padding-top : 0px !important;padding-right : 0px !important;margin-right : 3.84%;padding-bottom : 0px !important;padding-left : 0px !important;margin-left : 2.88%;}@media only screen and (max-width:1024px) {.fusion-body .fusion-builder-column-0{width:66.666666666667% !important;}.fusion-builder-column-0 > .fusion-column-wrapper {margin-right : 3.84%;margin-left : 2.88%;}}@media only screen and (max-width:640px) {.fusion-body .fusion-builder-column-0{width:100% !important;}.fusion-builder-column-0 > .fusion-column-wrapper {margin-right : 1.92%;margin-left : 1.92%;}}<\/style><\/div><div class=\"fusion-layout-column fusion_builder_column fusion-builder-column-1 fusion_builder_column_1_3 1_3 fusion-flex-column\"><div class=\"fusion-column-wrapper fusion-flex-justify-content-flex-start fusion-content-layout-column\" style=\"background-position:left top;background-repeat:no-repeat;-webkit-background-size:cover;-moz-background-size:cover;-o-background-size:cover;background-size:cover;padding: 0px 0px 0px 0px;\"><div style=\"text-align:center;\"><span class=\" fusion-imageframe imageframe-none imageframe-12 hover-type-none\"><img decoding=\"async\" width=\"200\" height=\"300\" title=\"Milagros Caturla\" src=\"https:\/\/afc.cat\/wp-content\/uploads\/2022\/04\/Caturla-Peus-200x300.jpg\" alt class=\"img-responsive wp-image-27272\" srcset=\"https:\/\/afc.cat\/wp-content\/uploads\/2022\/04\/Caturla-Peus-200x300.jpg 200w, https:\/\/afc.cat\/wp-content\/uploads\/2022\/04\/Caturla-Peus-400x600.jpg 400w, https:\/\/afc.cat\/wp-content\/uploads\/2022\/04\/Caturla-Peus-600x900.jpg 600w, https:\/\/afc.cat\/wp-content\/uploads\/2022\/04\/Caturla-Peus.jpg 660w\" sizes=\"(max-width: 640px) 100vw, 400px\" \/><\/span><\/div><div class=\"fusion-text fusion-text-24\" style=\"text-align:center;font-size:13px;color:#adadad;\"><p style=\"text-align: center;\">Foto: Milagros Caturla<\/p>\n<\/div><\/div><style type=\"text\/css\">.fusion-body .fusion-builder-column-1{width:33.333333333333% !important;margin-top : 0px;margin-bottom : 0px;}.fusion-builder-column-1 > .fusion-column-wrapper {padding-top : 0px !important;padding-right : 0px !important;margin-right : 5.76%;padding-bottom : 0px !important;padding-left : 0px !important;margin-left : 3.84%;}@media only screen and (max-width:1024px) {.fusion-body .fusion-builder-column-1{width:33.333333333333% !important;}.fusion-builder-column-1 > .fusion-column-wrapper {margin-right : 5.76%;margin-left : 3.84%;}}@media only screen and (max-width:640px) {.fusion-body .fusion-builder-column-1{width:100% !important;}.fusion-builder-column-1 > .fusion-column-wrapper {margin-right : 1.92%;margin-left : 1.92%;}}<\/style><\/div><\/div><style type=\"text\/css\">.fusion-body .fusion-flex-container.fusion-builder-row-1{ padding-top : 0px;margin-top : 0px;padding-right : 0px;padding-bottom : 0px;margin-bottom : 0px;padding-left : 0px;}<\/style><\/div>\n","protected":false},"excerpt":{"rendered":"","protected":false},"author":33,"featured_media":0,"comment_status":"open","ping_status":"open","sticky":false,"template":"","format":"standard","meta":{"_acf_changed":false,"footnotes":""},"categories":[36],"tags":[],"class_list":["post-27305","post","type-post","status-publish","format-standard","hentry","category-actos-culturales"],"acf":[],"yoast_head":"<!-- This site is optimized with the Yoast SEO plugin v27.5 - https:\/\/yoast.com\/product\/yoast-seo-wordpress\/ -->\n<title>&quot;El Peri\u00f3dico&quot; habla de la AFC - Agrupaci\u00f3 Fotogr\u00e0fica de Catalunya<\/title>\n<meta name=\"robots\" content=\"index, nofollow, max-snippet:-1, max-video-preview:-1, noimageindex\" \/>\n<link rel=\"canonical\" href=\"https:\/\/afc.cat\/es\/el-periodico-parla-de-lafc\/\" \/>\n<meta property=\"og:locale\" content=\"es_ES\" \/>\n<meta property=\"og:type\" content=\"article\" \/>\n<meta property=\"og:title\" content=\"&quot;El Peri\u00f3dico&quot; habla de la AFC - Agrupaci\u00f3 Fotogr\u00e0fica de Catalunya\" \/>\n<meta property=\"og:url\" content=\"https:\/\/afc.cat\/es\/el-periodico-parla-de-lafc\/\" \/>\n<meta property=\"og:site_name\" content=\"Agrupaci\u00f3 Fotogr\u00e0fica de Catalunya\" \/>\n<meta property=\"article:published_time\" content=\"2022-04-05T10:04:12+00:00\" \/>\n<meta property=\"article:modified_time\" content=\"2022-04-11T17:25:07+00:00\" \/>\n<meta name=\"author\" content=\"Albert Folch Naval\u00f3n\" \/>\n<meta name=\"twitter:card\" content=\"summary_large_image\" \/>\n<meta name=\"twitter:label1\" content=\"Escrito por\" \/>\n\t<meta name=\"twitter:data1\" content=\"Albert Folch Naval\u00f3n\" \/>\n\t<meta name=\"twitter:label2\" content=\"Tiempo de lectura\" \/>\n\t<meta name=\"twitter:data2\" content=\"18 minutos\" \/>\n<script type=\"application\/ld+json\" class=\"yoast-schema-graph\">{\"@context\":\"https:\\\/\\\/schema.org\",\"@graph\":[{\"@type\":\"Article\",\"@id\":\"https:\\\/\\\/afc.cat\\\/es\\\/el-periodico-parla-de-lafc\\\/#article\",\"isPartOf\":{\"@id\":\"https:\\\/\\\/afc.cat\\\/es\\\/el-periodico-parla-de-lafc\\\/\"},\"author\":{\"name\":\"Albert Folch Naval\u00f3n\",\"@id\":\"https:\\\/\\\/afc.cat\\\/es\\\/#\\\/schema\\\/person\\\/2868ff3362c6c568af6bbef21aab18a6\"},\"headline\":\"\u00abEl Peri\u00f3dico\u00bb habla de la AFC\",\"datePublished\":\"2022-04-05T10:04:12+00:00\",\"dateModified\":\"2022-04-11T17:25:07+00:00\",\"mainEntityOfPage\":{\"@id\":\"https:\\\/\\\/afc.cat\\\/es\\\/el-periodico-parla-de-lafc\\\/\"},\"wordCount\":6630,\"commentCount\":0,\"articleSection\":[\"Actos Culturales\"],\"inLanguage\":\"es\",\"potentialAction\":[{\"@type\":\"CommentAction\",\"name\":\"Comment\",\"target\":[\"https:\\\/\\\/afc.cat\\\/es\\\/el-periodico-parla-de-lafc\\\/#respond\"]}]},{\"@type\":\"WebPage\",\"@id\":\"https:\\\/\\\/afc.cat\\\/es\\\/el-periodico-parla-de-lafc\\\/\",\"url\":\"https:\\\/\\\/afc.cat\\\/es\\\/el-periodico-parla-de-lafc\\\/\",\"name\":\"\\\"El Peri\u00f3dico\\\" habla de la AFC - Agrupaci\u00f3 Fotogr\u00e0fica de Catalunya\",\"isPartOf\":{\"@id\":\"https:\\\/\\\/afc.cat\\\/es\\\/#website\"},\"datePublished\":\"2022-04-05T10:04:12+00:00\",\"dateModified\":\"2022-04-11T17:25:07+00:00\",\"author\":{\"@id\":\"https:\\\/\\\/afc.cat\\\/es\\\/#\\\/schema\\\/person\\\/2868ff3362c6c568af6bbef21aab18a6\"},\"breadcrumb\":{\"@id\":\"https:\\\/\\\/afc.cat\\\/es\\\/el-periodico-parla-de-lafc\\\/#breadcrumb\"},\"inLanguage\":\"es\",\"potentialAction\":[{\"@type\":\"ReadAction\",\"target\":[\"https:\\\/\\\/afc.cat\\\/es\\\/el-periodico-parla-de-lafc\\\/\"]}]},{\"@type\":\"BreadcrumbList\",\"@id\":\"https:\\\/\\\/afc.cat\\\/es\\\/el-periodico-parla-de-lafc\\\/#breadcrumb\",\"itemListElement\":[{\"@type\":\"ListItem\",\"position\":1,\"name\":\"Inicio\",\"item\":\"https:\\\/\\\/afc.cat\\\/es\\\/\"},{\"@type\":\"ListItem\",\"position\":2,\"name\":\"&#8220;El Peri\u00f3dico&#8221; habla de la AFC\"}]},{\"@type\":\"WebSite\",\"@id\":\"https:\\\/\\\/afc.cat\\\/es\\\/#website\",\"url\":\"https:\\\/\\\/afc.cat\\\/es\\\/\",\"name\":\"Agrupaci\u00f3 Fotogr\u00e0fica de Catalunya\",\"description\":\"Fomento y divulgaci\u00f3n de la fotograf\u00eda en todas sus variedades\",\"potentialAction\":[{\"@type\":\"SearchAction\",\"target\":{\"@type\":\"EntryPoint\",\"urlTemplate\":\"https:\\\/\\\/afc.cat\\\/es\\\/?s={search_term_string}\"},\"query-input\":{\"@type\":\"PropertyValueSpecification\",\"valueRequired\":true,\"valueName\":\"search_term_string\"}}],\"inLanguage\":\"es\"},{\"@type\":\"Person\",\"@id\":\"https:\\\/\\\/afc.cat\\\/es\\\/#\\\/schema\\\/person\\\/2868ff3362c6c568af6bbef21aab18a6\",\"name\":\"Albert Folch Naval\u00f3n\",\"image\":{\"@type\":\"ImageObject\",\"inLanguage\":\"es\",\"@id\":\"https:\\\/\\\/secure.gravatar.com\\\/avatar\\\/d9af2c27458acd834a2ba71216b3c70b3d550f58587654086a7e7c13f9ffa40c?s=96&d=mm&r=g\",\"url\":\"https:\\\/\\\/secure.gravatar.com\\\/avatar\\\/d9af2c27458acd834a2ba71216b3c70b3d550f58587654086a7e7c13f9ffa40c?s=96&d=mm&r=g\",\"contentUrl\":\"https:\\\/\\\/secure.gravatar.com\\\/avatar\\\/d9af2c27458acd834a2ba71216b3c70b3d550f58587654086a7e7c13f9ffa40c?s=96&d=mm&r=g\",\"caption\":\"Albert Folch Naval\u00f3n\"},\"url\":\"https:\\\/\\\/afc.cat\\\/es\\\/author\\\/albertf2021\\\/\"}]}<\/script>\n<!-- \/ Yoast SEO plugin. -->","yoast_head_json":{"title":"\"El Peri\u00f3dico\" habla de la AFC - Agrupaci\u00f3 Fotogr\u00e0fica de Catalunya","robots":{"index":"index","follow":"nofollow","max-snippet":"max-snippet:-1","max-video-preview":"max-video-preview:-1","imageindex":"noimageindex"},"canonical":"https:\/\/afc.cat\/es\/el-periodico-parla-de-lafc\/","og_locale":"es_ES","og_type":"article","og_title":"\"El Peri\u00f3dico\" habla de la AFC - Agrupaci\u00f3 Fotogr\u00e0fica de Catalunya","og_url":"https:\/\/afc.cat\/es\/el-periodico-parla-de-lafc\/","og_site_name":"Agrupaci\u00f3 Fotogr\u00e0fica de Catalunya","article_published_time":"2022-04-05T10:04:12+00:00","article_modified_time":"2022-04-11T17:25:07+00:00","author":"Albert Folch Naval\u00f3n","twitter_card":"summary_large_image","twitter_misc":{"Escrito por":"Albert Folch Naval\u00f3n","Tiempo de lectura":"18 minutos"},"schema":{"@context":"https:\/\/schema.org","@graph":[{"@type":"Article","@id":"https:\/\/afc.cat\/es\/el-periodico-parla-de-lafc\/#article","isPartOf":{"@id":"https:\/\/afc.cat\/es\/el-periodico-parla-de-lafc\/"},"author":{"name":"Albert Folch Naval\u00f3n","@id":"https:\/\/afc.cat\/es\/#\/schema\/person\/2868ff3362c6c568af6bbef21aab18a6"},"headline":"\u00abEl Peri\u00f3dico\u00bb habla de la AFC","datePublished":"2022-04-05T10:04:12+00:00","dateModified":"2022-04-11T17:25:07+00:00","mainEntityOfPage":{"@id":"https:\/\/afc.cat\/es\/el-periodico-parla-de-lafc\/"},"wordCount":6630,"commentCount":0,"articleSection":["Actos Culturales"],"inLanguage":"es","potentialAction":[{"@type":"CommentAction","name":"Comment","target":["https:\/\/afc.cat\/es\/el-periodico-parla-de-lafc\/#respond"]}]},{"@type":"WebPage","@id":"https:\/\/afc.cat\/es\/el-periodico-parla-de-lafc\/","url":"https:\/\/afc.cat\/es\/el-periodico-parla-de-lafc\/","name":"\"El Peri\u00f3dico\" habla de la AFC - Agrupaci\u00f3 Fotogr\u00e0fica de Catalunya","isPartOf":{"@id":"https:\/\/afc.cat\/es\/#website"},"datePublished":"2022-04-05T10:04:12+00:00","dateModified":"2022-04-11T17:25:07+00:00","author":{"@id":"https:\/\/afc.cat\/es\/#\/schema\/person\/2868ff3362c6c568af6bbef21aab18a6"},"breadcrumb":{"@id":"https:\/\/afc.cat\/es\/el-periodico-parla-de-lafc\/#breadcrumb"},"inLanguage":"es","potentialAction":[{"@type":"ReadAction","target":["https:\/\/afc.cat\/es\/el-periodico-parla-de-lafc\/"]}]},{"@type":"BreadcrumbList","@id":"https:\/\/afc.cat\/es\/el-periodico-parla-de-lafc\/#breadcrumb","itemListElement":[{"@type":"ListItem","position":1,"name":"Inicio","item":"https:\/\/afc.cat\/es\/"},{"@type":"ListItem","position":2,"name":"&#8220;El Peri\u00f3dico&#8221; habla de la AFC"}]},{"@type":"WebSite","@id":"https:\/\/afc.cat\/es\/#website","url":"https:\/\/afc.cat\/es\/","name":"Agrupaci\u00f3 Fotogr\u00e0fica de Catalunya","description":"Fomento y divulgaci\u00f3n de la fotograf\u00eda en todas sus variedades","potentialAction":[{"@type":"SearchAction","target":{"@type":"EntryPoint","urlTemplate":"https:\/\/afc.cat\/es\/?s={search_term_string}"},"query-input":{"@type":"PropertyValueSpecification","valueRequired":true,"valueName":"search_term_string"}}],"inLanguage":"es"},{"@type":"Person","@id":"https:\/\/afc.cat\/es\/#\/schema\/person\/2868ff3362c6c568af6bbef21aab18a6","name":"Albert Folch Naval\u00f3n","image":{"@type":"ImageObject","inLanguage":"es","@id":"https:\/\/secure.gravatar.com\/avatar\/d9af2c27458acd834a2ba71216b3c70b3d550f58587654086a7e7c13f9ffa40c?s=96&d=mm&r=g","url":"https:\/\/secure.gravatar.com\/avatar\/d9af2c27458acd834a2ba71216b3c70b3d550f58587654086a7e7c13f9ffa40c?s=96&d=mm&r=g","contentUrl":"https:\/\/secure.gravatar.com\/avatar\/d9af2c27458acd834a2ba71216b3c70b3d550f58587654086a7e7c13f9ffa40c?s=96&d=mm&r=g","caption":"Albert Folch Naval\u00f3n"},"url":"https:\/\/afc.cat\/es\/author\/albertf2021\/"}]}},"_links":{"self":[{"href":"https:\/\/afc.cat\/es\/wp-json\/wp\/v2\/posts\/27305","targetHints":{"allow":["GET"]}}],"collection":[{"href":"https:\/\/afc.cat\/es\/wp-json\/wp\/v2\/posts"}],"about":[{"href":"https:\/\/afc.cat\/es\/wp-json\/wp\/v2\/types\/post"}],"author":[{"embeddable":true,"href":"https:\/\/afc.cat\/es\/wp-json\/wp\/v2\/users\/33"}],"replies":[{"embeddable":true,"href":"https:\/\/afc.cat\/es\/wp-json\/wp\/v2\/comments?post=27305"}],"version-history":[{"count":5,"href":"https:\/\/afc.cat\/es\/wp-json\/wp\/v2\/posts\/27305\/revisions"}],"predecessor-version":[{"id":27315,"href":"https:\/\/afc.cat\/es\/wp-json\/wp\/v2\/posts\/27305\/revisions\/27315"}],"wp:attachment":[{"href":"https:\/\/afc.cat\/es\/wp-json\/wp\/v2\/media?parent=27305"}],"wp:term":[{"taxonomy":"category","embeddable":true,"href":"https:\/\/afc.cat\/es\/wp-json\/wp\/v2\/categories?post=27305"},{"taxonomy":"post_tag","embeddable":true,"href":"https:\/\/afc.cat\/es\/wp-json\/wp\/v2\/tags?post=27305"}],"curies":[{"name":"wp","href":"https:\/\/api.w.org\/{rel}","templated":true}]}}