{"id":28742,"date":"2022-07-25T19:28:40","date_gmt":"2022-07-25T17:28:40","guid":{"rendered":"https:\/\/afc.cat\/?p=28742"},"modified":"2022-07-29T12:37:31","modified_gmt":"2022-07-29T10:37:31","slug":"resena-fotografica-expo-transits-xavier-manrique","status":"publish","type":"post","link":"https:\/\/afc.cat\/es\/resena-fotografica-expo-transits-xavier-manrique\/","title":{"rendered":"Rese\u00f1a Fotogr\u00e1fica: Exposici\u00f3n \u00abTransits\u00bb \/ Xavier Manrique"},"content":{"rendered":"<div class=\"fusion-fullwidth fullwidth-box fusion-builder-row-1 fusion-flex-container nonhundred-percent-fullwidth non-hundred-percent-height-scrolling\" style=\"background-color: rgba(255,255,255,0);background-position: center center;background-repeat: no-repeat;border-width: 0px 0px 0px 0px;border-color:#ffffff;border-style:solid;\" ><div class=\"fusion-builder-row fusion-row fusion-flex-align-items-flex-start\" style=\"max-width:1300px;margin-left: calc(-4% \/ 2 );margin-right: calc(-4% \/ 2 );\"><div class=\"fusion-layout-column fusion_builder_column fusion-builder-column-0 fusion_builder_column_2_3 2_3 fusion-flex-column\"><div class=\"fusion-column-wrapper fusion-flex-justify-content-flex-start fusion-content-layout-column\" style=\"background-position:left top;background-repeat:no-repeat;-webkit-background-size:cover;-moz-background-size:cover;-o-background-size:cover;background-size:cover;padding: 0px 0px 0px 0px;\"><div class=\"fusion-text fusion-text-1\"><h2 class=\"fusion-responsive-typography-calculated\" data-fontsize=\"40\" data-lineheight=\"48px\">Visita a la exposici\u00f3n \u201cTransits\u201d de Xavier Manrique<\/h2>\n<p>El pasado mi\u00e9rcoles 20 de julio, un grupo de 14 socias y socios de la Agrupaci\u00f3n, visitamos la <strong>galer\u00eda V\u00e1lido Foto<\/strong>, de la calle Buenaventura Mu\u00f1oz, 6 de Barcelona.<\/p>\n<p>Entre el numeroso grupo de socios asistentes hab\u00eda cuatro reci\u00e9n incorporados a nuestra entidad y quedaron gratamente sorprendidos de la visita a la galer\u00eda.<\/p>\n<p>Una galer\u00eda dedicada desde hace muchos a\u00f1os a la programaci\u00f3n y difusi\u00f3n de la fotograf\u00eda y de sus artistas. <strong>Fernando Peracho<\/strong>, su director, nos acogi\u00f3 muy amablemente y nos hizo sentir como en casa.<\/p>\n<p>Tengo que remarcar que fue una jornada especial, primero por el elevado n\u00famero de participantes y segundo porque tuvimos la gran suerte que el autor de las magn\u00edficas fotograf\u00edas expuestas nos hiciera una visita guiada. Todo un privilegio. <strong>XAVIER MANRIQUE<\/strong> nos hizo de gu\u00eda.<\/p>\n<p>Despu\u00e9s de una peque\u00f1a introducci\u00f3n general donde nos explic\u00f3 el porqu\u00e9 del t\u00edtulo de la exposici\u00f3n: <strong>TRANSITS<\/strong>, pas\u00f3 a comentarnos una a una la foto o grupo de fotos, seg\u00fan el caso. Localizaciones, horarios, motivaci\u00f3n, procesado, impresi\u00f3n, tipo de papel, etc. disfrutamos de unas extensas y clarificadoras explicaciones que nos permitieron, conocer el autor y su manera de entender el hecho fotogr\u00e1fico. Respondi\u00f3 tambi\u00e9n todas nuestras preguntas, que no fueron pocas.<\/p>\n<p>El tiempo nos pas\u00f3 volando y pasada una hora y media dieron por finalizada la visita.<\/p>\n<p><strong>TRANSITS<\/strong> est\u00e1 ubicado en un tiempo indefinido, aquel que posiblemente existe entre los viajes, en la frontera que hay entre el sue\u00f1o y la realidad, en un momento donde los recuerdos, la memoria, el horizonte y los deseos toman todo el protagonismo, en un espacio difuso donde todo ha sido y todo est\u00e1 a acontecer.<\/p>\n<p><strong>XAVIER MANRIQUE<\/strong> nos ofrece una fotograf\u00eda po\u00e9tica, on\u00edrica, entre el sue\u00f1o y el pensamiento introspectivo. Im\u00e1genes delicadas, tratadas con mucha deliadeza donde lo procesado siempre est\u00e1 al servicio de la idea. Paisajes de geograf\u00edas pr\u00f3ximas, pero que nos remiten a espacios imaginarios, siempre delicados y sugerentes.<\/p>\n<p>Una visita para recordar.<\/p>\n<p>Hasta la pr\u00f3xima actividad que espero que no os perd\u00e1is.<\/p>\n<p><strong>Francesc Soldevila<\/strong><br \/>\nVocal de cultura<\/p>\n<\/div><\/div><style type=\"text\/css\">.fusion-body .fusion-builder-column-0{width:66.666666666667% !important;margin-top : 0px;margin-bottom : 0px;}.fusion-builder-column-0 > .fusion-column-wrapper {padding-top : 0px !important;padding-right : 0px !important;margin-right : 3.84%;padding-bottom : 0px !important;padding-left : 0px !important;margin-left : 2.88%;}@media only screen and (max-width:1024px) {.fusion-body .fusion-builder-column-0{width:66.666666666667% !important;}.fusion-builder-column-0 > .fusion-column-wrapper {margin-right : 3.84%;margin-left : 2.88%;}}@media only screen and (max-width:640px) {.fusion-body .fusion-builder-column-0{width:100% !important;}.fusion-builder-column-0 > .fusion-column-wrapper {margin-right : 1.92%;margin-left : 1.92%;}}<\/style><\/div><div class=\"fusion-layout-column fusion_builder_column fusion-builder-column-1 fusion_builder_column_1_3 1_3 fusion-flex-column\"><div class=\"fusion-column-wrapper fusion-flex-justify-content-flex-start fusion-content-layout-column\" style=\"background-position:left top;background-repeat:no-repeat;-webkit-background-size:cover;-moz-background-size:cover;-o-background-size:cover;background-size:cover;padding: 0px 0px 0px 0px;\"><div ><span class=\" fusion-imageframe imageframe-none imageframe-1 hover-type-none\"><img decoding=\"async\" width=\"320\" height=\"240\" title=\"Xavier Manrique\" src=\"https:\/\/afc.cat\/wp-content\/uploads\/2022\/07\/Xavier-Manrique.jpeg\" alt class=\"img-responsive wp-image-28764\" srcset=\"https:\/\/afc.cat\/wp-content\/uploads\/2022\/07\/Xavier-Manrique-200x150.jpeg 200w, https:\/\/afc.cat\/wp-content\/uploads\/2022\/07\/Xavier-Manrique.jpeg 320w\" sizes=\"(max-width: 640px) 100vw, 320px\" \/><\/span><\/div><div class=\"fusion-text fusion-text-2\" style=\"text-align:center;font-size:13px;color:#adadad;\"><p>Xavier Manrique<\/p>\n<\/div><\/div><style type=\"text\/css\">.fusion-body .fusion-builder-column-1{width:33.333333333333% !important;margin-top : 0px;margin-bottom : 0px;}.fusion-builder-column-1 > .fusion-column-wrapper {padding-top : 0px !important;padding-right : 0px !important;margin-right : 5.76%;padding-bottom : 0px !important;padding-left : 0px !important;margin-left : 3.84%;}@media only screen and (max-width:1024px) {.fusion-body .fusion-builder-column-1{width:33.333333333333% !important;}.fusion-builder-column-1 > .fusion-column-wrapper {margin-right : 5.76%;margin-left : 3.84%;}}@media only screen and (max-width:640px) {.fusion-body .fusion-builder-column-1{width:100% !important;}.fusion-builder-column-1 > .fusion-column-wrapper {margin-right : 1.92%;margin-left : 1.92%;}}<\/style><\/div><\/div><style type=\"text\/css\">.fusion-body .fusion-flex-container.fusion-builder-row-1{ padding-top : 0px;margin-top : 0px;padding-right : 0px;padding-bottom : 0px;margin-bottom : 0px;padding-left : 0px;}<\/style><\/div>\n","protected":false},"excerpt":{"rendered":"","protected":false},"author":47,"featured_media":28729,"comment_status":"open","ping_status":"open","sticky":false,"template":"","format":"standard","meta":{"_acf_changed":false,"footnotes":""},"categories":[172,36],"tags":[],"class_list":["post-28742","post","type-post","status-publish","format-standard","has-post-thumbnail","hentry","category-actividades","category-actos-culturales"],"acf":[],"yoast_head":"<!-- This site is optimized with the Yoast SEO plugin v27.5 - https:\/\/yoast.com\/product\/yoast-seo-wordpress\/ -->\n<title>Rese\u00f1a Fotogr\u00e1fica: Exposici\u00f3n &quot;Transits&quot; \/ Xavier Manrique<\/title>\n<meta name=\"description\" content=\"Rese\u00f1a de la visita a la exposici\u00f3n &quot;Tr\u00e1nsitos&quot; de Xavier Manrique.\" \/>\n<meta name=\"robots\" content=\"index, follow, max-snippet:-1, max-image-preview:large, max-video-preview:-1\" \/>\n<link rel=\"canonical\" href=\"https:\/\/afc.cat\/es\/resena-fotografica-expo-transits-xavier-manrique\/\" \/>\n<meta property=\"og:locale\" content=\"es_ES\" \/>\n<meta property=\"og:type\" content=\"article\" \/>\n<meta property=\"og:title\" content=\"Rese\u00f1a Fotogr\u00e1fica: Exposici\u00f3n &quot;Transits&quot; \/ Xavier Manrique\" \/>\n<meta property=\"og:description\" content=\"Rese\u00f1a de la visita a la exposici\u00f3n &quot;Tr\u00e1nsitos&quot; de Xavier Manrique.\" \/>\n<meta property=\"og:url\" content=\"https:\/\/afc.cat\/es\/resena-fotografica-expo-transits-xavier-manrique\/\" \/>\n<meta property=\"og:site_name\" content=\"Agrupaci\u00f3 Fotogr\u00e0fica de Catalunya\" \/>\n<meta property=\"article:published_time\" content=\"2022-07-25T17:28:40+00:00\" \/>\n<meta property=\"article:modified_time\" content=\"2022-07-29T10:37:31+00:00\" \/>\n<meta property=\"og:image\" content=\"https:\/\/afc.cat\/wp-content\/uploads\/2022\/07\/AFC_Transits.jpg\" \/>\n\t<meta property=\"og:image:width\" content=\"400\" \/>\n\t<meta property=\"og:image:height\" content=\"300\" \/>\n\t<meta property=\"og:image:type\" content=\"image\/jpeg\" \/>\n<meta name=\"author\" content=\"M\u00f2nica Rodr\u00edguez\" \/>\n<meta name=\"twitter:card\" content=\"summary_large_image\" \/>\n<meta name=\"twitter:label1\" content=\"Escrito por\" \/>\n\t<meta name=\"twitter:data1\" content=\"M\u00f2nica Rodr\u00edguez\" \/>\n\t<meta name=\"twitter:label2\" content=\"Tiempo de lectura\" \/>\n\t<meta name=\"twitter:data2\" content=\"5 minutos\" \/>\n<script type=\"application\/ld+json\" class=\"yoast-schema-graph\">{\"@context\":\"https:\\\/\\\/schema.org\",\"@graph\":[{\"@type\":\"Article\",\"@id\":\"https:\\\/\\\/afc.cat\\\/es\\\/resena-fotografica-expo-transits-xavier-manrique\\\/#article\",\"isPartOf\":{\"@id\":\"https:\\\/\\\/afc.cat\\\/es\\\/resena-fotografica-expo-transits-xavier-manrique\\\/\"},\"author\":{\"name\":\"M\u00f2nica Rodr\u00edguez\",\"@id\":\"https:\\\/\\\/afc.cat\\\/es\\\/#\\\/schema\\\/person\\\/b914cefdd3d691831c5675292da9496a\"},\"headline\":\"Rese\u00f1a Fotogr\u00e1fica: Exposici\u00f3n \u00abTransits\u00bb \\\/ Xavier Manrique\",\"datePublished\":\"2022-07-25T17:28:40+00:00\",\"dateModified\":\"2022-07-29T10:37:31+00:00\",\"mainEntityOfPage\":{\"@id\":\"https:\\\/\\\/afc.cat\\\/es\\\/resena-fotografica-expo-transits-xavier-manrique\\\/\"},\"wordCount\":1070,\"commentCount\":0,\"image\":{\"@id\":\"https:\\\/\\\/afc.cat\\\/es\\\/resena-fotografica-expo-transits-xavier-manrique\\\/#primaryimage\"},\"thumbnailUrl\":\"https:\\\/\\\/afc.cat\\\/wp-content\\\/uploads\\\/2022\\\/07\\\/AFC_Transits.jpg\",\"articleSection\":[\"Actividades\",\"Actos Culturales\"],\"inLanguage\":\"es\",\"potentialAction\":[{\"@type\":\"CommentAction\",\"name\":\"Comment\",\"target\":[\"https:\\\/\\\/afc.cat\\\/es\\\/resena-fotografica-expo-transits-xavier-manrique\\\/#respond\"]}]},{\"@type\":\"WebPage\",\"@id\":\"https:\\\/\\\/afc.cat\\\/es\\\/resena-fotografica-expo-transits-xavier-manrique\\\/\",\"url\":\"https:\\\/\\\/afc.cat\\\/es\\\/resena-fotografica-expo-transits-xavier-manrique\\\/\",\"name\":\"Rese\u00f1a Fotogr\u00e1fica: Exposici\u00f3n \\\"Transits\\\" \\\/ Xavier Manrique\",\"isPartOf\":{\"@id\":\"https:\\\/\\\/afc.cat\\\/es\\\/#website\"},\"primaryImageOfPage\":{\"@id\":\"https:\\\/\\\/afc.cat\\\/es\\\/resena-fotografica-expo-transits-xavier-manrique\\\/#primaryimage\"},\"image\":{\"@id\":\"https:\\\/\\\/afc.cat\\\/es\\\/resena-fotografica-expo-transits-xavier-manrique\\\/#primaryimage\"},\"thumbnailUrl\":\"https:\\\/\\\/afc.cat\\\/wp-content\\\/uploads\\\/2022\\\/07\\\/AFC_Transits.jpg\",\"datePublished\":\"2022-07-25T17:28:40+00:00\",\"dateModified\":\"2022-07-29T10:37:31+00:00\",\"author\":{\"@id\":\"https:\\\/\\\/afc.cat\\\/es\\\/#\\\/schema\\\/person\\\/b914cefdd3d691831c5675292da9496a\"},\"description\":\"Rese\u00f1a de la visita a la exposici\u00f3n \\\"Tr\u00e1nsitos\\\" de Xavier Manrique.\",\"breadcrumb\":{\"@id\":\"https:\\\/\\\/afc.cat\\\/es\\\/resena-fotografica-expo-transits-xavier-manrique\\\/#breadcrumb\"},\"inLanguage\":\"es\",\"potentialAction\":[{\"@type\":\"ReadAction\",\"target\":[\"https:\\\/\\\/afc.cat\\\/es\\\/resena-fotografica-expo-transits-xavier-manrique\\\/\"]}]},{\"@type\":\"ImageObject\",\"inLanguage\":\"es\",\"@id\":\"https:\\\/\\\/afc.cat\\\/es\\\/resena-fotografica-expo-transits-xavier-manrique\\\/#primaryimage\",\"url\":\"https:\\\/\\\/afc.cat\\\/wp-content\\\/uploads\\\/2022\\\/07\\\/AFC_Transits.jpg\",\"contentUrl\":\"https:\\\/\\\/afc.cat\\\/wp-content\\\/uploads\\\/2022\\\/07\\\/AFC_Transits.jpg\",\"width\":400,\"height\":300},{\"@type\":\"BreadcrumbList\",\"@id\":\"https:\\\/\\\/afc.cat\\\/es\\\/resena-fotografica-expo-transits-xavier-manrique\\\/#breadcrumb\",\"itemListElement\":[{\"@type\":\"ListItem\",\"position\":1,\"name\":\"Inicio\",\"item\":\"https:\\\/\\\/afc.cat\\\/es\\\/\"},{\"@type\":\"ListItem\",\"position\":2,\"name\":\"Rese\u00f1a Fotogr\u00e1fica: Exposici\u00f3n &#8220;Transits&#8221; \\\/ Xavier Manrique\"}]},{\"@type\":\"WebSite\",\"@id\":\"https:\\\/\\\/afc.cat\\\/es\\\/#website\",\"url\":\"https:\\\/\\\/afc.cat\\\/es\\\/\",\"name\":\"Agrupaci\u00f3 Fotogr\u00e0fica de Catalunya\",\"description\":\"Fomento y divulgaci\u00f3n de la fotograf\u00eda en todas sus variedades\",\"potentialAction\":[{\"@type\":\"SearchAction\",\"target\":{\"@type\":\"EntryPoint\",\"urlTemplate\":\"https:\\\/\\\/afc.cat\\\/es\\\/?s={search_term_string}\"},\"query-input\":{\"@type\":\"PropertyValueSpecification\",\"valueRequired\":true,\"valueName\":\"search_term_string\"}}],\"inLanguage\":\"es\"},{\"@type\":\"Person\",\"@id\":\"https:\\\/\\\/afc.cat\\\/es\\\/#\\\/schema\\\/person\\\/b914cefdd3d691831c5675292da9496a\",\"name\":\"M\u00f2nica Rodr\u00edguez\",\"image\":{\"@type\":\"ImageObject\",\"inLanguage\":\"es\",\"@id\":\"https:\\\/\\\/secure.gravatar.com\\\/avatar\\\/dfc2b3f253d78a099cd1a6fca15dfcfafa251514d62e7dfd96d3a013321b382c?s=96&d=mm&r=g\",\"url\":\"https:\\\/\\\/secure.gravatar.com\\\/avatar\\\/dfc2b3f253d78a099cd1a6fca15dfcfafa251514d62e7dfd96d3a013321b382c?s=96&d=mm&r=g\",\"contentUrl\":\"https:\\\/\\\/secure.gravatar.com\\\/avatar\\\/dfc2b3f253d78a099cd1a6fca15dfcfafa251514d62e7dfd96d3a013321b382c?s=96&d=mm&r=g\",\"caption\":\"M\u00f2nica Rodr\u00edguez\"},\"url\":\"https:\\\/\\\/afc.cat\\\/es\\\/author\\\/secretariaconsellafc\\\/\"}]}<\/script>\n<!-- \/ Yoast SEO plugin. -->","yoast_head_json":{"title":"Rese\u00f1a Fotogr\u00e1fica: Exposici\u00f3n \"Transits\" \/ Xavier Manrique","description":"Rese\u00f1a de la visita a la exposici\u00f3n \"Tr\u00e1nsitos\" de Xavier Manrique.","robots":{"index":"index","follow":"follow","max-snippet":"max-snippet:-1","max-image-preview":"max-image-preview:large","max-video-preview":"max-video-preview:-1"},"canonical":"https:\/\/afc.cat\/es\/resena-fotografica-expo-transits-xavier-manrique\/","og_locale":"es_ES","og_type":"article","og_title":"Rese\u00f1a Fotogr\u00e1fica: Exposici\u00f3n \"Transits\" \/ Xavier Manrique","og_description":"Rese\u00f1a de la visita a la exposici\u00f3n \"Tr\u00e1nsitos\" de Xavier Manrique.","og_url":"https:\/\/afc.cat\/es\/resena-fotografica-expo-transits-xavier-manrique\/","og_site_name":"Agrupaci\u00f3 Fotogr\u00e0fica de Catalunya","article_published_time":"2022-07-25T17:28:40+00:00","article_modified_time":"2022-07-29T10:37:31+00:00","og_image":[{"width":400,"height":300,"url":"https:\/\/afc.cat\/wp-content\/uploads\/2022\/07\/AFC_Transits.jpg","type":"image\/jpeg"}],"author":"M\u00f2nica Rodr\u00edguez","twitter_card":"summary_large_image","twitter_misc":{"Escrito por":"M\u00f2nica Rodr\u00edguez","Tiempo de lectura":"5 minutos"},"schema":{"@context":"https:\/\/schema.org","@graph":[{"@type":"Article","@id":"https:\/\/afc.cat\/es\/resena-fotografica-expo-transits-xavier-manrique\/#article","isPartOf":{"@id":"https:\/\/afc.cat\/es\/resena-fotografica-expo-transits-xavier-manrique\/"},"author":{"name":"M\u00f2nica Rodr\u00edguez","@id":"https:\/\/afc.cat\/es\/#\/schema\/person\/b914cefdd3d691831c5675292da9496a"},"headline":"Rese\u00f1a Fotogr\u00e1fica: Exposici\u00f3n \u00abTransits\u00bb \/ Xavier Manrique","datePublished":"2022-07-25T17:28:40+00:00","dateModified":"2022-07-29T10:37:31+00:00","mainEntityOfPage":{"@id":"https:\/\/afc.cat\/es\/resena-fotografica-expo-transits-xavier-manrique\/"},"wordCount":1070,"commentCount":0,"image":{"@id":"https:\/\/afc.cat\/es\/resena-fotografica-expo-transits-xavier-manrique\/#primaryimage"},"thumbnailUrl":"https:\/\/afc.cat\/wp-content\/uploads\/2022\/07\/AFC_Transits.jpg","articleSection":["Actividades","Actos Culturales"],"inLanguage":"es","potentialAction":[{"@type":"CommentAction","name":"Comment","target":["https:\/\/afc.cat\/es\/resena-fotografica-expo-transits-xavier-manrique\/#respond"]}]},{"@type":"WebPage","@id":"https:\/\/afc.cat\/es\/resena-fotografica-expo-transits-xavier-manrique\/","url":"https:\/\/afc.cat\/es\/resena-fotografica-expo-transits-xavier-manrique\/","name":"Rese\u00f1a Fotogr\u00e1fica: Exposici\u00f3n \"Transits\" \/ Xavier Manrique","isPartOf":{"@id":"https:\/\/afc.cat\/es\/#website"},"primaryImageOfPage":{"@id":"https:\/\/afc.cat\/es\/resena-fotografica-expo-transits-xavier-manrique\/#primaryimage"},"image":{"@id":"https:\/\/afc.cat\/es\/resena-fotografica-expo-transits-xavier-manrique\/#primaryimage"},"thumbnailUrl":"https:\/\/afc.cat\/wp-content\/uploads\/2022\/07\/AFC_Transits.jpg","datePublished":"2022-07-25T17:28:40+00:00","dateModified":"2022-07-29T10:37:31+00:00","author":{"@id":"https:\/\/afc.cat\/es\/#\/schema\/person\/b914cefdd3d691831c5675292da9496a"},"description":"Rese\u00f1a de la visita a la exposici\u00f3n \"Tr\u00e1nsitos\" de Xavier Manrique.","breadcrumb":{"@id":"https:\/\/afc.cat\/es\/resena-fotografica-expo-transits-xavier-manrique\/#breadcrumb"},"inLanguage":"es","potentialAction":[{"@type":"ReadAction","target":["https:\/\/afc.cat\/es\/resena-fotografica-expo-transits-xavier-manrique\/"]}]},{"@type":"ImageObject","inLanguage":"es","@id":"https:\/\/afc.cat\/es\/resena-fotografica-expo-transits-xavier-manrique\/#primaryimage","url":"https:\/\/afc.cat\/wp-content\/uploads\/2022\/07\/AFC_Transits.jpg","contentUrl":"https:\/\/afc.cat\/wp-content\/uploads\/2022\/07\/AFC_Transits.jpg","width":400,"height":300},{"@type":"BreadcrumbList","@id":"https:\/\/afc.cat\/es\/resena-fotografica-expo-transits-xavier-manrique\/#breadcrumb","itemListElement":[{"@type":"ListItem","position":1,"name":"Inicio","item":"https:\/\/afc.cat\/es\/"},{"@type":"ListItem","position":2,"name":"Rese\u00f1a Fotogr\u00e1fica: Exposici\u00f3n &#8220;Transits&#8221; \/ Xavier Manrique"}]},{"@type":"WebSite","@id":"https:\/\/afc.cat\/es\/#website","url":"https:\/\/afc.cat\/es\/","name":"Agrupaci\u00f3 Fotogr\u00e0fica de Catalunya","description":"Fomento y divulgaci\u00f3n de la fotograf\u00eda en todas sus variedades","potentialAction":[{"@type":"SearchAction","target":{"@type":"EntryPoint","urlTemplate":"https:\/\/afc.cat\/es\/?s={search_term_string}"},"query-input":{"@type":"PropertyValueSpecification","valueRequired":true,"valueName":"search_term_string"}}],"inLanguage":"es"},{"@type":"Person","@id":"https:\/\/afc.cat\/es\/#\/schema\/person\/b914cefdd3d691831c5675292da9496a","name":"M\u00f2nica Rodr\u00edguez","image":{"@type":"ImageObject","inLanguage":"es","@id":"https:\/\/secure.gravatar.com\/avatar\/dfc2b3f253d78a099cd1a6fca15dfcfafa251514d62e7dfd96d3a013321b382c?s=96&d=mm&r=g","url":"https:\/\/secure.gravatar.com\/avatar\/dfc2b3f253d78a099cd1a6fca15dfcfafa251514d62e7dfd96d3a013321b382c?s=96&d=mm&r=g","contentUrl":"https:\/\/secure.gravatar.com\/avatar\/dfc2b3f253d78a099cd1a6fca15dfcfafa251514d62e7dfd96d3a013321b382c?s=96&d=mm&r=g","caption":"M\u00f2nica Rodr\u00edguez"},"url":"https:\/\/afc.cat\/es\/author\/secretariaconsellafc\/"}]}},"_links":{"self":[{"href":"https:\/\/afc.cat\/es\/wp-json\/wp\/v2\/posts\/28742","targetHints":{"allow":["GET"]}}],"collection":[{"href":"https:\/\/afc.cat\/es\/wp-json\/wp\/v2\/posts"}],"about":[{"href":"https:\/\/afc.cat\/es\/wp-json\/wp\/v2\/types\/post"}],"author":[{"embeddable":true,"href":"https:\/\/afc.cat\/es\/wp-json\/wp\/v2\/users\/47"}],"replies":[{"embeddable":true,"href":"https:\/\/afc.cat\/es\/wp-json\/wp\/v2\/comments?post=28742"}],"version-history":[{"count":6,"href":"https:\/\/afc.cat\/es\/wp-json\/wp\/v2\/posts\/28742\/revisions"}],"predecessor-version":[{"id":28768,"href":"https:\/\/afc.cat\/es\/wp-json\/wp\/v2\/posts\/28742\/revisions\/28768"}],"wp:featuredmedia":[{"embeddable":true,"href":"https:\/\/afc.cat\/es\/wp-json\/wp\/v2\/media\/28729"}],"wp:attachment":[{"href":"https:\/\/afc.cat\/es\/wp-json\/wp\/v2\/media?parent=28742"}],"wp:term":[{"taxonomy":"category","embeddable":true,"href":"https:\/\/afc.cat\/es\/wp-json\/wp\/v2\/categories?post=28742"},{"taxonomy":"post_tag","embeddable":true,"href":"https:\/\/afc.cat\/es\/wp-json\/wp\/v2\/tags?post=28742"}],"curies":[{"name":"wp","href":"https:\/\/api.w.org\/{rel}","templated":true}]}}