{"id":29083,"date":"2022-10-12T19:59:20","date_gmt":"2022-10-12T17:59:20","guid":{"rendered":"https:\/\/afc.cat\/visita-exposicio-fotografica-de-ruben-salgado-a-casa-seat\/"},"modified":"2022-10-12T20:40:35","modified_gmt":"2022-10-12T18:40:35","slug":"visita-exposicio-fotografica-de-ruben-salgado-a-casa-seat","status":"publish","type":"post","link":"https:\/\/afc.cat\/es\/visita-exposicio-fotografica-de-ruben-salgado-a-casa-seat\/","title":{"rendered":"Visita a exposici\u00f3n fotogr\u00e1fica de Rub\u00e9n Salgado en Casa Seat"},"content":{"rendered":"<div class=\"fusion-fullwidth fullwidth-box fusion-builder-row-1 fusion-flex-container nonhundred-percent-fullwidth non-hundred-percent-height-scrolling\" style=\"background-color: rgba(255,255,255,0);background-position: center center;background-repeat: no-repeat;border-width: 0px 0px 0px 0px;border-color:#ffffff;border-style:solid;\" ><div class=\"fusion-builder-row fusion-row fusion-flex-align-items-flex-start\" style=\"max-width:1300px;margin-left: calc(-4% \/ 2 );margin-right: calc(-4% \/ 2 );\"><div class=\"fusion-layout-column fusion_builder_column fusion-builder-column-0 fusion_builder_column_2_3 2_3 fusion-flex-column\"><div class=\"fusion-column-wrapper fusion-flex-justify-content-flex-start fusion-content-layout-column\" style=\"background-position:left top;background-repeat:no-repeat;-webkit-background-size:cover;-moz-background-size:cover;-o-background-size:cover;background-size:cover;padding: 0px 0px 0px 0px;\"><div class=\"fusion-text fusion-text-1\"><h2>Visita a exposici\u00f3n fotogr\u00e1fica de Rub\u00e9n Salgado &#8211; Casa Seat<\/h2>\n<p>AUTOR: RUBEN SALGADO ESCUDERO<br \/>\nT\u00cdTULO: SOLAR PORTRAITS<br \/>\nLUGAR: CASA SEAT.\u00a0 Paseo de Gracia, 109. Barcelona (Entrada gratu\u00efta)<\/p>\n<p>A principios de septiembre visit\u00e9 la exposici\u00f3n que <strong>CASA SEAT<\/strong> est\u00e1 exponiendo del fot\u00f3grafo <strong>RUBEN SALGADO ESCUDERO<\/strong>, con el t\u00edtulo \u201c<strong>SOLAR PORTRAITS<\/strong>\u201d.<\/p>\n<p><strong>RUBEN SALGADO ESCUDERO<\/strong><br \/>\nNacido a Madrid. Ha vivido en los Estados Unidos donde estudi\u00f3 al Savannah College of Arte and Desing. Mes tarde Se traslad\u00f3 a Berl\u00edn para trabajar en animaciones 3D.<br \/>\nEl a\u00f1o 2013, un viaje en Myanmar le cambi\u00f3 la visi\u00f3n del mi que lo rodeaba, punto de partida de su trabajo Solar Portraits que ha sido publicado por <strong>National Geographic Magazine, Time, GEO, El Pa\u00eds<\/strong>, etc.<br \/>\nApoyado por las Naciones Unidas, el 2019 gana una subvenci\u00f3n que le permite continuar con su proyecto. Ha dado conferencias en todo el mi y sus proyectos han sido publicados a las cabeceras m\u00e1s importantes de todo el mundo.<\/p>\n<p><strong>SOLAR PORTRAITS<\/strong><br \/>\nEste atractivo proyecto empez\u00f3 en Myanmar en 2014. Salgado presenta en unos originales y espectaculares retratos a personas y comunidades de Asia, \u00c1frica, Am\u00e9rica y Europa. La originalidad de estas obras rae en que tan solo utiliza la luz generada por peque\u00f1as bombillas solares. Con su trabajo reivindica el poder transformador de la energ\u00eda el\u00e9ctrica a partir de energ\u00eda solar.<br \/>\nVeremos historias de personas an\u00f3nimas a las cuales, de una forma o de otra, los ha cambiado la vida cuando han dispuesto de esta luz generada por energ\u00eda solar.<br \/>\nIm\u00e1genes de gran belleza y muy tiernas. Individuales o en grupo. Veremos como protagonistas de las im\u00e1genes han podido mejorar sus condiciones y calidad de vida con la llegada de las bombillas solares. Ampliando su jornada laboral o regulando las horas de luz del ganado para optimizar la producci\u00f3n. No os perd\u00e9is delicado retrato de una pareja grande que han podido ver sus cuerpos en los momentos m\u00e1s \u00edntimos.<\/p>\n<p>La exposici\u00f3n se puede visitar hasta el 29\/10\/2022<\/p>\n<p>Francesc Soldevila<\/p>\n<div class=\"traductor-checkbox form-group\">\n<div class=\"row\">\n<div class=\"col-sm-5\"><\/div>\n<\/div>\n<\/div>\n<\/div><style type=\"text\/css\">.fusion-gallery-1 .fusion-gallery-image {border:0px solid #e2e2e2;}<\/style><div class=\"fusion-gallery fusion-gallery-container fusion-grid-3 fusion-columns-total-6 fusion-gallery-layout-grid fusion-gallery-1\" style=\"margin:-5px;\"><div style=\"padding:5px;\" class=\"fusion-grid-column fusion-gallery-column fusion-gallery-column-3 hover-type-zoomin\"><div class=\"fusion-gallery-image\"><a href=\"https:\/\/afc.cat\/wp-content\/uploads\/2022\/10\/FOTO_Ruben-Salgado_Solar-Portraits_Casa-Seat-6.jpg\" data-title=\"Rub\u00e9n Salgado &#8211; Solar Portraits &#8211; Casa Seat\" title=\"Rub\u00e9n Salgado &#8211; Solar Portraits &#8211; Casa Seat\" rel=\"noreferrer\" data-rel=\"iLightbox[gallery_image_1]\" class=\"fusion-lightbox\" target=\"_self\"><img decoding=\"async\" src=\"https:\/\/afc.cat\/wp-content\/uploads\/2022\/10\/FOTO_Ruben-Salgado_Solar-Portraits_Casa-Seat-6-300x295.jpg\" width=\"300\" height=\"295\" alt=\"\" title=\"Rub\u00e9n Salgado &#8211; Solar Portraits &#8211; Casa Seat\" aria-label=\"Rub\u00e9n Salgado &#8211; Solar Portraits &#8211; Casa Seat\" class=\"img-responsive wp-image-29077 fusion-gallery-image-size-fixed\" srcset=\"https:\/\/afc.cat\/wp-content\/uploads\/2022\/10\/FOTO_Ruben-Salgado_Solar-Portraits_Casa-Seat-6-66x66.jpg 66w, https:\/\/afc.cat\/wp-content\/uploads\/2022\/10\/FOTO_Ruben-Salgado_Solar-Portraits_Casa-Seat-6-300x295.jpg 300w\" sizes=\"(max-width: 300px) 100vw, 300px\" \/><\/a><\/div><\/div><div style=\"padding:5px;\" class=\"fusion-grid-column fusion-gallery-column fusion-gallery-column-3 hover-type-zoomin\"><div class=\"fusion-gallery-image\"><a href=\"https:\/\/afc.cat\/wp-content\/uploads\/2022\/10\/FOTO_Ruben-Salgado_Solar-Portraits_Casa-Seat-5.jpg\" data-title=\"Rub\u00e9n Salgado &#8211; Solar Portraits &#8211; Casa Seat\" title=\"Rub\u00e9n Salgado &#8211; Solar Portraits &#8211; Casa Seat\" rel=\"noreferrer\" data-rel=\"iLightbox[gallery_image_1]\" class=\"fusion-lightbox\" target=\"_self\"><img decoding=\"async\" src=\"https:\/\/afc.cat\/wp-content\/uploads\/2022\/10\/FOTO_Ruben-Salgado_Solar-Portraits_Casa-Seat-5-460x295.jpg\" width=\"460\" height=\"295\" alt=\"\" title=\"Rub\u00e9n Salgado &#8211; Solar Portraits &#8211; Casa Seat\" aria-label=\"Rub\u00e9n Salgado &#8211; Solar Portraits &#8211; Casa Seat\" class=\"img-responsive wp-image-29075 fusion-gallery-image-size-fixed\" \/><\/a><\/div><\/div><div style=\"padding:5px;\" class=\"fusion-grid-column fusion-gallery-column fusion-gallery-column-3 hover-type-zoomin\"><div class=\"fusion-gallery-image\"><a href=\"https:\/\/afc.cat\/wp-content\/uploads\/2022\/10\/FOTO_Ruben-Salgado_Solar-Portraits_Casa-Seat-4.jpg\" data-title=\"Rub\u00e9n Salgado &#8211; Solar Portraits &#8211; Casa Seat\" title=\"Rub\u00e9n Salgado &#8211; Solar Portraits &#8211; Casa Seat\" rel=\"noreferrer\" data-rel=\"iLightbox[gallery_image_1]\" class=\"fusion-lightbox\" target=\"_self\"><img decoding=\"async\" src=\"https:\/\/afc.cat\/wp-content\/uploads\/2022\/10\/FOTO_Ruben-Salgado_Solar-Portraits_Casa-Seat-4-460x295.jpg\" width=\"460\" height=\"295\" alt=\"\" title=\"Rub\u00e9n Salgado &#8211; Solar Portraits &#8211; Casa Seat\" aria-label=\"Rub\u00e9n Salgado &#8211; Solar Portraits &#8211; Casa Seat\" class=\"img-responsive wp-image-29073 fusion-gallery-image-size-fixed\" \/><\/a><\/div><\/div><div class=\"clearfix\"><\/div><div style=\"padding:5px;\" class=\"fusion-grid-column fusion-gallery-column fusion-gallery-column-3 hover-type-zoomin\"><div class=\"fusion-gallery-image\"><a href=\"https:\/\/afc.cat\/wp-content\/uploads\/2022\/10\/FOTO_Ruben-Salgado_Solar-Portraits_Casa-Seat-3.jpg\" data-title=\"Rub\u00e9n Salgado &#8211; Solar Portraits &#8211; Casa Seat\" title=\"Rub\u00e9n Salgado &#8211; Solar Portraits &#8211; Casa Seat\" rel=\"noreferrer\" data-rel=\"iLightbox[gallery_image_1]\" class=\"fusion-lightbox\" target=\"_self\"><img decoding=\"async\" src=\"https:\/\/afc.cat\/wp-content\/uploads\/2022\/10\/FOTO_Ruben-Salgado_Solar-Portraits_Casa-Seat-3-300x295.jpg\" width=\"300\" height=\"295\" alt=\"\" title=\"Rub\u00e9n Salgado &#8211; Solar Portraits &#8211; Casa Seat\" aria-label=\"Rub\u00e9n Salgado &#8211; Solar Portraits &#8211; Casa Seat\" class=\"img-responsive wp-image-29071 fusion-gallery-image-size-fixed\" srcset=\"https:\/\/afc.cat\/wp-content\/uploads\/2022\/10\/FOTO_Ruben-Salgado_Solar-Portraits_Casa-Seat-3-66x66.jpg 66w, https:\/\/afc.cat\/wp-content\/uploads\/2022\/10\/FOTO_Ruben-Salgado_Solar-Portraits_Casa-Seat-3-300x295.jpg 300w\" sizes=\"(max-width: 300px) 100vw, 300px\" \/><\/a><\/div><\/div><div style=\"padding:5px;\" class=\"fusion-grid-column fusion-gallery-column fusion-gallery-column-3 hover-type-zoomin\"><div class=\"fusion-gallery-image\"><a href=\"https:\/\/afc.cat\/wp-content\/uploads\/2022\/10\/FOTO_Ruben-Salgado_Solar-Portraits_Casa-Seat-2.jpg\" data-title=\"Rub\u00e9n Salgado &#8211; Solar Portraits &#8211; Casa Seat\" title=\"Rub\u00e9n Salgado &#8211; Solar Portraits &#8211; Casa Seat\" rel=\"noreferrer\" data-rel=\"iLightbox[gallery_image_1]\" class=\"fusion-lightbox\" target=\"_self\"><img decoding=\"async\" src=\"https:\/\/afc.cat\/wp-content\/uploads\/2022\/10\/FOTO_Ruben-Salgado_Solar-Portraits_Casa-Seat-2-460x295.jpg\" width=\"460\" height=\"295\" alt=\"\" title=\"Rub\u00e9n Salgado &#8211; Solar Portraits &#8211; Casa Seat\" aria-label=\"Rub\u00e9n Salgado &#8211; Solar Portraits &#8211; Casa Seat\" class=\"img-responsive wp-image-29069 fusion-gallery-image-size-fixed\" \/><\/a><\/div><\/div><div style=\"padding:5px;\" class=\"fusion-grid-column fusion-gallery-column fusion-gallery-column-3 hover-type-zoomin\"><div class=\"fusion-gallery-image\"><a href=\"https:\/\/afc.cat\/wp-content\/uploads\/2022\/10\/FOTO_Ruben-Salgado_Solar-Portraits_Casa-Seat-1.jpg\" data-title=\"Rub\u00e9n Salgado &#8211; Solar Portraits &#8211; Casa Seat\" title=\"Rub\u00e9n Salgado &#8211; Solar Portraits &#8211; Casa Seat\" rel=\"noreferrer\" data-rel=\"iLightbox[gallery_image_1]\" class=\"fusion-lightbox\" target=\"_self\"><img decoding=\"async\" src=\"https:\/\/afc.cat\/wp-content\/uploads\/2022\/10\/FOTO_Ruben-Salgado_Solar-Portraits_Casa-Seat-1-460x295.jpg\" width=\"460\" height=\"295\" alt=\"\" title=\"Rub\u00e9n Salgado &#8211; Solar Portraits &#8211; Casa Seat\" aria-label=\"Rub\u00e9n Salgado &#8211; Solar Portraits &#8211; Casa Seat\" class=\"img-responsive wp-image-29067 fusion-gallery-image-size-fixed\" \/><\/a><\/div><\/div><div class=\"clearfix\"><\/div><\/div><\/div><style type=\"text\/css\">.fusion-body .fusion-builder-column-0{width:66.666666666667% !important;margin-top : 0px;margin-bottom : 0px;}.fusion-builder-column-0 > .fusion-column-wrapper {padding-top : 0px !important;padding-right : 0px !important;margin-right : 3.84%;padding-bottom : 0px !important;padding-left : 0px !important;margin-left : 2.88%;}@media only screen and (max-width:1024px) {.fusion-body .fusion-builder-column-0{width:66.666666666667% !important;}.fusion-builder-column-0 > .fusion-column-wrapper {margin-right : 3.84%;margin-left : 2.88%;}}@media only screen and (max-width:640px) {.fusion-body .fusion-builder-column-0{width:100% !important;}.fusion-builder-column-0 > .fusion-column-wrapper {margin-right : 1.92%;margin-left : 1.92%;}}<\/style><\/div><div class=\"fusion-layout-column fusion_builder_column fusion-builder-column-1 fusion_builder_column_1_3 1_3 fusion-flex-column\"><div class=\"fusion-column-wrapper fusion-flex-justify-content-flex-start fusion-content-layout-column\" style=\"background-position:left top;background-repeat:no-repeat;-webkit-background-size:cover;-moz-background-size:cover;-o-background-size:cover;background-size:cover;padding: 0px 0px 0px 0px;\"><div ><span class=\" fusion-imageframe imageframe-none imageframe-1 hover-type-none\"><img decoding=\"async\" width=\"480\" height=\"320\" title=\"Ruben Salgado Retratos Solares\" src=\"https:\/\/afc.cat\/wp-content\/uploads\/2022\/10\/RUBEN-SALGADO.jpg\" alt class=\"img-responsive wp-image-29079\" srcset=\"https:\/\/afc.cat\/wp-content\/uploads\/2022\/10\/RUBEN-SALGADO-200x133.jpg 200w, https:\/\/afc.cat\/wp-content\/uploads\/2022\/10\/RUBEN-SALGADO-400x267.jpg 400w, https:\/\/afc.cat\/wp-content\/uploads\/2022\/10\/RUBEN-SALGADO.jpg 480w\" sizes=\"(max-width: 640px) 100vw, 400px\" \/><\/span><\/div><div class=\"fusion-text fusion-text-2\" style=\"text-align:center;font-size:13px;color:#adadad;\"><p style=\"text-align: center;\">Rub\u00e9n Salgado<\/p>\n<\/div><\/div><style type=\"text\/css\">.fusion-body .fusion-builder-column-1{width:33.333333333333% !important;margin-top : 0px;margin-bottom : 0px;}.fusion-builder-column-1 > .fusion-column-wrapper {padding-top : 0px !important;padding-right : 0px !important;margin-right : 5.76%;padding-bottom : 0px !important;padding-left : 0px !important;margin-left : 3.84%;}@media only screen and (max-width:1024px) {.fusion-body .fusion-builder-column-1{width:33.333333333333% !important;}.fusion-builder-column-1 > .fusion-column-wrapper {margin-right : 5.76%;margin-left : 3.84%;}}@media only screen and (max-width:640px) {.fusion-body .fusion-builder-column-1{width:100% !important;}.fusion-builder-column-1 > .fusion-column-wrapper {margin-right : 1.92%;margin-left : 1.92%;}}<\/style><\/div><\/div><style type=\"text\/css\">.fusion-body .fusion-flex-container.fusion-builder-row-1{ padding-top : 0px;margin-top : 0px;padding-right : 0px;padding-bottom : 0px;margin-bottom : 0px;padding-left : 0px;}<\/style><\/div>\n","protected":false},"excerpt":{"rendered":"","protected":false},"author":33,"featured_media":29075,"comment_status":"open","ping_status":"open","sticky":false,"template":"","format":"standard","meta":{"_acf_changed":false,"footnotes":""},"categories":[55],"tags":[],"class_list":["post-29083","post","type-post","status-publish","format-standard","has-post-thumbnail","hentry","category-exposiciones"],"acf":[],"yoast_head":"<!-- This site is optimized with the Yoast SEO plugin v27.2 - https:\/\/yoast.com\/product\/yoast-seo-wordpress\/ -->\n<title>Visita a exposici\u00f3n fotogr\u00e1fica de Rub\u00e9n Salgado en Casa Seat - Agrupaci\u00f3 Fotogr\u00e0fica de Catalunya<\/title>\n<meta name=\"robots\" content=\"index, follow, max-snippet:-1, max-image-preview:large, max-video-preview:-1\" \/>\n<link rel=\"canonical\" href=\"https:\/\/afc.cat\/es\/visita-exposicio-fotografica-de-ruben-salgado-a-casa-seat\/\" \/>\n<meta property=\"og:locale\" content=\"es_ES\" \/>\n<meta property=\"og:type\" content=\"article\" \/>\n<meta property=\"og:title\" content=\"Visita a exposici\u00f3n fotogr\u00e1fica de Rub\u00e9n Salgado en Casa Seat - Agrupaci\u00f3 Fotogr\u00e0fica de Catalunya\" \/>\n<meta property=\"og:url\" content=\"https:\/\/afc.cat\/es\/visita-exposicio-fotografica-de-ruben-salgado-a-casa-seat\/\" \/>\n<meta property=\"og:site_name\" content=\"Agrupaci\u00f3 Fotogr\u00e0fica de Catalunya\" \/>\n<meta property=\"article:published_time\" content=\"2022-10-12T17:59:20+00:00\" \/>\n<meta property=\"article:modified_time\" content=\"2022-10-12T18:40:35+00:00\" \/>\n<meta property=\"og:image\" content=\"https:\/\/afc.cat\/wp-content\/uploads\/2022\/10\/FOTO_Ruben-Salgado_Solar-Portraits_Casa-Seat-5.jpg\" \/>\n\t<meta property=\"og:image:width\" content=\"533\" \/>\n\t<meta property=\"og:image:height\" content=\"400\" \/>\n\t<meta property=\"og:image:type\" content=\"image\/jpeg\" \/>\n<meta name=\"author\" content=\"Albert Folch Naval\u00f3n\" \/>\n<meta name=\"twitter:card\" content=\"summary_large_image\" \/>\n<meta name=\"twitter:label1\" content=\"Escrito por\" \/>\n\t<meta name=\"twitter:data1\" content=\"Albert Folch Naval\u00f3n\" \/>\n\t<meta name=\"twitter:label2\" content=\"Tiempo de lectura\" \/>\n\t<meta name=\"twitter:data2\" content=\"6 minutos\" \/>\n<script type=\"application\/ld+json\" class=\"yoast-schema-graph\">{\"@context\":\"https:\/\/schema.org\",\"@graph\":[{\"@type\":\"Article\",\"@id\":\"https:\/\/afc.cat\/es\/visita-exposicio-fotografica-de-ruben-salgado-a-casa-seat\/#article\",\"isPartOf\":{\"@id\":\"https:\/\/afc.cat\/es\/visita-exposicio-fotografica-de-ruben-salgado-a-casa-seat\/\"},\"author\":{\"name\":\"Albert Folch Naval\u00f3n\",\"@id\":\"https:\/\/afc.cat\/es\/#\/schema\/person\/2868ff3362c6c568af6bbef21aab18a6\"},\"headline\":\"Visita a exposici\u00f3n fotogr\u00e1fica de Rub\u00e9n Salgado en Casa Seat\",\"datePublished\":\"2022-10-12T17:59:20+00:00\",\"dateModified\":\"2022-10-12T18:40:35+00:00\",\"mainEntityOfPage\":{\"@id\":\"https:\/\/afc.cat\/es\/visita-exposicio-fotografica-de-ruben-salgado-a-casa-seat\/\"},\"wordCount\":1311,\"commentCount\":0,\"image\":{\"@id\":\"https:\/\/afc.cat\/es\/visita-exposicio-fotografica-de-ruben-salgado-a-casa-seat\/#primaryimage\"},\"thumbnailUrl\":\"https:\/\/afc.cat\/wp-content\/uploads\/2022\/10\/FOTO_Ruben-Salgado_Solar-Portraits_Casa-Seat-5.jpg\",\"articleSection\":[\"Exposiciones\"],\"inLanguage\":\"es\",\"potentialAction\":[{\"@type\":\"CommentAction\",\"name\":\"Comment\",\"target\":[\"https:\/\/afc.cat\/es\/visita-exposicio-fotografica-de-ruben-salgado-a-casa-seat\/#respond\"]}]},{\"@type\":\"WebPage\",\"@id\":\"https:\/\/afc.cat\/es\/visita-exposicio-fotografica-de-ruben-salgado-a-casa-seat\/\",\"url\":\"https:\/\/afc.cat\/es\/visita-exposicio-fotografica-de-ruben-salgado-a-casa-seat\/\",\"name\":\"Visita a exposici\u00f3n fotogr\u00e1fica de Rub\u00e9n Salgado en Casa Seat - Agrupaci\u00f3 Fotogr\u00e0fica de Catalunya\",\"isPartOf\":{\"@id\":\"https:\/\/afc.cat\/es\/#website\"},\"primaryImageOfPage\":{\"@id\":\"https:\/\/afc.cat\/es\/visita-exposicio-fotografica-de-ruben-salgado-a-casa-seat\/#primaryimage\"},\"image\":{\"@id\":\"https:\/\/afc.cat\/es\/visita-exposicio-fotografica-de-ruben-salgado-a-casa-seat\/#primaryimage\"},\"thumbnailUrl\":\"https:\/\/afc.cat\/wp-content\/uploads\/2022\/10\/FOTO_Ruben-Salgado_Solar-Portraits_Casa-Seat-5.jpg\",\"datePublished\":\"2022-10-12T17:59:20+00:00\",\"dateModified\":\"2022-10-12T18:40:35+00:00\",\"author\":{\"@id\":\"https:\/\/afc.cat\/es\/#\/schema\/person\/2868ff3362c6c568af6bbef21aab18a6\"},\"breadcrumb\":{\"@id\":\"https:\/\/afc.cat\/es\/visita-exposicio-fotografica-de-ruben-salgado-a-casa-seat\/#breadcrumb\"},\"inLanguage\":\"es\",\"potentialAction\":[{\"@type\":\"ReadAction\",\"target\":[\"https:\/\/afc.cat\/es\/visita-exposicio-fotografica-de-ruben-salgado-a-casa-seat\/\"]}]},{\"@type\":\"ImageObject\",\"inLanguage\":\"es\",\"@id\":\"https:\/\/afc.cat\/es\/visita-exposicio-fotografica-de-ruben-salgado-a-casa-seat\/#primaryimage\",\"url\":\"https:\/\/afc.cat\/wp-content\/uploads\/2022\/10\/FOTO_Ruben-Salgado_Solar-Portraits_Casa-Seat-5.jpg\",\"contentUrl\":\"https:\/\/afc.cat\/wp-content\/uploads\/2022\/10\/FOTO_Ruben-Salgado_Solar-Portraits_Casa-Seat-5.jpg\",\"width\":533,\"height\":400},{\"@type\":\"BreadcrumbList\",\"@id\":\"https:\/\/afc.cat\/es\/visita-exposicio-fotografica-de-ruben-salgado-a-casa-seat\/#breadcrumb\",\"itemListElement\":[{\"@type\":\"ListItem\",\"position\":1,\"name\":\"Inicio\",\"item\":\"https:\/\/afc.cat\/es\/\"},{\"@type\":\"ListItem\",\"position\":2,\"name\":\"Visita a exposici\u00f3n fotogr\u00e1fica de Rub\u00e9n Salgado en Casa Seat\"}]},{\"@type\":\"WebSite\",\"@id\":\"https:\/\/afc.cat\/es\/#website\",\"url\":\"https:\/\/afc.cat\/es\/\",\"name\":\"Agrupaci\u00f3 Fotogr\u00e0fica de Catalunya\",\"description\":\"Fomento y divulgaci\u00f3n de la fotograf\u00eda en todas sus variedades\",\"potentialAction\":[{\"@type\":\"SearchAction\",\"target\":{\"@type\":\"EntryPoint\",\"urlTemplate\":\"https:\/\/afc.cat\/es\/?s={search_term_string}\"},\"query-input\":{\"@type\":\"PropertyValueSpecification\",\"valueRequired\":true,\"valueName\":\"search_term_string\"}}],\"inLanguage\":\"es\"},{\"@type\":\"Person\",\"@id\":\"https:\/\/afc.cat\/es\/#\/schema\/person\/2868ff3362c6c568af6bbef21aab18a6\",\"name\":\"Albert Folch Naval\u00f3n\",\"image\":{\"@type\":\"ImageObject\",\"inLanguage\":\"es\",\"@id\":\"https:\/\/secure.gravatar.com\/avatar\/d9af2c27458acd834a2ba71216b3c70b3d550f58587654086a7e7c13f9ffa40c?s=96&d=mm&r=g\",\"url\":\"https:\/\/secure.gravatar.com\/avatar\/d9af2c27458acd834a2ba71216b3c70b3d550f58587654086a7e7c13f9ffa40c?s=96&d=mm&r=g\",\"contentUrl\":\"https:\/\/secure.gravatar.com\/avatar\/d9af2c27458acd834a2ba71216b3c70b3d550f58587654086a7e7c13f9ffa40c?s=96&d=mm&r=g\",\"caption\":\"Albert Folch Naval\u00f3n\"},\"url\":\"https:\/\/afc.cat\/es\/author\/albertf2021\/\"}]}<\/script>\n<!-- \/ Yoast SEO plugin. -->","yoast_head_json":{"title":"Visita a exposici\u00f3n fotogr\u00e1fica de Rub\u00e9n Salgado en Casa Seat - Agrupaci\u00f3 Fotogr\u00e0fica de Catalunya","robots":{"index":"index","follow":"follow","max-snippet":"max-snippet:-1","max-image-preview":"max-image-preview:large","max-video-preview":"max-video-preview:-1"},"canonical":"https:\/\/afc.cat\/es\/visita-exposicio-fotografica-de-ruben-salgado-a-casa-seat\/","og_locale":"es_ES","og_type":"article","og_title":"Visita a exposici\u00f3n fotogr\u00e1fica de Rub\u00e9n Salgado en Casa Seat - Agrupaci\u00f3 Fotogr\u00e0fica de Catalunya","og_url":"https:\/\/afc.cat\/es\/visita-exposicio-fotografica-de-ruben-salgado-a-casa-seat\/","og_site_name":"Agrupaci\u00f3 Fotogr\u00e0fica de Catalunya","article_published_time":"2022-10-12T17:59:20+00:00","article_modified_time":"2022-10-12T18:40:35+00:00","og_image":[{"width":533,"height":400,"url":"https:\/\/afc.cat\/wp-content\/uploads\/2022\/10\/FOTO_Ruben-Salgado_Solar-Portraits_Casa-Seat-5.jpg","type":"image\/jpeg"}],"author":"Albert Folch Naval\u00f3n","twitter_card":"summary_large_image","twitter_misc":{"Escrito por":"Albert Folch Naval\u00f3n","Tiempo de lectura":"6 minutos"},"schema":{"@context":"https:\/\/schema.org","@graph":[{"@type":"Article","@id":"https:\/\/afc.cat\/es\/visita-exposicio-fotografica-de-ruben-salgado-a-casa-seat\/#article","isPartOf":{"@id":"https:\/\/afc.cat\/es\/visita-exposicio-fotografica-de-ruben-salgado-a-casa-seat\/"},"author":{"name":"Albert Folch Naval\u00f3n","@id":"https:\/\/afc.cat\/es\/#\/schema\/person\/2868ff3362c6c568af6bbef21aab18a6"},"headline":"Visita a exposici\u00f3n fotogr\u00e1fica de Rub\u00e9n Salgado en Casa Seat","datePublished":"2022-10-12T17:59:20+00:00","dateModified":"2022-10-12T18:40:35+00:00","mainEntityOfPage":{"@id":"https:\/\/afc.cat\/es\/visita-exposicio-fotografica-de-ruben-salgado-a-casa-seat\/"},"wordCount":1311,"commentCount":0,"image":{"@id":"https:\/\/afc.cat\/es\/visita-exposicio-fotografica-de-ruben-salgado-a-casa-seat\/#primaryimage"},"thumbnailUrl":"https:\/\/afc.cat\/wp-content\/uploads\/2022\/10\/FOTO_Ruben-Salgado_Solar-Portraits_Casa-Seat-5.jpg","articleSection":["Exposiciones"],"inLanguage":"es","potentialAction":[{"@type":"CommentAction","name":"Comment","target":["https:\/\/afc.cat\/es\/visita-exposicio-fotografica-de-ruben-salgado-a-casa-seat\/#respond"]}]},{"@type":"WebPage","@id":"https:\/\/afc.cat\/es\/visita-exposicio-fotografica-de-ruben-salgado-a-casa-seat\/","url":"https:\/\/afc.cat\/es\/visita-exposicio-fotografica-de-ruben-salgado-a-casa-seat\/","name":"Visita a exposici\u00f3n fotogr\u00e1fica de Rub\u00e9n Salgado en Casa Seat - Agrupaci\u00f3 Fotogr\u00e0fica de Catalunya","isPartOf":{"@id":"https:\/\/afc.cat\/es\/#website"},"primaryImageOfPage":{"@id":"https:\/\/afc.cat\/es\/visita-exposicio-fotografica-de-ruben-salgado-a-casa-seat\/#primaryimage"},"image":{"@id":"https:\/\/afc.cat\/es\/visita-exposicio-fotografica-de-ruben-salgado-a-casa-seat\/#primaryimage"},"thumbnailUrl":"https:\/\/afc.cat\/wp-content\/uploads\/2022\/10\/FOTO_Ruben-Salgado_Solar-Portraits_Casa-Seat-5.jpg","datePublished":"2022-10-12T17:59:20+00:00","dateModified":"2022-10-12T18:40:35+00:00","author":{"@id":"https:\/\/afc.cat\/es\/#\/schema\/person\/2868ff3362c6c568af6bbef21aab18a6"},"breadcrumb":{"@id":"https:\/\/afc.cat\/es\/visita-exposicio-fotografica-de-ruben-salgado-a-casa-seat\/#breadcrumb"},"inLanguage":"es","potentialAction":[{"@type":"ReadAction","target":["https:\/\/afc.cat\/es\/visita-exposicio-fotografica-de-ruben-salgado-a-casa-seat\/"]}]},{"@type":"ImageObject","inLanguage":"es","@id":"https:\/\/afc.cat\/es\/visita-exposicio-fotografica-de-ruben-salgado-a-casa-seat\/#primaryimage","url":"https:\/\/afc.cat\/wp-content\/uploads\/2022\/10\/FOTO_Ruben-Salgado_Solar-Portraits_Casa-Seat-5.jpg","contentUrl":"https:\/\/afc.cat\/wp-content\/uploads\/2022\/10\/FOTO_Ruben-Salgado_Solar-Portraits_Casa-Seat-5.jpg","width":533,"height":400},{"@type":"BreadcrumbList","@id":"https:\/\/afc.cat\/es\/visita-exposicio-fotografica-de-ruben-salgado-a-casa-seat\/#breadcrumb","itemListElement":[{"@type":"ListItem","position":1,"name":"Inicio","item":"https:\/\/afc.cat\/es\/"},{"@type":"ListItem","position":2,"name":"Visita a exposici\u00f3n fotogr\u00e1fica de Rub\u00e9n Salgado en Casa Seat"}]},{"@type":"WebSite","@id":"https:\/\/afc.cat\/es\/#website","url":"https:\/\/afc.cat\/es\/","name":"Agrupaci\u00f3 Fotogr\u00e0fica de Catalunya","description":"Fomento y divulgaci\u00f3n de la fotograf\u00eda en todas sus variedades","potentialAction":[{"@type":"SearchAction","target":{"@type":"EntryPoint","urlTemplate":"https:\/\/afc.cat\/es\/?s={search_term_string}"},"query-input":{"@type":"PropertyValueSpecification","valueRequired":true,"valueName":"search_term_string"}}],"inLanguage":"es"},{"@type":"Person","@id":"https:\/\/afc.cat\/es\/#\/schema\/person\/2868ff3362c6c568af6bbef21aab18a6","name":"Albert Folch Naval\u00f3n","image":{"@type":"ImageObject","inLanguage":"es","@id":"https:\/\/secure.gravatar.com\/avatar\/d9af2c27458acd834a2ba71216b3c70b3d550f58587654086a7e7c13f9ffa40c?s=96&d=mm&r=g","url":"https:\/\/secure.gravatar.com\/avatar\/d9af2c27458acd834a2ba71216b3c70b3d550f58587654086a7e7c13f9ffa40c?s=96&d=mm&r=g","contentUrl":"https:\/\/secure.gravatar.com\/avatar\/d9af2c27458acd834a2ba71216b3c70b3d550f58587654086a7e7c13f9ffa40c?s=96&d=mm&r=g","caption":"Albert Folch Naval\u00f3n"},"url":"https:\/\/afc.cat\/es\/author\/albertf2021\/"}]}},"_links":{"self":[{"href":"https:\/\/afc.cat\/es\/wp-json\/wp\/v2\/posts\/29083","targetHints":{"allow":["GET"]}}],"collection":[{"href":"https:\/\/afc.cat\/es\/wp-json\/wp\/v2\/posts"}],"about":[{"href":"https:\/\/afc.cat\/es\/wp-json\/wp\/v2\/types\/post"}],"author":[{"embeddable":true,"href":"https:\/\/afc.cat\/es\/wp-json\/wp\/v2\/users\/33"}],"replies":[{"embeddable":true,"href":"https:\/\/afc.cat\/es\/wp-json\/wp\/v2\/comments?post=29083"}],"version-history":[{"count":7,"href":"https:\/\/afc.cat\/es\/wp-json\/wp\/v2\/posts\/29083\/revisions"}],"predecessor-version":[{"id":29091,"href":"https:\/\/afc.cat\/es\/wp-json\/wp\/v2\/posts\/29083\/revisions\/29091"}],"wp:featuredmedia":[{"embeddable":true,"href":"https:\/\/afc.cat\/es\/wp-json\/wp\/v2\/media\/29075"}],"wp:attachment":[{"href":"https:\/\/afc.cat\/es\/wp-json\/wp\/v2\/media?parent=29083"}],"wp:term":[{"taxonomy":"category","embeddable":true,"href":"https:\/\/afc.cat\/es\/wp-json\/wp\/v2\/categories?post=29083"},{"taxonomy":"post_tag","embeddable":true,"href":"https:\/\/afc.cat\/es\/wp-json\/wp\/v2\/tags?post=29083"}],"curies":[{"name":"wp","href":"https:\/\/api.w.org\/{rel}","templated":true}]}}