{"id":29105,"date":"2022-10-14T12:41:12","date_gmt":"2022-10-14T10:41:12","guid":{"rendered":"https:\/\/afc.cat\/?p=29105"},"modified":"2022-10-17T15:53:33","modified_gmt":"2022-10-17T13:53:33","slug":"per-que-els-resultats-dels-concursos-son-sempre-polemics-joan-rue","status":"publish","type":"post","link":"https:\/\/afc.cat\/es\/per-que-els-resultats-dels-concursos-son-sempre-polemics-joan-rue\/","title":{"rendered":"Per qu\u00e8 els resultats dels concursos s\u00f3n sempre pol\u00e8mics? \/ Joan Ru\u00e9"},"content":{"rendered":"<div class=\"fusion-fullwidth fullwidth-box fusion-builder-row-1 fusion-flex-container nonhundred-percent-fullwidth non-hundred-percent-height-scrolling\" style=\"background-color: rgba(255,255,255,0);background-position: center center;background-repeat: no-repeat;border-width: 0px 0px 0px 0px;border-color:#ffffff;border-style:solid;\" ><div class=\"fusion-builder-row fusion-row fusion-flex-align-items-flex-start\" style=\"max-width:1300px;margin-left: calc(-4% \/ 2 );margin-right: calc(-4% \/ 2 );\"><div class=\"fusion-layout-column fusion_builder_column fusion-builder-column-0 fusion_builder_column_2_3 2_3 fusion-flex-column\"><div class=\"fusion-column-wrapper fusion-flex-justify-content-flex-start fusion-content-layout-column\" style=\"background-position:left top;background-repeat:no-repeat;-webkit-background-size:cover;-moz-background-size:cover;-o-background-size:cover;background-size:cover;padding: 0px 0px 0px 0px;\"><div class=\"fusion-text fusion-text-1\"><h2>\u00bfPor qu\u00e9 los resultados de los concursos resultan siempre pol\u00e9micos?<\/h2>\n<p>El pasado d\u00eda 7 de octubre tuvo lugar en la sede de la <strong>AFC la charla<\/strong> \u00ab\u00bfPor qu\u00e9 los resultados de los concursos son siempre pol\u00e9micos?\u00bb Cont\u00f3 con una presentaci\u00f3n del tema a debatir de <strong>Joan Ru\u00e9,<\/strong> en la que expuso la dificultad de valorar una obra y todos los condicionantes que afectan en su decisi\u00f3n.<\/p>\n<p>Despu\u00e9s de la presentaci\u00f3n, se gener\u00f3 un <strong>debate<\/strong> entre los asistentes en el que se constat\u00f3 los <strong>diferentes criterios<\/strong> existentes para valorar una obra.<\/p>\n<p>Nos solicitaron que comparti\u00e9ramos la presentaci\u00f3n motivo de la charla, para entender de manera did\u00e1ctica, la dificultad existente para valorar una obra y todos los condicionantes que afectan en su decisi\u00f3n.<\/p>\n<p>Durante el debate se record\u00f3 los estrictos criterios mantenidos durante a\u00f1os por la entidad, en los que se priorizaba la t\u00e9cnica en contra de otros valores. En general, se comparti\u00f3 la idea que en la actualidad, se deben valorar otros par\u00e1metros, como el mensaje o el contenido adquiriendo \u00e9stos la misma consideraci\u00f3n.<\/p>\n<p>Por lo tanto, es importante que el jurado y los participantes entiendan esta amplitud de criterios y que queden definidos desde el inicio de la temporada.<\/p>\n<p>Tambi\u00e9n se coment\u00f3\u00a0 la necesidad que el jurado pueda justificar porque unas obras tienen que quedar mejor valoradas que otras. Se solicit\u00f3 que el d\u00eda del veredicto se realizase una cr\u00edtica constructiva de las fotograf\u00edas a concurso, con el objetivo de entender qu\u00e9 par\u00e1metros se han producido para que la puntuaci\u00f3n sea mejor en una fotograf\u00eda que en otra.<\/p>\n<p>Esperamos que sea \u00fatil esta informaci\u00f3n y te invitamos a participar en el social de \u00abTemas obligados\u00bb.<\/p>\n<p><a href=\"https:\/\/afc.cat\/wp-content\/uploads\/2022\/10\/Els-concursos-fotografics-i-la-seva-millora.pdf\">Acceso a la presentaci\u00f3n<\/a><\/p>\n<p><strong>M\u00e0xim Poncela<\/strong><\/p>\n<p>Vocalia de Concursos<\/p>\n<\/div><\/div><style type=\"text\/css\">.fusion-body .fusion-builder-column-0{width:66.666666666667% !important;margin-top : 0px;margin-bottom : 0px;}.fusion-builder-column-0 > .fusion-column-wrapper {padding-top : 0px !important;padding-right : 0px !important;margin-right : 3.84%;padding-bottom : 0px !important;padding-left : 0px !important;margin-left : 2.88%;}@media only screen and (max-width:1024px) {.fusion-body .fusion-builder-column-0{width:66.666666666667% !important;}.fusion-builder-column-0 > .fusion-column-wrapper {margin-right : 3.84%;margin-left : 2.88%;}}@media only screen and (max-width:640px) {.fusion-body .fusion-builder-column-0{width:100% !important;}.fusion-builder-column-0 > .fusion-column-wrapper {margin-right : 1.92%;margin-left : 1.92%;}}<\/style><\/div><div class=\"fusion-layout-column fusion_builder_column fusion-builder-column-1 fusion_builder_column_1_3 1_3 fusion-flex-column\"><div class=\"fusion-column-wrapper fusion-flex-justify-content-flex-start fusion-content-layout-column\" style=\"background-position:left top;background-repeat:no-repeat;-webkit-background-size:cover;-moz-background-size:cover;-o-background-size:cover;background-size:cover;padding: 0px 0px 0px 0px;\"><div class=\"fusion-text fusion-text-2\" style=\"text-align:center;font-size:13px;color:#adadad;\"><p>Pie de foto<\/p>\n<\/div><\/div><style type=\"text\/css\">.fusion-body .fusion-builder-column-1{width:33.333333333333% !important;margin-top : 0px;margin-bottom : 0px;}.fusion-builder-column-1 > .fusion-column-wrapper {padding-top : 0px !important;padding-right : 0px !important;margin-right : 5.76%;padding-bottom : 0px !important;padding-left : 0px !important;margin-left : 3.84%;}@media only screen and (max-width:1024px) {.fusion-body .fusion-builder-column-1{width:33.333333333333% !important;}.fusion-builder-column-1 > .fusion-column-wrapper {margin-right : 5.76%;margin-left : 3.84%;}}@media only screen and (max-width:640px) {.fusion-body .fusion-builder-column-1{width:100% !important;}.fusion-builder-column-1 > .fusion-column-wrapper {margin-right : 1.92%;margin-left : 1.92%;}}<\/style><\/div><\/div><style type=\"text\/css\">.fusion-body .fusion-flex-container.fusion-builder-row-1{ padding-top : 0px;margin-top : 0px;padding-right : 0px;padding-bottom : 0px;margin-bottom : 0px;padding-left : 0px;}<\/style><\/div>\n","protected":false},"excerpt":{"rendered":"","protected":false},"author":47,"featured_media":28991,"comment_status":"open","ping_status":"open","sticky":false,"template":"","format":"standard","meta":{"_acf_changed":false,"footnotes":""},"categories":[37,299,199],"tags":[],"class_list":["post-29105","post","type-post","status-publish","format-standard","has-post-thumbnail","hentry","category-concursos-es","category-divulgacio-es","category-veredictos-de-concursos"],"acf":[],"yoast_head":"<!-- This site is optimized with the Yoast SEO plugin v27.2 - https:\/\/yoast.com\/product\/yoast-seo-wordpress\/ -->\n<title>Per qu\u00e8 els resultats dels concursos s\u00f3n sempre pol\u00e8mics? \/ Joan Ru\u00e9 - Agrupaci\u00f3 Fotogr\u00e0fica de Catalunya<\/title>\n<meta name=\"robots\" content=\"index, follow, max-snippet:-1, max-image-preview:large, max-video-preview:-1\" \/>\n<link rel=\"canonical\" href=\"https:\/\/afc.cat\/es\/per-que-els-resultats-dels-concursos-son-sempre-polemics-joan-rue\/\" \/>\n<meta property=\"og:locale\" content=\"es_ES\" \/>\n<meta property=\"og:type\" content=\"article\" \/>\n<meta property=\"og:title\" content=\"Per qu\u00e8 els resultats dels concursos s\u00f3n sempre pol\u00e8mics? \/ Joan Ru\u00e9 - Agrupaci\u00f3 Fotogr\u00e0fica de Catalunya\" \/>\n<meta property=\"og:url\" content=\"https:\/\/afc.cat\/es\/per-que-els-resultats-dels-concursos-son-sempre-polemics-joan-rue\/\" \/>\n<meta property=\"og:site_name\" content=\"Agrupaci\u00f3 Fotogr\u00e0fica de Catalunya\" \/>\n<meta property=\"article:published_time\" content=\"2022-10-14T10:41:12+00:00\" \/>\n<meta property=\"article:modified_time\" content=\"2022-10-17T13:53:33+00:00\" \/>\n<meta property=\"og:image\" content=\"https:\/\/afc.cat\/wp-content\/uploads\/2022\/09\/Xerrada_Veredicte-2.jpg\" \/>\n\t<meta property=\"og:image:width\" content=\"400\" \/>\n\t<meta property=\"og:image:height\" content=\"267\" \/>\n\t<meta property=\"og:image:type\" content=\"image\/jpeg\" \/>\n<meta name=\"author\" content=\"M\u00f2nica Rodr\u00edguez\" \/>\n<meta name=\"twitter:card\" content=\"summary_large_image\" \/>\n<meta name=\"twitter:label1\" content=\"Escrito por\" \/>\n\t<meta name=\"twitter:data1\" content=\"M\u00f2nica Rodr\u00edguez\" \/>\n\t<meta name=\"twitter:label2\" content=\"Tiempo de lectura\" \/>\n\t<meta name=\"twitter:data2\" content=\"5 minutos\" \/>\n<script type=\"application\/ld+json\" class=\"yoast-schema-graph\">{\"@context\":\"https:\/\/schema.org\",\"@graph\":[{\"@type\":\"Article\",\"@id\":\"https:\/\/afc.cat\/es\/per-que-els-resultats-dels-concursos-son-sempre-polemics-joan-rue\/#article\",\"isPartOf\":{\"@id\":\"https:\/\/afc.cat\/es\/per-que-els-resultats-dels-concursos-son-sempre-polemics-joan-rue\/\"},\"author\":{\"name\":\"M\u00f2nica Rodr\u00edguez\",\"@id\":\"https:\/\/afc.cat\/es\/#\/schema\/person\/b914cefdd3d691831c5675292da9496a\"},\"headline\":\"Per qu\u00e8 els resultats dels concursos s\u00f3n sempre pol\u00e8mics? \/ Joan Ru\u00e9\",\"datePublished\":\"2022-10-14T10:41:12+00:00\",\"dateModified\":\"2022-10-17T13:53:33+00:00\",\"mainEntityOfPage\":{\"@id\":\"https:\/\/afc.cat\/es\/per-que-els-resultats-dels-concursos-son-sempre-polemics-joan-rue\/\"},\"wordCount\":977,\"commentCount\":0,\"image\":{\"@id\":\"https:\/\/afc.cat\/es\/per-que-els-resultats-dels-concursos-son-sempre-polemics-joan-rue\/#primaryimage\"},\"thumbnailUrl\":\"https:\/\/afc.cat\/wp-content\/uploads\/2022\/09\/Xerrada_Veredicte-2.jpg\",\"articleSection\":[\"Concursos\",\"Divulgaci\u00f3\",\"Veredictos de concursos\"],\"inLanguage\":\"es\",\"potentialAction\":[{\"@type\":\"CommentAction\",\"name\":\"Comment\",\"target\":[\"https:\/\/afc.cat\/es\/per-que-els-resultats-dels-concursos-son-sempre-polemics-joan-rue\/#respond\"]}]},{\"@type\":\"WebPage\",\"@id\":\"https:\/\/afc.cat\/es\/per-que-els-resultats-dels-concursos-son-sempre-polemics-joan-rue\/\",\"url\":\"https:\/\/afc.cat\/es\/per-que-els-resultats-dels-concursos-son-sempre-polemics-joan-rue\/\",\"name\":\"Per qu\u00e8 els resultats dels concursos s\u00f3n sempre pol\u00e8mics? \/ Joan Ru\u00e9 - Agrupaci\u00f3 Fotogr\u00e0fica de Catalunya\",\"isPartOf\":{\"@id\":\"https:\/\/afc.cat\/es\/#website\"},\"primaryImageOfPage\":{\"@id\":\"https:\/\/afc.cat\/es\/per-que-els-resultats-dels-concursos-son-sempre-polemics-joan-rue\/#primaryimage\"},\"image\":{\"@id\":\"https:\/\/afc.cat\/es\/per-que-els-resultats-dels-concursos-son-sempre-polemics-joan-rue\/#primaryimage\"},\"thumbnailUrl\":\"https:\/\/afc.cat\/wp-content\/uploads\/2022\/09\/Xerrada_Veredicte-2.jpg\",\"datePublished\":\"2022-10-14T10:41:12+00:00\",\"dateModified\":\"2022-10-17T13:53:33+00:00\",\"author\":{\"@id\":\"https:\/\/afc.cat\/es\/#\/schema\/person\/b914cefdd3d691831c5675292da9496a\"},\"breadcrumb\":{\"@id\":\"https:\/\/afc.cat\/es\/per-que-els-resultats-dels-concursos-son-sempre-polemics-joan-rue\/#breadcrumb\"},\"inLanguage\":\"es\",\"potentialAction\":[{\"@type\":\"ReadAction\",\"target\":[\"https:\/\/afc.cat\/es\/per-que-els-resultats-dels-concursos-son-sempre-polemics-joan-rue\/\"]}]},{\"@type\":\"ImageObject\",\"inLanguage\":\"es\",\"@id\":\"https:\/\/afc.cat\/es\/per-que-els-resultats-dels-concursos-son-sempre-polemics-joan-rue\/#primaryimage\",\"url\":\"https:\/\/afc.cat\/wp-content\/uploads\/2022\/09\/Xerrada_Veredicte-2.jpg\",\"contentUrl\":\"https:\/\/afc.cat\/wp-content\/uploads\/2022\/09\/Xerrada_Veredicte-2.jpg\",\"width\":400,\"height\":267},{\"@type\":\"BreadcrumbList\",\"@id\":\"https:\/\/afc.cat\/es\/per-que-els-resultats-dels-concursos-son-sempre-polemics-joan-rue\/#breadcrumb\",\"itemListElement\":[{\"@type\":\"ListItem\",\"position\":1,\"name\":\"Inicio\",\"item\":\"https:\/\/afc.cat\/es\/\"},{\"@type\":\"ListItem\",\"position\":2,\"name\":\"Per qu\u00e8 els resultats dels concursos s\u00f3n sempre pol\u00e8mics? \/ Joan Ru\u00e9\"}]},{\"@type\":\"WebSite\",\"@id\":\"https:\/\/afc.cat\/es\/#website\",\"url\":\"https:\/\/afc.cat\/es\/\",\"name\":\"Agrupaci\u00f3 Fotogr\u00e0fica de Catalunya\",\"description\":\"Fomento y divulgaci\u00f3n de la fotograf\u00eda en todas sus variedades\",\"potentialAction\":[{\"@type\":\"SearchAction\",\"target\":{\"@type\":\"EntryPoint\",\"urlTemplate\":\"https:\/\/afc.cat\/es\/?s={search_term_string}\"},\"query-input\":{\"@type\":\"PropertyValueSpecification\",\"valueRequired\":true,\"valueName\":\"search_term_string\"}}],\"inLanguage\":\"es\"},{\"@type\":\"Person\",\"@id\":\"https:\/\/afc.cat\/es\/#\/schema\/person\/b914cefdd3d691831c5675292da9496a\",\"name\":\"M\u00f2nica Rodr\u00edguez\",\"image\":{\"@type\":\"ImageObject\",\"inLanguage\":\"es\",\"@id\":\"https:\/\/secure.gravatar.com\/avatar\/dfc2b3f253d78a099cd1a6fca15dfcfafa251514d62e7dfd96d3a013321b382c?s=96&d=mm&r=g\",\"url\":\"https:\/\/secure.gravatar.com\/avatar\/dfc2b3f253d78a099cd1a6fca15dfcfafa251514d62e7dfd96d3a013321b382c?s=96&d=mm&r=g\",\"contentUrl\":\"https:\/\/secure.gravatar.com\/avatar\/dfc2b3f253d78a099cd1a6fca15dfcfafa251514d62e7dfd96d3a013321b382c?s=96&d=mm&r=g\",\"caption\":\"M\u00f2nica Rodr\u00edguez\"},\"url\":\"https:\/\/afc.cat\/es\/author\/secretariaconsellafc\/\"}]}<\/script>\n<!-- \/ Yoast SEO plugin. -->","yoast_head_json":{"title":"Per qu\u00e8 els resultats dels concursos s\u00f3n sempre pol\u00e8mics? \/ Joan Ru\u00e9 - Agrupaci\u00f3 Fotogr\u00e0fica de Catalunya","robots":{"index":"index","follow":"follow","max-snippet":"max-snippet:-1","max-image-preview":"max-image-preview:large","max-video-preview":"max-video-preview:-1"},"canonical":"https:\/\/afc.cat\/es\/per-que-els-resultats-dels-concursos-son-sempre-polemics-joan-rue\/","og_locale":"es_ES","og_type":"article","og_title":"Per qu\u00e8 els resultats dels concursos s\u00f3n sempre pol\u00e8mics? \/ Joan Ru\u00e9 - Agrupaci\u00f3 Fotogr\u00e0fica de Catalunya","og_url":"https:\/\/afc.cat\/es\/per-que-els-resultats-dels-concursos-son-sempre-polemics-joan-rue\/","og_site_name":"Agrupaci\u00f3 Fotogr\u00e0fica de Catalunya","article_published_time":"2022-10-14T10:41:12+00:00","article_modified_time":"2022-10-17T13:53:33+00:00","og_image":[{"width":400,"height":267,"url":"https:\/\/afc.cat\/wp-content\/uploads\/2022\/09\/Xerrada_Veredicte-2.jpg","type":"image\/jpeg"}],"author":"M\u00f2nica Rodr\u00edguez","twitter_card":"summary_large_image","twitter_misc":{"Escrito por":"M\u00f2nica Rodr\u00edguez","Tiempo de lectura":"5 minutos"},"schema":{"@context":"https:\/\/schema.org","@graph":[{"@type":"Article","@id":"https:\/\/afc.cat\/es\/per-que-els-resultats-dels-concursos-son-sempre-polemics-joan-rue\/#article","isPartOf":{"@id":"https:\/\/afc.cat\/es\/per-que-els-resultats-dels-concursos-son-sempre-polemics-joan-rue\/"},"author":{"name":"M\u00f2nica Rodr\u00edguez","@id":"https:\/\/afc.cat\/es\/#\/schema\/person\/b914cefdd3d691831c5675292da9496a"},"headline":"Per qu\u00e8 els resultats dels concursos s\u00f3n sempre pol\u00e8mics? \/ Joan Ru\u00e9","datePublished":"2022-10-14T10:41:12+00:00","dateModified":"2022-10-17T13:53:33+00:00","mainEntityOfPage":{"@id":"https:\/\/afc.cat\/es\/per-que-els-resultats-dels-concursos-son-sempre-polemics-joan-rue\/"},"wordCount":977,"commentCount":0,"image":{"@id":"https:\/\/afc.cat\/es\/per-que-els-resultats-dels-concursos-son-sempre-polemics-joan-rue\/#primaryimage"},"thumbnailUrl":"https:\/\/afc.cat\/wp-content\/uploads\/2022\/09\/Xerrada_Veredicte-2.jpg","articleSection":["Concursos","Divulgaci\u00f3","Veredictos de concursos"],"inLanguage":"es","potentialAction":[{"@type":"CommentAction","name":"Comment","target":["https:\/\/afc.cat\/es\/per-que-els-resultats-dels-concursos-son-sempre-polemics-joan-rue\/#respond"]}]},{"@type":"WebPage","@id":"https:\/\/afc.cat\/es\/per-que-els-resultats-dels-concursos-son-sempre-polemics-joan-rue\/","url":"https:\/\/afc.cat\/es\/per-que-els-resultats-dels-concursos-son-sempre-polemics-joan-rue\/","name":"Per qu\u00e8 els resultats dels concursos s\u00f3n sempre pol\u00e8mics? \/ Joan Ru\u00e9 - Agrupaci\u00f3 Fotogr\u00e0fica de Catalunya","isPartOf":{"@id":"https:\/\/afc.cat\/es\/#website"},"primaryImageOfPage":{"@id":"https:\/\/afc.cat\/es\/per-que-els-resultats-dels-concursos-son-sempre-polemics-joan-rue\/#primaryimage"},"image":{"@id":"https:\/\/afc.cat\/es\/per-que-els-resultats-dels-concursos-son-sempre-polemics-joan-rue\/#primaryimage"},"thumbnailUrl":"https:\/\/afc.cat\/wp-content\/uploads\/2022\/09\/Xerrada_Veredicte-2.jpg","datePublished":"2022-10-14T10:41:12+00:00","dateModified":"2022-10-17T13:53:33+00:00","author":{"@id":"https:\/\/afc.cat\/es\/#\/schema\/person\/b914cefdd3d691831c5675292da9496a"},"breadcrumb":{"@id":"https:\/\/afc.cat\/es\/per-que-els-resultats-dels-concursos-son-sempre-polemics-joan-rue\/#breadcrumb"},"inLanguage":"es","potentialAction":[{"@type":"ReadAction","target":["https:\/\/afc.cat\/es\/per-que-els-resultats-dels-concursos-son-sempre-polemics-joan-rue\/"]}]},{"@type":"ImageObject","inLanguage":"es","@id":"https:\/\/afc.cat\/es\/per-que-els-resultats-dels-concursos-son-sempre-polemics-joan-rue\/#primaryimage","url":"https:\/\/afc.cat\/wp-content\/uploads\/2022\/09\/Xerrada_Veredicte-2.jpg","contentUrl":"https:\/\/afc.cat\/wp-content\/uploads\/2022\/09\/Xerrada_Veredicte-2.jpg","width":400,"height":267},{"@type":"BreadcrumbList","@id":"https:\/\/afc.cat\/es\/per-que-els-resultats-dels-concursos-son-sempre-polemics-joan-rue\/#breadcrumb","itemListElement":[{"@type":"ListItem","position":1,"name":"Inicio","item":"https:\/\/afc.cat\/es\/"},{"@type":"ListItem","position":2,"name":"Per qu\u00e8 els resultats dels concursos s\u00f3n sempre pol\u00e8mics? \/ Joan Ru\u00e9"}]},{"@type":"WebSite","@id":"https:\/\/afc.cat\/es\/#website","url":"https:\/\/afc.cat\/es\/","name":"Agrupaci\u00f3 Fotogr\u00e0fica de Catalunya","description":"Fomento y divulgaci\u00f3n de la fotograf\u00eda en todas sus variedades","potentialAction":[{"@type":"SearchAction","target":{"@type":"EntryPoint","urlTemplate":"https:\/\/afc.cat\/es\/?s={search_term_string}"},"query-input":{"@type":"PropertyValueSpecification","valueRequired":true,"valueName":"search_term_string"}}],"inLanguage":"es"},{"@type":"Person","@id":"https:\/\/afc.cat\/es\/#\/schema\/person\/b914cefdd3d691831c5675292da9496a","name":"M\u00f2nica Rodr\u00edguez","image":{"@type":"ImageObject","inLanguage":"es","@id":"https:\/\/secure.gravatar.com\/avatar\/dfc2b3f253d78a099cd1a6fca15dfcfafa251514d62e7dfd96d3a013321b382c?s=96&d=mm&r=g","url":"https:\/\/secure.gravatar.com\/avatar\/dfc2b3f253d78a099cd1a6fca15dfcfafa251514d62e7dfd96d3a013321b382c?s=96&d=mm&r=g","contentUrl":"https:\/\/secure.gravatar.com\/avatar\/dfc2b3f253d78a099cd1a6fca15dfcfafa251514d62e7dfd96d3a013321b382c?s=96&d=mm&r=g","caption":"M\u00f2nica Rodr\u00edguez"},"url":"https:\/\/afc.cat\/es\/author\/secretariaconsellafc\/"}]}},"_links":{"self":[{"href":"https:\/\/afc.cat\/es\/wp-json\/wp\/v2\/posts\/29105","targetHints":{"allow":["GET"]}}],"collection":[{"href":"https:\/\/afc.cat\/es\/wp-json\/wp\/v2\/posts"}],"about":[{"href":"https:\/\/afc.cat\/es\/wp-json\/wp\/v2\/types\/post"}],"author":[{"embeddable":true,"href":"https:\/\/afc.cat\/es\/wp-json\/wp\/v2\/users\/47"}],"replies":[{"embeddable":true,"href":"https:\/\/afc.cat\/es\/wp-json\/wp\/v2\/comments?post=29105"}],"version-history":[{"count":3,"href":"https:\/\/afc.cat\/es\/wp-json\/wp\/v2\/posts\/29105\/revisions"}],"predecessor-version":[{"id":29114,"href":"https:\/\/afc.cat\/es\/wp-json\/wp\/v2\/posts\/29105\/revisions\/29114"}],"wp:featuredmedia":[{"embeddable":true,"href":"https:\/\/afc.cat\/es\/wp-json\/wp\/v2\/media\/28991"}],"wp:attachment":[{"href":"https:\/\/afc.cat\/es\/wp-json\/wp\/v2\/media?parent=29105"}],"wp:term":[{"taxonomy":"category","embeddable":true,"href":"https:\/\/afc.cat\/es\/wp-json\/wp\/v2\/categories?post=29105"},{"taxonomy":"post_tag","embeddable":true,"href":"https:\/\/afc.cat\/es\/wp-json\/wp\/v2\/tags?post=29105"}],"curies":[{"name":"wp","href":"https:\/\/api.w.org\/{rel}","templated":true}]}}