{"id":29177,"date":"2022-10-26T17:52:19","date_gmt":"2022-10-26T15:52:19","guid":{"rendered":"https:\/\/afc.cat\/inauguracio-de-lexposicio-passejant-per-la-sagrera-de-josep-lluis-roig\/"},"modified":"2022-10-26T23:32:13","modified_gmt":"2022-10-26T21:32:13","slug":"inauguracio-de-lexposicio-passejant-per-la-sagrera-de-josep-lluis-roig","status":"publish","type":"post","link":"https:\/\/afc.cat\/es\/inauguracio-de-lexposicio-passejant-per-la-sagrera-de-josep-lluis-roig\/","title":{"rendered":"Inauguraci\u00f3n de la exposici\u00f3n \u00abPassejant per la Sagrera\u00bb de Josep Llu\u00eds Roig"},"content":{"rendered":"<div class=\"fusion-fullwidth fullwidth-box fusion-builder-row-1 fusion-flex-container nonhundred-percent-fullwidth non-hundred-percent-height-scrolling\" style=\"background-color: rgba(255,255,255,0);background-position: center center;background-repeat: no-repeat;border-width: 0px 0px 0px 0px;border-color:#ffffff;border-style:solid;\" ><div class=\"fusion-builder-row fusion-row fusion-flex-align-items-flex-start\" style=\"max-width:1300px;margin-left: calc(-4% \/ 2 );margin-right: calc(-4% \/ 2 );\"><div class=\"fusion-layout-column fusion_builder_column fusion-builder-column-0 fusion_builder_column_2_3 2_3 fusion-flex-column\"><div class=\"fusion-column-wrapper fusion-flex-justify-content-flex-start fusion-content-layout-column\" style=\"background-position:left top;background-repeat:no-repeat;-webkit-background-size:cover;-moz-background-size:cover;-o-background-size:cover;background-size:cover;padding: 0px 0px 0px 0px;\"><div class=\"fusion-text fusion-text-1\"><h2>Inaugurada la exposici\u00f3 \u00abPassejant per la Sagrera\u00bb de Josep Llu\u00eds Roig<\/h2>\n<p>Ayer martes d\u00eda 25 de octubre pudimos disfrutar en la sala grande \u201cBruno Argem\u00ed\u201d la inauguraci\u00f3n de la exposici\u00f3n de uno de nuestros socios m\u00e1s veteranos, <strong>Josep Llu\u00eds Roi<\/strong>g.<\/p>\n<p>Ha sido una velada alegre y emotiva justo en los 51 a\u00f1os que nuestro socio se hizo miembro de la Agrupaci\u00f3n.<\/p>\n<p>La inauguraci\u00f3n ha sido amenizada por amigas y compa\u00f1eros de otras agrupaciones, y animada con un refrigerio y cava, que siempre va bien para entablar conversaciones.<\/p>\n<p>\u201cPaseando por la Sagrera\u201d se ha expuesto anteriormente en tres salas del <strong>barrio de la Sagrera <\/strong>de barcelona, <strong>San Adri\u00e0 del Bes\u00f2s<\/strong> y la <strong>Nave Bostik<\/strong>. En ella el autor nos presenta 30 fotograf\u00edas en color en formato 40\u00d750 en un homenaje a su madre paseando por el barrio de la Sagrera.<\/p>\n<p>Fotograf\u00edas de calidad impresa por el mismo autor a casa suya, en que destaca su estilo particular de fotos saturadas y muy acabadas, resultando un trabajo coherente y con una unidad tem\u00e1tica indiscutible.<\/p>\n<p>Las fotograf\u00edas han sido realizadas con m\u00f3vil y con una Canon G-16.<\/p>\n<p>Os invitamos a disfrutar de este trabajo que estar\u00e1 expuesto en la sede de nuestra Agrupaci\u00f3n hasta el d\u00eda 18 de noviembre de 2022.<\/p>\n<p>Os esperamos!<\/p>\n<p><strong>Agrupaci\u00f3 Fotogr\u00e0fica de Catalunya<\/strong><\/p>\n<\/div><style type=\"text\/css\">.fusion-gallery-1 .fusion-gallery-image {border:0px solid #e2e2e2;}<\/style><div class=\"fusion-gallery fusion-gallery-container fusion-grid-4 fusion-columns-total-4 fusion-gallery-layout-grid fusion-gallery-1\" style=\"margin:-5px;\"><div style=\"padding:5px;\" class=\"fusion-grid-column fusion-gallery-column fusion-gallery-column-4 hover-type-none\"><div class=\"fusion-gallery-image\"><a href=\"https:\/\/afc.cat\/wp-content\/uploads\/2022\/10\/Josep-Lluis-Roig-01.jpg\" rel=\"noreferrer\" data-rel=\"iLightbox[gallery_image_1]\" class=\"fusion-lightbox\" target=\"_self\"><img decoding=\"async\" src=\"https:\/\/afc.cat\/wp-content\/uploads\/2022\/10\/Josep-Lluis-Roig-01.jpg\" width=\"800\" height=\"600\" alt=\"\" title=\"Josep Lluis Roig (01)\" aria-label=\"Josep Lluis Roig (01)\" class=\"img-responsive wp-image-29173\" srcset=\"https:\/\/afc.cat\/wp-content\/uploads\/2022\/10\/Josep-Lluis-Roig-01-200x150.jpg 200w, https:\/\/afc.cat\/wp-content\/uploads\/2022\/10\/Josep-Lluis-Roig-01-400x300.jpg 400w, https:\/\/afc.cat\/wp-content\/uploads\/2022\/10\/Josep-Lluis-Roig-01-600x450.jpg 600w, https:\/\/afc.cat\/wp-content\/uploads\/2022\/10\/Josep-Lluis-Roig-01.jpg 800w\" sizes=\"(min-width: 2200px) 100vw, (min-width: 928px) 309px, (min-width: 832px) 412px, (min-width: 736px) 618px, (min-width: 640px) 736px, \" \/><\/a><\/div><\/div><div style=\"padding:5px;\" class=\"fusion-grid-column fusion-gallery-column fusion-gallery-column-4 hover-type-none\"><div class=\"fusion-gallery-image\"><a href=\"https:\/\/afc.cat\/wp-content\/uploads\/2022\/10\/Josep-Lluis-Roig-3.jpg\" rel=\"noreferrer\" data-rel=\"iLightbox[gallery_image_1]\" class=\"fusion-lightbox\" target=\"_self\"><img decoding=\"async\" src=\"https:\/\/afc.cat\/wp-content\/uploads\/2022\/10\/Josep-Lluis-Roig-3.jpg\" width=\"800\" height=\"602\" alt=\"\" title=\"Josep Lluis Roig (3)\" aria-label=\"Josep Lluis Roig (3)\" class=\"img-responsive wp-image-29160\" srcset=\"https:\/\/afc.cat\/wp-content\/uploads\/2022\/10\/Josep-Lluis-Roig-3-200x151.jpg 200w, https:\/\/afc.cat\/wp-content\/uploads\/2022\/10\/Josep-Lluis-Roig-3-400x301.jpg 400w, https:\/\/afc.cat\/wp-content\/uploads\/2022\/10\/Josep-Lluis-Roig-3-600x452.jpg 600w, https:\/\/afc.cat\/wp-content\/uploads\/2022\/10\/Josep-Lluis-Roig-3.jpg 800w\" sizes=\"(min-width: 2200px) 100vw, (min-width: 928px) 309px, (min-width: 832px) 412px, (min-width: 736px) 618px, (min-width: 640px) 736px, \" \/><\/a><\/div><\/div><div style=\"padding:5px;\" class=\"fusion-grid-column fusion-gallery-column fusion-gallery-column-4 hover-type-none\"><div class=\"fusion-gallery-image\"><a href=\"https:\/\/afc.cat\/wp-content\/uploads\/2022\/10\/Josep-Lluis-Roig-1.jpg\" rel=\"noreferrer\" data-rel=\"iLightbox[gallery_image_1]\" class=\"fusion-lightbox\" target=\"_self\"><img decoding=\"async\" src=\"https:\/\/afc.cat\/wp-content\/uploads\/2022\/10\/Josep-Lluis-Roig-1.jpg\" width=\"800\" height=\"602\" alt=\"\" title=\"Josep Lluis Roig (1)\" aria-label=\"Josep Lluis Roig (1)\" class=\"img-responsive wp-image-29164\" srcset=\"https:\/\/afc.cat\/wp-content\/uploads\/2022\/10\/Josep-Lluis-Roig-1-200x151.jpg 200w, https:\/\/afc.cat\/wp-content\/uploads\/2022\/10\/Josep-Lluis-Roig-1-400x301.jpg 400w, https:\/\/afc.cat\/wp-content\/uploads\/2022\/10\/Josep-Lluis-Roig-1-600x452.jpg 600w, https:\/\/afc.cat\/wp-content\/uploads\/2022\/10\/Josep-Lluis-Roig-1.jpg 800w\" sizes=\"(min-width: 2200px) 100vw, (min-width: 928px) 309px, (min-width: 832px) 412px, (min-width: 736px) 618px, (min-width: 640px) 736px, \" \/><\/a><\/div><\/div><div style=\"padding:5px;\" class=\"fusion-grid-column fusion-gallery-column fusion-gallery-column-4 hover-type-none\"><div class=\"fusion-gallery-image\"><a href=\"https:\/\/afc.cat\/wp-content\/uploads\/2022\/10\/Josep-Lluis-Roig-2.jpg\" rel=\"noreferrer\" data-rel=\"iLightbox[gallery_image_1]\" class=\"fusion-lightbox\" target=\"_self\"><img decoding=\"async\" src=\"https:\/\/afc.cat\/wp-content\/uploads\/2022\/10\/Josep-Lluis-Roig-2.jpg\" width=\"600\" height=\"400\" alt=\"\" title=\"Josep Lluis Roig (2)\" aria-label=\"Josep Lluis Roig (2)\" class=\"img-responsive wp-image-29162\" srcset=\"https:\/\/afc.cat\/wp-content\/uploads\/2022\/10\/Josep-Lluis-Roig-2-200x133.jpg 200w, https:\/\/afc.cat\/wp-content\/uploads\/2022\/10\/Josep-Lluis-Roig-2-400x267.jpg 400w, https:\/\/afc.cat\/wp-content\/uploads\/2022\/10\/Josep-Lluis-Roig-2.jpg 600w\" sizes=\"(min-width: 2200px) 100vw, (min-width: 928px) 309px, (min-width: 832px) 412px, (min-width: 736px) 618px, (min-width: 640px) 736px, \" \/><\/a><\/div><\/div><div class=\"clearfix\"><\/div><\/div><div class=\"fusion-separator fusion-full-width-sep\" style=\"align-self: center;margin-left: auto;margin-right: auto;margin-top:20px;margin-bottom:20px;width:100%;\"><div class=\"fusion-separator-border sep-single sep-solid\" style=\"border-color:#3ec0bf;border-top-width:1px;\"><\/div><\/div><\/div><style type=\"text\/css\">.fusion-body .fusion-builder-column-0{width:66.666666666667% !important;margin-top : 0px;margin-bottom : 0px;}.fusion-builder-column-0 > .fusion-column-wrapper {padding-top : 0px !important;padding-right : 0px !important;margin-right : 3.84%;padding-bottom : 0px !important;padding-left : 0px !important;margin-left : 2.88%;}@media only screen and (max-width:1024px) {.fusion-body .fusion-builder-column-0{width:66.666666666667% !important;}.fusion-builder-column-0 > .fusion-column-wrapper {margin-right : 3.84%;margin-left : 2.88%;}}@media only screen and (max-width:640px) {.fusion-body .fusion-builder-column-0{width:100% !important;}.fusion-builder-column-0 > .fusion-column-wrapper {margin-right : 1.92%;margin-left : 1.92%;}}<\/style><\/div><div class=\"fusion-layout-column fusion_builder_column fusion-builder-column-1 fusion_builder_column_1_3 1_3 fusion-flex-column\"><div class=\"fusion-column-wrapper fusion-flex-justify-content-flex-start fusion-content-layout-column\" style=\"background-position:left top;background-repeat:no-repeat;-webkit-background-size:cover;-moz-background-size:cover;-o-background-size:cover;background-size:cover;padding: 0px 0px 0px 0px;\"><div ><span class=\" fusion-imageframe imageframe-none imageframe-1 hover-type-none\"><img decoding=\"async\" width=\"400\" height=\"600\" title=\"Josep Lluis Roig (0)\" src=\"https:\/\/afc.cat\/wp-content\/uploads\/2022\/10\/Josep-Lluis-Roig-0.jpg\" alt class=\"img-responsive wp-image-29167\" srcset=\"https:\/\/afc.cat\/wp-content\/uploads\/2022\/10\/Josep-Lluis-Roig-0-200x300.jpg 200w, https:\/\/afc.cat\/wp-content\/uploads\/2022\/10\/Josep-Lluis-Roig-0.jpg 400w\" sizes=\"(max-width: 640px) 100vw, 400px\" \/><\/span><\/div><\/div><style type=\"text\/css\">.fusion-body .fusion-builder-column-1{width:33.333333333333% !important;margin-top : 0px;margin-bottom : 0px;}.fusion-builder-column-1 > .fusion-column-wrapper {padding-top : 0px !important;padding-right : 0px !important;margin-right : 5.76%;padding-bottom : 0px !important;padding-left : 0px !important;margin-left : 3.84%;}@media only screen and (max-width:1024px) {.fusion-body .fusion-builder-column-1{width:33.333333333333% !important;}.fusion-builder-column-1 > .fusion-column-wrapper {margin-right : 5.76%;margin-left : 3.84%;}}@media only screen and (max-width:640px) {.fusion-body .fusion-builder-column-1{width:100% !important;}.fusion-builder-column-1 > .fusion-column-wrapper {margin-right : 1.92%;margin-left : 1.92%;}}<\/style><\/div><\/div><style type=\"text\/css\">.fusion-body .fusion-flex-container.fusion-builder-row-1{ padding-top : 0px;margin-top : 0px;padding-right : 0px;padding-bottom : 0px;margin-bottom : 0px;padding-left : 0px;}<\/style><\/div>\n","protected":false},"excerpt":{"rendered":"","protected":false},"author":33,"featured_media":29171,"comment_status":"open","ping_status":"open","sticky":false,"template":"","format":"standard","meta":{"_acf_changed":false,"footnotes":""},"categories":[183],"tags":[],"class_list":["post-29177","post","type-post","status-publish","format-standard","has-post-thumbnail","hentry","category-exposiciones-afc"],"acf":[],"yoast_head":"<!-- This site is optimized with the Yoast SEO plugin v27.5 - https:\/\/yoast.com\/product\/yoast-seo-wordpress\/ -->\n<title>Inauguraci\u00f3n de la exposici\u00f3n &quot;Passejant per la Sagrera&quot; de Josep Llu\u00eds Roig - Agrupaci\u00f3 Fotogr\u00e0fica de Catalunya<\/title>\n<meta name=\"robots\" content=\"index, follow, max-snippet:-1, max-image-preview:large, max-video-preview:-1\" \/>\n<link rel=\"canonical\" href=\"https:\/\/afc.cat\/es\/inauguracio-de-lexposicio-passejant-per-la-sagrera-de-josep-lluis-roig\/\" \/>\n<meta property=\"og:locale\" content=\"es_ES\" \/>\n<meta property=\"og:type\" content=\"article\" \/>\n<meta property=\"og:title\" content=\"Inauguraci\u00f3n de la exposici\u00f3n &quot;Passejant per la Sagrera&quot; de Josep Llu\u00eds Roig - Agrupaci\u00f3 Fotogr\u00e0fica de Catalunya\" \/>\n<meta property=\"og:url\" content=\"https:\/\/afc.cat\/es\/inauguracio-de-lexposicio-passejant-per-la-sagrera-de-josep-lluis-roig\/\" \/>\n<meta property=\"og:site_name\" content=\"Agrupaci\u00f3 Fotogr\u00e0fica de Catalunya\" \/>\n<meta property=\"article:published_time\" content=\"2022-10-26T15:52:19+00:00\" \/>\n<meta property=\"article:modified_time\" content=\"2022-10-26T21:32:13+00:00\" \/>\n<meta property=\"og:image\" content=\"https:\/\/afc.cat\/wp-content\/uploads\/2022\/10\/Josep-Lluis-Roig-00.jpg\" \/>\n\t<meta property=\"og:image:width\" content=\"400\" \/>\n\t<meta property=\"og:image:height\" content=\"385\" \/>\n\t<meta property=\"og:image:type\" content=\"image\/jpeg\" \/>\n<meta name=\"author\" content=\"Albert Folch Naval\u00f3n\" \/>\n<meta name=\"twitter:card\" content=\"summary_large_image\" \/>\n<meta name=\"twitter:label1\" content=\"Escrito por\" \/>\n\t<meta name=\"twitter:data1\" content=\"Albert Folch Naval\u00f3n\" \/>\n\t<meta name=\"twitter:label2\" content=\"Tiempo de lectura\" \/>\n\t<meta name=\"twitter:data2\" content=\"5 minutos\" \/>\n<script type=\"application\/ld+json\" class=\"yoast-schema-graph\">{\"@context\":\"https:\\\/\\\/schema.org\",\"@graph\":[{\"@type\":\"Article\",\"@id\":\"https:\\\/\\\/afc.cat\\\/es\\\/inauguracio-de-lexposicio-passejant-per-la-sagrera-de-josep-lluis-roig\\\/#article\",\"isPartOf\":{\"@id\":\"https:\\\/\\\/afc.cat\\\/es\\\/inauguracio-de-lexposicio-passejant-per-la-sagrera-de-josep-lluis-roig\\\/\"},\"author\":{\"name\":\"Albert Folch Naval\u00f3n\",\"@id\":\"https:\\\/\\\/afc.cat\\\/es\\\/#\\\/schema\\\/person\\\/2868ff3362c6c568af6bbef21aab18a6\"},\"headline\":\"Inauguraci\u00f3n de la exposici\u00f3n \u00abPassejant per la Sagrera\u00bb de Josep Llu\u00eds Roig\",\"datePublished\":\"2022-10-26T15:52:19+00:00\",\"dateModified\":\"2022-10-26T21:32:13+00:00\",\"mainEntityOfPage\":{\"@id\":\"https:\\\/\\\/afc.cat\\\/es\\\/inauguracio-de-lexposicio-passejant-per-la-sagrera-de-josep-lluis-roig\\\/\"},\"wordCount\":1088,\"commentCount\":0,\"image\":{\"@id\":\"https:\\\/\\\/afc.cat\\\/es\\\/inauguracio-de-lexposicio-passejant-per-la-sagrera-de-josep-lluis-roig\\\/#primaryimage\"},\"thumbnailUrl\":\"https:\\\/\\\/afc.cat\\\/wp-content\\\/uploads\\\/2022\\\/10\\\/Josep-Lluis-Roig-00.jpg\",\"articleSection\":[\"Exposiciones AFC\"],\"inLanguage\":\"es\",\"potentialAction\":[{\"@type\":\"CommentAction\",\"name\":\"Comment\",\"target\":[\"https:\\\/\\\/afc.cat\\\/es\\\/inauguracio-de-lexposicio-passejant-per-la-sagrera-de-josep-lluis-roig\\\/#respond\"]}]},{\"@type\":\"WebPage\",\"@id\":\"https:\\\/\\\/afc.cat\\\/es\\\/inauguracio-de-lexposicio-passejant-per-la-sagrera-de-josep-lluis-roig\\\/\",\"url\":\"https:\\\/\\\/afc.cat\\\/es\\\/inauguracio-de-lexposicio-passejant-per-la-sagrera-de-josep-lluis-roig\\\/\",\"name\":\"Inauguraci\u00f3n de la exposici\u00f3n \\\"Passejant per la Sagrera\\\" de Josep Llu\u00eds Roig - Agrupaci\u00f3 Fotogr\u00e0fica de Catalunya\",\"isPartOf\":{\"@id\":\"https:\\\/\\\/afc.cat\\\/es\\\/#website\"},\"primaryImageOfPage\":{\"@id\":\"https:\\\/\\\/afc.cat\\\/es\\\/inauguracio-de-lexposicio-passejant-per-la-sagrera-de-josep-lluis-roig\\\/#primaryimage\"},\"image\":{\"@id\":\"https:\\\/\\\/afc.cat\\\/es\\\/inauguracio-de-lexposicio-passejant-per-la-sagrera-de-josep-lluis-roig\\\/#primaryimage\"},\"thumbnailUrl\":\"https:\\\/\\\/afc.cat\\\/wp-content\\\/uploads\\\/2022\\\/10\\\/Josep-Lluis-Roig-00.jpg\",\"datePublished\":\"2022-10-26T15:52:19+00:00\",\"dateModified\":\"2022-10-26T21:32:13+00:00\",\"author\":{\"@id\":\"https:\\\/\\\/afc.cat\\\/es\\\/#\\\/schema\\\/person\\\/2868ff3362c6c568af6bbef21aab18a6\"},\"breadcrumb\":{\"@id\":\"https:\\\/\\\/afc.cat\\\/es\\\/inauguracio-de-lexposicio-passejant-per-la-sagrera-de-josep-lluis-roig\\\/#breadcrumb\"},\"inLanguage\":\"es\",\"potentialAction\":[{\"@type\":\"ReadAction\",\"target\":[\"https:\\\/\\\/afc.cat\\\/es\\\/inauguracio-de-lexposicio-passejant-per-la-sagrera-de-josep-lluis-roig\\\/\"]}]},{\"@type\":\"ImageObject\",\"inLanguage\":\"es\",\"@id\":\"https:\\\/\\\/afc.cat\\\/es\\\/inauguracio-de-lexposicio-passejant-per-la-sagrera-de-josep-lluis-roig\\\/#primaryimage\",\"url\":\"https:\\\/\\\/afc.cat\\\/wp-content\\\/uploads\\\/2022\\\/10\\\/Josep-Lluis-Roig-00.jpg\",\"contentUrl\":\"https:\\\/\\\/afc.cat\\\/wp-content\\\/uploads\\\/2022\\\/10\\\/Josep-Lluis-Roig-00.jpg\",\"width\":400,\"height\":385},{\"@type\":\"BreadcrumbList\",\"@id\":\"https:\\\/\\\/afc.cat\\\/es\\\/inauguracio-de-lexposicio-passejant-per-la-sagrera-de-josep-lluis-roig\\\/#breadcrumb\",\"itemListElement\":[{\"@type\":\"ListItem\",\"position\":1,\"name\":\"Inicio\",\"item\":\"https:\\\/\\\/afc.cat\\\/es\\\/\"},{\"@type\":\"ListItem\",\"position\":2,\"name\":\"Inauguraci\u00f3n de la exposici\u00f3n &#8220;Passejant per la Sagrera&#8221; de Josep Llu\u00eds Roig\"}]},{\"@type\":\"WebSite\",\"@id\":\"https:\\\/\\\/afc.cat\\\/es\\\/#website\",\"url\":\"https:\\\/\\\/afc.cat\\\/es\\\/\",\"name\":\"Agrupaci\u00f3 Fotogr\u00e0fica de Catalunya\",\"description\":\"Fomento y divulgaci\u00f3n de la fotograf\u00eda en todas sus variedades\",\"potentialAction\":[{\"@type\":\"SearchAction\",\"target\":{\"@type\":\"EntryPoint\",\"urlTemplate\":\"https:\\\/\\\/afc.cat\\\/es\\\/?s={search_term_string}\"},\"query-input\":{\"@type\":\"PropertyValueSpecification\",\"valueRequired\":true,\"valueName\":\"search_term_string\"}}],\"inLanguage\":\"es\"},{\"@type\":\"Person\",\"@id\":\"https:\\\/\\\/afc.cat\\\/es\\\/#\\\/schema\\\/person\\\/2868ff3362c6c568af6bbef21aab18a6\",\"name\":\"Albert Folch Naval\u00f3n\",\"image\":{\"@type\":\"ImageObject\",\"inLanguage\":\"es\",\"@id\":\"https:\\\/\\\/secure.gravatar.com\\\/avatar\\\/d9af2c27458acd834a2ba71216b3c70b3d550f58587654086a7e7c13f9ffa40c?s=96&d=mm&r=g\",\"url\":\"https:\\\/\\\/secure.gravatar.com\\\/avatar\\\/d9af2c27458acd834a2ba71216b3c70b3d550f58587654086a7e7c13f9ffa40c?s=96&d=mm&r=g\",\"contentUrl\":\"https:\\\/\\\/secure.gravatar.com\\\/avatar\\\/d9af2c27458acd834a2ba71216b3c70b3d550f58587654086a7e7c13f9ffa40c?s=96&d=mm&r=g\",\"caption\":\"Albert Folch Naval\u00f3n\"},\"url\":\"https:\\\/\\\/afc.cat\\\/es\\\/author\\\/albertf2021\\\/\"}]}<\/script>\n<!-- \/ Yoast SEO plugin. -->","yoast_head_json":{"title":"Inauguraci\u00f3n de la exposici\u00f3n \"Passejant per la Sagrera\" de Josep Llu\u00eds Roig - Agrupaci\u00f3 Fotogr\u00e0fica de Catalunya","robots":{"index":"index","follow":"follow","max-snippet":"max-snippet:-1","max-image-preview":"max-image-preview:large","max-video-preview":"max-video-preview:-1"},"canonical":"https:\/\/afc.cat\/es\/inauguracio-de-lexposicio-passejant-per-la-sagrera-de-josep-lluis-roig\/","og_locale":"es_ES","og_type":"article","og_title":"Inauguraci\u00f3n de la exposici\u00f3n \"Passejant per la Sagrera\" de Josep Llu\u00eds Roig - Agrupaci\u00f3 Fotogr\u00e0fica de Catalunya","og_url":"https:\/\/afc.cat\/es\/inauguracio-de-lexposicio-passejant-per-la-sagrera-de-josep-lluis-roig\/","og_site_name":"Agrupaci\u00f3 Fotogr\u00e0fica de Catalunya","article_published_time":"2022-10-26T15:52:19+00:00","article_modified_time":"2022-10-26T21:32:13+00:00","og_image":[{"width":400,"height":385,"url":"https:\/\/afc.cat\/wp-content\/uploads\/2022\/10\/Josep-Lluis-Roig-00.jpg","type":"image\/jpeg"}],"author":"Albert Folch Naval\u00f3n","twitter_card":"summary_large_image","twitter_misc":{"Escrito por":"Albert Folch Naval\u00f3n","Tiempo de lectura":"5 minutos"},"schema":{"@context":"https:\/\/schema.org","@graph":[{"@type":"Article","@id":"https:\/\/afc.cat\/es\/inauguracio-de-lexposicio-passejant-per-la-sagrera-de-josep-lluis-roig\/#article","isPartOf":{"@id":"https:\/\/afc.cat\/es\/inauguracio-de-lexposicio-passejant-per-la-sagrera-de-josep-lluis-roig\/"},"author":{"name":"Albert Folch Naval\u00f3n","@id":"https:\/\/afc.cat\/es\/#\/schema\/person\/2868ff3362c6c568af6bbef21aab18a6"},"headline":"Inauguraci\u00f3n de la exposici\u00f3n \u00abPassejant per la Sagrera\u00bb de Josep Llu\u00eds Roig","datePublished":"2022-10-26T15:52:19+00:00","dateModified":"2022-10-26T21:32:13+00:00","mainEntityOfPage":{"@id":"https:\/\/afc.cat\/es\/inauguracio-de-lexposicio-passejant-per-la-sagrera-de-josep-lluis-roig\/"},"wordCount":1088,"commentCount":0,"image":{"@id":"https:\/\/afc.cat\/es\/inauguracio-de-lexposicio-passejant-per-la-sagrera-de-josep-lluis-roig\/#primaryimage"},"thumbnailUrl":"https:\/\/afc.cat\/wp-content\/uploads\/2022\/10\/Josep-Lluis-Roig-00.jpg","articleSection":["Exposiciones AFC"],"inLanguage":"es","potentialAction":[{"@type":"CommentAction","name":"Comment","target":["https:\/\/afc.cat\/es\/inauguracio-de-lexposicio-passejant-per-la-sagrera-de-josep-lluis-roig\/#respond"]}]},{"@type":"WebPage","@id":"https:\/\/afc.cat\/es\/inauguracio-de-lexposicio-passejant-per-la-sagrera-de-josep-lluis-roig\/","url":"https:\/\/afc.cat\/es\/inauguracio-de-lexposicio-passejant-per-la-sagrera-de-josep-lluis-roig\/","name":"Inauguraci\u00f3n de la exposici\u00f3n \"Passejant per la Sagrera\" de Josep Llu\u00eds Roig - Agrupaci\u00f3 Fotogr\u00e0fica de Catalunya","isPartOf":{"@id":"https:\/\/afc.cat\/es\/#website"},"primaryImageOfPage":{"@id":"https:\/\/afc.cat\/es\/inauguracio-de-lexposicio-passejant-per-la-sagrera-de-josep-lluis-roig\/#primaryimage"},"image":{"@id":"https:\/\/afc.cat\/es\/inauguracio-de-lexposicio-passejant-per-la-sagrera-de-josep-lluis-roig\/#primaryimage"},"thumbnailUrl":"https:\/\/afc.cat\/wp-content\/uploads\/2022\/10\/Josep-Lluis-Roig-00.jpg","datePublished":"2022-10-26T15:52:19+00:00","dateModified":"2022-10-26T21:32:13+00:00","author":{"@id":"https:\/\/afc.cat\/es\/#\/schema\/person\/2868ff3362c6c568af6bbef21aab18a6"},"breadcrumb":{"@id":"https:\/\/afc.cat\/es\/inauguracio-de-lexposicio-passejant-per-la-sagrera-de-josep-lluis-roig\/#breadcrumb"},"inLanguage":"es","potentialAction":[{"@type":"ReadAction","target":["https:\/\/afc.cat\/es\/inauguracio-de-lexposicio-passejant-per-la-sagrera-de-josep-lluis-roig\/"]}]},{"@type":"ImageObject","inLanguage":"es","@id":"https:\/\/afc.cat\/es\/inauguracio-de-lexposicio-passejant-per-la-sagrera-de-josep-lluis-roig\/#primaryimage","url":"https:\/\/afc.cat\/wp-content\/uploads\/2022\/10\/Josep-Lluis-Roig-00.jpg","contentUrl":"https:\/\/afc.cat\/wp-content\/uploads\/2022\/10\/Josep-Lluis-Roig-00.jpg","width":400,"height":385},{"@type":"BreadcrumbList","@id":"https:\/\/afc.cat\/es\/inauguracio-de-lexposicio-passejant-per-la-sagrera-de-josep-lluis-roig\/#breadcrumb","itemListElement":[{"@type":"ListItem","position":1,"name":"Inicio","item":"https:\/\/afc.cat\/es\/"},{"@type":"ListItem","position":2,"name":"Inauguraci\u00f3n de la exposici\u00f3n &#8220;Passejant per la Sagrera&#8221; de Josep Llu\u00eds Roig"}]},{"@type":"WebSite","@id":"https:\/\/afc.cat\/es\/#website","url":"https:\/\/afc.cat\/es\/","name":"Agrupaci\u00f3 Fotogr\u00e0fica de Catalunya","description":"Fomento y divulgaci\u00f3n de la fotograf\u00eda en todas sus variedades","potentialAction":[{"@type":"SearchAction","target":{"@type":"EntryPoint","urlTemplate":"https:\/\/afc.cat\/es\/?s={search_term_string}"},"query-input":{"@type":"PropertyValueSpecification","valueRequired":true,"valueName":"search_term_string"}}],"inLanguage":"es"},{"@type":"Person","@id":"https:\/\/afc.cat\/es\/#\/schema\/person\/2868ff3362c6c568af6bbef21aab18a6","name":"Albert Folch Naval\u00f3n","image":{"@type":"ImageObject","inLanguage":"es","@id":"https:\/\/secure.gravatar.com\/avatar\/d9af2c27458acd834a2ba71216b3c70b3d550f58587654086a7e7c13f9ffa40c?s=96&d=mm&r=g","url":"https:\/\/secure.gravatar.com\/avatar\/d9af2c27458acd834a2ba71216b3c70b3d550f58587654086a7e7c13f9ffa40c?s=96&d=mm&r=g","contentUrl":"https:\/\/secure.gravatar.com\/avatar\/d9af2c27458acd834a2ba71216b3c70b3d550f58587654086a7e7c13f9ffa40c?s=96&d=mm&r=g","caption":"Albert Folch Naval\u00f3n"},"url":"https:\/\/afc.cat\/es\/author\/albertf2021\/"}]}},"_links":{"self":[{"href":"https:\/\/afc.cat\/es\/wp-json\/wp\/v2\/posts\/29177","targetHints":{"allow":["GET"]}}],"collection":[{"href":"https:\/\/afc.cat\/es\/wp-json\/wp\/v2\/posts"}],"about":[{"href":"https:\/\/afc.cat\/es\/wp-json\/wp\/v2\/types\/post"}],"author":[{"embeddable":true,"href":"https:\/\/afc.cat\/es\/wp-json\/wp\/v2\/users\/33"}],"replies":[{"embeddable":true,"href":"https:\/\/afc.cat\/es\/wp-json\/wp\/v2\/comments?post=29177"}],"version-history":[{"count":3,"href":"https:\/\/afc.cat\/es\/wp-json\/wp\/v2\/posts\/29177\/revisions"}],"predecessor-version":[{"id":29180,"href":"https:\/\/afc.cat\/es\/wp-json\/wp\/v2\/posts\/29177\/revisions\/29180"}],"wp:featuredmedia":[{"embeddable":true,"href":"https:\/\/afc.cat\/es\/wp-json\/wp\/v2\/media\/29171"}],"wp:attachment":[{"href":"https:\/\/afc.cat\/es\/wp-json\/wp\/v2\/media?parent=29177"}],"wp:term":[{"taxonomy":"category","embeddable":true,"href":"https:\/\/afc.cat\/es\/wp-json\/wp\/v2\/categories?post=29177"},{"taxonomy":"post_tag","embeddable":true,"href":"https:\/\/afc.cat\/es\/wp-json\/wp\/v2\/tags?post=29177"}],"curies":[{"name":"wp","href":"https:\/\/api.w.org\/{rel}","templated":true}]}}