{"id":29549,"date":"2022-11-17T21:45:03","date_gmt":"2022-11-17T19:45:03","guid":{"rendered":"https:\/\/afc.cat\/veredicte-temes-obligats-doctubre-triangles\/"},"modified":"2022-11-17T23:07:00","modified_gmt":"2022-11-17T21:07:00","slug":"veredicte-temes-obligats-doctubre-triangles","status":"publish","type":"post","link":"https:\/\/afc.cat\/es\/veredicte-temes-obligats-doctubre-triangles\/","title":{"rendered":"Veredicto Temes Obligats de octubre &#8211; Tri\u00e1ngulos"},"content":{"rendered":"<div class=\"fusion-fullwidth fullwidth-box fusion-builder-row-1 fusion-flex-container nonhundred-percent-fullwidth non-hundred-percent-height-scrolling\" style=\"background-color: rgba(255,255,255,0);background-position: center center;background-repeat: no-repeat;border-width: 0px 0px 0px 0px;border-color:#ffffff;border-style:solid;\" ><div class=\"fusion-builder-row fusion-row fusion-flex-align-items-flex-start\" style=\"max-width:1300px;margin-left: calc(-4% \/ 2 );margin-right: calc(-4% \/ 2 );\"><div class=\"fusion-layout-column fusion_builder_column fusion-builder-column-0 fusion_builder_column_2_3 2_3 fusion-flex-column\"><div class=\"fusion-column-wrapper fusion-flex-justify-content-flex-start fusion-content-layout-column\" style=\"background-position:left top;background-repeat:no-repeat;-webkit-background-size:cover;-moz-background-size:cover;-o-background-size:cover;background-size:cover;padding: 0px 0px 0px 0px;\"><div class=\"fusion-text fusion-text-1\"><h2>Veredicto de los \u00abtemes obligats\u00bb de octubre que llevaba per tema \u201cTri\u00e1ngulos\u201d<\/h2>\n<p>El pasado d\u00eda 11 se hizo p\u00fablico el veredicto de los temas obligados de octubre que llevaba por tema \u201cTri\u00e1ngulos\u201d<br \/>\nEste a\u00f1o hemos vuelto al formato presencial y en la sala estaban m\u00e1s de veinte asistentes, poco a poco tenemos que recuperar los encuentros entre los socios que favorezcan el intercambio de conocimientos y opiniones y que en la vez nos permita crecer como fot\u00f3grafos.<\/p>\n<p>Empezamos viendo la <a href=\"https:\/\/afc.cat\/es\/galeria\/clasificacion-concurso-temes-obligats-2022-2023-octubre\/\">clasificaci\u00f3n en las dos categor\u00edas<\/a> y este mes tenemos que felicitar a <strong>Albert Ca\u00f1ellas<\/strong> por haber quedado primero en las dos, tanto a Color como Monocromo.<br \/>\nA continuaci\u00f3n visualizamos las <a href=\"https:\/\/afc.cat\/es\/galeria\/clasificacion-concurso-temes-obligats-2022-2023-octubre\/\">fotograf\u00edas que concursaban<\/a> y siguientemente entramos en la parte mas interesante, el comentario entre jurado y socios de las fotos m\u00e1s destacadas.<\/p>\n<p>En la sala ten\u00edamos a <strong>Albert Ca\u00f1ellas<\/strong> (1.\u00ba clasificado en Color y Monocromo) y a <strong>Josep M. Bonjoch<\/strong>\u00a0(2.\u00ba clasificado en Color) y nos explicaron sus obras.<br \/>\nPara hacer la foto de los tri\u00e1ngulos B\/N Albert utiliz\u00f3 unos sobres y papeles de colores y jug\u00f3 con una luz lateral, la complicaci\u00f3n estuvo en igualar la separaci\u00f3n de la solapa de todos los sobres. La de color fu\u00e9 m\u00e1s complicada y le supuso varios d\u00edas de trabajo, primero para construir la figura con maderas y despu\u00e9s para iluminar con precisi\u00f3n con dos flashes y colocando las sombras que daban forma en los tri\u00e1ngulos. Una vez tuvo resuelto el tema de la iluminaci\u00f3n aplic\u00f3 la t\u00e9cnica del <strong>foco stacking<\/strong> para conseguir que todo quedara enfocado.<\/p>\n<p>Josep M. nos describi\u00f3 su foto a color y que quer\u00eda representar en su composici\u00f3n. Utilizando tres l\u00e1pices con los tres colores b\u00e1sicos de la luz rojo, azul y verde pero atenuados los coloc\u00f3 de forma que la sombra proyectada generara un tri\u00e1ngulo is\u00f3sceles, equil\u00e1tero y recto.<\/p>\n<p>Durante la sesi\u00f3n se comentaron diferentes fotograf\u00edas por parte del jurado. Hay que destacar que un porcentaje significativo de las fotos no se ajustaban a las bases. Eran im\u00e1genes en las que la figura\/s de tri\u00e1ngulo\/s no eran evidentes o no eran protagonistas.<\/p>\n<p>Puede ser que en nuestro archivo tengamos fotos que correspondan a tema del concurso, pero invitamos a que los participantes busquen, exploren, investiguen sobre el tema en cuesti\u00f3n.<\/p>\n<p>Se vieron\u00a0 fotografias en las que el autor detecta un motivo interesante pero no lo trabaj\u00f3 lo suficiente para buscar nuevos puntos de vista. El jurado, al cumpleto\u00a0 dijo que una vez detectamos una escena que nos gusta, no es bueno quedarnos con la primera imagen. Aprovechado que tenemos piernas, podemos cambiar de punto de vista, se decir explorar y buscar nuevos encuadres hasta que vemos uno en el que destaque aquello que nos ha llamado la atenci\u00f3n y el resto de elementos no molesten al observador o queden mejor ordenados, es decir, extraer lo importante y finalmente disparar. A veces un poco de paciencia es buena aliada, esperar a que desaparezcan las personas que no aporten nada en la foto o que se reubiquen all\u00e1 donde nos interesa har\u00e1n que nuestra foto sea mejor.<\/p>\n<p>En otros casos, la foto habr\u00eda mejorado si durante la edici\u00f3n se hubieran cuidado los detalles, se trata de detectar los elementos que puede haber en los m\u00e1rgenes que distraen del motivo principal. En general una zona iluminada llama la atenci\u00f3n sobre una zona oscura y la mirada instintivamente se fija en ella.<\/p>\n<p>Por lo tanto, si hay m\u00e1s de una zona iluminada, tenemos que procurar centrarnos en la que nos interese y dejar fuera del recuadro el resto, ya sea en el momento de hacer la foto o posteriormente en la edici\u00f3n con una herramienta de recorte.<\/p>\n<p>Animamos a la participaci\u00f3n del concurso a todos los socios, es una manera de que todos mejoramos como fot\u00f3grafos.<\/p>\n<p><strong>M\u00e0xim Poncela<\/strong><br \/>\n<strong>Vocalia de concursos<\/strong><br \/>\n<strong>Agrupaci\u00f3 fotogr\u00e0fica de Catalunya<\/strong><\/p>\n<\/div><style type=\"text\/css\">.fusion-gallery-1 .fusion-gallery-image {border:0px solid #e2e2e2;}<\/style><div class=\"fusion-gallery fusion-gallery-container fusion-grid-3 fusion-columns-total-3 fusion-gallery-layout-grid fusion-gallery-1\" style=\"margin:-5px;\"><div style=\"padding:5px;\" class=\"fusion-grid-column fusion-gallery-column fusion-gallery-column-3 hover-type-none\"><div class=\"fusion-gallery-image\"><a href=\"https:\/\/afc.cat\/wp-content\/uploads\/2022\/11\/1-423-17658-Kirowa_foto_R6_8439.jpg\" rel=\"noreferrer\" data-rel=\"iLightbox[gallery_image_1]\" class=\"fusion-lightbox\" target=\"_self\"><img decoding=\"async\" src=\"https:\/\/afc.cat\/wp-content\/uploads\/2022\/11\/1-423-17658-Kirowa_foto_R6_8439.jpg\" width=\"1024\" height=\"791\" alt=\"\" title=\"1-423-17658-Kirowa_foto_R6_8439\" aria-label=\"1-423-17658-Kirowa_foto_R6_8439\" class=\"img-responsive wp-image-29543\" srcset=\"https:\/\/afc.cat\/wp-content\/uploads\/2022\/11\/1-423-17658-Kirowa_foto_R6_8439-200x154.jpg 200w, https:\/\/afc.cat\/wp-content\/uploads\/2022\/11\/1-423-17658-Kirowa_foto_R6_8439-400x309.jpg 400w, https:\/\/afc.cat\/wp-content\/uploads\/2022\/11\/1-423-17658-Kirowa_foto_R6_8439-600x463.jpg 600w, https:\/\/afc.cat\/wp-content\/uploads\/2022\/11\/1-423-17658-Kirowa_foto_R6_8439-800x618.jpg 800w, https:\/\/afc.cat\/wp-content\/uploads\/2022\/11\/1-423-17658-Kirowa_foto_R6_8439.jpg 1024w\" sizes=\"(min-width: 2200px) 100vw, (min-width: 832px) 413px, (min-width: 736px) 620px, (min-width: 640px) 736px, \" \/><\/a><\/div><\/div><div style=\"padding:5px;\" class=\"fusion-grid-column fusion-gallery-column fusion-gallery-column-3 hover-type-none\"><div class=\"fusion-gallery-image\"><a href=\"https:\/\/afc.cat\/wp-content\/uploads\/2022\/11\/1-424-17658-Kirowa_foto_R6_8403.jpg\" rel=\"noreferrer\" data-rel=\"iLightbox[gallery_image_1]\" class=\"fusion-lightbox\" target=\"_self\"><img decoding=\"async\" src=\"https:\/\/afc.cat\/wp-content\/uploads\/2022\/11\/1-424-17658-Kirowa_foto_R6_8403.jpg\" width=\"800\" height=\"864\" alt=\"\" title=\"1-424-17658-Kirowa_foto_R6_8403\" aria-label=\"1-424-17658-Kirowa_foto_R6_8403\" class=\"img-responsive wp-image-29539\" srcset=\"https:\/\/afc.cat\/wp-content\/uploads\/2022\/11\/1-424-17658-Kirowa_foto_R6_8403-200x216.jpg 200w, https:\/\/afc.cat\/wp-content\/uploads\/2022\/11\/1-424-17658-Kirowa_foto_R6_8403-400x432.jpg 400w, https:\/\/afc.cat\/wp-content\/uploads\/2022\/11\/1-424-17658-Kirowa_foto_R6_8403-600x648.jpg 600w, https:\/\/afc.cat\/wp-content\/uploads\/2022\/11\/1-424-17658-Kirowa_foto_R6_8403.jpg 800w\" sizes=\"(min-width: 2200px) 100vw, (min-width: 832px) 413px, (min-width: 736px) 620px, (min-width: 640px) 736px, \" \/><\/a><\/div><\/div><div style=\"padding:5px;\" class=\"fusion-grid-column fusion-gallery-column fusion-gallery-column-3 hover-type-none\"><div class=\"fusion-gallery-image\"><a href=\"https:\/\/afc.cat\/wp-content\/uploads\/2022\/11\/2-423-544-T.O.ColorTRIANGLESJosepMariaBonjoch.jpg\" rel=\"noreferrer\" data-rel=\"iLightbox[gallery_image_1]\" class=\"fusion-lightbox\" target=\"_self\"><img decoding=\"async\" src=\"https:\/\/afc.cat\/wp-content\/uploads\/2022\/11\/2-423-544-T.O.ColorTRIANGLESJosepMariaBonjoch.jpg\" width=\"1024\" height=\"744\" alt=\"\" title=\"2-423-544-T.O.ColorTRIANGLESJosepMariaBonjoch\" aria-label=\"2-423-544-T.O.ColorTRIANGLESJosepMariaBonjoch\" class=\"img-responsive wp-image-29541\" srcset=\"https:\/\/afc.cat\/wp-content\/uploads\/2022\/11\/2-423-544-T.O.ColorTRIANGLESJosepMariaBonjoch-200x145.jpg 200w, https:\/\/afc.cat\/wp-content\/uploads\/2022\/11\/2-423-544-T.O.ColorTRIANGLESJosepMariaBonjoch-400x291.jpg 400w, https:\/\/afc.cat\/wp-content\/uploads\/2022\/11\/2-423-544-T.O.ColorTRIANGLESJosepMariaBonjoch-600x436.jpg 600w, https:\/\/afc.cat\/wp-content\/uploads\/2022\/11\/2-423-544-T.O.ColorTRIANGLESJosepMariaBonjoch-800x581.jpg 800w, https:\/\/afc.cat\/wp-content\/uploads\/2022\/11\/2-423-544-T.O.ColorTRIANGLESJosepMariaBonjoch.jpg 1024w\" sizes=\"(min-width: 2200px) 100vw, (min-width: 832px) 413px, (min-width: 736px) 620px, (min-width: 640px) 736px, \" \/><\/a><\/div><\/div><div class=\"clearfix\"><\/div><\/div><\/div><style type=\"text\/css\">.fusion-body .fusion-builder-column-0{width:66.666666666667% !important;margin-top : 0px;margin-bottom : 0px;}.fusion-builder-column-0 > .fusion-column-wrapper {padding-top : 0px !important;padding-right : 0px !important;margin-right : 3.84%;padding-bottom : 0px !important;padding-left : 0px !important;margin-left : 2.88%;}@media only screen and (max-width:1024px) {.fusion-body .fusion-builder-column-0{width:66.666666666667% !important;}.fusion-builder-column-0 > .fusion-column-wrapper {margin-right : 3.84%;margin-left : 2.88%;}}@media only screen and (max-width:640px) {.fusion-body .fusion-builder-column-0{width:100% !important;}.fusion-builder-column-0 > .fusion-column-wrapper {margin-right : 1.92%;margin-left : 1.92%;}}<\/style><\/div><div class=\"fusion-layout-column fusion_builder_column fusion-builder-column-1 fusion_builder_column_1_3 1_3 fusion-flex-column\"><div class=\"fusion-column-wrapper fusion-flex-justify-content-flex-start fusion-content-layout-column\" style=\"background-position:left top;background-repeat:no-repeat;-webkit-background-size:cover;-moz-background-size:cover;-o-background-size:cover;background-size:cover;padding: 0px 0px 0px 0px;\"><div ><span class=\" fusion-imageframe imageframe-none imageframe-1 hover-type-none\"><img decoding=\"async\" width=\"1024\" height=\"791\" title=\"1-423-17658-Kirowa_foto_R6_8439\" src=\"https:\/\/afc.cat\/wp-content\/uploads\/2022\/11\/1-423-17658-Kirowa_foto_R6_8439.jpg\" alt class=\"img-responsive wp-image-29544\" srcset=\"https:\/\/afc.cat\/wp-content\/uploads\/2022\/11\/1-423-17658-Kirowa_foto_R6_8439-200x154.jpg 200w, https:\/\/afc.cat\/wp-content\/uploads\/2022\/11\/1-423-17658-Kirowa_foto_R6_8439-400x309.jpg 400w, https:\/\/afc.cat\/wp-content\/uploads\/2022\/11\/1-423-17658-Kirowa_foto_R6_8439-600x463.jpg 600w, https:\/\/afc.cat\/wp-content\/uploads\/2022\/11\/1-423-17658-Kirowa_foto_R6_8439-800x618.jpg 800w, https:\/\/afc.cat\/wp-content\/uploads\/2022\/11\/1-423-17658-Kirowa_foto_R6_8439.jpg 1024w\" sizes=\"(max-width: 640px) 100vw, 400px\" \/><\/span><\/div><div class=\"fusion-text fusion-text-2\" style=\"text-align:center;font-size:13px;color:#adadad;\"><p style=\"text-align: center;\">Foto: Albert Ca\u00f1ellas<\/p>\n<\/div><\/div><style type=\"text\/css\">.fusion-body .fusion-builder-column-1{width:33.333333333333% !important;margin-top : 0px;margin-bottom : 0px;}.fusion-builder-column-1 > .fusion-column-wrapper {padding-top : 0px !important;padding-right : 0px !important;margin-right : 5.76%;padding-bottom : 0px !important;padding-left : 0px !important;margin-left : 3.84%;}@media only screen and (max-width:1024px) {.fusion-body .fusion-builder-column-1{width:33.333333333333% !important;}.fusion-builder-column-1 > .fusion-column-wrapper {margin-right : 5.76%;margin-left : 3.84%;}}@media only screen and (max-width:640px) {.fusion-body .fusion-builder-column-1{width:100% !important;}.fusion-builder-column-1 > .fusion-column-wrapper {margin-right : 1.92%;margin-left : 1.92%;}}<\/style><\/div><\/div><style type=\"text\/css\">.fusion-body .fusion-flex-container.fusion-builder-row-1{ padding-top : 0px;margin-top : 0px;padding-right : 0px;padding-bottom : 0px;margin-bottom : 0px;padding-left : 0px;}<\/style><\/div>\n","protected":false},"excerpt":{"rendered":"","protected":false},"author":33,"featured_media":29546,"comment_status":"open","ping_status":"open","sticky":false,"template":"","format":"standard","meta":{"_acf_changed":false,"footnotes":""},"categories":[61,199],"tags":[],"class_list":["post-29549","post","type-post","status-publish","format-standard","has-post-thumbnail","hentry","category-concursos-sociales","category-veredictos-de-concursos"],"acf":[],"yoast_head":"<!-- This site is optimized with the Yoast SEO plugin v27.5 - https:\/\/yoast.com\/product\/yoast-seo-wordpress\/ -->\n<title>Veredicto Temes Obligats de octubre - Tri\u00e1ngulos - Agrupaci\u00f3 Fotogr\u00e0fica de Catalunya<\/title>\n<meta name=\"robots\" content=\"index, follow, max-snippet:-1, max-image-preview:large, max-video-preview:-1\" \/>\n<link rel=\"canonical\" href=\"https:\/\/afc.cat\/es\/veredicte-temes-obligats-doctubre-triangles\/\" \/>\n<meta property=\"og:locale\" content=\"es_ES\" \/>\n<meta property=\"og:type\" content=\"article\" \/>\n<meta property=\"og:title\" content=\"Veredicto Temes Obligats de octubre - Tri\u00e1ngulos - Agrupaci\u00f3 Fotogr\u00e0fica de Catalunya\" \/>\n<meta property=\"og:url\" content=\"https:\/\/afc.cat\/es\/veredicte-temes-obligats-doctubre-triangles\/\" \/>\n<meta property=\"og:site_name\" content=\"Agrupaci\u00f3 Fotogr\u00e0fica de Catalunya\" \/>\n<meta property=\"article:published_time\" content=\"2022-11-17T19:45:03+00:00\" \/>\n<meta property=\"article:modified_time\" content=\"2022-11-17T21:07:00+00:00\" \/>\n<meta property=\"og:image\" content=\"https:\/\/afc.cat\/wp-content\/uploads\/2022\/11\/Kirowa_foto_R6_8439.jpg\" \/>\n\t<meta property=\"og:image:width\" content=\"400\" \/>\n\t<meta property=\"og:image:height\" content=\"267\" \/>\n\t<meta property=\"og:image:type\" content=\"image\/jpeg\" \/>\n<meta name=\"author\" content=\"Albert Folch Naval\u00f3n\" \/>\n<meta name=\"twitter:card\" content=\"summary_large_image\" \/>\n<meta name=\"twitter:label1\" content=\"Escrito por\" \/>\n\t<meta name=\"twitter:data1\" content=\"Albert Folch Naval\u00f3n\" \/>\n\t<meta name=\"twitter:label2\" content=\"Tiempo de lectura\" \/>\n\t<meta name=\"twitter:data2\" content=\"8 minutos\" \/>\n<script type=\"application\/ld+json\" class=\"yoast-schema-graph\">{\"@context\":\"https:\\\/\\\/schema.org\",\"@graph\":[{\"@type\":\"Article\",\"@id\":\"https:\\\/\\\/afc.cat\\\/es\\\/veredicte-temes-obligats-doctubre-triangles\\\/#article\",\"isPartOf\":{\"@id\":\"https:\\\/\\\/afc.cat\\\/es\\\/veredicte-temes-obligats-doctubre-triangles\\\/\"},\"author\":{\"name\":\"Albert Folch Naval\u00f3n\",\"@id\":\"https:\\\/\\\/afc.cat\\\/es\\\/#\\\/schema\\\/person\\\/2868ff3362c6c568af6bbef21aab18a6\"},\"headline\":\"Veredicto Temes Obligats de octubre &#8211; Tri\u00e1ngulos\",\"datePublished\":\"2022-11-17T19:45:03+00:00\",\"dateModified\":\"2022-11-17T21:07:00+00:00\",\"mainEntityOfPage\":{\"@id\":\"https:\\\/\\\/afc.cat\\\/es\\\/veredicte-temes-obligats-doctubre-triangles\\\/\"},\"wordCount\":1569,\"commentCount\":0,\"image\":{\"@id\":\"https:\\\/\\\/afc.cat\\\/es\\\/veredicte-temes-obligats-doctubre-triangles\\\/#primaryimage\"},\"thumbnailUrl\":\"https:\\\/\\\/afc.cat\\\/wp-content\\\/uploads\\\/2022\\\/11\\\/Kirowa_foto_R6_8439.jpg\",\"articleSection\":[\"Concursos sociales\",\"Veredictos de concursos\"],\"inLanguage\":\"es\",\"potentialAction\":[{\"@type\":\"CommentAction\",\"name\":\"Comment\",\"target\":[\"https:\\\/\\\/afc.cat\\\/es\\\/veredicte-temes-obligats-doctubre-triangles\\\/#respond\"]}]},{\"@type\":\"WebPage\",\"@id\":\"https:\\\/\\\/afc.cat\\\/es\\\/veredicte-temes-obligats-doctubre-triangles\\\/\",\"url\":\"https:\\\/\\\/afc.cat\\\/es\\\/veredicte-temes-obligats-doctubre-triangles\\\/\",\"name\":\"Veredicto Temes Obligats de octubre - Tri\u00e1ngulos - Agrupaci\u00f3 Fotogr\u00e0fica de Catalunya\",\"isPartOf\":{\"@id\":\"https:\\\/\\\/afc.cat\\\/es\\\/#website\"},\"primaryImageOfPage\":{\"@id\":\"https:\\\/\\\/afc.cat\\\/es\\\/veredicte-temes-obligats-doctubre-triangles\\\/#primaryimage\"},\"image\":{\"@id\":\"https:\\\/\\\/afc.cat\\\/es\\\/veredicte-temes-obligats-doctubre-triangles\\\/#primaryimage\"},\"thumbnailUrl\":\"https:\\\/\\\/afc.cat\\\/wp-content\\\/uploads\\\/2022\\\/11\\\/Kirowa_foto_R6_8439.jpg\",\"datePublished\":\"2022-11-17T19:45:03+00:00\",\"dateModified\":\"2022-11-17T21:07:00+00:00\",\"author\":{\"@id\":\"https:\\\/\\\/afc.cat\\\/es\\\/#\\\/schema\\\/person\\\/2868ff3362c6c568af6bbef21aab18a6\"},\"breadcrumb\":{\"@id\":\"https:\\\/\\\/afc.cat\\\/es\\\/veredicte-temes-obligats-doctubre-triangles\\\/#breadcrumb\"},\"inLanguage\":\"es\",\"potentialAction\":[{\"@type\":\"ReadAction\",\"target\":[\"https:\\\/\\\/afc.cat\\\/es\\\/veredicte-temes-obligats-doctubre-triangles\\\/\"]}]},{\"@type\":\"ImageObject\",\"inLanguage\":\"es\",\"@id\":\"https:\\\/\\\/afc.cat\\\/es\\\/veredicte-temes-obligats-doctubre-triangles\\\/#primaryimage\",\"url\":\"https:\\\/\\\/afc.cat\\\/wp-content\\\/uploads\\\/2022\\\/11\\\/Kirowa_foto_R6_8439.jpg\",\"contentUrl\":\"https:\\\/\\\/afc.cat\\\/wp-content\\\/uploads\\\/2022\\\/11\\\/Kirowa_foto_R6_8439.jpg\",\"width\":400,\"height\":267},{\"@type\":\"BreadcrumbList\",\"@id\":\"https:\\\/\\\/afc.cat\\\/es\\\/veredicte-temes-obligats-doctubre-triangles\\\/#breadcrumb\",\"itemListElement\":[{\"@type\":\"ListItem\",\"position\":1,\"name\":\"Inicio\",\"item\":\"https:\\\/\\\/afc.cat\\\/es\\\/\"},{\"@type\":\"ListItem\",\"position\":2,\"name\":\"Veredicto Temes Obligats de octubre &#8211; Tri\u00e1ngulos\"}]},{\"@type\":\"WebSite\",\"@id\":\"https:\\\/\\\/afc.cat\\\/es\\\/#website\",\"url\":\"https:\\\/\\\/afc.cat\\\/es\\\/\",\"name\":\"Agrupaci\u00f3 Fotogr\u00e0fica de Catalunya\",\"description\":\"Fomento y divulgaci\u00f3n de la fotograf\u00eda en todas sus variedades\",\"potentialAction\":[{\"@type\":\"SearchAction\",\"target\":{\"@type\":\"EntryPoint\",\"urlTemplate\":\"https:\\\/\\\/afc.cat\\\/es\\\/?s={search_term_string}\"},\"query-input\":{\"@type\":\"PropertyValueSpecification\",\"valueRequired\":true,\"valueName\":\"search_term_string\"}}],\"inLanguage\":\"es\"},{\"@type\":\"Person\",\"@id\":\"https:\\\/\\\/afc.cat\\\/es\\\/#\\\/schema\\\/person\\\/2868ff3362c6c568af6bbef21aab18a6\",\"name\":\"Albert Folch Naval\u00f3n\",\"image\":{\"@type\":\"ImageObject\",\"inLanguage\":\"es\",\"@id\":\"https:\\\/\\\/secure.gravatar.com\\\/avatar\\\/d9af2c27458acd834a2ba71216b3c70b3d550f58587654086a7e7c13f9ffa40c?s=96&d=mm&r=g\",\"url\":\"https:\\\/\\\/secure.gravatar.com\\\/avatar\\\/d9af2c27458acd834a2ba71216b3c70b3d550f58587654086a7e7c13f9ffa40c?s=96&d=mm&r=g\",\"contentUrl\":\"https:\\\/\\\/secure.gravatar.com\\\/avatar\\\/d9af2c27458acd834a2ba71216b3c70b3d550f58587654086a7e7c13f9ffa40c?s=96&d=mm&r=g\",\"caption\":\"Albert Folch Naval\u00f3n\"},\"url\":\"https:\\\/\\\/afc.cat\\\/es\\\/author\\\/albertf2021\\\/\"}]}<\/script>\n<!-- \/ Yoast SEO plugin. -->","yoast_head_json":{"title":"Veredicto Temes Obligats de octubre - Tri\u00e1ngulos - Agrupaci\u00f3 Fotogr\u00e0fica de Catalunya","robots":{"index":"index","follow":"follow","max-snippet":"max-snippet:-1","max-image-preview":"max-image-preview:large","max-video-preview":"max-video-preview:-1"},"canonical":"https:\/\/afc.cat\/es\/veredicte-temes-obligats-doctubre-triangles\/","og_locale":"es_ES","og_type":"article","og_title":"Veredicto Temes Obligats de octubre - Tri\u00e1ngulos - Agrupaci\u00f3 Fotogr\u00e0fica de Catalunya","og_url":"https:\/\/afc.cat\/es\/veredicte-temes-obligats-doctubre-triangles\/","og_site_name":"Agrupaci\u00f3 Fotogr\u00e0fica de Catalunya","article_published_time":"2022-11-17T19:45:03+00:00","article_modified_time":"2022-11-17T21:07:00+00:00","og_image":[{"width":400,"height":267,"url":"https:\/\/afc.cat\/wp-content\/uploads\/2022\/11\/Kirowa_foto_R6_8439.jpg","type":"image\/jpeg"}],"author":"Albert Folch Naval\u00f3n","twitter_card":"summary_large_image","twitter_misc":{"Escrito por":"Albert Folch Naval\u00f3n","Tiempo de lectura":"8 minutos"},"schema":{"@context":"https:\/\/schema.org","@graph":[{"@type":"Article","@id":"https:\/\/afc.cat\/es\/veredicte-temes-obligats-doctubre-triangles\/#article","isPartOf":{"@id":"https:\/\/afc.cat\/es\/veredicte-temes-obligats-doctubre-triangles\/"},"author":{"name":"Albert Folch Naval\u00f3n","@id":"https:\/\/afc.cat\/es\/#\/schema\/person\/2868ff3362c6c568af6bbef21aab18a6"},"headline":"Veredicto Temes Obligats de octubre &#8211; Tri\u00e1ngulos","datePublished":"2022-11-17T19:45:03+00:00","dateModified":"2022-11-17T21:07:00+00:00","mainEntityOfPage":{"@id":"https:\/\/afc.cat\/es\/veredicte-temes-obligats-doctubre-triangles\/"},"wordCount":1569,"commentCount":0,"image":{"@id":"https:\/\/afc.cat\/es\/veredicte-temes-obligats-doctubre-triangles\/#primaryimage"},"thumbnailUrl":"https:\/\/afc.cat\/wp-content\/uploads\/2022\/11\/Kirowa_foto_R6_8439.jpg","articleSection":["Concursos sociales","Veredictos de concursos"],"inLanguage":"es","potentialAction":[{"@type":"CommentAction","name":"Comment","target":["https:\/\/afc.cat\/es\/veredicte-temes-obligats-doctubre-triangles\/#respond"]}]},{"@type":"WebPage","@id":"https:\/\/afc.cat\/es\/veredicte-temes-obligats-doctubre-triangles\/","url":"https:\/\/afc.cat\/es\/veredicte-temes-obligats-doctubre-triangles\/","name":"Veredicto Temes Obligats de octubre - Tri\u00e1ngulos - Agrupaci\u00f3 Fotogr\u00e0fica de Catalunya","isPartOf":{"@id":"https:\/\/afc.cat\/es\/#website"},"primaryImageOfPage":{"@id":"https:\/\/afc.cat\/es\/veredicte-temes-obligats-doctubre-triangles\/#primaryimage"},"image":{"@id":"https:\/\/afc.cat\/es\/veredicte-temes-obligats-doctubre-triangles\/#primaryimage"},"thumbnailUrl":"https:\/\/afc.cat\/wp-content\/uploads\/2022\/11\/Kirowa_foto_R6_8439.jpg","datePublished":"2022-11-17T19:45:03+00:00","dateModified":"2022-11-17T21:07:00+00:00","author":{"@id":"https:\/\/afc.cat\/es\/#\/schema\/person\/2868ff3362c6c568af6bbef21aab18a6"},"breadcrumb":{"@id":"https:\/\/afc.cat\/es\/veredicte-temes-obligats-doctubre-triangles\/#breadcrumb"},"inLanguage":"es","potentialAction":[{"@type":"ReadAction","target":["https:\/\/afc.cat\/es\/veredicte-temes-obligats-doctubre-triangles\/"]}]},{"@type":"ImageObject","inLanguage":"es","@id":"https:\/\/afc.cat\/es\/veredicte-temes-obligats-doctubre-triangles\/#primaryimage","url":"https:\/\/afc.cat\/wp-content\/uploads\/2022\/11\/Kirowa_foto_R6_8439.jpg","contentUrl":"https:\/\/afc.cat\/wp-content\/uploads\/2022\/11\/Kirowa_foto_R6_8439.jpg","width":400,"height":267},{"@type":"BreadcrumbList","@id":"https:\/\/afc.cat\/es\/veredicte-temes-obligats-doctubre-triangles\/#breadcrumb","itemListElement":[{"@type":"ListItem","position":1,"name":"Inicio","item":"https:\/\/afc.cat\/es\/"},{"@type":"ListItem","position":2,"name":"Veredicto Temes Obligats de octubre &#8211; Tri\u00e1ngulos"}]},{"@type":"WebSite","@id":"https:\/\/afc.cat\/es\/#website","url":"https:\/\/afc.cat\/es\/","name":"Agrupaci\u00f3 Fotogr\u00e0fica de Catalunya","description":"Fomento y divulgaci\u00f3n de la fotograf\u00eda en todas sus variedades","potentialAction":[{"@type":"SearchAction","target":{"@type":"EntryPoint","urlTemplate":"https:\/\/afc.cat\/es\/?s={search_term_string}"},"query-input":{"@type":"PropertyValueSpecification","valueRequired":true,"valueName":"search_term_string"}}],"inLanguage":"es"},{"@type":"Person","@id":"https:\/\/afc.cat\/es\/#\/schema\/person\/2868ff3362c6c568af6bbef21aab18a6","name":"Albert Folch Naval\u00f3n","image":{"@type":"ImageObject","inLanguage":"es","@id":"https:\/\/secure.gravatar.com\/avatar\/d9af2c27458acd834a2ba71216b3c70b3d550f58587654086a7e7c13f9ffa40c?s=96&d=mm&r=g","url":"https:\/\/secure.gravatar.com\/avatar\/d9af2c27458acd834a2ba71216b3c70b3d550f58587654086a7e7c13f9ffa40c?s=96&d=mm&r=g","contentUrl":"https:\/\/secure.gravatar.com\/avatar\/d9af2c27458acd834a2ba71216b3c70b3d550f58587654086a7e7c13f9ffa40c?s=96&d=mm&r=g","caption":"Albert Folch Naval\u00f3n"},"url":"https:\/\/afc.cat\/es\/author\/albertf2021\/"}]}},"_links":{"self":[{"href":"https:\/\/afc.cat\/es\/wp-json\/wp\/v2\/posts\/29549","targetHints":{"allow":["GET"]}}],"collection":[{"href":"https:\/\/afc.cat\/es\/wp-json\/wp\/v2\/posts"}],"about":[{"href":"https:\/\/afc.cat\/es\/wp-json\/wp\/v2\/types\/post"}],"author":[{"embeddable":true,"href":"https:\/\/afc.cat\/es\/wp-json\/wp\/v2\/users\/33"}],"replies":[{"embeddable":true,"href":"https:\/\/afc.cat\/es\/wp-json\/wp\/v2\/comments?post=29549"}],"version-history":[{"count":3,"href":"https:\/\/afc.cat\/es\/wp-json\/wp\/v2\/posts\/29549\/revisions"}],"predecessor-version":[{"id":29553,"href":"https:\/\/afc.cat\/es\/wp-json\/wp\/v2\/posts\/29549\/revisions\/29553"}],"wp:featuredmedia":[{"embeddable":true,"href":"https:\/\/afc.cat\/es\/wp-json\/wp\/v2\/media\/29546"}],"wp:attachment":[{"href":"https:\/\/afc.cat\/es\/wp-json\/wp\/v2\/media?parent=29549"}],"wp:term":[{"taxonomy":"category","embeddable":true,"href":"https:\/\/afc.cat\/es\/wp-json\/wp\/v2\/categories?post=29549"},{"taxonomy":"post_tag","embeddable":true,"href":"https:\/\/afc.cat\/es\/wp-json\/wp\/v2\/tags?post=29549"}],"curies":[{"name":"wp","href":"https:\/\/api.w.org\/{rel}","templated":true}]}}