{"id":29720,"date":"2022-12-17T12:22:25","date_gmt":"2022-12-17T10:22:25","guid":{"rendered":"https:\/\/afc.cat\/?p=29720"},"modified":"2022-12-20T12:00:46","modified_gmt":"2022-12-20T10:00:46","slug":"ei-point-guardonat-al-arquitecture-masprice","status":"publish","type":"post","link":"https:\/\/afc.cat\/es\/ei-point-guardonat-al-arquitecture-masprice\/","title":{"rendered":"EI Point \/ galardonado en el Arquitecture MasPrice"},"content":{"rendered":"<div class=\"fusion-fullwidth fullwidth-box fusion-builder-row-1 fusion-flex-container nonhundred-percent-fullwidth non-hundred-percent-height-scrolling\" style=\"background-color: rgba(255,255,255,0);background-position: center center;background-repeat: no-repeat;border-width: 0px 0px 0px 0px;border-color:#ffffff;border-style:solid;\" ><div class=\"fusion-builder-row fusion-row fusion-flex-align-items-flex-start\" style=\"max-width:1300px;margin-left: calc(-4% \/ 2 );margin-right: calc(-4% \/ 2 );\"><div class=\"fusion-layout-column fusion_builder_column fusion-builder-column-0 fusion_builder_column_2_3 2_3 fusion-flex-column\"><div class=\"fusion-column-wrapper fusion-flex-justify-content-flex-start fusion-content-layout-column\" style=\"background-position:left top;background-repeat:no-repeat;-webkit-background-size:cover;-moz-background-size:cover;-o-background-size:cover;background-size:cover;padding: 0px 0px 0px 0px;\"><div class=\"fusion-text fusion-text-1\"><h2>Photographer A.Oll\u00e9 Coderch<\/h2>\n<p>Me complace comuncarte que el arquitecto y compa\u00f1ero de la AFC <strong>Ei POINT<\/strong> ha sido galardonado en la edici\u00f3n 2022 del concurso fotogr\u00e1fico del <strong>masterPrize<\/strong> <strong>Architecture Awards<\/strong> celebrado recientemente en Los Angeles (California &#8211; USA).<\/p>\n<p>Este premio constituye el campeonato mundial oficial de <strong>fotograf\u00eda de arquitectura<\/strong> y el mencionado autor ha sido galardonado con el premio \u00abDiscovery of the year\u00bb y lo \u00abbest of best &#8211; cultural exteriores\u00bb ambos en la categor\u00eda amateur y la info de la propuesta la encontrar\u00e1s <a href=\"https:\/\/architectureprize.com\/winners\/winner.php?id=6362\">en este enlace.<\/a><\/p>\n<p>Rehuyendo de la clasicona fotograf\u00eda de edificios (corrientemente llamada fotograf\u00eda de arquitectura) basada en par\u00e1metros de las artes pl\u00e1sticas, la propuesta ganadora muestra el documento presencial de la<strong> apropiaci\u00f3n del espacio arquitect\u00f3nico<\/strong> resultando de una performance interpretativa realizada al atrio de acceso al Caixaforum de Barcelona que el arquitecto japon\u00e9s Arata Isozaki dispuso para facilitar el acceso al recinto expositivo resultando de la remodelaci\u00f3n efectuada a la antigua f\u00e1brica de Casaramona que el arquitecto modernista Puig y Cadafalch ubic\u00f3 en la monta\u00f1a de Montjuic.<\/p>\n<p>La propuesta art\u00edstica galardonada se expresa mediante un <strong>poema visual<\/strong> donde el autor imbuido en busca del \u00abtriedro\u00bb va rescatando esta figura primordial de la concepci\u00f3n del espacio arquitect\u00f3nico del movimiento moderno y d\u00f3nde con un minimalista lenguaje monocrom\u00e1tico articula una expresi\u00f3n donde la dureza de las formas se contrapone con una riqueza perceptiva de las tonalidades blancas imperantes al lugar con el acoplamiento musicalitzat de los diferentes formatos fotogr\u00e1ficos que modulan el ritmo expresivo&#8230;<\/p>\n<p>Desde la entidad, le damos nuestra sincera enhorabuena por este premio.<\/p>\n<p>AFC, diciembre 2022<\/p>\n<\/div><\/div><style type=\"text\/css\">.fusion-body .fusion-builder-column-0{width:66.666666666667% !important;margin-top : 0px;margin-bottom : 0px;}.fusion-builder-column-0 > .fusion-column-wrapper {padding-top : 0px !important;padding-right : 0px !important;margin-right : 3.84%;padding-bottom : 0px !important;padding-left : 0px !important;margin-left : 2.88%;}@media only screen and (max-width:1024px) {.fusion-body .fusion-builder-column-0{width:66.666666666667% !important;}.fusion-builder-column-0 > .fusion-column-wrapper {margin-right : 3.84%;margin-left : 2.88%;}}@media only screen and (max-width:640px) {.fusion-body .fusion-builder-column-0{width:100% !important;}.fusion-builder-column-0 > .fusion-column-wrapper {margin-right : 1.92%;margin-left : 1.92%;}}<\/style><\/div><div class=\"fusion-layout-column fusion_builder_column fusion-builder-column-1 fusion_builder_column_1_3 1_3 fusion-flex-column\"><div class=\"fusion-column-wrapper fusion-flex-justify-content-flex-start fusion-content-layout-column\" style=\"background-position:left top;background-repeat:no-repeat;-webkit-background-size:cover;-moz-background-size:cover;-o-background-size:cover;background-size:cover;padding: 0px 0px 0px 0px;\"><div style=\"text-align:center;\"><span class=\" fusion-imageframe imageframe-none imageframe-1 hover-type-none\"><img decoding=\"async\" width=\"150\" height=\"150\" title=\"3_1920_LyrichsTriedro_3N_17\" src=\"https:\/\/afc.cat\/wp-content\/uploads\/2022\/12\/3_1920_LyrichsTriedro_3N_17-150x150.jpg\" alt class=\"img-responsive wp-image-29713\" srcset=\"https:\/\/afc.cat\/wp-content\/uploads\/2022\/12\/3_1920_LyrichsTriedro_3N_17-66x66.jpg 66w, https:\/\/afc.cat\/wp-content\/uploads\/2022\/12\/3_1920_LyrichsTriedro_3N_17-150x150.jpg 150w\" sizes=\"(max-width: 150px) 100vw, 150px\" \/><\/span><\/div><div class=\"fusion-text fusion-text-2\" style=\"text-align:center;font-size:13px;color:#adadad;\"><p style=\"text-align: center;\">\u00a9 Ei Point<\/p>\n<\/div><\/div><style type=\"text\/css\">.fusion-body .fusion-builder-column-1{width:33.333333333333% !important;margin-top : 0px;margin-bottom : 0px;}.fusion-builder-column-1 > .fusion-column-wrapper {padding-top : 0px !important;padding-right : 0px !important;margin-right : 5.76%;padding-bottom : 0px !important;padding-left : 0px !important;margin-left : 3.84%;}@media only screen and (max-width:1024px) {.fusion-body .fusion-builder-column-1{width:33.333333333333% !important;}.fusion-builder-column-1 > .fusion-column-wrapper {margin-right : 5.76%;margin-left : 3.84%;}}@media only screen and (max-width:640px) {.fusion-body .fusion-builder-column-1{width:100% !important;}.fusion-builder-column-1 > .fusion-column-wrapper {margin-right : 1.92%;margin-left : 1.92%;}}<\/style><\/div><\/div><style type=\"text\/css\">.fusion-body .fusion-flex-container.fusion-builder-row-1{ padding-top : 0px;margin-top : 0px;padding-right : 0px;padding-bottom : 0px;margin-bottom : 0px;padding-left : 0px;}<\/style><\/div>\n","protected":false},"excerpt":{"rendered":"","protected":false},"author":47,"featured_media":29715,"comment_status":"open","ping_status":"open","sticky":false,"template":"","format":"standard","meta":{"_acf_changed":false,"footnotes":""},"categories":[299],"tags":[],"class_list":["post-29720","post","type-post","status-publish","format-standard","has-post-thumbnail","hentry","category-divulgacio-es"],"acf":[],"yoast_head":"<!-- This site is optimized with the Yoast SEO plugin v27.5 - https:\/\/yoast.com\/product\/yoast-seo-wordpress\/ -->\n<title>EI Point \/ galardonado en el Arquitecture MasPrice - Agrupaci\u00f3 Fotogr\u00e0fica de Catalunya<\/title>\n<meta name=\"robots\" content=\"index, follow, max-snippet:-1, max-image-preview:large, max-video-preview:-1\" \/>\n<link rel=\"canonical\" href=\"https:\/\/afc.cat\/es\/ei-point-guardonat-al-arquitecture-masprice\/\" \/>\n<meta property=\"og:locale\" content=\"es_ES\" \/>\n<meta property=\"og:type\" content=\"article\" \/>\n<meta property=\"og:title\" content=\"EI Point \/ galardonado en el Arquitecture MasPrice - Agrupaci\u00f3 Fotogr\u00e0fica de Catalunya\" \/>\n<meta property=\"og:url\" content=\"https:\/\/afc.cat\/es\/ei-point-guardonat-al-arquitecture-masprice\/\" \/>\n<meta property=\"og:site_name\" content=\"Agrupaci\u00f3 Fotogr\u00e0fica de Catalunya\" \/>\n<meta property=\"article:published_time\" content=\"2022-12-17T10:22:25+00:00\" \/>\n<meta property=\"article:modified_time\" content=\"2022-12-20T10:00:46+00:00\" \/>\n<meta property=\"og:image\" content=\"https:\/\/afc.cat\/wp-content\/uploads\/2022\/12\/EI_1_1920_LyrichsTriedro_1N_18.jpg\" \/>\n\t<meta property=\"og:image:width\" content=\"400\" \/>\n\t<meta property=\"og:image:height\" content=\"300\" \/>\n\t<meta property=\"og:image:type\" content=\"image\/jpeg\" \/>\n<meta name=\"author\" content=\"M\u00f2nica Rodr\u00edguez\" \/>\n<meta name=\"twitter:card\" content=\"summary_large_image\" \/>\n<meta name=\"twitter:label1\" content=\"Escrito por\" \/>\n\t<meta name=\"twitter:data1\" content=\"M\u00f2nica Rodr\u00edguez\" \/>\n\t<meta name=\"twitter:label2\" content=\"Tiempo de lectura\" \/>\n\t<meta name=\"twitter:data2\" content=\"5 minutos\" \/>\n<script type=\"application\/ld+json\" class=\"yoast-schema-graph\">{\"@context\":\"https:\\\/\\\/schema.org\",\"@graph\":[{\"@type\":\"Article\",\"@id\":\"https:\\\/\\\/afc.cat\\\/es\\\/ei-point-guardonat-al-arquitecture-masprice\\\/#article\",\"isPartOf\":{\"@id\":\"https:\\\/\\\/afc.cat\\\/es\\\/ei-point-guardonat-al-arquitecture-masprice\\\/\"},\"author\":{\"name\":\"M\u00f2nica Rodr\u00edguez\",\"@id\":\"https:\\\/\\\/afc.cat\\\/es\\\/#\\\/schema\\\/person\\\/b914cefdd3d691831c5675292da9496a\"},\"headline\":\"EI Point \\\/ galardonado en el Arquitecture MasPrice\",\"datePublished\":\"2022-12-17T10:22:25+00:00\",\"dateModified\":\"2022-12-20T10:00:46+00:00\",\"mainEntityOfPage\":{\"@id\":\"https:\\\/\\\/afc.cat\\\/es\\\/ei-point-guardonat-al-arquitecture-masprice\\\/\"},\"wordCount\":972,\"commentCount\":0,\"image\":{\"@id\":\"https:\\\/\\\/afc.cat\\\/es\\\/ei-point-guardonat-al-arquitecture-masprice\\\/#primaryimage\"},\"thumbnailUrl\":\"https:\\\/\\\/afc.cat\\\/wp-content\\\/uploads\\\/2022\\\/12\\\/EI_1_1920_LyrichsTriedro_1N_18.jpg\",\"articleSection\":[\"Divulgaci\u00f3\"],\"inLanguage\":\"es\",\"potentialAction\":[{\"@type\":\"CommentAction\",\"name\":\"Comment\",\"target\":[\"https:\\\/\\\/afc.cat\\\/es\\\/ei-point-guardonat-al-arquitecture-masprice\\\/#respond\"]}]},{\"@type\":\"WebPage\",\"@id\":\"https:\\\/\\\/afc.cat\\\/es\\\/ei-point-guardonat-al-arquitecture-masprice\\\/\",\"url\":\"https:\\\/\\\/afc.cat\\\/es\\\/ei-point-guardonat-al-arquitecture-masprice\\\/\",\"name\":\"EI Point \\\/ galardonado en el Arquitecture MasPrice - Agrupaci\u00f3 Fotogr\u00e0fica de Catalunya\",\"isPartOf\":{\"@id\":\"https:\\\/\\\/afc.cat\\\/es\\\/#website\"},\"primaryImageOfPage\":{\"@id\":\"https:\\\/\\\/afc.cat\\\/es\\\/ei-point-guardonat-al-arquitecture-masprice\\\/#primaryimage\"},\"image\":{\"@id\":\"https:\\\/\\\/afc.cat\\\/es\\\/ei-point-guardonat-al-arquitecture-masprice\\\/#primaryimage\"},\"thumbnailUrl\":\"https:\\\/\\\/afc.cat\\\/wp-content\\\/uploads\\\/2022\\\/12\\\/EI_1_1920_LyrichsTriedro_1N_18.jpg\",\"datePublished\":\"2022-12-17T10:22:25+00:00\",\"dateModified\":\"2022-12-20T10:00:46+00:00\",\"author\":{\"@id\":\"https:\\\/\\\/afc.cat\\\/es\\\/#\\\/schema\\\/person\\\/b914cefdd3d691831c5675292da9496a\"},\"breadcrumb\":{\"@id\":\"https:\\\/\\\/afc.cat\\\/es\\\/ei-point-guardonat-al-arquitecture-masprice\\\/#breadcrumb\"},\"inLanguage\":\"es\",\"potentialAction\":[{\"@type\":\"ReadAction\",\"target\":[\"https:\\\/\\\/afc.cat\\\/es\\\/ei-point-guardonat-al-arquitecture-masprice\\\/\"]}]},{\"@type\":\"ImageObject\",\"inLanguage\":\"es\",\"@id\":\"https:\\\/\\\/afc.cat\\\/es\\\/ei-point-guardonat-al-arquitecture-masprice\\\/#primaryimage\",\"url\":\"https:\\\/\\\/afc.cat\\\/wp-content\\\/uploads\\\/2022\\\/12\\\/EI_1_1920_LyrichsTriedro_1N_18.jpg\",\"contentUrl\":\"https:\\\/\\\/afc.cat\\\/wp-content\\\/uploads\\\/2022\\\/12\\\/EI_1_1920_LyrichsTriedro_1N_18.jpg\",\"width\":400,\"height\":300},{\"@type\":\"BreadcrumbList\",\"@id\":\"https:\\\/\\\/afc.cat\\\/es\\\/ei-point-guardonat-al-arquitecture-masprice\\\/#breadcrumb\",\"itemListElement\":[{\"@type\":\"ListItem\",\"position\":1,\"name\":\"Inicio\",\"item\":\"https:\\\/\\\/afc.cat\\\/es\\\/\"},{\"@type\":\"ListItem\",\"position\":2,\"name\":\"EI Point \\\/ galardonado en el Arquitecture MasPrice\"}]},{\"@type\":\"WebSite\",\"@id\":\"https:\\\/\\\/afc.cat\\\/es\\\/#website\",\"url\":\"https:\\\/\\\/afc.cat\\\/es\\\/\",\"name\":\"Agrupaci\u00f3 Fotogr\u00e0fica de Catalunya\",\"description\":\"Fomento y divulgaci\u00f3n de la fotograf\u00eda en todas sus variedades\",\"potentialAction\":[{\"@type\":\"SearchAction\",\"target\":{\"@type\":\"EntryPoint\",\"urlTemplate\":\"https:\\\/\\\/afc.cat\\\/es\\\/?s={search_term_string}\"},\"query-input\":{\"@type\":\"PropertyValueSpecification\",\"valueRequired\":true,\"valueName\":\"search_term_string\"}}],\"inLanguage\":\"es\"},{\"@type\":\"Person\",\"@id\":\"https:\\\/\\\/afc.cat\\\/es\\\/#\\\/schema\\\/person\\\/b914cefdd3d691831c5675292da9496a\",\"name\":\"M\u00f2nica Rodr\u00edguez\",\"image\":{\"@type\":\"ImageObject\",\"inLanguage\":\"es\",\"@id\":\"https:\\\/\\\/secure.gravatar.com\\\/avatar\\\/dfc2b3f253d78a099cd1a6fca15dfcfafa251514d62e7dfd96d3a013321b382c?s=96&d=mm&r=g\",\"url\":\"https:\\\/\\\/secure.gravatar.com\\\/avatar\\\/dfc2b3f253d78a099cd1a6fca15dfcfafa251514d62e7dfd96d3a013321b382c?s=96&d=mm&r=g\",\"contentUrl\":\"https:\\\/\\\/secure.gravatar.com\\\/avatar\\\/dfc2b3f253d78a099cd1a6fca15dfcfafa251514d62e7dfd96d3a013321b382c?s=96&d=mm&r=g\",\"caption\":\"M\u00f2nica Rodr\u00edguez\"},\"url\":\"https:\\\/\\\/afc.cat\\\/es\\\/author\\\/secretariaconsellafc\\\/\"}]}<\/script>\n<!-- \/ Yoast SEO plugin. -->","yoast_head_json":{"title":"EI Point \/ galardonado en el Arquitecture MasPrice - Agrupaci\u00f3 Fotogr\u00e0fica de Catalunya","robots":{"index":"index","follow":"follow","max-snippet":"max-snippet:-1","max-image-preview":"max-image-preview:large","max-video-preview":"max-video-preview:-1"},"canonical":"https:\/\/afc.cat\/es\/ei-point-guardonat-al-arquitecture-masprice\/","og_locale":"es_ES","og_type":"article","og_title":"EI Point \/ galardonado en el Arquitecture MasPrice - Agrupaci\u00f3 Fotogr\u00e0fica de Catalunya","og_url":"https:\/\/afc.cat\/es\/ei-point-guardonat-al-arquitecture-masprice\/","og_site_name":"Agrupaci\u00f3 Fotogr\u00e0fica de Catalunya","article_published_time":"2022-12-17T10:22:25+00:00","article_modified_time":"2022-12-20T10:00:46+00:00","og_image":[{"width":400,"height":300,"url":"https:\/\/afc.cat\/wp-content\/uploads\/2022\/12\/EI_1_1920_LyrichsTriedro_1N_18.jpg","type":"image\/jpeg"}],"author":"M\u00f2nica Rodr\u00edguez","twitter_card":"summary_large_image","twitter_misc":{"Escrito por":"M\u00f2nica Rodr\u00edguez","Tiempo de lectura":"5 minutos"},"schema":{"@context":"https:\/\/schema.org","@graph":[{"@type":"Article","@id":"https:\/\/afc.cat\/es\/ei-point-guardonat-al-arquitecture-masprice\/#article","isPartOf":{"@id":"https:\/\/afc.cat\/es\/ei-point-guardonat-al-arquitecture-masprice\/"},"author":{"name":"M\u00f2nica Rodr\u00edguez","@id":"https:\/\/afc.cat\/es\/#\/schema\/person\/b914cefdd3d691831c5675292da9496a"},"headline":"EI Point \/ galardonado en el Arquitecture MasPrice","datePublished":"2022-12-17T10:22:25+00:00","dateModified":"2022-12-20T10:00:46+00:00","mainEntityOfPage":{"@id":"https:\/\/afc.cat\/es\/ei-point-guardonat-al-arquitecture-masprice\/"},"wordCount":972,"commentCount":0,"image":{"@id":"https:\/\/afc.cat\/es\/ei-point-guardonat-al-arquitecture-masprice\/#primaryimage"},"thumbnailUrl":"https:\/\/afc.cat\/wp-content\/uploads\/2022\/12\/EI_1_1920_LyrichsTriedro_1N_18.jpg","articleSection":["Divulgaci\u00f3"],"inLanguage":"es","potentialAction":[{"@type":"CommentAction","name":"Comment","target":["https:\/\/afc.cat\/es\/ei-point-guardonat-al-arquitecture-masprice\/#respond"]}]},{"@type":"WebPage","@id":"https:\/\/afc.cat\/es\/ei-point-guardonat-al-arquitecture-masprice\/","url":"https:\/\/afc.cat\/es\/ei-point-guardonat-al-arquitecture-masprice\/","name":"EI Point \/ galardonado en el Arquitecture MasPrice - Agrupaci\u00f3 Fotogr\u00e0fica de Catalunya","isPartOf":{"@id":"https:\/\/afc.cat\/es\/#website"},"primaryImageOfPage":{"@id":"https:\/\/afc.cat\/es\/ei-point-guardonat-al-arquitecture-masprice\/#primaryimage"},"image":{"@id":"https:\/\/afc.cat\/es\/ei-point-guardonat-al-arquitecture-masprice\/#primaryimage"},"thumbnailUrl":"https:\/\/afc.cat\/wp-content\/uploads\/2022\/12\/EI_1_1920_LyrichsTriedro_1N_18.jpg","datePublished":"2022-12-17T10:22:25+00:00","dateModified":"2022-12-20T10:00:46+00:00","author":{"@id":"https:\/\/afc.cat\/es\/#\/schema\/person\/b914cefdd3d691831c5675292da9496a"},"breadcrumb":{"@id":"https:\/\/afc.cat\/es\/ei-point-guardonat-al-arquitecture-masprice\/#breadcrumb"},"inLanguage":"es","potentialAction":[{"@type":"ReadAction","target":["https:\/\/afc.cat\/es\/ei-point-guardonat-al-arquitecture-masprice\/"]}]},{"@type":"ImageObject","inLanguage":"es","@id":"https:\/\/afc.cat\/es\/ei-point-guardonat-al-arquitecture-masprice\/#primaryimage","url":"https:\/\/afc.cat\/wp-content\/uploads\/2022\/12\/EI_1_1920_LyrichsTriedro_1N_18.jpg","contentUrl":"https:\/\/afc.cat\/wp-content\/uploads\/2022\/12\/EI_1_1920_LyrichsTriedro_1N_18.jpg","width":400,"height":300},{"@type":"BreadcrumbList","@id":"https:\/\/afc.cat\/es\/ei-point-guardonat-al-arquitecture-masprice\/#breadcrumb","itemListElement":[{"@type":"ListItem","position":1,"name":"Inicio","item":"https:\/\/afc.cat\/es\/"},{"@type":"ListItem","position":2,"name":"EI Point \/ galardonado en el Arquitecture MasPrice"}]},{"@type":"WebSite","@id":"https:\/\/afc.cat\/es\/#website","url":"https:\/\/afc.cat\/es\/","name":"Agrupaci\u00f3 Fotogr\u00e0fica de Catalunya","description":"Fomento y divulgaci\u00f3n de la fotograf\u00eda en todas sus variedades","potentialAction":[{"@type":"SearchAction","target":{"@type":"EntryPoint","urlTemplate":"https:\/\/afc.cat\/es\/?s={search_term_string}"},"query-input":{"@type":"PropertyValueSpecification","valueRequired":true,"valueName":"search_term_string"}}],"inLanguage":"es"},{"@type":"Person","@id":"https:\/\/afc.cat\/es\/#\/schema\/person\/b914cefdd3d691831c5675292da9496a","name":"M\u00f2nica Rodr\u00edguez","image":{"@type":"ImageObject","inLanguage":"es","@id":"https:\/\/secure.gravatar.com\/avatar\/dfc2b3f253d78a099cd1a6fca15dfcfafa251514d62e7dfd96d3a013321b382c?s=96&d=mm&r=g","url":"https:\/\/secure.gravatar.com\/avatar\/dfc2b3f253d78a099cd1a6fca15dfcfafa251514d62e7dfd96d3a013321b382c?s=96&d=mm&r=g","contentUrl":"https:\/\/secure.gravatar.com\/avatar\/dfc2b3f253d78a099cd1a6fca15dfcfafa251514d62e7dfd96d3a013321b382c?s=96&d=mm&r=g","caption":"M\u00f2nica Rodr\u00edguez"},"url":"https:\/\/afc.cat\/es\/author\/secretariaconsellafc\/"}]}},"_links":{"self":[{"href":"https:\/\/afc.cat\/es\/wp-json\/wp\/v2\/posts\/29720","targetHints":{"allow":["GET"]}}],"collection":[{"href":"https:\/\/afc.cat\/es\/wp-json\/wp\/v2\/posts"}],"about":[{"href":"https:\/\/afc.cat\/es\/wp-json\/wp\/v2\/types\/post"}],"author":[{"embeddable":true,"href":"https:\/\/afc.cat\/es\/wp-json\/wp\/v2\/users\/47"}],"replies":[{"embeddable":true,"href":"https:\/\/afc.cat\/es\/wp-json\/wp\/v2\/comments?post=29720"}],"version-history":[{"count":4,"href":"https:\/\/afc.cat\/es\/wp-json\/wp\/v2\/posts\/29720\/revisions"}],"predecessor-version":[{"id":29737,"href":"https:\/\/afc.cat\/es\/wp-json\/wp\/v2\/posts\/29720\/revisions\/29737"}],"wp:featuredmedia":[{"embeddable":true,"href":"https:\/\/afc.cat\/es\/wp-json\/wp\/v2\/media\/29715"}],"wp:attachment":[{"href":"https:\/\/afc.cat\/es\/wp-json\/wp\/v2\/media?parent=29720"}],"wp:term":[{"taxonomy":"category","embeddable":true,"href":"https:\/\/afc.cat\/es\/wp-json\/wp\/v2\/categories?post=29720"},{"taxonomy":"post_tag","embeddable":true,"href":"https:\/\/afc.cat\/es\/wp-json\/wp\/v2\/tags?post=29720"}],"curies":[{"name":"wp","href":"https:\/\/api.w.org\/{rel}","templated":true}]}}