{"id":31920,"date":"2023-03-24T00:15:21","date_gmt":"2023-03-23T22:15:21","guid":{"rendered":"https:\/\/afc.cat\/?p=31920"},"modified":"2023-03-24T00:40:20","modified_gmt":"2023-03-23T22:40:20","slug":"veredicto-temes-obligats-de-febeero-2023-ventanas","status":"publish","type":"post","link":"https:\/\/afc.cat\/es\/veredicto-temes-obligats-de-febeero-2023-ventanas\/","title":{"rendered":"Veredicto Temes Obligats de febrero 2023 \u2013 Ventanas"},"content":{"rendered":"<div class=\"fusion-fullwidth fullwidth-box fusion-builder-row-1 fusion-flex-container nonhundred-percent-fullwidth non-hundred-percent-height-scrolling\" style=\"background-color: rgba(255,255,255,0);background-position: center center;background-repeat: no-repeat;border-width: 0px 0px 0px 0px;border-color:#ffffff;border-style:solid;\" ><div class=\"fusion-builder-row fusion-row fusion-flex-align-items-flex-start\" style=\"max-width:1300px;margin-left: calc(-4% \/ 2 );margin-right: calc(-4% \/ 2 );\"><div class=\"fusion-layout-column fusion_builder_column fusion-builder-column-0 fusion_builder_column_1_1 1_1 fusion-flex-column\"><div class=\"fusion-column-wrapper fusion-flex-justify-content-flex-start fusion-content-layout-column\" style=\"background-position:left top;background-repeat:no-repeat;-webkit-background-size:cover;-moz-background-size:cover;-o-background-size:cover;background-size:cover;padding: 0px 0px 0px 0px;\"><div class=\"fusion-text fusion-text-1\"><h2>Veredicto TO de febrero 2023<\/h2>\n<p>El pasado d\u00eda 10 de marzo se hizo p\u00fablico el veredicto de los temas obligados de febrero que llevaba por tema \u201c<strong>Ventanas<\/strong>\u201d<\/p>\n<p>El jurado ha sido formado por <strong>Miquel Peir\u00f3<\/strong>, <strong>Vicens Lafebre<\/strong> y <strong>Jordi Bagu\u00e9<\/strong> todos ellos socios de nuestra entidad a quien agradecemos su esfuerzo y dedicaci\u00f3n por este veredicto.<\/p>\n<p>En la categor\u00eda de color es presentaron 32 fotograf\u00edas y en la de monocromo 31.<\/p>\n<p>Las mejor valoradas fueron:<\/p>\n<p>Monocromo<br \/>\n<strong>1. Albert Canyelles<\/strong> con la obra \u201c<em>La casa del carpintero del pueblo<\/em>\u201d<br \/>\n<strong>2. Elena Sanchez-Vizcaino<\/strong> con la obra \u201c<em>Melancol\u00eda<\/em>\u201c<br \/>\n<strong>3. Carme Casdemont<\/strong> con la obra \u201c<em>Simentria<\/em>\u201c<\/p>\n<\/div><style type=\"text\/css\">.fusion-gallery-1 .fusion-gallery-image {border:0px solid #e2e2e2;}<\/style><div class=\"fusion-gallery fusion-gallery-container fusion-grid-3 fusion-columns-total-3 fusion-gallery-layout-grid fusion-gallery-1\" style=\"margin:-5px;\"><div style=\"padding:5px;\" class=\"fusion-grid-column fusion-gallery-column fusion-gallery-column-3 hover-type-none\"><div class=\"fusion-gallery-image\"><a href=\"https:\/\/afc.cat\/wp-content\/uploads\/2023\/03\/1-Albert-Canellas-Xarau-118.jpg\" rel=\"noreferrer\" data-rel=\"iLightbox[gallery_image_1]\" class=\"fusion-lightbox\" target=\"_self\"><img decoding=\"async\" src=\"https:\/\/afc.cat\/wp-content\/uploads\/2023\/03\/1-Albert-Canellas-Xarau-118-460x295.jpg\" width=\"460\" height=\"295\" alt=\"\" title=\"1 &#8211; Albert Ca\u00f1ellas Xarau &#8211; 118\" aria-label=\"1 &#8211; Albert Ca\u00f1ellas Xarau &#8211; 118\" class=\"img-responsive wp-image-31674 fusion-gallery-image-size-fixed\" \/><\/a><\/div><\/div><div style=\"padding:5px;\" class=\"fusion-grid-column fusion-gallery-column fusion-gallery-column-3 hover-type-none\"><div class=\"fusion-gallery-image\"><a href=\"https:\/\/afc.cat\/wp-content\/uploads\/2023\/03\/2-Elena-Sanchez-Vizcaino-Mengual-116.jpg\" rel=\"noreferrer\" data-rel=\"iLightbox[gallery_image_1]\" class=\"fusion-lightbox\" target=\"_self\"><img decoding=\"async\" src=\"https:\/\/afc.cat\/wp-content\/uploads\/2023\/03\/2-Elena-Sanchez-Vizcaino-Mengual-116-460x295.jpg\" width=\"460\" height=\"295\" alt=\"\" title=\"2 &#8211; Elena S\u00e1nchez-Vizca\u00edno Mengual &#8211; 116\" aria-label=\"2 &#8211; Elena S\u00e1nchez-Vizca\u00edno Mengual &#8211; 116\" class=\"img-responsive wp-image-31676 fusion-gallery-image-size-fixed\" \/><\/a><\/div><\/div><div style=\"padding:5px;\" class=\"fusion-grid-column fusion-gallery-column fusion-gallery-column-3 hover-type-none\"><div class=\"fusion-gallery-image\"><a href=\"https:\/\/afc.cat\/wp-content\/uploads\/2023\/03\/3-Carmen-Casademont-Ribot-116.jpg\" rel=\"noreferrer\" data-rel=\"iLightbox[gallery_image_1]\" class=\"fusion-lightbox\" target=\"_self\"><img decoding=\"async\" src=\"https:\/\/afc.cat\/wp-content\/uploads\/2023\/03\/3-Carmen-Casademont-Ribot-116-460x295.jpg\" width=\"460\" height=\"295\" alt=\"\" title=\"3 &#8211; Carmen Casademont Ribot &#8211; 116\" aria-label=\"3 &#8211; Carmen Casademont Ribot &#8211; 116\" class=\"img-responsive wp-image-31678 fusion-gallery-image-size-fixed\" \/><\/a><\/div><\/div><div class=\"clearfix\"><\/div><\/div><div class=\"fusion-text fusion-text-2\" style=\"margin-top:3%;\"><p><strong>Comentario del jurado<\/strong><\/p>\n<p><strong>Foto 1.<\/strong> El jurado destac\u00f3 la buena simetr\u00eda, la textura obtenida y la sencillez, a veces menos es mes.<br \/>\n<strong>Foto 2.<\/strong> Buena captura en un buen momento de luz, est\u00e1 mucho cordero editada consiguiendo una buena\u00a0gama\u00a0de grises.<br \/>\n<strong>Foto 3.<\/strong> Fant\u00e1stica foto en la que las sombras laterales le dan volumen.<\/p>\n<p><strong>Color<\/strong><br \/>\n<strong>1. Albert Canyelles<\/strong> con la obra \u201c<em>Ventana de Can Planes en ruinas con vistas al Arco de Bar\u00e0<\/em>\u201d<br \/>\n<strong>2. Angel\u00a0Colado<\/strong>\u00a0cono la obra \u201c<em>Ventanas abandonadas<\/em>\u201d<br \/>\n<strong>3. Josep M\u00aa\u00a0Bonjoch<\/strong>\u00a0cono la obra \u201c<em>Ventana decorada<\/em>\u201d<\/p>\n<\/div><style type=\"text\/css\">.fusion-gallery-2 .fusion-gallery-image {border:0px solid #e2e2e2;}<\/style><div class=\"fusion-gallery fusion-gallery-container fusion-grid-4 fusion-columns-total-3 fusion-gallery-layout-grid fusion-gallery-2\" style=\"margin:-5px;\"><div style=\"padding:5px;\" class=\"fusion-grid-column fusion-gallery-column fusion-gallery-column-4 hover-type-none\"><div class=\"fusion-gallery-image\"><a href=\"https:\/\/afc.cat\/wp-content\/uploads\/2023\/03\/1-Albert-Canellas-Xarau-124.jpg\" rel=\"noreferrer\" data-rel=\"iLightbox[gallery_image_2]\" class=\"fusion-lightbox\" target=\"_self\"><img decoding=\"async\" src=\"https:\/\/afc.cat\/wp-content\/uploads\/2023\/03\/1-Albert-Canellas-Xarau-124-320x202.jpg\" width=\"320\" height=\"202\" alt=\"\" title=\"1 &#8211; Albert Ca\u00f1ellas Xarau &#8211; 124\" aria-label=\"1 &#8211; Albert Ca\u00f1ellas Xarau &#8211; 124\" class=\"img-responsive wp-image-31610 fusion-gallery-image-size-fixed\" srcset=\"https:\/\/afc.cat\/wp-content\/uploads\/2023\/03\/1-Albert-Canellas-Xarau-124-320x202.jpg 320w, https:\/\/afc.cat\/wp-content\/uploads\/2023\/03\/1-Albert-Canellas-Xarau-124-700x441.jpg 700w\" sizes=\"(max-width: 320px) 100vw, 320px\" \/><\/a><\/div><\/div><div class=\"clearfix\"><\/div><div style=\"padding:5px;\" class=\"fusion-grid-column fusion-gallery-column fusion-gallery-column-4 hover-type-none\"><div class=\"fusion-gallery-image\"><a href=\"https:\/\/afc.cat\/wp-content\/uploads\/2023\/03\/2-Angel-Colado-Palacios-118.jpg\" rel=\"noreferrer\" data-rel=\"iLightbox[gallery_image_2]\" class=\"fusion-lightbox\" target=\"_self\"><img decoding=\"async\" src=\"https:\/\/afc.cat\/wp-content\/uploads\/2023\/03\/2-Angel-Colado-Palacios-118-320x202.jpg\" width=\"320\" height=\"202\" alt=\"\" title=\"2 &#8211; \u00c1ngel Colado Palacios &#8211; 118\" aria-label=\"2 &#8211; \u00c1ngel Colado Palacios &#8211; 118\" class=\"img-responsive wp-image-31612 fusion-gallery-image-size-fixed\" srcset=\"https:\/\/afc.cat\/wp-content\/uploads\/2023\/03\/2-Angel-Colado-Palacios-118-320x202.jpg 320w, https:\/\/afc.cat\/wp-content\/uploads\/2023\/03\/2-Angel-Colado-Palacios-118-700x441.jpg 700w\" sizes=\"(max-width: 320px) 100vw, 320px\" \/><\/a><\/div><\/div><div style=\"padding:5px;\" class=\"fusion-grid-column fusion-gallery-column fusion-gallery-column-4 hover-type-none\"><div class=\"fusion-gallery-image\"><a href=\"https:\/\/afc.cat\/wp-content\/uploads\/2023\/03\/3-Josep-Maria-Bonjoch-Trilla-111.jpg\" rel=\"noreferrer\" data-rel=\"iLightbox[gallery_image_2]\" class=\"fusion-lightbox\" target=\"_self\"><img decoding=\"async\" src=\"https:\/\/afc.cat\/wp-content\/uploads\/2023\/03\/3-Josep-Maria-Bonjoch-Trilla-111-320x202.jpg\" width=\"320\" height=\"202\" alt=\"\" title=\"3 &#8211; Josep Maria Bonjoch Trilla &#8211; 111\" aria-label=\"3 &#8211; Josep Maria Bonjoch Trilla &#8211; 111\" class=\"img-responsive wp-image-31614 fusion-gallery-image-size-fixed\" \/><\/a><\/div><\/div><\/div><div class=\"fusion-text fusion-text-3\" style=\"margin-top:3%;\"><p><strong>Comentario del jurado<\/strong><\/p>\n<p><strong>Foto 1.<\/strong> Destaca el juego de tonalidades calientes y fr\u00edas que lleva la mirada hacia la ventana.<br \/>\n<strong>Foto 2.<\/strong> Buen encuadre con las estructuras saliendo desde las esquinas que llevan la mirada hacia las ventanas de colores.<br \/>\n<strong>Foto 3.<\/strong> Imagen muy limpia hace destacar el trabajo de ornamentaci\u00f3n de la ventana.<\/p>\n<p>La gran parte de las obras presentadas mostraban muy bien el tema pedido, el jurado ha valorado las im\u00e1genes m\u00e1s impactantes, las que se los han gritado mes la atenci\u00f3n.<br \/>\nTambi\u00e9n se destac\u00f3 el juego de simetr\u00edas de algunas de las fotograf\u00edas.<\/p>\n<p>Durante la sesi\u00f3n del veredicto se comentan mis fotograf\u00edas aparte de las mejor clasificadas. Ven a las sesiones y podr\u00e1s escuchar la valoraci\u00f3n de tu foto.<\/p>\n<p>El resultado de la clasificaci\u00f3n se la suma de tres valoraciones de los jueces y no tienen porque coincidir con la de otro observador.<\/p>\n<p>Para ver toda la clasificaci\u00f3n completa del mes de febrero pod\u00e9is clicar <a href=\"https:\/\/afc.cat\/es\/galeria\/classificacion-concurso-temes-obligats-2022-2023-febrero\/\">aqu\u00ed<\/a>.<\/p>\n<p>\u00a1Animaos a continuar participando en el concurso social de temas obligados!<\/p>\n<p><strong>M\u00e0xim Poncela<\/strong><br \/>\nVocalia de Concursos<br \/>\nconcursos@afc.cat<br \/>\nAgrupaci\u00f3 fotogr\u00e0fica de Catalunya<\/p>\n<\/div><\/div><style type=\"text\/css\">.fusion-body .fusion-builder-column-0{width:100% !important;margin-top : 0px;margin-bottom : 0px;}.fusion-builder-column-0 > .fusion-column-wrapper {padding-top : 0px !important;padding-right : 0px !important;margin-right : 2.56%;padding-bottom : 0px !important;padding-left : 0px !important;margin-left : 1.92%;}@media only screen and (max-width:1024px) {.fusion-body .fusion-builder-column-0{width:100% !important;}.fusion-builder-column-0 > .fusion-column-wrapper {margin-right : 2.56%;margin-left : 1.92%;}}@media only screen and (max-width:640px) {.fusion-body .fusion-builder-column-0{width:100% !important;}.fusion-builder-column-0 > .fusion-column-wrapper {margin-right : 1.92%;margin-left : 1.92%;}}<\/style><\/div><\/div><style type=\"text\/css\">.fusion-body .fusion-flex-container.fusion-builder-row-1{ padding-top : 0px;margin-top : 0px;padding-right : 0px;padding-bottom : 0px;margin-bottom : 0px;padding-left : 0px;}<\/style><\/div>\n","protected":false},"excerpt":{"rendered":"","protected":false},"author":33,"featured_media":31738,"comment_status":"open","ping_status":"open","sticky":false,"template":"","format":"standard","meta":{"_acf_changed":false,"footnotes":""},"categories":[199],"tags":[],"class_list":["post-31920","post","type-post","status-publish","format-standard","has-post-thumbnail","hentry","category-veredictos-de-concursos"],"acf":[],"yoast_head":"<!-- This site is optimized with the Yoast SEO plugin v27.5 - https:\/\/yoast.com\/product\/yoast-seo-wordpress\/ -->\n<title>Veredicto Temes Obligats de febrero 2023 \u2013 Ventanas - Agrupaci\u00f3 Fotogr\u00e0fica de Catalunya<\/title>\n<meta name=\"robots\" content=\"index, follow, max-snippet:-1, max-image-preview:large, max-video-preview:-1\" \/>\n<link rel=\"canonical\" href=\"https:\/\/afc.cat\/es\/veredicto-temes-obligats-de-febeero-2023-ventanas\/\" \/>\n<meta property=\"og:locale\" content=\"es_ES\" \/>\n<meta property=\"og:type\" content=\"article\" \/>\n<meta property=\"og:title\" content=\"Veredicto Temes Obligats de febrero 2023 \u2013 Ventanas - Agrupaci\u00f3 Fotogr\u00e0fica de Catalunya\" \/>\n<meta property=\"og:url\" content=\"https:\/\/afc.cat\/es\/veredicto-temes-obligats-de-febeero-2023-ventanas\/\" \/>\n<meta property=\"og:site_name\" content=\"Agrupaci\u00f3 Fotogr\u00e0fica de Catalunya\" \/>\n<meta property=\"article:published_time\" content=\"2023-03-23T22:15:21+00:00\" \/>\n<meta property=\"article:modified_time\" content=\"2023-03-23T22:40:20+00:00\" \/>\n<meta property=\"og:image\" content=\"https:\/\/afc.cat\/wp-content\/uploads\/2023\/03\/TEMES-OBLIGATS-FEBRER-ESP.jpg\" \/>\n\t<meta property=\"og:image:width\" content=\"400\" \/>\n\t<meta property=\"og:image:height\" content=\"265\" \/>\n\t<meta property=\"og:image:type\" content=\"image\/jpeg\" \/>\n<meta name=\"author\" content=\"Albert Folch Naval\u00f3n\" \/>\n<meta name=\"twitter:card\" content=\"summary_large_image\" \/>\n<meta name=\"twitter:label1\" content=\"Escrito por\" \/>\n\t<meta name=\"twitter:data1\" content=\"Albert Folch Naval\u00f3n\" \/>\n\t<meta name=\"twitter:label2\" content=\"Tiempo de lectura\" \/>\n\t<meta name=\"twitter:data2\" content=\"6 minutos\" \/>\n<script type=\"application\/ld+json\" class=\"yoast-schema-graph\">{\"@context\":\"https:\\\/\\\/schema.org\",\"@graph\":[{\"@type\":\"Article\",\"@id\":\"https:\\\/\\\/afc.cat\\\/es\\\/veredicto-temes-obligats-de-febeero-2023-ventanas\\\/#article\",\"isPartOf\":{\"@id\":\"https:\\\/\\\/afc.cat\\\/es\\\/veredicto-temes-obligats-de-febeero-2023-ventanas\\\/\"},\"author\":{\"name\":\"Albert Folch Naval\u00f3n\",\"@id\":\"https:\\\/\\\/afc.cat\\\/es\\\/#\\\/schema\\\/person\\\/2868ff3362c6c568af6bbef21aab18a6\"},\"headline\":\"Veredicto Temes Obligats de febrero 2023 \u2013 Ventanas\",\"datePublished\":\"2023-03-23T22:15:21+00:00\",\"dateModified\":\"2023-03-23T22:40:20+00:00\",\"mainEntityOfPage\":{\"@id\":\"https:\\\/\\\/afc.cat\\\/es\\\/veredicto-temes-obligats-de-febeero-2023-ventanas\\\/\"},\"wordCount\":1158,\"commentCount\":0,\"image\":{\"@id\":\"https:\\\/\\\/afc.cat\\\/es\\\/veredicto-temes-obligats-de-febeero-2023-ventanas\\\/#primaryimage\"},\"thumbnailUrl\":\"https:\\\/\\\/afc.cat\\\/wp-content\\\/uploads\\\/2023\\\/03\\\/TEMES-OBLIGATS-FEBRER-ESP.jpg\",\"articleSection\":[\"Veredictos de concursos\"],\"inLanguage\":\"es\",\"potentialAction\":[{\"@type\":\"CommentAction\",\"name\":\"Comment\",\"target\":[\"https:\\\/\\\/afc.cat\\\/es\\\/veredicto-temes-obligats-de-febeero-2023-ventanas\\\/#respond\"]}]},{\"@type\":\"WebPage\",\"@id\":\"https:\\\/\\\/afc.cat\\\/es\\\/veredicto-temes-obligats-de-febeero-2023-ventanas\\\/\",\"url\":\"https:\\\/\\\/afc.cat\\\/es\\\/veredicto-temes-obligats-de-febeero-2023-ventanas\\\/\",\"name\":\"Veredicto Temes Obligats de febrero 2023 \u2013 Ventanas - Agrupaci\u00f3 Fotogr\u00e0fica de Catalunya\",\"isPartOf\":{\"@id\":\"https:\\\/\\\/afc.cat\\\/es\\\/#website\"},\"primaryImageOfPage\":{\"@id\":\"https:\\\/\\\/afc.cat\\\/es\\\/veredicto-temes-obligats-de-febeero-2023-ventanas\\\/#primaryimage\"},\"image\":{\"@id\":\"https:\\\/\\\/afc.cat\\\/es\\\/veredicto-temes-obligats-de-febeero-2023-ventanas\\\/#primaryimage\"},\"thumbnailUrl\":\"https:\\\/\\\/afc.cat\\\/wp-content\\\/uploads\\\/2023\\\/03\\\/TEMES-OBLIGATS-FEBRER-ESP.jpg\",\"datePublished\":\"2023-03-23T22:15:21+00:00\",\"dateModified\":\"2023-03-23T22:40:20+00:00\",\"author\":{\"@id\":\"https:\\\/\\\/afc.cat\\\/es\\\/#\\\/schema\\\/person\\\/2868ff3362c6c568af6bbef21aab18a6\"},\"breadcrumb\":{\"@id\":\"https:\\\/\\\/afc.cat\\\/es\\\/veredicto-temes-obligats-de-febeero-2023-ventanas\\\/#breadcrumb\"},\"inLanguage\":\"es\",\"potentialAction\":[{\"@type\":\"ReadAction\",\"target\":[\"https:\\\/\\\/afc.cat\\\/es\\\/veredicto-temes-obligats-de-febeero-2023-ventanas\\\/\"]}]},{\"@type\":\"ImageObject\",\"inLanguage\":\"es\",\"@id\":\"https:\\\/\\\/afc.cat\\\/es\\\/veredicto-temes-obligats-de-febeero-2023-ventanas\\\/#primaryimage\",\"url\":\"https:\\\/\\\/afc.cat\\\/wp-content\\\/uploads\\\/2023\\\/03\\\/TEMES-OBLIGATS-FEBRER-ESP.jpg\",\"contentUrl\":\"https:\\\/\\\/afc.cat\\\/wp-content\\\/uploads\\\/2023\\\/03\\\/TEMES-OBLIGATS-FEBRER-ESP.jpg\",\"width\":400,\"height\":265},{\"@type\":\"BreadcrumbList\",\"@id\":\"https:\\\/\\\/afc.cat\\\/es\\\/veredicto-temes-obligats-de-febeero-2023-ventanas\\\/#breadcrumb\",\"itemListElement\":[{\"@type\":\"ListItem\",\"position\":1,\"name\":\"Inicio\",\"item\":\"https:\\\/\\\/afc.cat\\\/es\\\/\"},{\"@type\":\"ListItem\",\"position\":2,\"name\":\"Veredicto Temes Obligats de febrero 2023 \u2013 Ventanas\"}]},{\"@type\":\"WebSite\",\"@id\":\"https:\\\/\\\/afc.cat\\\/es\\\/#website\",\"url\":\"https:\\\/\\\/afc.cat\\\/es\\\/\",\"name\":\"Agrupaci\u00f3 Fotogr\u00e0fica de Catalunya\",\"description\":\"Fomento y divulgaci\u00f3n de la fotograf\u00eda en todas sus variedades\",\"potentialAction\":[{\"@type\":\"SearchAction\",\"target\":{\"@type\":\"EntryPoint\",\"urlTemplate\":\"https:\\\/\\\/afc.cat\\\/es\\\/?s={search_term_string}\"},\"query-input\":{\"@type\":\"PropertyValueSpecification\",\"valueRequired\":true,\"valueName\":\"search_term_string\"}}],\"inLanguage\":\"es\"},{\"@type\":\"Person\",\"@id\":\"https:\\\/\\\/afc.cat\\\/es\\\/#\\\/schema\\\/person\\\/2868ff3362c6c568af6bbef21aab18a6\",\"name\":\"Albert Folch Naval\u00f3n\",\"image\":{\"@type\":\"ImageObject\",\"inLanguage\":\"es\",\"@id\":\"https:\\\/\\\/secure.gravatar.com\\\/avatar\\\/d9af2c27458acd834a2ba71216b3c70b3d550f58587654086a7e7c13f9ffa40c?s=96&d=mm&r=g\",\"url\":\"https:\\\/\\\/secure.gravatar.com\\\/avatar\\\/d9af2c27458acd834a2ba71216b3c70b3d550f58587654086a7e7c13f9ffa40c?s=96&d=mm&r=g\",\"contentUrl\":\"https:\\\/\\\/secure.gravatar.com\\\/avatar\\\/d9af2c27458acd834a2ba71216b3c70b3d550f58587654086a7e7c13f9ffa40c?s=96&d=mm&r=g\",\"caption\":\"Albert Folch Naval\u00f3n\"},\"url\":\"https:\\\/\\\/afc.cat\\\/es\\\/author\\\/albertf2021\\\/\"}]}<\/script>\n<!-- \/ Yoast SEO plugin. -->","yoast_head_json":{"title":"Veredicto Temes Obligats de febrero 2023 \u2013 Ventanas - Agrupaci\u00f3 Fotogr\u00e0fica de Catalunya","robots":{"index":"index","follow":"follow","max-snippet":"max-snippet:-1","max-image-preview":"max-image-preview:large","max-video-preview":"max-video-preview:-1"},"canonical":"https:\/\/afc.cat\/es\/veredicto-temes-obligats-de-febeero-2023-ventanas\/","og_locale":"es_ES","og_type":"article","og_title":"Veredicto Temes Obligats de febrero 2023 \u2013 Ventanas - Agrupaci\u00f3 Fotogr\u00e0fica de Catalunya","og_url":"https:\/\/afc.cat\/es\/veredicto-temes-obligats-de-febeero-2023-ventanas\/","og_site_name":"Agrupaci\u00f3 Fotogr\u00e0fica de Catalunya","article_published_time":"2023-03-23T22:15:21+00:00","article_modified_time":"2023-03-23T22:40:20+00:00","og_image":[{"width":400,"height":265,"url":"https:\/\/afc.cat\/wp-content\/uploads\/2023\/03\/TEMES-OBLIGATS-FEBRER-ESP.jpg","type":"image\/jpeg"}],"author":"Albert Folch Naval\u00f3n","twitter_card":"summary_large_image","twitter_misc":{"Escrito por":"Albert Folch Naval\u00f3n","Tiempo de lectura":"6 minutos"},"schema":{"@context":"https:\/\/schema.org","@graph":[{"@type":"Article","@id":"https:\/\/afc.cat\/es\/veredicto-temes-obligats-de-febeero-2023-ventanas\/#article","isPartOf":{"@id":"https:\/\/afc.cat\/es\/veredicto-temes-obligats-de-febeero-2023-ventanas\/"},"author":{"name":"Albert Folch Naval\u00f3n","@id":"https:\/\/afc.cat\/es\/#\/schema\/person\/2868ff3362c6c568af6bbef21aab18a6"},"headline":"Veredicto Temes Obligats de febrero 2023 \u2013 Ventanas","datePublished":"2023-03-23T22:15:21+00:00","dateModified":"2023-03-23T22:40:20+00:00","mainEntityOfPage":{"@id":"https:\/\/afc.cat\/es\/veredicto-temes-obligats-de-febeero-2023-ventanas\/"},"wordCount":1158,"commentCount":0,"image":{"@id":"https:\/\/afc.cat\/es\/veredicto-temes-obligats-de-febeero-2023-ventanas\/#primaryimage"},"thumbnailUrl":"https:\/\/afc.cat\/wp-content\/uploads\/2023\/03\/TEMES-OBLIGATS-FEBRER-ESP.jpg","articleSection":["Veredictos de concursos"],"inLanguage":"es","potentialAction":[{"@type":"CommentAction","name":"Comment","target":["https:\/\/afc.cat\/es\/veredicto-temes-obligats-de-febeero-2023-ventanas\/#respond"]}]},{"@type":"WebPage","@id":"https:\/\/afc.cat\/es\/veredicto-temes-obligats-de-febeero-2023-ventanas\/","url":"https:\/\/afc.cat\/es\/veredicto-temes-obligats-de-febeero-2023-ventanas\/","name":"Veredicto Temes Obligats de febrero 2023 \u2013 Ventanas - Agrupaci\u00f3 Fotogr\u00e0fica de Catalunya","isPartOf":{"@id":"https:\/\/afc.cat\/es\/#website"},"primaryImageOfPage":{"@id":"https:\/\/afc.cat\/es\/veredicto-temes-obligats-de-febeero-2023-ventanas\/#primaryimage"},"image":{"@id":"https:\/\/afc.cat\/es\/veredicto-temes-obligats-de-febeero-2023-ventanas\/#primaryimage"},"thumbnailUrl":"https:\/\/afc.cat\/wp-content\/uploads\/2023\/03\/TEMES-OBLIGATS-FEBRER-ESP.jpg","datePublished":"2023-03-23T22:15:21+00:00","dateModified":"2023-03-23T22:40:20+00:00","author":{"@id":"https:\/\/afc.cat\/es\/#\/schema\/person\/2868ff3362c6c568af6bbef21aab18a6"},"breadcrumb":{"@id":"https:\/\/afc.cat\/es\/veredicto-temes-obligats-de-febeero-2023-ventanas\/#breadcrumb"},"inLanguage":"es","potentialAction":[{"@type":"ReadAction","target":["https:\/\/afc.cat\/es\/veredicto-temes-obligats-de-febeero-2023-ventanas\/"]}]},{"@type":"ImageObject","inLanguage":"es","@id":"https:\/\/afc.cat\/es\/veredicto-temes-obligats-de-febeero-2023-ventanas\/#primaryimage","url":"https:\/\/afc.cat\/wp-content\/uploads\/2023\/03\/TEMES-OBLIGATS-FEBRER-ESP.jpg","contentUrl":"https:\/\/afc.cat\/wp-content\/uploads\/2023\/03\/TEMES-OBLIGATS-FEBRER-ESP.jpg","width":400,"height":265},{"@type":"BreadcrumbList","@id":"https:\/\/afc.cat\/es\/veredicto-temes-obligats-de-febeero-2023-ventanas\/#breadcrumb","itemListElement":[{"@type":"ListItem","position":1,"name":"Inicio","item":"https:\/\/afc.cat\/es\/"},{"@type":"ListItem","position":2,"name":"Veredicto Temes Obligats de febrero 2023 \u2013 Ventanas"}]},{"@type":"WebSite","@id":"https:\/\/afc.cat\/es\/#website","url":"https:\/\/afc.cat\/es\/","name":"Agrupaci\u00f3 Fotogr\u00e0fica de Catalunya","description":"Fomento y divulgaci\u00f3n de la fotograf\u00eda en todas sus variedades","potentialAction":[{"@type":"SearchAction","target":{"@type":"EntryPoint","urlTemplate":"https:\/\/afc.cat\/es\/?s={search_term_string}"},"query-input":{"@type":"PropertyValueSpecification","valueRequired":true,"valueName":"search_term_string"}}],"inLanguage":"es"},{"@type":"Person","@id":"https:\/\/afc.cat\/es\/#\/schema\/person\/2868ff3362c6c568af6bbef21aab18a6","name":"Albert Folch Naval\u00f3n","image":{"@type":"ImageObject","inLanguage":"es","@id":"https:\/\/secure.gravatar.com\/avatar\/d9af2c27458acd834a2ba71216b3c70b3d550f58587654086a7e7c13f9ffa40c?s=96&d=mm&r=g","url":"https:\/\/secure.gravatar.com\/avatar\/d9af2c27458acd834a2ba71216b3c70b3d550f58587654086a7e7c13f9ffa40c?s=96&d=mm&r=g","contentUrl":"https:\/\/secure.gravatar.com\/avatar\/d9af2c27458acd834a2ba71216b3c70b3d550f58587654086a7e7c13f9ffa40c?s=96&d=mm&r=g","caption":"Albert Folch Naval\u00f3n"},"url":"https:\/\/afc.cat\/es\/author\/albertf2021\/"}]}},"_links":{"self":[{"href":"https:\/\/afc.cat\/es\/wp-json\/wp\/v2\/posts\/31920","targetHints":{"allow":["GET"]}}],"collection":[{"href":"https:\/\/afc.cat\/es\/wp-json\/wp\/v2\/posts"}],"about":[{"href":"https:\/\/afc.cat\/es\/wp-json\/wp\/v2\/types\/post"}],"author":[{"embeddable":true,"href":"https:\/\/afc.cat\/es\/wp-json\/wp\/v2\/users\/33"}],"replies":[{"embeddable":true,"href":"https:\/\/afc.cat\/es\/wp-json\/wp\/v2\/comments?post=31920"}],"version-history":[{"count":7,"href":"https:\/\/afc.cat\/es\/wp-json\/wp\/v2\/posts\/31920\/revisions"}],"predecessor-version":[{"id":31931,"href":"https:\/\/afc.cat\/es\/wp-json\/wp\/v2\/posts\/31920\/revisions\/31931"}],"wp:featuredmedia":[{"embeddable":true,"href":"https:\/\/afc.cat\/es\/wp-json\/wp\/v2\/media\/31738"}],"wp:attachment":[{"href":"https:\/\/afc.cat\/es\/wp-json\/wp\/v2\/media?parent=31920"}],"wp:term":[{"taxonomy":"category","embeddable":true,"href":"https:\/\/afc.cat\/es\/wp-json\/wp\/v2\/categories?post=31920"},{"taxonomy":"post_tag","embeddable":true,"href":"https:\/\/afc.cat\/es\/wp-json\/wp\/v2\/tags?post=31920"}],"curies":[{"name":"wp","href":"https:\/\/api.w.org\/{rel}","templated":true}]}}