{"id":32322,"date":"2023-05-06T10:55:45","date_gmt":"2023-05-06T08:55:45","guid":{"rendered":"https:\/\/afc.cat\/?p=32322"},"modified":"2023-07-12T00:07:20","modified_gmt":"2023-07-11T22:07:20","slug":"colaboracion-con-el-centenario-domenech-i-montaner","status":"publish","type":"post","link":"https:\/\/afc.cat\/es\/colaboracion-con-el-centenario-domenech-i-montaner\/","title":{"rendered":"Colaboraci\u00f3n con el Centenario Dom\u00e8nech I Montaner"},"content":{"rendered":"<div class=\"fusion-fullwidth fullwidth-box fusion-builder-row-1 fusion-flex-container nonhundred-percent-fullwidth non-hundred-percent-height-scrolling\" style=\"background-color: rgba(255,255,255,0);background-position: center center;background-repeat: no-repeat;border-width: 0px 0px 0px 0px;border-color:#ffffff;border-style:solid;\" ><div class=\"fusion-builder-row fusion-row fusion-flex-align-items-flex-start\" style=\"max-width:1300px;margin-left: calc(-4% \/ 2 );margin-right: calc(-4% \/ 2 );\"><div class=\"fusion-layout-column fusion_builder_column fusion-builder-column-0 fusion_builder_column_2_3 2_3 fusion-flex-column\"><div class=\"fusion-column-wrapper fusion-flex-justify-content-flex-start fusion-content-layout-column\" style=\"background-position:left top;background-repeat:no-repeat;-webkit-background-size:cover;-moz-background-size:cover;-o-background-size:cover;background-size:cover;padding: 0px 0px 0px 0px;\"><div class=\"fusion-text fusion-text-1\"><p>Feliz coincidencia<\/p>\n<p>En este a\u00f1o 1923 ha coincidido el centenario del traspaso del gran arquitecto y pol\u00edtico catal\u00e1n Lluis Dom\u00e8nech i Montaner con el Centenario de la creaci\u00f3n de nuestra AFC.<\/p>\n<p>Con el objeto de fraternizar con ellos, uno de nuestros socios, Xavier Cuchi, ha presentado una conferencia con el t\u00edtulo \u00bb Dom\u00e9nech i Montaner y la fotograf\u00eda como instrumento arquitect\u00f3nico\u00bb dentro del Eje 3 sobre artes corporativas que ha formado parte del Congreso que se celebra dentro de la conmemoraci\u00f3n.<\/p>\n<p>La brillante conferencia ha sido seguida con gran atenci\u00f3n por el p\u00fablico entendido asistente.<\/p>\n<p>Queremos agradecer al compa\u00f1ero Xavier\u00a0Cuchi\u00a0su esfuerzo y esperamos que podamos aumentar este tipo de actuaciones, que nos ayuden a darnos a conocer en sectores del conocimiento hasta hoy ajenos a nosotros.<\/p>\n<\/div><div style=\"text-align:center;\"><span class=\" fusion-imageframe imageframe-none imageframe-1 hover-type-none\"><img decoding=\"async\" width=\"300\" height=\"225\" title=\"IMG_0030\" src=\"https:\/\/afc.cat\/wp-content\/uploads\/2023\/05\/IMG_0030-300x225.jpg\" alt class=\"img-responsive wp-image-32314\" srcset=\"https:\/\/afc.cat\/wp-content\/uploads\/2023\/05\/IMG_0030-200x150.jpg 200w, https:\/\/afc.cat\/wp-content\/uploads\/2023\/05\/IMG_0030-400x300.jpg 400w, https:\/\/afc.cat\/wp-content\/uploads\/2023\/05\/IMG_0030-600x450.jpg 600w, https:\/\/afc.cat\/wp-content\/uploads\/2023\/05\/IMG_0030-800x600.jpg 800w, https:\/\/afc.cat\/wp-content\/uploads\/2023\/05\/IMG_0030-1200x900.jpg 1200w\" sizes=\"(max-width: 640px) 100vw, 800px\" \/><\/span><\/div><\/div><style type=\"text\/css\">.fusion-body .fusion-builder-column-0{width:66.666666666667% !important;margin-top : 0px;margin-bottom : 0px;}.fusion-builder-column-0 > .fusion-column-wrapper {padding-top : 0px !important;padding-right : 0px !important;margin-right : 3.84%;padding-bottom : 0px !important;padding-left : 0px !important;margin-left : 2.88%;}@media only screen and (max-width:1024px) {.fusion-body .fusion-builder-column-0{width:66.666666666667% !important;}.fusion-builder-column-0 > .fusion-column-wrapper {margin-right : 3.84%;margin-left : 2.88%;}}@media only screen and (max-width:640px) {.fusion-body .fusion-builder-column-0{width:100% !important;}.fusion-builder-column-0 > .fusion-column-wrapper {margin-right : 1.92%;margin-left : 1.92%;}}<\/style><\/div><div class=\"fusion-layout-column fusion_builder_column fusion-builder-column-1 fusion_builder_column_1_3 1_3 fusion-flex-column\"><div class=\"fusion-column-wrapper fusion-flex-justify-content-flex-start fusion-content-layout-column\" style=\"background-position:left top;background-repeat:no-repeat;-webkit-background-size:cover;-moz-background-size:cover;-o-background-size:cover;background-size:cover;padding: 0px 0px 0px 0px;\"><div style=\"text-align:center;\"><span class=\" fusion-imageframe imageframe-none imageframe-2 hover-type-none\"><img decoding=\"async\" width=\"300\" height=\"225\" title=\"web_IMG_0028\" src=\"https:\/\/afc.cat\/wp-content\/uploads\/2023\/05\/web_IMG_0028-300x225.jpg\" alt class=\"img-responsive wp-image-32316\" srcset=\"https:\/\/afc.cat\/wp-content\/uploads\/2023\/05\/web_IMG_0028-200x150.jpg 200w, https:\/\/afc.cat\/wp-content\/uploads\/2023\/05\/web_IMG_0028-400x300.jpg 400w, https:\/\/afc.cat\/wp-content\/uploads\/2023\/05\/web_IMG_0028-600x450.jpg 600w, https:\/\/afc.cat\/wp-content\/uploads\/2023\/05\/web_IMG_0028-800x600.jpg 800w, https:\/\/afc.cat\/wp-content\/uploads\/2023\/05\/web_IMG_0028.jpg 1024w\" sizes=\"(max-width: 640px) 100vw, 400px\" \/><\/span><\/div><div class=\"fusion-text fusion-text-2\"><p style=\"text-align: center;\">Xavier Cuch\u00ed durante su intervenci\u00f3n<\/p>\n<\/div><\/div><style type=\"text\/css\">.fusion-body .fusion-builder-column-1{width:33.333333333333% !important;margin-top : 0px;margin-bottom : 0px;}.fusion-builder-column-1 > .fusion-column-wrapper {padding-top : 0px !important;padding-right : 0px !important;margin-right : 5.76%;padding-bottom : 0px !important;padding-left : 0px !important;margin-left : 3.84%;}@media only screen and (max-width:1024px) {.fusion-body .fusion-builder-column-1{width:33.333333333333% !important;}.fusion-builder-column-1 > .fusion-column-wrapper {margin-right : 5.76%;margin-left : 3.84%;}}@media only screen and (max-width:640px) {.fusion-body .fusion-builder-column-1{width:100% !important;}.fusion-builder-column-1 > .fusion-column-wrapper {margin-right : 1.92%;margin-left : 1.92%;}}<\/style><\/div><\/div><style type=\"text\/css\">.fusion-body .fusion-flex-container.fusion-builder-row-1{ padding-top : 0px;margin-top : 0px;padding-right : 0px;padding-bottom : 0px;margin-bottom : 0px;padding-left : 0px;}<\/style><\/div>\n","protected":false},"excerpt":{"rendered":"","protected":false},"author":47,"featured_media":32316,"comment_status":"closed","ping_status":"closed","sticky":false,"template":"","format":"standard","meta":{"_acf_changed":false,"footnotes":""},"categories":[36,503],"tags":[],"class_list":["post-32322","post","type-post","status-publish","format-standard","has-post-thumbnail","hentry","category-actos-culturales","category-centenario"],"acf":[],"yoast_head":"<!-- This site is optimized with the Yoast SEO plugin v27.2 - https:\/\/yoast.com\/product\/yoast-seo-wordpress\/ -->\n<title>Colaboraci\u00f3n con el Centenario Dom\u00e8nech I Montaner - Agrupaci\u00f3 Fotogr\u00e0fica de Catalunya<\/title>\n<meta name=\"robots\" content=\"index, follow, max-snippet:-1, max-image-preview:large, max-video-preview:-1\" \/>\n<link rel=\"canonical\" href=\"https:\/\/afc.cat\/es\/colaboracion-con-el-centenario-domenech-i-montaner\/\" \/>\n<meta property=\"og:locale\" content=\"es_ES\" \/>\n<meta property=\"og:type\" content=\"article\" \/>\n<meta property=\"og:title\" content=\"Colaboraci\u00f3n con el Centenario Dom\u00e8nech I Montaner - Agrupaci\u00f3 Fotogr\u00e0fica de Catalunya\" \/>\n<meta property=\"og:url\" content=\"https:\/\/afc.cat\/es\/colaboracion-con-el-centenario-domenech-i-montaner\/\" \/>\n<meta property=\"og:site_name\" content=\"Agrupaci\u00f3 Fotogr\u00e0fica de Catalunya\" \/>\n<meta property=\"article:published_time\" content=\"2023-05-06T08:55:45+00:00\" \/>\n<meta property=\"article:modified_time\" content=\"2023-07-11T22:07:20+00:00\" \/>\n<meta property=\"og:image\" content=\"https:\/\/afc.cat\/wp-content\/uploads\/2023\/05\/web_IMG_0028.jpg\" \/>\n\t<meta property=\"og:image:width\" content=\"1024\" \/>\n\t<meta property=\"og:image:height\" content=\"768\" \/>\n\t<meta property=\"og:image:type\" content=\"image\/jpeg\" \/>\n<meta name=\"author\" content=\"M\u00f2nica Rodr\u00edguez\" \/>\n<meta name=\"twitter:card\" content=\"summary_large_image\" \/>\n<meta name=\"twitter:label1\" content=\"Escrito por\" \/>\n\t<meta name=\"twitter:data1\" content=\"M\u00f2nica Rodr\u00edguez\" \/>\n\t<meta name=\"twitter:label2\" content=\"Tiempo de lectura\" \/>\n\t<meta name=\"twitter:data2\" content=\"5 minutos\" \/>\n<script type=\"application\/ld+json\" class=\"yoast-schema-graph\">{\"@context\":\"https:\/\/schema.org\",\"@graph\":[{\"@type\":\"Article\",\"@id\":\"https:\/\/afc.cat\/es\/colaboracion-con-el-centenario-domenech-i-montaner\/#article\",\"isPartOf\":{\"@id\":\"https:\/\/afc.cat\/es\/colaboracion-con-el-centenario-domenech-i-montaner\/\"},\"author\":{\"name\":\"M\u00f2nica Rodr\u00edguez\",\"@id\":\"https:\/\/afc.cat\/es\/#\/schema\/person\/b914cefdd3d691831c5675292da9496a\"},\"headline\":\"Colaboraci\u00f3n con el Centenario Dom\u00e8nech I Montaner\",\"datePublished\":\"2023-05-06T08:55:45+00:00\",\"dateModified\":\"2023-07-11T22:07:20+00:00\",\"mainEntityOfPage\":{\"@id\":\"https:\/\/afc.cat\/es\/colaboracion-con-el-centenario-domenech-i-montaner\/\"},\"wordCount\":1096,\"image\":{\"@id\":\"https:\/\/afc.cat\/es\/colaboracion-con-el-centenario-domenech-i-montaner\/#primaryimage\"},\"thumbnailUrl\":\"https:\/\/afc.cat\/wp-content\/uploads\/2023\/05\/web_IMG_0028.jpg\",\"articleSection\":[\"Actos Culturales\",\"Centenario\"],\"inLanguage\":\"es\"},{\"@type\":\"WebPage\",\"@id\":\"https:\/\/afc.cat\/es\/colaboracion-con-el-centenario-domenech-i-montaner\/\",\"url\":\"https:\/\/afc.cat\/es\/colaboracion-con-el-centenario-domenech-i-montaner\/\",\"name\":\"Colaboraci\u00f3n con el Centenario Dom\u00e8nech I Montaner - Agrupaci\u00f3 Fotogr\u00e0fica de Catalunya\",\"isPartOf\":{\"@id\":\"https:\/\/afc.cat\/es\/#website\"},\"primaryImageOfPage\":{\"@id\":\"https:\/\/afc.cat\/es\/colaboracion-con-el-centenario-domenech-i-montaner\/#primaryimage\"},\"image\":{\"@id\":\"https:\/\/afc.cat\/es\/colaboracion-con-el-centenario-domenech-i-montaner\/#primaryimage\"},\"thumbnailUrl\":\"https:\/\/afc.cat\/wp-content\/uploads\/2023\/05\/web_IMG_0028.jpg\",\"datePublished\":\"2023-05-06T08:55:45+00:00\",\"dateModified\":\"2023-07-11T22:07:20+00:00\",\"author\":{\"@id\":\"https:\/\/afc.cat\/es\/#\/schema\/person\/b914cefdd3d691831c5675292da9496a\"},\"breadcrumb\":{\"@id\":\"https:\/\/afc.cat\/es\/colaboracion-con-el-centenario-domenech-i-montaner\/#breadcrumb\"},\"inLanguage\":\"es\",\"potentialAction\":[{\"@type\":\"ReadAction\",\"target\":[\"https:\/\/afc.cat\/es\/colaboracion-con-el-centenario-domenech-i-montaner\/\"]}]},{\"@type\":\"ImageObject\",\"inLanguage\":\"es\",\"@id\":\"https:\/\/afc.cat\/es\/colaboracion-con-el-centenario-domenech-i-montaner\/#primaryimage\",\"url\":\"https:\/\/afc.cat\/wp-content\/uploads\/2023\/05\/web_IMG_0028.jpg\",\"contentUrl\":\"https:\/\/afc.cat\/wp-content\/uploads\/2023\/05\/web_IMG_0028.jpg\",\"width\":1024,\"height\":768},{\"@type\":\"BreadcrumbList\",\"@id\":\"https:\/\/afc.cat\/es\/colaboracion-con-el-centenario-domenech-i-montaner\/#breadcrumb\",\"itemListElement\":[{\"@type\":\"ListItem\",\"position\":1,\"name\":\"Inicio\",\"item\":\"https:\/\/afc.cat\/es\/\"},{\"@type\":\"ListItem\",\"position\":2,\"name\":\"Colaboraci\u00f3n con el Centenario Dom\u00e8nech I Montaner\"}]},{\"@type\":\"WebSite\",\"@id\":\"https:\/\/afc.cat\/es\/#website\",\"url\":\"https:\/\/afc.cat\/es\/\",\"name\":\"Agrupaci\u00f3 Fotogr\u00e0fica de Catalunya\",\"description\":\"Fomento y divulgaci\u00f3n de la fotograf\u00eda en todas sus variedades\",\"potentialAction\":[{\"@type\":\"SearchAction\",\"target\":{\"@type\":\"EntryPoint\",\"urlTemplate\":\"https:\/\/afc.cat\/es\/?s={search_term_string}\"},\"query-input\":{\"@type\":\"PropertyValueSpecification\",\"valueRequired\":true,\"valueName\":\"search_term_string\"}}],\"inLanguage\":\"es\"},{\"@type\":\"Person\",\"@id\":\"https:\/\/afc.cat\/es\/#\/schema\/person\/b914cefdd3d691831c5675292da9496a\",\"name\":\"M\u00f2nica Rodr\u00edguez\",\"image\":{\"@type\":\"ImageObject\",\"inLanguage\":\"es\",\"@id\":\"https:\/\/secure.gravatar.com\/avatar\/dfc2b3f253d78a099cd1a6fca15dfcfafa251514d62e7dfd96d3a013321b382c?s=96&d=mm&r=g\",\"url\":\"https:\/\/secure.gravatar.com\/avatar\/dfc2b3f253d78a099cd1a6fca15dfcfafa251514d62e7dfd96d3a013321b382c?s=96&d=mm&r=g\",\"contentUrl\":\"https:\/\/secure.gravatar.com\/avatar\/dfc2b3f253d78a099cd1a6fca15dfcfafa251514d62e7dfd96d3a013321b382c?s=96&d=mm&r=g\",\"caption\":\"M\u00f2nica Rodr\u00edguez\"},\"url\":\"https:\/\/afc.cat\/es\/author\/secretariaconsellafc\/\"}]}<\/script>\n<!-- \/ Yoast SEO plugin. -->","yoast_head_json":{"title":"Colaboraci\u00f3n con el Centenario Dom\u00e8nech I Montaner - Agrupaci\u00f3 Fotogr\u00e0fica de Catalunya","robots":{"index":"index","follow":"follow","max-snippet":"max-snippet:-1","max-image-preview":"max-image-preview:large","max-video-preview":"max-video-preview:-1"},"canonical":"https:\/\/afc.cat\/es\/colaboracion-con-el-centenario-domenech-i-montaner\/","og_locale":"es_ES","og_type":"article","og_title":"Colaboraci\u00f3n con el Centenario Dom\u00e8nech I Montaner - Agrupaci\u00f3 Fotogr\u00e0fica de Catalunya","og_url":"https:\/\/afc.cat\/es\/colaboracion-con-el-centenario-domenech-i-montaner\/","og_site_name":"Agrupaci\u00f3 Fotogr\u00e0fica de Catalunya","article_published_time":"2023-05-06T08:55:45+00:00","article_modified_time":"2023-07-11T22:07:20+00:00","og_image":[{"width":1024,"height":768,"url":"https:\/\/afc.cat\/wp-content\/uploads\/2023\/05\/web_IMG_0028.jpg","type":"image\/jpeg"}],"author":"M\u00f2nica Rodr\u00edguez","twitter_card":"summary_large_image","twitter_misc":{"Escrito por":"M\u00f2nica Rodr\u00edguez","Tiempo de lectura":"5 minutos"},"schema":{"@context":"https:\/\/schema.org","@graph":[{"@type":"Article","@id":"https:\/\/afc.cat\/es\/colaboracion-con-el-centenario-domenech-i-montaner\/#article","isPartOf":{"@id":"https:\/\/afc.cat\/es\/colaboracion-con-el-centenario-domenech-i-montaner\/"},"author":{"name":"M\u00f2nica Rodr\u00edguez","@id":"https:\/\/afc.cat\/es\/#\/schema\/person\/b914cefdd3d691831c5675292da9496a"},"headline":"Colaboraci\u00f3n con el Centenario Dom\u00e8nech I Montaner","datePublished":"2023-05-06T08:55:45+00:00","dateModified":"2023-07-11T22:07:20+00:00","mainEntityOfPage":{"@id":"https:\/\/afc.cat\/es\/colaboracion-con-el-centenario-domenech-i-montaner\/"},"wordCount":1096,"image":{"@id":"https:\/\/afc.cat\/es\/colaboracion-con-el-centenario-domenech-i-montaner\/#primaryimage"},"thumbnailUrl":"https:\/\/afc.cat\/wp-content\/uploads\/2023\/05\/web_IMG_0028.jpg","articleSection":["Actos Culturales","Centenario"],"inLanguage":"es"},{"@type":"WebPage","@id":"https:\/\/afc.cat\/es\/colaboracion-con-el-centenario-domenech-i-montaner\/","url":"https:\/\/afc.cat\/es\/colaboracion-con-el-centenario-domenech-i-montaner\/","name":"Colaboraci\u00f3n con el Centenario Dom\u00e8nech I Montaner - Agrupaci\u00f3 Fotogr\u00e0fica de Catalunya","isPartOf":{"@id":"https:\/\/afc.cat\/es\/#website"},"primaryImageOfPage":{"@id":"https:\/\/afc.cat\/es\/colaboracion-con-el-centenario-domenech-i-montaner\/#primaryimage"},"image":{"@id":"https:\/\/afc.cat\/es\/colaboracion-con-el-centenario-domenech-i-montaner\/#primaryimage"},"thumbnailUrl":"https:\/\/afc.cat\/wp-content\/uploads\/2023\/05\/web_IMG_0028.jpg","datePublished":"2023-05-06T08:55:45+00:00","dateModified":"2023-07-11T22:07:20+00:00","author":{"@id":"https:\/\/afc.cat\/es\/#\/schema\/person\/b914cefdd3d691831c5675292da9496a"},"breadcrumb":{"@id":"https:\/\/afc.cat\/es\/colaboracion-con-el-centenario-domenech-i-montaner\/#breadcrumb"},"inLanguage":"es","potentialAction":[{"@type":"ReadAction","target":["https:\/\/afc.cat\/es\/colaboracion-con-el-centenario-domenech-i-montaner\/"]}]},{"@type":"ImageObject","inLanguage":"es","@id":"https:\/\/afc.cat\/es\/colaboracion-con-el-centenario-domenech-i-montaner\/#primaryimage","url":"https:\/\/afc.cat\/wp-content\/uploads\/2023\/05\/web_IMG_0028.jpg","contentUrl":"https:\/\/afc.cat\/wp-content\/uploads\/2023\/05\/web_IMG_0028.jpg","width":1024,"height":768},{"@type":"BreadcrumbList","@id":"https:\/\/afc.cat\/es\/colaboracion-con-el-centenario-domenech-i-montaner\/#breadcrumb","itemListElement":[{"@type":"ListItem","position":1,"name":"Inicio","item":"https:\/\/afc.cat\/es\/"},{"@type":"ListItem","position":2,"name":"Colaboraci\u00f3n con el Centenario Dom\u00e8nech I Montaner"}]},{"@type":"WebSite","@id":"https:\/\/afc.cat\/es\/#website","url":"https:\/\/afc.cat\/es\/","name":"Agrupaci\u00f3 Fotogr\u00e0fica de Catalunya","description":"Fomento y divulgaci\u00f3n de la fotograf\u00eda en todas sus variedades","potentialAction":[{"@type":"SearchAction","target":{"@type":"EntryPoint","urlTemplate":"https:\/\/afc.cat\/es\/?s={search_term_string}"},"query-input":{"@type":"PropertyValueSpecification","valueRequired":true,"valueName":"search_term_string"}}],"inLanguage":"es"},{"@type":"Person","@id":"https:\/\/afc.cat\/es\/#\/schema\/person\/b914cefdd3d691831c5675292da9496a","name":"M\u00f2nica Rodr\u00edguez","image":{"@type":"ImageObject","inLanguage":"es","@id":"https:\/\/secure.gravatar.com\/avatar\/dfc2b3f253d78a099cd1a6fca15dfcfafa251514d62e7dfd96d3a013321b382c?s=96&d=mm&r=g","url":"https:\/\/secure.gravatar.com\/avatar\/dfc2b3f253d78a099cd1a6fca15dfcfafa251514d62e7dfd96d3a013321b382c?s=96&d=mm&r=g","contentUrl":"https:\/\/secure.gravatar.com\/avatar\/dfc2b3f253d78a099cd1a6fca15dfcfafa251514d62e7dfd96d3a013321b382c?s=96&d=mm&r=g","caption":"M\u00f2nica Rodr\u00edguez"},"url":"https:\/\/afc.cat\/es\/author\/secretariaconsellafc\/"}]}},"_links":{"self":[{"href":"https:\/\/afc.cat\/es\/wp-json\/wp\/v2\/posts\/32322","targetHints":{"allow":["GET"]}}],"collection":[{"href":"https:\/\/afc.cat\/es\/wp-json\/wp\/v2\/posts"}],"about":[{"href":"https:\/\/afc.cat\/es\/wp-json\/wp\/v2\/types\/post"}],"author":[{"embeddable":true,"href":"https:\/\/afc.cat\/es\/wp-json\/wp\/v2\/users\/47"}],"replies":[{"embeddable":true,"href":"https:\/\/afc.cat\/es\/wp-json\/wp\/v2\/comments?post=32322"}],"version-history":[{"count":3,"href":"https:\/\/afc.cat\/es\/wp-json\/wp\/v2\/posts\/32322\/revisions"}],"predecessor-version":[{"id":32328,"href":"https:\/\/afc.cat\/es\/wp-json\/wp\/v2\/posts\/32322\/revisions\/32328"}],"wp:featuredmedia":[{"embeddable":true,"href":"https:\/\/afc.cat\/es\/wp-json\/wp\/v2\/media\/32316"}],"wp:attachment":[{"href":"https:\/\/afc.cat\/es\/wp-json\/wp\/v2\/media?parent=32322"}],"wp:term":[{"taxonomy":"category","embeddable":true,"href":"https:\/\/afc.cat\/es\/wp-json\/wp\/v2\/categories?post=32322"},{"taxonomy":"post_tag","embeddable":true,"href":"https:\/\/afc.cat\/es\/wp-json\/wp\/v2\/tags?post=32322"}],"curies":[{"name":"wp","href":"https:\/\/api.w.org\/{rel}","templated":true}]}}