{"id":32543,"date":"2023-05-19T19:31:20","date_gmt":"2023-05-19T17:31:20","guid":{"rendered":"https:\/\/afc.cat\/veredicte-del-ralli-fotografic-st-jordi-afc-2023\/"},"modified":"2023-07-11T23:58:20","modified_gmt":"2023-07-11T21:58:20","slug":"veredicte-del-ralli-fotografic-st-jordi-afc-2023","status":"publish","type":"post","link":"https:\/\/afc.cat\/es\/veredicte-del-ralli-fotografic-st-jordi-afc-2023\/","title":{"rendered":"Veredicto del  Ral\u00b7li Fotogr\u00e0fic St. Jordi AFC-2023"},"content":{"rendered":"<div class=\"fusion-fullwidth fullwidth-box fusion-builder-row-1 fusion-flex-container nonhundred-percent-fullwidth non-hundred-percent-height-scrolling\" style=\"background-color: rgba(255,255,255,0);background-position: center center;background-repeat: no-repeat;border-width: 0px 0px 0px 0px;border-color:#ffffff;border-style:solid;\" ><div class=\"fusion-builder-row fusion-row fusion-flex-align-items-flex-start\" style=\"max-width:1300px;margin-left: calc(-4% \/ 2 );margin-right: calc(-4% \/ 2 );\"><div class=\"fusion-layout-column fusion_builder_column fusion-builder-column-0 fusion_builder_column_2_3 2_3 fusion-flex-column\"><div class=\"fusion-column-wrapper fusion-flex-justify-content-flex-start fusion-content-layout-column\" style=\"background-position:left top;background-repeat:no-repeat;-webkit-background-size:cover;-moz-background-size:cover;-o-background-size:cover;background-size:cover;padding: 0px 0px 0px 0px;\"><div class=\"fusion-text fusion-text-1\"><h2><strong>\u00a1Ya tenemos a los ganadores del Rally Fotogr\u00e1fico AFC \/ St. Jordi 2023!<\/strong><\/h2>\n<p>Dentro de los actos del Centenario de la AFC y acompa\u00f1ando la presentaci\u00f3n del <strong>Libro del Centenario<\/strong> durante la Diada de Sant Jordi se ha celebrado el concurso \u201cRally fotogr\u00e1fico AFC \/ St. Jordi 2023\u201c.<\/p>\n<p>Una vez examinadas las fotograf\u00edas que han concursado se ha emitido el siguiente veredicto:<\/p>\n<p>Reunidos en el sal\u00f3n de la <strong>Agrupaci\u00f3 Fotogr\u00e0fica de Catalunya<\/strong> el d\u00eda 11 de mayo de 2023 el jurado formado por:<br \/>\nJosep Blanch,<br \/>\nJacint Guiteras Rodr\u00edguez<br \/>\ny Jordi Camprub\u00ed<\/p>\n<p>Acuerda:<br \/>\nUna vez examinadas las 47 fotograf\u00edas de 13 autores realizadas en el <strong>RAL\u00b7LI FOTOGR\u00c0FIC ST. JORDI AFC-2023<\/strong>, acuerdan por unanimidad emitir el siguiente veredicto:<\/p>\n<p>SECCIONES:<br \/>\n<strong>LA SIGNATURA<\/strong><br \/>\nMejor foto de \u00ab<strong>La Signatura<\/strong>\u00bb<br \/>\n&#8211; <strong>JOAN SOLDEVILA AD\u00c1N<\/strong>, ESPA\u00d1A, a la obra \u00ab<em><strong>Pilar\u00edn Bay\u00e9s<\/strong><\/em>\u00ab.<\/p>\n<\/div><div style=\"text-align:center;\"><span class=\" fusion-imageframe imageframe-none imageframe-1 hover-type-none\"><a href=\"https:\/\/afc.cat\/wp-content\/uploads\/2023\/05\/542-1285-_Pilarin-Bayes.jpg\" class=\"fusion-lightbox\" data-rel=\"iLightbox[402be0427ab7cb5cc3e]\" data-title=\"542-1285-_Pilarin Bayes\" title=\"542-1285-_Pilarin Bayes\"><img decoding=\"async\" width=\"400\" height=\"289\" src=\"https:\/\/afc.cat\/wp-content\/uploads\/2023\/05\/542-1285-_Pilarin-Bayes.jpg\" alt class=\"img-responsive wp-image-32517\" srcset=\"https:\/\/afc.cat\/wp-content\/uploads\/2023\/05\/542-1285-_Pilarin-Bayes-200x145.jpg 200w, https:\/\/afc.cat\/wp-content\/uploads\/2023\/05\/542-1285-_Pilarin-Bayes.jpg 400w\" sizes=\"(max-width: 640px) 100vw, 400px\" \/><\/a><\/span><\/div><div class=\"fusion-text fusion-text-2\" style=\"font-size:13px;\"><p style=\"text-align: center;\">Foto: Joan Soldevila Ad\u00e1n<\/p>\n<\/div><div class=\"fusion-text fusion-text-3\" style=\"margin-top:5%;\"><p><strong>EL MEU ST. JORDI<\/strong><br \/>\nMejor serie de \u201c<strong>El meu St. Jordi<\/strong>\u201d<br \/>\n<strong>\u2013 FRANCISCO BERNAL<\/strong>, ESPA\u00d1A, con la serie \u00ab<strong><em>Pasifae, Rambla la Pau, Trenet\u00bb<\/em><\/strong>.<\/p>\n<\/div><style type=\"text\/css\">.fusion-gallery-1 .fusion-gallery-image {border:0px solid #e2e2e2;}<\/style><div class=\"fusion-gallery fusion-gallery-container fusion-grid-3 fusion-columns-total-3 fusion-gallery-layout-grid fusion-gallery-1\" style=\"margin:-5px;\"><div style=\"padding:5px;\" class=\"fusion-grid-column fusion-gallery-column fusion-gallery-column-3 hover-type-none\"><div class=\"fusion-gallery-image\"><a href=\"https:\/\/afc.cat\/wp-content\/uploads\/2023\/05\/543-8711-pasifae-s.jordicopia.psd-2.jpg\" rel=\"noreferrer\" data-rel=\"iLightbox[gallery_image_1]\" class=\"fusion-lightbox\" target=\"_self\"><img decoding=\"async\" src=\"https:\/\/afc.cat\/wp-content\/uploads\/2023\/05\/543-8711-pasifae-s.jordicopia.psd-2.jpg\" width=\"1461\" height=\"972\" alt=\"\" title=\"543-8711-pasifae-s.jordicopia.psd-2\" aria-label=\"543-8711-pasifae-s.jordicopia.psd-2\" class=\"img-responsive wp-image-32518\" srcset=\"https:\/\/afc.cat\/wp-content\/uploads\/2023\/05\/543-8711-pasifae-s.jordicopia.psd-2-200x133.jpg 200w, https:\/\/afc.cat\/wp-content\/uploads\/2023\/05\/543-8711-pasifae-s.jordicopia.psd-2-400x266.jpg 400w, https:\/\/afc.cat\/wp-content\/uploads\/2023\/05\/543-8711-pasifae-s.jordicopia.psd-2-600x399.jpg 600w, https:\/\/afc.cat\/wp-content\/uploads\/2023\/05\/543-8711-pasifae-s.jordicopia.psd-2-800x532.jpg 800w, https:\/\/afc.cat\/wp-content\/uploads\/2023\/05\/543-8711-pasifae-s.jordicopia.psd-2-1200x798.jpg 1200w, https:\/\/afc.cat\/wp-content\/uploads\/2023\/05\/543-8711-pasifae-s.jordicopia.psd-2.jpg 1461w\" sizes=\"(min-width: 2200px) 100vw, (min-width: 832px) 413px, (min-width: 736px) 620px, (min-width: 640px) 736px, \" \/><\/a><\/div><\/div><div style=\"padding:5px;\" class=\"fusion-grid-column fusion-gallery-column fusion-gallery-column-3 hover-type-none\"><div class=\"fusion-gallery-image\"><a href=\"https:\/\/afc.cat\/wp-content\/uploads\/2023\/05\/543-8711-s-jordi-2.jpg\" rel=\"noreferrer\" data-rel=\"iLightbox[gallery_image_1]\" class=\"fusion-lightbox\" target=\"_self\"><img decoding=\"async\" src=\"https:\/\/afc.cat\/wp-content\/uploads\/2023\/05\/543-8711-s-jordi-2.jpg\" width=\"1282\" height=\"1166\" alt=\"\" title=\"543-8711-s-jordi-2\" aria-label=\"543-8711-s-jordi-2\" class=\"img-responsive wp-image-32520\" srcset=\"https:\/\/afc.cat\/wp-content\/uploads\/2023\/05\/543-8711-s-jordi-2-200x182.jpg 200w, https:\/\/afc.cat\/wp-content\/uploads\/2023\/05\/543-8711-s-jordi-2-400x364.jpg 400w, https:\/\/afc.cat\/wp-content\/uploads\/2023\/05\/543-8711-s-jordi-2-600x546.jpg 600w, https:\/\/afc.cat\/wp-content\/uploads\/2023\/05\/543-8711-s-jordi-2-800x728.jpg 800w, https:\/\/afc.cat\/wp-content\/uploads\/2023\/05\/543-8711-s-jordi-2-1200x1091.jpg 1200w, https:\/\/afc.cat\/wp-content\/uploads\/2023\/05\/543-8711-s-jordi-2.jpg 1282w\" sizes=\"(min-width: 2200px) 100vw, (min-width: 832px) 413px, (min-width: 736px) 620px, (min-width: 640px) 736px, \" \/><\/a><\/div><\/div><div style=\"padding:5px;\" class=\"fusion-grid-column fusion-gallery-column fusion-gallery-column-3 hover-type-none\"><div class=\"fusion-gallery-image\"><a href=\"https:\/\/afc.cat\/wp-content\/uploads\/2023\/05\/543-8711-trenet-s.jordicopia.psd-2.jpg\" rel=\"noreferrer\" data-rel=\"iLightbox[gallery_image_1]\" class=\"fusion-lightbox\" target=\"_self\"><img decoding=\"async\" src=\"https:\/\/afc.cat\/wp-content\/uploads\/2023\/05\/543-8711-trenet-s.jordicopia.psd-2.jpg\" width=\"1348\" height=\"972\" alt=\"\" title=\"543-8711-trenet-s.jordicopia.psd-2\" aria-label=\"543-8711-trenet-s.jordicopia.psd-2\" class=\"img-responsive wp-image-32522\" srcset=\"https:\/\/afc.cat\/wp-content\/uploads\/2023\/05\/543-8711-trenet-s.jordicopia.psd-2-200x144.jpg 200w, https:\/\/afc.cat\/wp-content\/uploads\/2023\/05\/543-8711-trenet-s.jordicopia.psd-2-400x288.jpg 400w, https:\/\/afc.cat\/wp-content\/uploads\/2023\/05\/543-8711-trenet-s.jordicopia.psd-2-600x433.jpg 600w, https:\/\/afc.cat\/wp-content\/uploads\/2023\/05\/543-8711-trenet-s.jordicopia.psd-2-800x577.jpg 800w, https:\/\/afc.cat\/wp-content\/uploads\/2023\/05\/543-8711-trenet-s.jordicopia.psd-2-1200x865.jpg 1200w, https:\/\/afc.cat\/wp-content\/uploads\/2023\/05\/543-8711-trenet-s.jordicopia.psd-2.jpg 1348w\" sizes=\"(min-width: 2200px) 100vw, (min-width: 832px) 413px, (min-width: 736px) 620px, (min-width: 640px) 736px, \" \/><\/a><\/div><\/div><div class=\"clearfix\"><\/div><\/div><div class=\"fusion-text fusion-text-4\" style=\"font-size:13px;\"><p style=\"text-align: center;\">Fotos: Francisco Bernal<\/p>\n<\/div><div class=\"fusion-text fusion-text-5\"><p>\u00a1Muchas gracias a todos los participantes y enhorabuena a los ganadores!<\/p>\n<p>AFC, mayo 2023<\/p>\n<\/div><\/div><style type=\"text\/css\">.fusion-body .fusion-builder-column-0{width:66.666666666667% !important;margin-top : 0px;margin-bottom : 0px;}.fusion-builder-column-0 > .fusion-column-wrapper {padding-top : 0px !important;padding-right : 0px !important;margin-right : 3.84%;padding-bottom : 0px !important;padding-left : 0px !important;margin-left : 2.88%;}@media only screen and (max-width:1024px) {.fusion-body .fusion-builder-column-0{width:66.666666666667% !important;}.fusion-builder-column-0 > .fusion-column-wrapper {margin-right : 3.84%;margin-left : 2.88%;}}@media only screen and (max-width:640px) {.fusion-body .fusion-builder-column-0{width:100% !important;}.fusion-builder-column-0 > .fusion-column-wrapper {margin-right : 1.92%;margin-left : 1.92%;}}<\/style><\/div><div class=\"fusion-layout-column fusion_builder_column fusion-builder-column-1 fusion_builder_column_1_3 1_3 fusion-flex-column\"><div class=\"fusion-column-wrapper fusion-flex-justify-content-flex-start fusion-content-layout-column\" style=\"background-position:left top;background-repeat:no-repeat;-webkit-background-size:cover;-moz-background-size:cover;-o-background-size:cover;background-size:cover;padding: 0px 0px 0px 0px;\"><div style=\"text-align:center;\"><span class=\" fusion-imageframe imageframe-none imageframe-2 hover-type-none\"><img decoding=\"async\" width=\"400\" height=\"289\" title=\"542-1285-_Pilarin Bayes\" src=\"https:\/\/afc.cat\/wp-content\/uploads\/2023\/05\/542-1285-_Pilarin-Bayes-1.jpg\" alt class=\"img-responsive wp-image-32526\" srcset=\"https:\/\/afc.cat\/wp-content\/uploads\/2023\/05\/542-1285-_Pilarin-Bayes-1-200x145.jpg 200w, https:\/\/afc.cat\/wp-content\/uploads\/2023\/05\/542-1285-_Pilarin-Bayes-1.jpg 400w\" sizes=\"(max-width: 640px) 100vw, 400px\" \/><\/span><\/div><div class=\"fusion-text fusion-text-6\" style=\"text-align:center;font-size:13px;color:#adadad;\"><p style=\"text-align: center;\">Foto: Joan Soldevila Ad\u00e1n<\/p>\n<\/div><\/div><style type=\"text\/css\">.fusion-body .fusion-builder-column-1{width:33.333333333333% !important;margin-top : 0px;margin-bottom : 0px;}.fusion-builder-column-1 > .fusion-column-wrapper {padding-top : 0px !important;padding-right : 0px !important;margin-right : 5.76%;padding-bottom : 0px !important;padding-left : 0px !important;margin-left : 3.84%;}@media only screen and (max-width:1024px) {.fusion-body .fusion-builder-column-1{width:33.333333333333% !important;}.fusion-builder-column-1 > .fusion-column-wrapper {margin-right : 5.76%;margin-left : 3.84%;}}@media only screen and (max-width:640px) {.fusion-body .fusion-builder-column-1{width:100% !important;}.fusion-builder-column-1 > .fusion-column-wrapper {margin-right : 1.92%;margin-left : 1.92%;}}<\/style><\/div><\/div><style type=\"text\/css\">.fusion-body .fusion-flex-container.fusion-builder-row-1{ padding-top : 0px;margin-top : 0px;padding-right : 0px;padding-bottom : 0px;margin-bottom : 0px;padding-left : 0px;}<\/style><\/div>\n","protected":false},"excerpt":{"rendered":"","protected":false},"author":33,"featured_media":32526,"comment_status":"closed","ping_status":"closed","sticky":false,"template":"","format":"standard","meta":{"_acf_changed":false,"footnotes":""},"categories":[503,37],"tags":[],"class_list":["post-32543","post","type-post","status-publish","format-standard","has-post-thumbnail","hentry","category-centenario","category-concursos-es"],"acf":[],"yoast_head":"<!-- This site is optimized with the Yoast SEO plugin v27.5 - https:\/\/yoast.com\/product\/yoast-seo-wordpress\/ -->\n<title>Veredicto del Ral\u00b7li Fotogr\u00e0fic St. Jordi AFC-2023 - Agrupaci\u00f3 Fotogr\u00e0fica de Catalunya<\/title>\n<meta name=\"robots\" content=\"index, follow, max-snippet:-1, max-image-preview:large, max-video-preview:-1\" \/>\n<link rel=\"canonical\" href=\"https:\/\/afc.cat\/es\/veredicte-del-ralli-fotografic-st-jordi-afc-2023\/\" \/>\n<meta property=\"og:locale\" content=\"es_ES\" \/>\n<meta property=\"og:type\" content=\"article\" \/>\n<meta property=\"og:title\" content=\"Veredicto del Ral\u00b7li Fotogr\u00e0fic St. Jordi AFC-2023 - Agrupaci\u00f3 Fotogr\u00e0fica de Catalunya\" \/>\n<meta property=\"og:url\" content=\"https:\/\/afc.cat\/es\/veredicte-del-ralli-fotografic-st-jordi-afc-2023\/\" \/>\n<meta property=\"og:site_name\" content=\"Agrupaci\u00f3 Fotogr\u00e0fica de Catalunya\" \/>\n<meta property=\"article:published_time\" content=\"2023-05-19T17:31:20+00:00\" \/>\n<meta property=\"article:modified_time\" content=\"2023-07-11T21:58:20+00:00\" \/>\n<meta property=\"og:image\" content=\"https:\/\/afc.cat\/wp-content\/uploads\/2023\/05\/542-1285-_Pilarin-Bayes-1.jpg\" \/>\n\t<meta property=\"og:image:width\" content=\"400\" \/>\n\t<meta property=\"og:image:height\" content=\"289\" \/>\n\t<meta property=\"og:image:type\" content=\"image\/jpeg\" \/>\n<meta name=\"author\" content=\"Albert Folch Naval\u00f3n\" \/>\n<meta name=\"twitter:card\" content=\"summary_large_image\" \/>\n<meta name=\"twitter:label1\" content=\"Escrito por\" \/>\n\t<meta name=\"twitter:data1\" content=\"Albert Folch Naval\u00f3n\" \/>\n\t<meta name=\"twitter:label2\" content=\"Tiempo de lectura\" \/>\n\t<meta name=\"twitter:data2\" content=\"8 minutos\" \/>\n<script type=\"application\/ld+json\" class=\"yoast-schema-graph\">{\"@context\":\"https:\\\/\\\/schema.org\",\"@graph\":[{\"@type\":\"Article\",\"@id\":\"https:\\\/\\\/afc.cat\\\/es\\\/veredicte-del-ralli-fotografic-st-jordi-afc-2023\\\/#article\",\"isPartOf\":{\"@id\":\"https:\\\/\\\/afc.cat\\\/es\\\/veredicte-del-ralli-fotografic-st-jordi-afc-2023\\\/\"},\"author\":{\"name\":\"Albert Folch Naval\u00f3n\",\"@id\":\"https:\\\/\\\/afc.cat\\\/es\\\/#\\\/schema\\\/person\\\/2868ff3362c6c568af6bbef21aab18a6\"},\"headline\":\"Veredicto del Ral\u00b7li Fotogr\u00e0fic St. Jordi AFC-2023\",\"datePublished\":\"2023-05-19T17:31:20+00:00\",\"dateModified\":\"2023-07-11T21:58:20+00:00\",\"mainEntityOfPage\":{\"@id\":\"https:\\\/\\\/afc.cat\\\/es\\\/veredicte-del-ralli-fotografic-st-jordi-afc-2023\\\/\"},\"wordCount\":1650,\"image\":{\"@id\":\"https:\\\/\\\/afc.cat\\\/es\\\/veredicte-del-ralli-fotografic-st-jordi-afc-2023\\\/#primaryimage\"},\"thumbnailUrl\":\"https:\\\/\\\/afc.cat\\\/wp-content\\\/uploads\\\/2023\\\/05\\\/542-1285-_Pilarin-Bayes-1.jpg\",\"articleSection\":[\"Centenario\",\"Concursos\"],\"inLanguage\":\"es\"},{\"@type\":\"WebPage\",\"@id\":\"https:\\\/\\\/afc.cat\\\/es\\\/veredicte-del-ralli-fotografic-st-jordi-afc-2023\\\/\",\"url\":\"https:\\\/\\\/afc.cat\\\/es\\\/veredicte-del-ralli-fotografic-st-jordi-afc-2023\\\/\",\"name\":\"Veredicto del Ral\u00b7li Fotogr\u00e0fic St. Jordi AFC-2023 - Agrupaci\u00f3 Fotogr\u00e0fica de Catalunya\",\"isPartOf\":{\"@id\":\"https:\\\/\\\/afc.cat\\\/es\\\/#website\"},\"primaryImageOfPage\":{\"@id\":\"https:\\\/\\\/afc.cat\\\/es\\\/veredicte-del-ralli-fotografic-st-jordi-afc-2023\\\/#primaryimage\"},\"image\":{\"@id\":\"https:\\\/\\\/afc.cat\\\/es\\\/veredicte-del-ralli-fotografic-st-jordi-afc-2023\\\/#primaryimage\"},\"thumbnailUrl\":\"https:\\\/\\\/afc.cat\\\/wp-content\\\/uploads\\\/2023\\\/05\\\/542-1285-_Pilarin-Bayes-1.jpg\",\"datePublished\":\"2023-05-19T17:31:20+00:00\",\"dateModified\":\"2023-07-11T21:58:20+00:00\",\"author\":{\"@id\":\"https:\\\/\\\/afc.cat\\\/es\\\/#\\\/schema\\\/person\\\/2868ff3362c6c568af6bbef21aab18a6\"},\"breadcrumb\":{\"@id\":\"https:\\\/\\\/afc.cat\\\/es\\\/veredicte-del-ralli-fotografic-st-jordi-afc-2023\\\/#breadcrumb\"},\"inLanguage\":\"es\",\"potentialAction\":[{\"@type\":\"ReadAction\",\"target\":[\"https:\\\/\\\/afc.cat\\\/es\\\/veredicte-del-ralli-fotografic-st-jordi-afc-2023\\\/\"]}]},{\"@type\":\"ImageObject\",\"inLanguage\":\"es\",\"@id\":\"https:\\\/\\\/afc.cat\\\/es\\\/veredicte-del-ralli-fotografic-st-jordi-afc-2023\\\/#primaryimage\",\"url\":\"https:\\\/\\\/afc.cat\\\/wp-content\\\/uploads\\\/2023\\\/05\\\/542-1285-_Pilarin-Bayes-1.jpg\",\"contentUrl\":\"https:\\\/\\\/afc.cat\\\/wp-content\\\/uploads\\\/2023\\\/05\\\/542-1285-_Pilarin-Bayes-1.jpg\",\"width\":400,\"height\":289},{\"@type\":\"BreadcrumbList\",\"@id\":\"https:\\\/\\\/afc.cat\\\/es\\\/veredicte-del-ralli-fotografic-st-jordi-afc-2023\\\/#breadcrumb\",\"itemListElement\":[{\"@type\":\"ListItem\",\"position\":1,\"name\":\"Inicio\",\"item\":\"https:\\\/\\\/afc.cat\\\/es\\\/\"},{\"@type\":\"ListItem\",\"position\":2,\"name\":\"Veredicto del Ral\u00b7li Fotogr\u00e0fic St. Jordi AFC-2023\"}]},{\"@type\":\"WebSite\",\"@id\":\"https:\\\/\\\/afc.cat\\\/es\\\/#website\",\"url\":\"https:\\\/\\\/afc.cat\\\/es\\\/\",\"name\":\"Agrupaci\u00f3 Fotogr\u00e0fica de Catalunya\",\"description\":\"Fomento y divulgaci\u00f3n de la fotograf\u00eda en todas sus variedades\",\"potentialAction\":[{\"@type\":\"SearchAction\",\"target\":{\"@type\":\"EntryPoint\",\"urlTemplate\":\"https:\\\/\\\/afc.cat\\\/es\\\/?s={search_term_string}\"},\"query-input\":{\"@type\":\"PropertyValueSpecification\",\"valueRequired\":true,\"valueName\":\"search_term_string\"}}],\"inLanguage\":\"es\"},{\"@type\":\"Person\",\"@id\":\"https:\\\/\\\/afc.cat\\\/es\\\/#\\\/schema\\\/person\\\/2868ff3362c6c568af6bbef21aab18a6\",\"name\":\"Albert Folch Naval\u00f3n\",\"image\":{\"@type\":\"ImageObject\",\"inLanguage\":\"es\",\"@id\":\"https:\\\/\\\/secure.gravatar.com\\\/avatar\\\/d9af2c27458acd834a2ba71216b3c70b3d550f58587654086a7e7c13f9ffa40c?s=96&d=mm&r=g\",\"url\":\"https:\\\/\\\/secure.gravatar.com\\\/avatar\\\/d9af2c27458acd834a2ba71216b3c70b3d550f58587654086a7e7c13f9ffa40c?s=96&d=mm&r=g\",\"contentUrl\":\"https:\\\/\\\/secure.gravatar.com\\\/avatar\\\/d9af2c27458acd834a2ba71216b3c70b3d550f58587654086a7e7c13f9ffa40c?s=96&d=mm&r=g\",\"caption\":\"Albert Folch Naval\u00f3n\"},\"url\":\"https:\\\/\\\/afc.cat\\\/es\\\/author\\\/albertf2021\\\/\"}]}<\/script>\n<!-- \/ Yoast SEO plugin. -->","yoast_head_json":{"title":"Veredicto del Ral\u00b7li Fotogr\u00e0fic St. Jordi AFC-2023 - Agrupaci\u00f3 Fotogr\u00e0fica de Catalunya","robots":{"index":"index","follow":"follow","max-snippet":"max-snippet:-1","max-image-preview":"max-image-preview:large","max-video-preview":"max-video-preview:-1"},"canonical":"https:\/\/afc.cat\/es\/veredicte-del-ralli-fotografic-st-jordi-afc-2023\/","og_locale":"es_ES","og_type":"article","og_title":"Veredicto del Ral\u00b7li Fotogr\u00e0fic St. Jordi AFC-2023 - Agrupaci\u00f3 Fotogr\u00e0fica de Catalunya","og_url":"https:\/\/afc.cat\/es\/veredicte-del-ralli-fotografic-st-jordi-afc-2023\/","og_site_name":"Agrupaci\u00f3 Fotogr\u00e0fica de Catalunya","article_published_time":"2023-05-19T17:31:20+00:00","article_modified_time":"2023-07-11T21:58:20+00:00","og_image":[{"width":400,"height":289,"url":"https:\/\/afc.cat\/wp-content\/uploads\/2023\/05\/542-1285-_Pilarin-Bayes-1.jpg","type":"image\/jpeg"}],"author":"Albert Folch Naval\u00f3n","twitter_card":"summary_large_image","twitter_misc":{"Escrito por":"Albert Folch Naval\u00f3n","Tiempo de lectura":"8 minutos"},"schema":{"@context":"https:\/\/schema.org","@graph":[{"@type":"Article","@id":"https:\/\/afc.cat\/es\/veredicte-del-ralli-fotografic-st-jordi-afc-2023\/#article","isPartOf":{"@id":"https:\/\/afc.cat\/es\/veredicte-del-ralli-fotografic-st-jordi-afc-2023\/"},"author":{"name":"Albert Folch Naval\u00f3n","@id":"https:\/\/afc.cat\/es\/#\/schema\/person\/2868ff3362c6c568af6bbef21aab18a6"},"headline":"Veredicto del Ral\u00b7li Fotogr\u00e0fic St. Jordi AFC-2023","datePublished":"2023-05-19T17:31:20+00:00","dateModified":"2023-07-11T21:58:20+00:00","mainEntityOfPage":{"@id":"https:\/\/afc.cat\/es\/veredicte-del-ralli-fotografic-st-jordi-afc-2023\/"},"wordCount":1650,"image":{"@id":"https:\/\/afc.cat\/es\/veredicte-del-ralli-fotografic-st-jordi-afc-2023\/#primaryimage"},"thumbnailUrl":"https:\/\/afc.cat\/wp-content\/uploads\/2023\/05\/542-1285-_Pilarin-Bayes-1.jpg","articleSection":["Centenario","Concursos"],"inLanguage":"es"},{"@type":"WebPage","@id":"https:\/\/afc.cat\/es\/veredicte-del-ralli-fotografic-st-jordi-afc-2023\/","url":"https:\/\/afc.cat\/es\/veredicte-del-ralli-fotografic-st-jordi-afc-2023\/","name":"Veredicto del Ral\u00b7li Fotogr\u00e0fic St. Jordi AFC-2023 - Agrupaci\u00f3 Fotogr\u00e0fica de Catalunya","isPartOf":{"@id":"https:\/\/afc.cat\/es\/#website"},"primaryImageOfPage":{"@id":"https:\/\/afc.cat\/es\/veredicte-del-ralli-fotografic-st-jordi-afc-2023\/#primaryimage"},"image":{"@id":"https:\/\/afc.cat\/es\/veredicte-del-ralli-fotografic-st-jordi-afc-2023\/#primaryimage"},"thumbnailUrl":"https:\/\/afc.cat\/wp-content\/uploads\/2023\/05\/542-1285-_Pilarin-Bayes-1.jpg","datePublished":"2023-05-19T17:31:20+00:00","dateModified":"2023-07-11T21:58:20+00:00","author":{"@id":"https:\/\/afc.cat\/es\/#\/schema\/person\/2868ff3362c6c568af6bbef21aab18a6"},"breadcrumb":{"@id":"https:\/\/afc.cat\/es\/veredicte-del-ralli-fotografic-st-jordi-afc-2023\/#breadcrumb"},"inLanguage":"es","potentialAction":[{"@type":"ReadAction","target":["https:\/\/afc.cat\/es\/veredicte-del-ralli-fotografic-st-jordi-afc-2023\/"]}]},{"@type":"ImageObject","inLanguage":"es","@id":"https:\/\/afc.cat\/es\/veredicte-del-ralli-fotografic-st-jordi-afc-2023\/#primaryimage","url":"https:\/\/afc.cat\/wp-content\/uploads\/2023\/05\/542-1285-_Pilarin-Bayes-1.jpg","contentUrl":"https:\/\/afc.cat\/wp-content\/uploads\/2023\/05\/542-1285-_Pilarin-Bayes-1.jpg","width":400,"height":289},{"@type":"BreadcrumbList","@id":"https:\/\/afc.cat\/es\/veredicte-del-ralli-fotografic-st-jordi-afc-2023\/#breadcrumb","itemListElement":[{"@type":"ListItem","position":1,"name":"Inicio","item":"https:\/\/afc.cat\/es\/"},{"@type":"ListItem","position":2,"name":"Veredicto del Ral\u00b7li Fotogr\u00e0fic St. Jordi AFC-2023"}]},{"@type":"WebSite","@id":"https:\/\/afc.cat\/es\/#website","url":"https:\/\/afc.cat\/es\/","name":"Agrupaci\u00f3 Fotogr\u00e0fica de Catalunya","description":"Fomento y divulgaci\u00f3n de la fotograf\u00eda en todas sus variedades","potentialAction":[{"@type":"SearchAction","target":{"@type":"EntryPoint","urlTemplate":"https:\/\/afc.cat\/es\/?s={search_term_string}"},"query-input":{"@type":"PropertyValueSpecification","valueRequired":true,"valueName":"search_term_string"}}],"inLanguage":"es"},{"@type":"Person","@id":"https:\/\/afc.cat\/es\/#\/schema\/person\/2868ff3362c6c568af6bbef21aab18a6","name":"Albert Folch Naval\u00f3n","image":{"@type":"ImageObject","inLanguage":"es","@id":"https:\/\/secure.gravatar.com\/avatar\/d9af2c27458acd834a2ba71216b3c70b3d550f58587654086a7e7c13f9ffa40c?s=96&d=mm&r=g","url":"https:\/\/secure.gravatar.com\/avatar\/d9af2c27458acd834a2ba71216b3c70b3d550f58587654086a7e7c13f9ffa40c?s=96&d=mm&r=g","contentUrl":"https:\/\/secure.gravatar.com\/avatar\/d9af2c27458acd834a2ba71216b3c70b3d550f58587654086a7e7c13f9ffa40c?s=96&d=mm&r=g","caption":"Albert Folch Naval\u00f3n"},"url":"https:\/\/afc.cat\/es\/author\/albertf2021\/"}]}},"_links":{"self":[{"href":"https:\/\/afc.cat\/es\/wp-json\/wp\/v2\/posts\/32543","targetHints":{"allow":["GET"]}}],"collection":[{"href":"https:\/\/afc.cat\/es\/wp-json\/wp\/v2\/posts"}],"about":[{"href":"https:\/\/afc.cat\/es\/wp-json\/wp\/v2\/types\/post"}],"author":[{"embeddable":true,"href":"https:\/\/afc.cat\/es\/wp-json\/wp\/v2\/users\/33"}],"replies":[{"embeddable":true,"href":"https:\/\/afc.cat\/es\/wp-json\/wp\/v2\/comments?post=32543"}],"version-history":[{"count":4,"href":"https:\/\/afc.cat\/es\/wp-json\/wp\/v2\/posts\/32543\/revisions"}],"predecessor-version":[{"id":34024,"href":"https:\/\/afc.cat\/es\/wp-json\/wp\/v2\/posts\/32543\/revisions\/34024"}],"wp:featuredmedia":[{"embeddable":true,"href":"https:\/\/afc.cat\/es\/wp-json\/wp\/v2\/media\/32526"}],"wp:attachment":[{"href":"https:\/\/afc.cat\/es\/wp-json\/wp\/v2\/media?parent=32543"}],"wp:term":[{"taxonomy":"category","embeddable":true,"href":"https:\/\/afc.cat\/es\/wp-json\/wp\/v2\/categories?post=32543"},{"taxonomy":"post_tag","embeddable":true,"href":"https:\/\/afc.cat\/es\/wp-json\/wp\/v2\/tags?post=32543"}],"curies":[{"name":"wp","href":"https:\/\/api.w.org\/{rel}","templated":true}]}}