{"id":33964,"date":"2023-06-13T17:19:07","date_gmt":"2023-06-13T15:19:07","guid":{"rendered":"https:\/\/afc.cat\/entrega-de-diplomes-de-temes-obligats-2022-2023-i-de-20-anys-de-soci-de-lafc\/"},"modified":"2023-07-11T10:46:56","modified_gmt":"2023-07-11T08:46:56","slug":"entrega-de-diplomes-de-temes-obligats-2022-2023-i-de-20-anys-de-soci-de-lafc","status":"publish","type":"post","link":"https:\/\/afc.cat\/es\/entrega-de-diplomes-de-temes-obligats-2022-2023-i-de-20-anys-de-soci-de-lafc\/","title":{"rendered":"Entrega de diplomas de 20 a\u00f1os de socio de la AFC y primeros clasificados de Temes Obligats 2021-2022"},"content":{"rendered":"<div class=\"fusion-fullwidth fullwidth-box fusion-builder-row-1 fusion-flex-container nonhundred-percent-fullwidth non-hundred-percent-height-scrolling\" style=\"background-color: rgba(255,255,255,0);background-position: center center;background-repeat: no-repeat;border-width: 0px 0px 0px 0px;border-color:#ffffff;border-style:solid;\" ><div class=\"fusion-builder-row fusion-row fusion-flex-align-items-flex-start\" style=\"max-width:1300px;margin-left: calc(-4% \/ 2 );margin-right: calc(-4% \/ 2 );\"><div class=\"fusion-layout-column fusion_builder_column fusion-builder-column-0 fusion_builder_column_2_3 2_3 fusion-flex-column\"><div class=\"fusion-column-wrapper fusion-flex-justify-content-flex-start fusion-content-layout-column\" style=\"background-position:left top;background-repeat:no-repeat;-webkit-background-size:cover;-moz-background-size:cover;-o-background-size:cover;background-size:cover;padding: 0px 0px 0px 0px;\"><div class=\"fusion-text fusion-text-1\"><h2 class=\"fusion-responsive-typography-calculated\" data-fontsize=\"40\" data-lineheight=\"48px\">Entrega de diplomas<\/h2>\n<p>El pasado viernes d\u00eda 9 de junio se hizo entrega de los diplomas a los socios que hac\u00edan 20 a\u00f1os de socio del AFC y a los ganadores del concurso <strong>Temas Obligados de la temporada 2021-2022.<\/strong><\/p>\n<p>La entrega de diplomas fue a cargo del presidente del AFC <strong>Pere Puigdollers<\/strong> y del vocal de concursos <strong>M\u00e0xim Poncela<\/strong>.<\/p>\n<\/div><div class=\"fusion-text fusion-text-2\"><h3>Diplomas 20 a\u00f1os de socio del AFC<\/h3>\n<p>Este a\u00f1o 2023 se ha hecho entrega de los diplomas a los socios y socias que llevan 20 a\u00f1os en nuestra entidad.<\/p>\n<p>Los galardonados han sido:<\/p>\n<ul>\n<li>Hort\u00e8nsia Gonzalez Salvador<\/li>\n<li>Llu\u00eds Girona Arguimbau<\/li>\n<li>Pere Mart\u00ednez Guardiola<\/li>\n<\/ul>\n<\/div><style type=\"text\/css\">.fusion-gallery-1 .fusion-gallery-image {border:0px solid #e2e2e2;}<\/style><div class=\"fusion-gallery fusion-gallery-container fusion-grid-3 fusion-columns-total-3 fusion-gallery-layout-grid fusion-gallery-1\" style=\"margin:-5px;\"><div style=\"padding:5px;\" class=\"fusion-grid-column fusion-gallery-column fusion-gallery-column-3 hover-type-none\"><div class=\"fusion-gallery-image\"><a href=\"https:\/\/afc.cat\/wp-content\/uploads\/2023\/06\/Hortensia-Gonzalez-Salvador.jpg\" rel=\"noreferrer\" data-rel=\"iLightbox[gallery_image_1]\" class=\"fusion-lightbox\" target=\"_self\"><img decoding=\"async\" src=\"https:\/\/afc.cat\/wp-content\/uploads\/2023\/06\/Hortensia-Gonzalez-Salvador.jpg\" width=\"571\" height=\"800\" alt=\"\" title=\"Hortensia Gonzalez Salvador\" aria-label=\"Hortensia Gonzalez Salvador\" class=\"img-responsive wp-image-32776\" srcset=\"https:\/\/afc.cat\/wp-content\/uploads\/2023\/06\/Hortensia-Gonzalez-Salvador-200x280.jpg 200w, https:\/\/afc.cat\/wp-content\/uploads\/2023\/06\/Hortensia-Gonzalez-Salvador-400x560.jpg 400w, https:\/\/afc.cat\/wp-content\/uploads\/2023\/06\/Hortensia-Gonzalez-Salvador.jpg 571w\" sizes=\"(min-width: 2200px) 100vw, (min-width: 832px) 413px, (min-width: 736px) 620px, (min-width: 640px) 736px, \" \/><\/a><\/div><\/div><div style=\"padding:5px;\" class=\"fusion-grid-column fusion-gallery-column fusion-gallery-column-3 hover-type-none\"><div class=\"fusion-gallery-image\"><a href=\"https:\/\/afc.cat\/wp-content\/uploads\/2023\/06\/Lluis-Girona-Arguimbau.jpg\" rel=\"noreferrer\" data-rel=\"iLightbox[gallery_image_1]\" class=\"fusion-lightbox\" target=\"_self\"><img decoding=\"async\" src=\"https:\/\/afc.cat\/wp-content\/uploads\/2023\/06\/Lluis-Girona-Arguimbau.jpg\" width=\"571\" height=\"800\" alt=\"\" title=\"Llu\u00eds Girona Arguimbau\" aria-label=\"Llu\u00eds Girona Arguimbau\" class=\"img-responsive wp-image-32780\" srcset=\"https:\/\/afc.cat\/wp-content\/uploads\/2023\/06\/Lluis-Girona-Arguimbau-200x280.jpg 200w, https:\/\/afc.cat\/wp-content\/uploads\/2023\/06\/Lluis-Girona-Arguimbau-400x560.jpg 400w, https:\/\/afc.cat\/wp-content\/uploads\/2023\/06\/Lluis-Girona-Arguimbau.jpg 571w\" sizes=\"(min-width: 2200px) 100vw, (min-width: 832px) 413px, (min-width: 736px) 620px, (min-width: 640px) 736px, \" \/><\/a><\/div><\/div><div style=\"padding:5px;\" class=\"fusion-grid-column fusion-gallery-column fusion-gallery-column-3 hover-type-none\"><div class=\"fusion-gallery-image\"><a href=\"https:\/\/afc.cat\/wp-content\/uploads\/2023\/06\/Pere-Martinez-Guardiola.jpg\" rel=\"noreferrer\" data-rel=\"iLightbox[gallery_image_1]\" class=\"fusion-lightbox\" target=\"_self\"><img decoding=\"async\" src=\"https:\/\/afc.cat\/wp-content\/uploads\/2023\/06\/Pere-Martinez-Guardiola.jpg\" width=\"571\" height=\"800\" alt=\"\" title=\"Pere Mart\u00ednez Guardiola\" aria-label=\"Pere Mart\u00ednez Guardiola\" class=\"img-responsive wp-image-32782\" srcset=\"https:\/\/afc.cat\/wp-content\/uploads\/2023\/06\/Pere-Martinez-Guardiola-200x280.jpg 200w, https:\/\/afc.cat\/wp-content\/uploads\/2023\/06\/Pere-Martinez-Guardiola-400x560.jpg 400w, https:\/\/afc.cat\/wp-content\/uploads\/2023\/06\/Pere-Martinez-Guardiola.jpg 571w\" sizes=\"(min-width: 2200px) 100vw, (min-width: 832px) 413px, (min-width: 736px) 620px, (min-width: 640px) 736px, \" \/><\/a><\/div><\/div><div class=\"clearfix\"><\/div><\/div><div class=\"fusion-text fusion-text-3\" style=\"font-size:13px;\"><p style=\"text-align: center;\">Fotos: Albert Ca\u00f1ellas (Kirowa Foto)<\/p>\n<\/div><div class=\"fusion-text fusion-text-4\"><h3>Ganadores Temas Obligados 2021 \u2013 2022<\/h3>\n<p>Los primeros clasificados, seg\u00fan la puntuaci\u00f3n acumulada obtenida en la participaci\u00f3n de cada mes, fueron los siguientes:<\/p>\n<p><strong>Para a la categoria monocromo<\/strong>:<\/p>\n<ul>\n<li>1.\u00ba clasificado <strong>Irene Sanz Ram\u00edrez<\/strong> con 169 puntos<\/li>\n<li>2.\u00ba clasificado <strong>Joan Ru\u00e9 Domingo<\/strong> con 163 puntos<\/li>\n<li>3.\u00ba clasificado <strong>Jaume Estrada Martras<\/strong> con 163 puntos\u00a0\u00a0Para la categor\u00eda color:<\/li>\n<\/ul>\n<p><strong>Para la categor\u00eda color:<\/strong><\/p>\n<ul>\n<li>1.\u00ba clasificado <strong>Josep Soler Vendrell<\/strong> con 170 puntos<\/li>\n<li>2.\u00ba clasificado <strong>F\u00e9lix J. Vizca\u00edno<\/strong> Garc\u00eda con 169 puntos<\/li>\n<li>3.\u00ba clasificado <strong>Anna Barn\u00e9s Guill\u00e9n<\/strong> con 168 puntos<\/li>\n<\/ul>\n<\/div><style type=\"text\/css\">.fusion-gallery-2 .fusion-gallery-image {border:0px solid #e2e2e2;}<\/style><div class=\"fusion-gallery fusion-gallery-container fusion-grid-2 fusion-columns-total-1 fusion-gallery-layout-grid fusion-gallery-2\" style=\"margin:-5px;\"><div style=\"padding:5px;\" class=\"fusion-grid-column fusion-gallery-column fusion-gallery-column-2 hover-type-none\"><div class=\"fusion-gallery-image\"><a href=\"https:\/\/afc.cat\/wp-content\/uploads\/2023\/06\/Josep-Soler-Vendrell.jpg\" rel=\"noreferrer\" data-rel=\"iLightbox[gallery_image_2]\" class=\"fusion-lightbox\" target=\"_self\"><img decoding=\"async\" src=\"https:\/\/afc.cat\/wp-content\/uploads\/2023\/06\/Josep-Soler-Vendrell.jpg\" width=\"571\" height=\"800\" alt=\"\" title=\"Josep Soler Vendrell\" aria-label=\"Josep Soler Vendrell\" class=\"img-responsive wp-image-32778\" srcset=\"https:\/\/afc.cat\/wp-content\/uploads\/2023\/06\/Josep-Soler-Vendrell-200x280.jpg 200w, https:\/\/afc.cat\/wp-content\/uploads\/2023\/06\/Josep-Soler-Vendrell-400x560.jpg 400w, https:\/\/afc.cat\/wp-content\/uploads\/2023\/06\/Josep-Soler-Vendrell.jpg 571w\" sizes=\"(min-width: 2200px) 100vw, (min-width: 736px) 623px, (min-width: 640px) 736px, \" \/><\/a><\/div><\/div><div class=\"clearfix\"><\/div><\/div><div class=\"fusion-text fusion-text-5\" style=\"font-size:13px;\"><p style=\"text-align: center;\">Fotos: Albert Ca\u00f1ellas (Kirowa Foto)<\/p>\n<\/div><div class=\"fusion-separator fusion-full-width-sep\" style=\"align-self: center;margin-left: auto;margin-right: auto;margin-top:20px;margin-bottom:20px;width:100%;\"><div class=\"fusion-separator-border sep-single sep-solid\" style=\"border-color:#4ec0bf;border-top-width:1px;\"><\/div><\/div><div class=\"fusion-text fusion-text-6\"><p>Enhorabuena a los galardonados de los 20 a\u00f1os de socio y a los ganadores del concurso <strong>Temas Obligados 2021-2022<\/strong>.<\/p>\n<p><strong>Agrupaci\u00f3 Fotogr\u00e0fica de Catalunya<\/strong><\/p>\n<\/div><\/div><style type=\"text\/css\">.fusion-body .fusion-builder-column-0{width:66.666666666667% !important;margin-top : 0px;margin-bottom : 0px;}.fusion-builder-column-0 > .fusion-column-wrapper {padding-top : 0px !important;padding-right : 0px !important;margin-right : 3.84%;padding-bottom : 0px !important;padding-left : 0px !important;margin-left : 2.88%;}@media only screen and (max-width:1024px) {.fusion-body .fusion-builder-column-0{width:66.666666666667% !important;}.fusion-builder-column-0 > .fusion-column-wrapper {margin-right : 3.84%;margin-left : 2.88%;}}@media only screen and (max-width:640px) {.fusion-body .fusion-builder-column-0{width:100% !important;}.fusion-builder-column-0 > .fusion-column-wrapper {margin-right : 1.92%;margin-left : 1.92%;}}<\/style><\/div><div class=\"fusion-layout-column fusion_builder_column fusion-builder-column-1 fusion_builder_column_1_3 1_3 fusion-flex-column\"><div class=\"fusion-column-wrapper fusion-flex-justify-content-flex-start fusion-content-layout-column\" style=\"background-position:left top;background-repeat:no-repeat;-webkit-background-size:cover;-moz-background-size:cover;-o-background-size:cover;background-size:cover;padding: 0px 0px 0px 0px;\"><div ><span class=\" fusion-imageframe imageframe-none imageframe-1 hover-type-none\"><img decoding=\"async\" width=\"600\" height=\"400\" title=\"Pere Puigdollers i M\u00e0xim Poncela\" src=\"https:\/\/afc.cat\/wp-content\/uploads\/2023\/06\/Pere-Puigdollers-i-Maxim-Poncela-600x400.jpg\" alt class=\"img-responsive wp-image-32785\" srcset=\"https:\/\/afc.cat\/wp-content\/uploads\/2023\/06\/Pere-Puigdollers-i-Maxim-Poncela-200x133.jpg 200w, https:\/\/afc.cat\/wp-content\/uploads\/2023\/06\/Pere-Puigdollers-i-Maxim-Poncela-400x267.jpg 400w, https:\/\/afc.cat\/wp-content\/uploads\/2023\/06\/Pere-Puigdollers-i-Maxim-Poncela-600x400.jpg 600w, https:\/\/afc.cat\/wp-content\/uploads\/2023\/06\/Pere-Puigdollers-i-Maxim-Poncela-800x534.jpg 800w, https:\/\/afc.cat\/wp-content\/uploads\/2023\/06\/Pere-Puigdollers-i-Maxim-Poncela.jpg 1024w\" sizes=\"(max-width: 640px) 100vw, 400px\" \/><\/span><\/div><\/div><style type=\"text\/css\">.fusion-body .fusion-builder-column-1{width:33.333333333333% !important;margin-top : 0px;margin-bottom : 0px;}.fusion-builder-column-1 > .fusion-column-wrapper {padding-top : 0px !important;padding-right : 0px !important;margin-right : 5.76%;padding-bottom : 0px !important;padding-left : 0px !important;margin-left : 3.84%;}@media only screen and (max-width:1024px) {.fusion-body .fusion-builder-column-1{width:33.333333333333% !important;}.fusion-builder-column-1 > .fusion-column-wrapper {margin-right : 5.76%;margin-left : 3.84%;}}@media only screen and (max-width:640px) {.fusion-body .fusion-builder-column-1{width:100% !important;}.fusion-builder-column-1 > .fusion-column-wrapper {margin-right : 1.92%;margin-left : 1.92%;}}<\/style><\/div><\/div><style type=\"text\/css\">.fusion-body .fusion-flex-container.fusion-builder-row-1{ padding-top : 0px;margin-top : 0px;padding-right : 0px;padding-bottom : 0px;margin-bottom : 0px;padding-left : 0px;}<\/style><\/div>\n","protected":false},"excerpt":{"rendered":"","protected":false},"author":33,"featured_media":32785,"comment_status":"closed","ping_status":"closed","sticky":false,"template":"","format":"standard","meta":{"_acf_changed":false,"footnotes":""},"categories":[37,199],"tags":[],"class_list":["post-33964","post","type-post","status-publish","format-standard","has-post-thumbnail","hentry","category-concursos-es","category-veredictos-de-concursos"],"acf":[],"yoast_head":"<!-- This site is optimized with the Yoast SEO plugin v27.2 - https:\/\/yoast.com\/product\/yoast-seo-wordpress\/ -->\n<title>Entrega de diplomas de 20 a\u00f1os de socio de la AFC y primeros clasificados de Temes Obligats 2021-2022 - Agrupaci\u00f3 Fotogr\u00e0fica de Catalunya<\/title>\n<meta name=\"robots\" content=\"index, follow, max-snippet:-1, max-image-preview:large, max-video-preview:-1\" \/>\n<link rel=\"canonical\" href=\"https:\/\/afc.cat\/es\/entrega-de-diplomes-de-temes-obligats-2022-2023-i-de-20-anys-de-soci-de-lafc\/\" \/>\n<meta property=\"og:locale\" content=\"es_ES\" \/>\n<meta property=\"og:type\" content=\"article\" \/>\n<meta property=\"og:title\" content=\"Entrega de diplomas de 20 a\u00f1os de socio de la AFC y primeros clasificados de Temes Obligats 2021-2022 - Agrupaci\u00f3 Fotogr\u00e0fica de Catalunya\" \/>\n<meta property=\"og:url\" content=\"https:\/\/afc.cat\/es\/entrega-de-diplomes-de-temes-obligats-2022-2023-i-de-20-anys-de-soci-de-lafc\/\" \/>\n<meta property=\"og:site_name\" content=\"Agrupaci\u00f3 Fotogr\u00e0fica de Catalunya\" \/>\n<meta property=\"article:published_time\" content=\"2023-06-13T15:19:07+00:00\" \/>\n<meta property=\"article:modified_time\" content=\"2023-07-11T08:46:56+00:00\" \/>\n<meta property=\"og:image\" content=\"https:\/\/afc.cat\/wp-content\/uploads\/2023\/06\/Pere-Puigdollers-i-Maxim-Poncela.jpg\" \/>\n\t<meta property=\"og:image:width\" content=\"1024\" \/>\n\t<meta property=\"og:image:height\" content=\"683\" \/>\n\t<meta property=\"og:image:type\" content=\"image\/jpeg\" \/>\n<meta name=\"author\" content=\"Albert Folch Naval\u00f3n\" \/>\n<meta name=\"twitter:card\" content=\"summary_large_image\" \/>\n<meta name=\"twitter:label1\" content=\"Escrito por\" \/>\n\t<meta name=\"twitter:data1\" content=\"Albert Folch Naval\u00f3n\" \/>\n\t<meta name=\"twitter:label2\" content=\"Tiempo de lectura\" \/>\n\t<meta name=\"twitter:data2\" content=\"8 minutos\" \/>\n<script type=\"application\/ld+json\" class=\"yoast-schema-graph\">{\"@context\":\"https:\/\/schema.org\",\"@graph\":[{\"@type\":\"Article\",\"@id\":\"https:\/\/afc.cat\/es\/entrega-de-diplomes-de-temes-obligats-2022-2023-i-de-20-anys-de-soci-de-lafc\/#article\",\"isPartOf\":{\"@id\":\"https:\/\/afc.cat\/es\/entrega-de-diplomes-de-temes-obligats-2022-2023-i-de-20-anys-de-soci-de-lafc\/\"},\"author\":{\"name\":\"Albert Folch Naval\u00f3n\",\"@id\":\"https:\/\/afc.cat\/es\/#\/schema\/person\/2868ff3362c6c568af6bbef21aab18a6\"},\"headline\":\"Entrega de diplomas de 20 a\u00f1os de socio de la AFC y primeros clasificados de Temes Obligats 2021-2022\",\"datePublished\":\"2023-06-13T15:19:07+00:00\",\"dateModified\":\"2023-07-11T08:46:56+00:00\",\"mainEntityOfPage\":{\"@id\":\"https:\/\/afc.cat\/es\/entrega-de-diplomes-de-temes-obligats-2022-2023-i-de-20-anys-de-soci-de-lafc\/\"},\"wordCount\":1606,\"image\":{\"@id\":\"https:\/\/afc.cat\/es\/entrega-de-diplomes-de-temes-obligats-2022-2023-i-de-20-anys-de-soci-de-lafc\/#primaryimage\"},\"thumbnailUrl\":\"https:\/\/afc.cat\/wp-content\/uploads\/2023\/06\/Pere-Puigdollers-i-Maxim-Poncela.jpg\",\"articleSection\":[\"Concursos\",\"Veredictos de concursos\"],\"inLanguage\":\"es\"},{\"@type\":\"WebPage\",\"@id\":\"https:\/\/afc.cat\/es\/entrega-de-diplomes-de-temes-obligats-2022-2023-i-de-20-anys-de-soci-de-lafc\/\",\"url\":\"https:\/\/afc.cat\/es\/entrega-de-diplomes-de-temes-obligats-2022-2023-i-de-20-anys-de-soci-de-lafc\/\",\"name\":\"Entrega de diplomas de 20 a\u00f1os de socio de la AFC y primeros clasificados de Temes Obligats 2021-2022 - Agrupaci\u00f3 Fotogr\u00e0fica de Catalunya\",\"isPartOf\":{\"@id\":\"https:\/\/afc.cat\/es\/#website\"},\"primaryImageOfPage\":{\"@id\":\"https:\/\/afc.cat\/es\/entrega-de-diplomes-de-temes-obligats-2022-2023-i-de-20-anys-de-soci-de-lafc\/#primaryimage\"},\"image\":{\"@id\":\"https:\/\/afc.cat\/es\/entrega-de-diplomes-de-temes-obligats-2022-2023-i-de-20-anys-de-soci-de-lafc\/#primaryimage\"},\"thumbnailUrl\":\"https:\/\/afc.cat\/wp-content\/uploads\/2023\/06\/Pere-Puigdollers-i-Maxim-Poncela.jpg\",\"datePublished\":\"2023-06-13T15:19:07+00:00\",\"dateModified\":\"2023-07-11T08:46:56+00:00\",\"author\":{\"@id\":\"https:\/\/afc.cat\/es\/#\/schema\/person\/2868ff3362c6c568af6bbef21aab18a6\"},\"breadcrumb\":{\"@id\":\"https:\/\/afc.cat\/es\/entrega-de-diplomes-de-temes-obligats-2022-2023-i-de-20-anys-de-soci-de-lafc\/#breadcrumb\"},\"inLanguage\":\"es\",\"potentialAction\":[{\"@type\":\"ReadAction\",\"target\":[\"https:\/\/afc.cat\/es\/entrega-de-diplomes-de-temes-obligats-2022-2023-i-de-20-anys-de-soci-de-lafc\/\"]}]},{\"@type\":\"ImageObject\",\"inLanguage\":\"es\",\"@id\":\"https:\/\/afc.cat\/es\/entrega-de-diplomes-de-temes-obligats-2022-2023-i-de-20-anys-de-soci-de-lafc\/#primaryimage\",\"url\":\"https:\/\/afc.cat\/wp-content\/uploads\/2023\/06\/Pere-Puigdollers-i-Maxim-Poncela.jpg\",\"contentUrl\":\"https:\/\/afc.cat\/wp-content\/uploads\/2023\/06\/Pere-Puigdollers-i-Maxim-Poncela.jpg\",\"width\":1024,\"height\":683},{\"@type\":\"BreadcrumbList\",\"@id\":\"https:\/\/afc.cat\/es\/entrega-de-diplomes-de-temes-obligats-2022-2023-i-de-20-anys-de-soci-de-lafc\/#breadcrumb\",\"itemListElement\":[{\"@type\":\"ListItem\",\"position\":1,\"name\":\"Inicio\",\"item\":\"https:\/\/afc.cat\/es\/\"},{\"@type\":\"ListItem\",\"position\":2,\"name\":\"Entrega de diplomas de 20 a\u00f1os de socio de la AFC y primeros clasificados de Temes Obligats 2021-2022\"}]},{\"@type\":\"WebSite\",\"@id\":\"https:\/\/afc.cat\/es\/#website\",\"url\":\"https:\/\/afc.cat\/es\/\",\"name\":\"Agrupaci\u00f3 Fotogr\u00e0fica de Catalunya\",\"description\":\"Fomento y divulgaci\u00f3n de la fotograf\u00eda en todas sus variedades\",\"potentialAction\":[{\"@type\":\"SearchAction\",\"target\":{\"@type\":\"EntryPoint\",\"urlTemplate\":\"https:\/\/afc.cat\/es\/?s={search_term_string}\"},\"query-input\":{\"@type\":\"PropertyValueSpecification\",\"valueRequired\":true,\"valueName\":\"search_term_string\"}}],\"inLanguage\":\"es\"},{\"@type\":\"Person\",\"@id\":\"https:\/\/afc.cat\/es\/#\/schema\/person\/2868ff3362c6c568af6bbef21aab18a6\",\"name\":\"Albert Folch Naval\u00f3n\",\"image\":{\"@type\":\"ImageObject\",\"inLanguage\":\"es\",\"@id\":\"https:\/\/secure.gravatar.com\/avatar\/d9af2c27458acd834a2ba71216b3c70b3d550f58587654086a7e7c13f9ffa40c?s=96&d=mm&r=g\",\"url\":\"https:\/\/secure.gravatar.com\/avatar\/d9af2c27458acd834a2ba71216b3c70b3d550f58587654086a7e7c13f9ffa40c?s=96&d=mm&r=g\",\"contentUrl\":\"https:\/\/secure.gravatar.com\/avatar\/d9af2c27458acd834a2ba71216b3c70b3d550f58587654086a7e7c13f9ffa40c?s=96&d=mm&r=g\",\"caption\":\"Albert Folch Naval\u00f3n\"},\"url\":\"https:\/\/afc.cat\/es\/author\/albertf2021\/\"}]}<\/script>\n<!-- \/ Yoast SEO plugin. -->","yoast_head_json":{"title":"Entrega de diplomas de 20 a\u00f1os de socio de la AFC y primeros clasificados de Temes Obligats 2021-2022 - Agrupaci\u00f3 Fotogr\u00e0fica de Catalunya","robots":{"index":"index","follow":"follow","max-snippet":"max-snippet:-1","max-image-preview":"max-image-preview:large","max-video-preview":"max-video-preview:-1"},"canonical":"https:\/\/afc.cat\/es\/entrega-de-diplomes-de-temes-obligats-2022-2023-i-de-20-anys-de-soci-de-lafc\/","og_locale":"es_ES","og_type":"article","og_title":"Entrega de diplomas de 20 a\u00f1os de socio de la AFC y primeros clasificados de Temes Obligats 2021-2022 - Agrupaci\u00f3 Fotogr\u00e0fica de Catalunya","og_url":"https:\/\/afc.cat\/es\/entrega-de-diplomes-de-temes-obligats-2022-2023-i-de-20-anys-de-soci-de-lafc\/","og_site_name":"Agrupaci\u00f3 Fotogr\u00e0fica de Catalunya","article_published_time":"2023-06-13T15:19:07+00:00","article_modified_time":"2023-07-11T08:46:56+00:00","og_image":[{"width":1024,"height":683,"url":"https:\/\/afc.cat\/wp-content\/uploads\/2023\/06\/Pere-Puigdollers-i-Maxim-Poncela.jpg","type":"image\/jpeg"}],"author":"Albert Folch Naval\u00f3n","twitter_card":"summary_large_image","twitter_misc":{"Escrito por":"Albert Folch Naval\u00f3n","Tiempo de lectura":"8 minutos"},"schema":{"@context":"https:\/\/schema.org","@graph":[{"@type":"Article","@id":"https:\/\/afc.cat\/es\/entrega-de-diplomes-de-temes-obligats-2022-2023-i-de-20-anys-de-soci-de-lafc\/#article","isPartOf":{"@id":"https:\/\/afc.cat\/es\/entrega-de-diplomes-de-temes-obligats-2022-2023-i-de-20-anys-de-soci-de-lafc\/"},"author":{"name":"Albert Folch Naval\u00f3n","@id":"https:\/\/afc.cat\/es\/#\/schema\/person\/2868ff3362c6c568af6bbef21aab18a6"},"headline":"Entrega de diplomas de 20 a\u00f1os de socio de la AFC y primeros clasificados de Temes Obligats 2021-2022","datePublished":"2023-06-13T15:19:07+00:00","dateModified":"2023-07-11T08:46:56+00:00","mainEntityOfPage":{"@id":"https:\/\/afc.cat\/es\/entrega-de-diplomes-de-temes-obligats-2022-2023-i-de-20-anys-de-soci-de-lafc\/"},"wordCount":1606,"image":{"@id":"https:\/\/afc.cat\/es\/entrega-de-diplomes-de-temes-obligats-2022-2023-i-de-20-anys-de-soci-de-lafc\/#primaryimage"},"thumbnailUrl":"https:\/\/afc.cat\/wp-content\/uploads\/2023\/06\/Pere-Puigdollers-i-Maxim-Poncela.jpg","articleSection":["Concursos","Veredictos de concursos"],"inLanguage":"es"},{"@type":"WebPage","@id":"https:\/\/afc.cat\/es\/entrega-de-diplomes-de-temes-obligats-2022-2023-i-de-20-anys-de-soci-de-lafc\/","url":"https:\/\/afc.cat\/es\/entrega-de-diplomes-de-temes-obligats-2022-2023-i-de-20-anys-de-soci-de-lafc\/","name":"Entrega de diplomas de 20 a\u00f1os de socio de la AFC y primeros clasificados de Temes Obligats 2021-2022 - Agrupaci\u00f3 Fotogr\u00e0fica de Catalunya","isPartOf":{"@id":"https:\/\/afc.cat\/es\/#website"},"primaryImageOfPage":{"@id":"https:\/\/afc.cat\/es\/entrega-de-diplomes-de-temes-obligats-2022-2023-i-de-20-anys-de-soci-de-lafc\/#primaryimage"},"image":{"@id":"https:\/\/afc.cat\/es\/entrega-de-diplomes-de-temes-obligats-2022-2023-i-de-20-anys-de-soci-de-lafc\/#primaryimage"},"thumbnailUrl":"https:\/\/afc.cat\/wp-content\/uploads\/2023\/06\/Pere-Puigdollers-i-Maxim-Poncela.jpg","datePublished":"2023-06-13T15:19:07+00:00","dateModified":"2023-07-11T08:46:56+00:00","author":{"@id":"https:\/\/afc.cat\/es\/#\/schema\/person\/2868ff3362c6c568af6bbef21aab18a6"},"breadcrumb":{"@id":"https:\/\/afc.cat\/es\/entrega-de-diplomes-de-temes-obligats-2022-2023-i-de-20-anys-de-soci-de-lafc\/#breadcrumb"},"inLanguage":"es","potentialAction":[{"@type":"ReadAction","target":["https:\/\/afc.cat\/es\/entrega-de-diplomes-de-temes-obligats-2022-2023-i-de-20-anys-de-soci-de-lafc\/"]}]},{"@type":"ImageObject","inLanguage":"es","@id":"https:\/\/afc.cat\/es\/entrega-de-diplomes-de-temes-obligats-2022-2023-i-de-20-anys-de-soci-de-lafc\/#primaryimage","url":"https:\/\/afc.cat\/wp-content\/uploads\/2023\/06\/Pere-Puigdollers-i-Maxim-Poncela.jpg","contentUrl":"https:\/\/afc.cat\/wp-content\/uploads\/2023\/06\/Pere-Puigdollers-i-Maxim-Poncela.jpg","width":1024,"height":683},{"@type":"BreadcrumbList","@id":"https:\/\/afc.cat\/es\/entrega-de-diplomes-de-temes-obligats-2022-2023-i-de-20-anys-de-soci-de-lafc\/#breadcrumb","itemListElement":[{"@type":"ListItem","position":1,"name":"Inicio","item":"https:\/\/afc.cat\/es\/"},{"@type":"ListItem","position":2,"name":"Entrega de diplomas de 20 a\u00f1os de socio de la AFC y primeros clasificados de Temes Obligats 2021-2022"}]},{"@type":"WebSite","@id":"https:\/\/afc.cat\/es\/#website","url":"https:\/\/afc.cat\/es\/","name":"Agrupaci\u00f3 Fotogr\u00e0fica de Catalunya","description":"Fomento y divulgaci\u00f3n de la fotograf\u00eda en todas sus variedades","potentialAction":[{"@type":"SearchAction","target":{"@type":"EntryPoint","urlTemplate":"https:\/\/afc.cat\/es\/?s={search_term_string}"},"query-input":{"@type":"PropertyValueSpecification","valueRequired":true,"valueName":"search_term_string"}}],"inLanguage":"es"},{"@type":"Person","@id":"https:\/\/afc.cat\/es\/#\/schema\/person\/2868ff3362c6c568af6bbef21aab18a6","name":"Albert Folch Naval\u00f3n","image":{"@type":"ImageObject","inLanguage":"es","@id":"https:\/\/secure.gravatar.com\/avatar\/d9af2c27458acd834a2ba71216b3c70b3d550f58587654086a7e7c13f9ffa40c?s=96&d=mm&r=g","url":"https:\/\/secure.gravatar.com\/avatar\/d9af2c27458acd834a2ba71216b3c70b3d550f58587654086a7e7c13f9ffa40c?s=96&d=mm&r=g","contentUrl":"https:\/\/secure.gravatar.com\/avatar\/d9af2c27458acd834a2ba71216b3c70b3d550f58587654086a7e7c13f9ffa40c?s=96&d=mm&r=g","caption":"Albert Folch Naval\u00f3n"},"url":"https:\/\/afc.cat\/es\/author\/albertf2021\/"}]}},"_links":{"self":[{"href":"https:\/\/afc.cat\/es\/wp-json\/wp\/v2\/posts\/33964","targetHints":{"allow":["GET"]}}],"collection":[{"href":"https:\/\/afc.cat\/es\/wp-json\/wp\/v2\/posts"}],"about":[{"href":"https:\/\/afc.cat\/es\/wp-json\/wp\/v2\/types\/post"}],"author":[{"embeddable":true,"href":"https:\/\/afc.cat\/es\/wp-json\/wp\/v2\/users\/33"}],"replies":[{"embeddable":true,"href":"https:\/\/afc.cat\/es\/wp-json\/wp\/v2\/comments?post=33964"}],"version-history":[{"count":3,"href":"https:\/\/afc.cat\/es\/wp-json\/wp\/v2\/posts\/33964\/revisions"}],"predecessor-version":[{"id":34001,"href":"https:\/\/afc.cat\/es\/wp-json\/wp\/v2\/posts\/33964\/revisions\/34001"}],"wp:featuredmedia":[{"embeddable":true,"href":"https:\/\/afc.cat\/es\/wp-json\/wp\/v2\/media\/32785"}],"wp:attachment":[{"href":"https:\/\/afc.cat\/es\/wp-json\/wp\/v2\/media?parent=33964"}],"wp:term":[{"taxonomy":"category","embeddable":true,"href":"https:\/\/afc.cat\/es\/wp-json\/wp\/v2\/categories?post=33964"},{"taxonomy":"post_tag","embeddable":true,"href":"https:\/\/afc.cat\/es\/wp-json\/wp\/v2\/tags?post=33964"}],"curies":[{"name":"wp","href":"https:\/\/api.w.org\/{rel}","templated":true}]}}