{"id":34111,"date":"2023-07-21T23:23:57","date_gmt":"2023-07-21T21:23:57","guid":{"rendered":"https:\/\/afc.cat\/visitada-exposicio-fotografica-las-aventuras-de-guille-y-belinda-al-wonder-photo-shop-fujifilm\/"},"modified":"2023-12-18T13:06:22","modified_gmt":"2023-12-18T11:06:22","slug":"visitada-exposicio-fotografica-las-aventuras-de-guille-y-belinda-al-wonder-photo-shop-fujifilm","status":"publish","type":"post","link":"https:\/\/afc.cat\/es\/visitada-exposicio-fotografica-las-aventuras-de-guille-y-belinda-al-wonder-photo-shop-fujifilm\/","title":{"rendered":"Visitada exposici\u00f3n fotogr\u00e1fica \u201cLas aventuras de Guille y Belinda\u201d en Wonder Photo Shop (FUJIFILM)"},"content":{"rendered":"<div class=\"fusion-fullwidth fullwidth-box fusion-builder-row-1 fusion-flex-container nonhundred-percent-fullwidth non-hundred-percent-height-scrolling\" style=\"background-color: rgba(255,255,255,0);background-position: center center;background-repeat: no-repeat;border-width: 0px 0px 0px 0px;border-color:#ffffff;border-style:solid;\" ><div class=\"fusion-builder-row fusion-row fusion-flex-align-items-flex-start\" style=\"max-width:1300px;margin-left: calc(-4% \/ 2 );margin-right: calc(-4% \/ 2 );\"><div class=\"fusion-layout-column fusion_builder_column fusion-builder-column-0 fusion_builder_column_2_3 2_3 fusion-flex-column\"><div class=\"fusion-column-wrapper fusion-flex-justify-content-flex-start fusion-content-layout-column\" style=\"background-position:left top;background-repeat:no-repeat;-webkit-background-size:cover;-moz-background-size:cover;-o-background-size:cover;background-size:cover;padding: 0px 0px 0px 0px;\"><div class=\"fusion-text fusion-text-1\"><h2>Visitada la exposici\u00f3n \u201cLas aventuras de Guille y Belinda\u201d de Alessandra Sanguinetti &#8211; Wonder Photo Shop &#8211; FUJIFILM<\/h2>\n<p>El pasado jueves dia 20 de julio por la tarde treinta socias y socios de la <strong>AFC<\/strong>, visitamos la exposici\u00f3n fotogr\u00e1fica \u201c<strong><em>Las aventuras de Guille y Belinda<\/em><\/strong>\u201d de <strong>Alessandra Sanguinetti<\/strong>, que nuestro nuevo socio protector <strong>FUJIFILM<\/strong> tiene en <strong>Wonder Photo Shop<\/strong> de la calle Gran de Gracia de Barcelona.<br \/>\nFuimos recibidos por responsables de la compa\u00f1\u00eda que nos dieron la bienvenida y nos ense\u00f1aron las amplias instalaciones. Acto seguido disfrutamos de una visita guiada por esta tan interesante muestra fotogr\u00e1fica. Las fotografias expuestas han estado impresas en papel fotogr\u00e1fico Fujifilm <span class=\"hiddenSpellError\">Photographic<\/span>\u00a0Paper \u2013\u00a0<span class=\"hiddenSpellError\">The<\/span>\u00a0Original<\/p>\n<p>La asistencia de socias y socios de la Agrupaci\u00f3 al acto ha sido todo un \u00e9xito que esperamos se repita en futuras convocatorias.<\/p>\n<p><strong>Francesc Soldevila<\/strong><br \/>\n<strong>Vocalia\u00a0de\u00a0Cultura<\/strong><\/p>\n<\/div><style type=\"text\/css\">.fusion-gallery-1 .fusion-gallery-image {border:0px solid #e2e2e2;}<\/style><div class=\"fusion-gallery fusion-gallery-container fusion-grid-4 fusion-columns-total-8 fusion-gallery-layout-grid fusion-gallery-1\" style=\"margin:-5px;\"><div style=\"padding:5px;\" class=\"fusion-grid-column fusion-gallery-column fusion-gallery-column-4 hover-type-zoomin\"><div class=\"fusion-gallery-image\"><a href=\"https:\/\/afc.cat\/wp-content\/uploads\/2023\/07\/Expo-Las-aventuras-de-Guille-y-Belinda-1.jpg\" data-title=\"Expo Las aventuras de Guille y Belinda (1)\" title=\"Expo Las aventuras de Guille y Belinda (1)\" rel=\"noreferrer\" data-rel=\"iLightbox[gallery_image_1]\" class=\"fusion-lightbox\" target=\"_self\"><img decoding=\"async\" src=\"https:\/\/afc.cat\/wp-content\/uploads\/2023\/07\/Expo-Las-aventuras-de-Guille-y-Belinda-1-320x202.jpg\" width=\"320\" height=\"202\" alt=\"Las aventuras de Guille y Belinda\" title=\"Expo Las aventuras de Guille y Belinda (1)\" aria-label=\"Expo Las aventuras de Guille y Belinda (1)\" class=\"img-responsive wp-image-34090 fusion-gallery-image-size-fixed\" srcset=\"https:\/\/afc.cat\/wp-content\/uploads\/2023\/07\/Expo-Las-aventuras-de-Guille-y-Belinda-1-320x202.jpg 320w, https:\/\/afc.cat\/wp-content\/uploads\/2023\/07\/Expo-Las-aventuras-de-Guille-y-Belinda-1-700x441.jpg 700w\" sizes=\"(max-width: 320px) 100vw, 320px\" \/><\/a><\/div><\/div><div style=\"padding:5px;\" class=\"fusion-grid-column fusion-gallery-column fusion-gallery-column-4 hover-type-zoomin\"><div class=\"fusion-gallery-image\"><a href=\"https:\/\/afc.cat\/wp-content\/uploads\/2023\/07\/Expo-Las-aventuras-de-Guille-y-Belinda-2.jpg\" data-title=\"Expo Las aventuras de Guille y Belinda (2)\" title=\"Expo Las aventuras de Guille y Belinda (2)\" rel=\"noreferrer\" data-rel=\"iLightbox[gallery_image_1]\" class=\"fusion-lightbox\" target=\"_self\"><img decoding=\"async\" src=\"https:\/\/afc.cat\/wp-content\/uploads\/2023\/07\/Expo-Las-aventuras-de-Guille-y-Belinda-2-320x202.jpg\" width=\"320\" height=\"202\" alt=\"Las aventuras de Guille y Belinda\" title=\"Expo Las aventuras de Guille y Belinda (2)\" aria-label=\"Expo Las aventuras de Guille y Belinda (2)\" class=\"img-responsive wp-image-34092 fusion-gallery-image-size-fixed\" srcset=\"https:\/\/afc.cat\/wp-content\/uploads\/2023\/07\/Expo-Las-aventuras-de-Guille-y-Belinda-2-320x202.jpg 320w, https:\/\/afc.cat\/wp-content\/uploads\/2023\/07\/Expo-Las-aventuras-de-Guille-y-Belinda-2-700x441.jpg 700w\" sizes=\"(max-width: 320px) 100vw, 320px\" \/><\/a><\/div><\/div><div style=\"padding:5px;\" class=\"fusion-grid-column fusion-gallery-column fusion-gallery-column-4 hover-type-zoomin\"><div class=\"fusion-gallery-image\"><a href=\"https:\/\/afc.cat\/wp-content\/uploads\/2023\/07\/Expo-Las-aventuras-de-Guille-y-Belinda-4.jpg\" data-title=\"Expo Las aventuras de Guille y Belinda (4)\" title=\"Expo Las aventuras de Guille y Belinda (4)\" rel=\"noreferrer\" data-rel=\"iLightbox[gallery_image_1]\" class=\"fusion-lightbox\" target=\"_self\"><img decoding=\"async\" src=\"https:\/\/afc.cat\/wp-content\/uploads\/2023\/07\/Expo-Las-aventuras-de-Guille-y-Belinda-4-320x202.jpg\" width=\"320\" height=\"202\" alt=\"Las aventuras de Guille y Belinda\" title=\"Expo Las aventuras de Guille y Belinda (4)\" aria-label=\"Expo Las aventuras de Guille y Belinda (4)\" class=\"img-responsive wp-image-34096 fusion-gallery-image-size-fixed\" srcset=\"https:\/\/afc.cat\/wp-content\/uploads\/2023\/07\/Expo-Las-aventuras-de-Guille-y-Belinda-4-320x202.jpg 320w, https:\/\/afc.cat\/wp-content\/uploads\/2023\/07\/Expo-Las-aventuras-de-Guille-y-Belinda-4-700x441.jpg 700w\" sizes=\"(max-width: 320px) 100vw, 320px\" \/><\/a><\/div><\/div><div style=\"padding:5px;\" class=\"fusion-grid-column fusion-gallery-column fusion-gallery-column-4 hover-type-zoomin\"><div class=\"fusion-gallery-image\"><a href=\"https:\/\/afc.cat\/wp-content\/uploads\/2023\/07\/Expo-Las-aventuras-de-Guille-y-Belinda-5.jpg\" data-title=\"Expo Las aventuras de Guille y Belinda (5)\" title=\"Expo Las aventuras de Guille y Belinda (5)\" rel=\"noreferrer\" data-rel=\"iLightbox[gallery_image_1]\" class=\"fusion-lightbox\" target=\"_self\"><img decoding=\"async\" src=\"https:\/\/afc.cat\/wp-content\/uploads\/2023\/07\/Expo-Las-aventuras-de-Guille-y-Belinda-5-320x202.jpg\" width=\"320\" height=\"202\" alt=\"Las aventuras de Guille y Belinda\" title=\"Expo Las aventuras de Guille y Belinda (5)\" aria-label=\"Expo Las aventuras de Guille y Belinda (5)\" class=\"img-responsive wp-image-34098 fusion-gallery-image-size-fixed\" srcset=\"https:\/\/afc.cat\/wp-content\/uploads\/2023\/07\/Expo-Las-aventuras-de-Guille-y-Belinda-5-320x202.jpg 320w, https:\/\/afc.cat\/wp-content\/uploads\/2023\/07\/Expo-Las-aventuras-de-Guille-y-Belinda-5-700x441.jpg 700w\" sizes=\"(max-width: 320px) 100vw, 320px\" \/><\/a><\/div><\/div><div class=\"clearfix\"><\/div><div style=\"padding:5px;\" class=\"fusion-grid-column fusion-gallery-column fusion-gallery-column-4 hover-type-zoomin\"><div class=\"fusion-gallery-image\"><a href=\"https:\/\/afc.cat\/wp-content\/uploads\/2023\/07\/Expo-Las-aventuras-de-Guille-y-Belinda-6.jpg\" data-title=\"Expo Las aventuras de Guille y Belinda (6)\" title=\"Expo Las aventuras de Guille y Belinda (6)\" rel=\"noreferrer\" data-rel=\"iLightbox[gallery_image_1]\" class=\"fusion-lightbox\" target=\"_self\"><img decoding=\"async\" src=\"https:\/\/afc.cat\/wp-content\/uploads\/2023\/07\/Expo-Las-aventuras-de-Guille-y-Belinda-6-320x202.jpg\" width=\"320\" height=\"202\" alt=\"Las aventuras de Guille y Belinda\" title=\"Expo Las aventuras de Guille y Belinda (6)\" aria-label=\"Expo Las aventuras de Guille y Belinda (6)\" class=\"img-responsive wp-image-34100 fusion-gallery-image-size-fixed\" srcset=\"https:\/\/afc.cat\/wp-content\/uploads\/2023\/07\/Expo-Las-aventuras-de-Guille-y-Belinda-6-320x202.jpg 320w, https:\/\/afc.cat\/wp-content\/uploads\/2023\/07\/Expo-Las-aventuras-de-Guille-y-Belinda-6-700x441.jpg 700w\" sizes=\"(max-width: 320px) 100vw, 320px\" \/><\/a><\/div><\/div><div style=\"padding:5px;\" class=\"fusion-grid-column fusion-gallery-column fusion-gallery-column-4 hover-type-zoomin\"><div class=\"fusion-gallery-image\"><a href=\"https:\/\/afc.cat\/wp-content\/uploads\/2023\/07\/Expo-Las-aventuras-de-Guille-y-Belinda-7.jpg\" data-title=\"Expo Las aventuras de Guille y Belinda (7)\" title=\"Expo Las aventuras de Guille y Belinda (7)\" rel=\"noreferrer\" data-rel=\"iLightbox[gallery_image_1]\" class=\"fusion-lightbox\" target=\"_self\"><img decoding=\"async\" src=\"https:\/\/afc.cat\/wp-content\/uploads\/2023\/07\/Expo-Las-aventuras-de-Guille-y-Belinda-7-320x202.jpg\" width=\"320\" height=\"202\" alt=\"Las aventuras de Guille y Belinda\" title=\"Expo Las aventuras de Guille y Belinda (7)\" aria-label=\"Expo Las aventuras de Guille y Belinda (7)\" class=\"img-responsive wp-image-34102 fusion-gallery-image-size-fixed\" srcset=\"https:\/\/afc.cat\/wp-content\/uploads\/2023\/07\/Expo-Las-aventuras-de-Guille-y-Belinda-7-320x202.jpg 320w, https:\/\/afc.cat\/wp-content\/uploads\/2023\/07\/Expo-Las-aventuras-de-Guille-y-Belinda-7-700x441.jpg 700w\" sizes=\"(max-width: 320px) 100vw, 320px\" \/><\/a><\/div><\/div><div style=\"padding:5px;\" class=\"fusion-grid-column fusion-gallery-column fusion-gallery-column-4 hover-type-zoomin\"><div class=\"fusion-gallery-image\"><a href=\"https:\/\/afc.cat\/wp-content\/uploads\/2023\/07\/Expo-Las-aventuras-de-Guille-y-Belinda-3.jpg\" data-title=\"Expo Las aventuras de Guille y Belinda (3)\" title=\"Expo Las aventuras de Guille y Belinda (3)\" rel=\"noreferrer\" data-rel=\"iLightbox[gallery_image_1]\" class=\"fusion-lightbox\" target=\"_self\"><img decoding=\"async\" src=\"https:\/\/afc.cat\/wp-content\/uploads\/2023\/07\/Expo-Las-aventuras-de-Guille-y-Belinda-3-320x202.jpg\" width=\"320\" height=\"202\" alt=\"Las aventuras de Guille y Belinda\" title=\"Expo Las aventuras de Guille y Belinda (3)\" aria-label=\"Expo Las aventuras de Guille y Belinda (3)\" class=\"img-responsive wp-image-34094 fusion-gallery-image-size-fixed\" srcset=\"https:\/\/afc.cat\/wp-content\/uploads\/2023\/07\/Expo-Las-aventuras-de-Guille-y-Belinda-3-320x202.jpg 320w, https:\/\/afc.cat\/wp-content\/uploads\/2023\/07\/Expo-Las-aventuras-de-Guille-y-Belinda-3-700x441.jpg 700w\" sizes=\"(max-width: 320px) 100vw, 320px\" \/><\/a><\/div><\/div><div style=\"padding:5px;\" class=\"fusion-grid-column fusion-gallery-column fusion-gallery-column-4 hover-type-zoomin\"><div class=\"fusion-gallery-image\"><a href=\"https:\/\/afc.cat\/wp-content\/uploads\/2023\/06\/web_FUJIFILM_Negativo.jpg\" data-title=\"FUJIFILM_N\" title=\"FUJIFILM_N\" rel=\"noreferrer\" data-rel=\"iLightbox[gallery_image_1]\" class=\"fusion-lightbox\" target=\"_self\"><img decoding=\"async\" src=\"https:\/\/afc.cat\/wp-content\/uploads\/2023\/06\/web_FUJIFILM_Negativo-320x184.jpg\" width=\"320\" height=\"184\" alt=\"\" title=\"FUJIFILM_N\" aria-label=\"FUJIFILM_N\" class=\"img-responsive wp-image-33001 fusion-gallery-image-size-fixed\" \/><\/a><\/div><\/div><div class=\"clearfix\"><\/div><\/div><div class=\"fusion-text fusion-text-2\" style=\"font-size:13px;\"><p style=\"text-align: center;\">Fotos: Francesc Soldevila<\/p>\n<\/div><\/div><style type=\"text\/css\">.fusion-body .fusion-builder-column-0{width:66.666666666667% !important;margin-top : 0px;margin-bottom : 0px;}.fusion-builder-column-0 > .fusion-column-wrapper {padding-top : 0px !important;padding-right : 0px !important;margin-right : 3.84%;padding-bottom : 0px !important;padding-left : 0px !important;margin-left : 2.88%;}@media only screen and (max-width:1024px) {.fusion-body .fusion-builder-column-0{width:66.666666666667% !important;}.fusion-builder-column-0 > .fusion-column-wrapper {margin-right : 3.84%;margin-left : 2.88%;}}@media only screen and (max-width:640px) {.fusion-body .fusion-builder-column-0{width:100% !important;}.fusion-builder-column-0 > .fusion-column-wrapper {margin-right : 1.92%;margin-left : 1.92%;}}<\/style><\/div><div class=\"fusion-layout-column fusion_builder_column fusion-builder-column-1 fusion_builder_column_1_3 1_3 fusion-flex-column\"><div class=\"fusion-column-wrapper fusion-flex-justify-content-flex-start fusion-content-layout-column\" style=\"background-position:left top;background-repeat:no-repeat;-webkit-background-size:cover;-moz-background-size:cover;-o-background-size:cover;background-size:cover;padding: 0px 0px 0px 0px;\"><div style=\"text-align:center;\"><span class=\" fusion-imageframe imageframe-none imageframe-1 hover-type-none\"><img decoding=\"async\" width=\"300\" height=\"225\" alt=\"Las aventuras de Guille y Belinda\" title=\"Expo Las aventuras de Guille y Belinda (3)\" src=\"https:\/\/afc.cat\/wp-content\/uploads\/2023\/07\/Expo-Las-aventuras-de-Guille-y-Belinda-3-300x225.jpg\" class=\"img-responsive wp-image-34095\" srcset=\"https:\/\/afc.cat\/wp-content\/uploads\/2023\/07\/Expo-Las-aventuras-de-Guille-y-Belinda-3-200x150.jpg 200w, https:\/\/afc.cat\/wp-content\/uploads\/2023\/07\/Expo-Las-aventuras-de-Guille-y-Belinda-3-400x300.jpg 400w, https:\/\/afc.cat\/wp-content\/uploads\/2023\/07\/Expo-Las-aventuras-de-Guille-y-Belinda-3-600x450.jpg 600w, https:\/\/afc.cat\/wp-content\/uploads\/2023\/07\/Expo-Las-aventuras-de-Guille-y-Belinda-3-800x600.jpg 800w, https:\/\/afc.cat\/wp-content\/uploads\/2023\/07\/Expo-Las-aventuras-de-Guille-y-Belinda-3-1200x900.jpg 1200w\" sizes=\"(max-width: 640px) 100vw, 400px\" \/><\/span><\/div><div class=\"fusion-text fusion-text-3\" style=\"text-align:center;font-size:13px;color:#adadad;\"><p style=\"text-align: center;\">Alessandra Sanguinetti<\/p>\n<\/div><\/div><style type=\"text\/css\">.fusion-body .fusion-builder-column-1{width:33.333333333333% !important;margin-top : 0px;margin-bottom : 0px;}.fusion-builder-column-1 > .fusion-column-wrapper {padding-top : 0px !important;padding-right : 0px !important;margin-right : 5.76%;padding-bottom : 0px !important;padding-left : 0px !important;margin-left : 3.84%;}@media only screen and (max-width:1024px) {.fusion-body .fusion-builder-column-1{width:33.333333333333% !important;}.fusion-builder-column-1 > .fusion-column-wrapper {margin-right : 5.76%;margin-left : 3.84%;}}@media only screen and (max-width:640px) {.fusion-body .fusion-builder-column-1{width:100% !important;}.fusion-builder-column-1 > .fusion-column-wrapper {margin-right : 1.92%;margin-left : 1.92%;}}<\/style><\/div><\/div><style type=\"text\/css\">.fusion-body .fusion-flex-container.fusion-builder-row-1{ padding-top : 0px;margin-top : 0px;padding-right : 0px;padding-bottom : 0px;margin-bottom : 0px;padding-left : 0px;}<\/style><\/div>\n","protected":false},"excerpt":{"rendered":"","protected":false},"author":33,"featured_media":34108,"comment_status":"closed","ping_status":"closed","sticky":false,"template":"","format":"standard","meta":{"_acf_changed":false,"footnotes":""},"categories":[55],"tags":[],"class_list":["post-34111","post","type-post","status-publish","format-standard","has-post-thumbnail","hentry","category-exposiciones"],"acf":[],"yoast_head":"<!-- This site is optimized with the Yoast SEO plugin v27.2 - https:\/\/yoast.com\/product\/yoast-seo-wordpress\/ -->\n<title>Visitada exposici\u00f3n fotogr\u00e1fica \u201cLas aventuras de Guille y Belinda\u201d en Wonder Photo Shop (FUJIFILM) - Agrupaci\u00f3 Fotogr\u00e0fica de Catalunya<\/title>\n<meta name=\"robots\" content=\"index, follow, max-snippet:-1, max-image-preview:large, max-video-preview:-1\" \/>\n<link rel=\"canonical\" href=\"https:\/\/afc.cat\/es\/visitada-exposicio-fotografica-las-aventuras-de-guille-y-belinda-al-wonder-photo-shop-fujifilm\/\" \/>\n<meta property=\"og:locale\" content=\"es_ES\" \/>\n<meta property=\"og:type\" content=\"article\" \/>\n<meta property=\"og:title\" content=\"Visitada exposici\u00f3n fotogr\u00e1fica \u201cLas aventuras de Guille y Belinda\u201d en Wonder Photo Shop (FUJIFILM) - Agrupaci\u00f3 Fotogr\u00e0fica de Catalunya\" \/>\n<meta property=\"og:url\" content=\"https:\/\/afc.cat\/es\/visitada-exposicio-fotografica-las-aventuras-de-guille-y-belinda-al-wonder-photo-shop-fujifilm\/\" \/>\n<meta property=\"og:site_name\" content=\"Agrupaci\u00f3 Fotogr\u00e0fica de Catalunya\" \/>\n<meta property=\"article:published_time\" content=\"2023-07-21T21:23:57+00:00\" \/>\n<meta property=\"article:modified_time\" content=\"2023-12-18T11:06:22+00:00\" \/>\n<meta property=\"og:image\" content=\"https:\/\/afc.cat\/wp-content\/uploads\/2023\/07\/Expo-Las-aventuras-de-Guille-y-Belinda.jpg\" \/>\n\t<meta property=\"og:image:width\" content=\"400\" \/>\n\t<meta property=\"og:image:height\" content=\"267\" \/>\n\t<meta property=\"og:image:type\" content=\"image\/jpeg\" \/>\n<meta name=\"author\" content=\"Albert Folch Naval\u00f3n\" \/>\n<meta name=\"twitter:card\" content=\"summary_large_image\" \/>\n<meta name=\"twitter:label1\" content=\"Escrito por\" \/>\n\t<meta name=\"twitter:data1\" content=\"Albert Folch Naval\u00f3n\" \/>\n\t<meta name=\"twitter:label2\" content=\"Tiempo de lectura\" \/>\n\t<meta name=\"twitter:data2\" content=\"6 minutos\" \/>\n<script type=\"application\/ld+json\" class=\"yoast-schema-graph\">{\"@context\":\"https:\/\/schema.org\",\"@graph\":[{\"@type\":\"Article\",\"@id\":\"https:\/\/afc.cat\/es\/visitada-exposicio-fotografica-las-aventuras-de-guille-y-belinda-al-wonder-photo-shop-fujifilm\/#article\",\"isPartOf\":{\"@id\":\"https:\/\/afc.cat\/es\/visitada-exposicio-fotografica-las-aventuras-de-guille-y-belinda-al-wonder-photo-shop-fujifilm\/\"},\"author\":{\"name\":\"Albert Folch Naval\u00f3n\",\"@id\":\"https:\/\/afc.cat\/es\/#\/schema\/person\/2868ff3362c6c568af6bbef21aab18a6\"},\"headline\":\"Visitada exposici\u00f3n fotogr\u00e1fica \u201cLas aventuras de Guille y Belinda\u201d en Wonder Photo Shop (FUJIFILM)\",\"datePublished\":\"2023-07-21T21:23:57+00:00\",\"dateModified\":\"2023-12-18T11:06:22+00:00\",\"mainEntityOfPage\":{\"@id\":\"https:\/\/afc.cat\/es\/visitada-exposicio-fotografica-las-aventuras-de-guille-y-belinda-al-wonder-photo-shop-fujifilm\/\"},\"wordCount\":1218,\"image\":{\"@id\":\"https:\/\/afc.cat\/es\/visitada-exposicio-fotografica-las-aventuras-de-guille-y-belinda-al-wonder-photo-shop-fujifilm\/#primaryimage\"},\"thumbnailUrl\":\"https:\/\/afc.cat\/wp-content\/uploads\/2023\/07\/Expo-Las-aventuras-de-Guille-y-Belinda.jpg\",\"articleSection\":[\"Exposiciones\"],\"inLanguage\":\"es\"},{\"@type\":\"WebPage\",\"@id\":\"https:\/\/afc.cat\/es\/visitada-exposicio-fotografica-las-aventuras-de-guille-y-belinda-al-wonder-photo-shop-fujifilm\/\",\"url\":\"https:\/\/afc.cat\/es\/visitada-exposicio-fotografica-las-aventuras-de-guille-y-belinda-al-wonder-photo-shop-fujifilm\/\",\"name\":\"Visitada exposici\u00f3n fotogr\u00e1fica \u201cLas aventuras de Guille y Belinda\u201d en Wonder Photo Shop (FUJIFILM) - Agrupaci\u00f3 Fotogr\u00e0fica de Catalunya\",\"isPartOf\":{\"@id\":\"https:\/\/afc.cat\/es\/#website\"},\"primaryImageOfPage\":{\"@id\":\"https:\/\/afc.cat\/es\/visitada-exposicio-fotografica-las-aventuras-de-guille-y-belinda-al-wonder-photo-shop-fujifilm\/#primaryimage\"},\"image\":{\"@id\":\"https:\/\/afc.cat\/es\/visitada-exposicio-fotografica-las-aventuras-de-guille-y-belinda-al-wonder-photo-shop-fujifilm\/#primaryimage\"},\"thumbnailUrl\":\"https:\/\/afc.cat\/wp-content\/uploads\/2023\/07\/Expo-Las-aventuras-de-Guille-y-Belinda.jpg\",\"datePublished\":\"2023-07-21T21:23:57+00:00\",\"dateModified\":\"2023-12-18T11:06:22+00:00\",\"author\":{\"@id\":\"https:\/\/afc.cat\/es\/#\/schema\/person\/2868ff3362c6c568af6bbef21aab18a6\"},\"breadcrumb\":{\"@id\":\"https:\/\/afc.cat\/es\/visitada-exposicio-fotografica-las-aventuras-de-guille-y-belinda-al-wonder-photo-shop-fujifilm\/#breadcrumb\"},\"inLanguage\":\"es\",\"potentialAction\":[{\"@type\":\"ReadAction\",\"target\":[\"https:\/\/afc.cat\/es\/visitada-exposicio-fotografica-las-aventuras-de-guille-y-belinda-al-wonder-photo-shop-fujifilm\/\"]}]},{\"@type\":\"ImageObject\",\"inLanguage\":\"es\",\"@id\":\"https:\/\/afc.cat\/es\/visitada-exposicio-fotografica-las-aventuras-de-guille-y-belinda-al-wonder-photo-shop-fujifilm\/#primaryimage\",\"url\":\"https:\/\/afc.cat\/wp-content\/uploads\/2023\/07\/Expo-Las-aventuras-de-Guille-y-Belinda.jpg\",\"contentUrl\":\"https:\/\/afc.cat\/wp-content\/uploads\/2023\/07\/Expo-Las-aventuras-de-Guille-y-Belinda.jpg\",\"width\":400,\"height\":267},{\"@type\":\"BreadcrumbList\",\"@id\":\"https:\/\/afc.cat\/es\/visitada-exposicio-fotografica-las-aventuras-de-guille-y-belinda-al-wonder-photo-shop-fujifilm\/#breadcrumb\",\"itemListElement\":[{\"@type\":\"ListItem\",\"position\":1,\"name\":\"Inicio\",\"item\":\"https:\/\/afc.cat\/es\/\"},{\"@type\":\"ListItem\",\"position\":2,\"name\":\"Visitada exposici\u00f3n fotogr\u00e1fica \u201cLas aventuras de Guille y Belinda\u201d en Wonder Photo Shop (FUJIFILM)\"}]},{\"@type\":\"WebSite\",\"@id\":\"https:\/\/afc.cat\/es\/#website\",\"url\":\"https:\/\/afc.cat\/es\/\",\"name\":\"Agrupaci\u00f3 Fotogr\u00e0fica de Catalunya\",\"description\":\"Fomento y divulgaci\u00f3n de la fotograf\u00eda en todas sus variedades\",\"potentialAction\":[{\"@type\":\"SearchAction\",\"target\":{\"@type\":\"EntryPoint\",\"urlTemplate\":\"https:\/\/afc.cat\/es\/?s={search_term_string}\"},\"query-input\":{\"@type\":\"PropertyValueSpecification\",\"valueRequired\":true,\"valueName\":\"search_term_string\"}}],\"inLanguage\":\"es\"},{\"@type\":\"Person\",\"@id\":\"https:\/\/afc.cat\/es\/#\/schema\/person\/2868ff3362c6c568af6bbef21aab18a6\",\"name\":\"Albert Folch Naval\u00f3n\",\"image\":{\"@type\":\"ImageObject\",\"inLanguage\":\"es\",\"@id\":\"https:\/\/secure.gravatar.com\/avatar\/d9af2c27458acd834a2ba71216b3c70b3d550f58587654086a7e7c13f9ffa40c?s=96&d=mm&r=g\",\"url\":\"https:\/\/secure.gravatar.com\/avatar\/d9af2c27458acd834a2ba71216b3c70b3d550f58587654086a7e7c13f9ffa40c?s=96&d=mm&r=g\",\"contentUrl\":\"https:\/\/secure.gravatar.com\/avatar\/d9af2c27458acd834a2ba71216b3c70b3d550f58587654086a7e7c13f9ffa40c?s=96&d=mm&r=g\",\"caption\":\"Albert Folch Naval\u00f3n\"},\"url\":\"https:\/\/afc.cat\/es\/author\/albertf2021\/\"}]}<\/script>\n<!-- \/ Yoast SEO plugin. -->","yoast_head_json":{"title":"Visitada exposici\u00f3n fotogr\u00e1fica \u201cLas aventuras de Guille y Belinda\u201d en Wonder Photo Shop (FUJIFILM) - Agrupaci\u00f3 Fotogr\u00e0fica de Catalunya","robots":{"index":"index","follow":"follow","max-snippet":"max-snippet:-1","max-image-preview":"max-image-preview:large","max-video-preview":"max-video-preview:-1"},"canonical":"https:\/\/afc.cat\/es\/visitada-exposicio-fotografica-las-aventuras-de-guille-y-belinda-al-wonder-photo-shop-fujifilm\/","og_locale":"es_ES","og_type":"article","og_title":"Visitada exposici\u00f3n fotogr\u00e1fica \u201cLas aventuras de Guille y Belinda\u201d en Wonder Photo Shop (FUJIFILM) - Agrupaci\u00f3 Fotogr\u00e0fica de Catalunya","og_url":"https:\/\/afc.cat\/es\/visitada-exposicio-fotografica-las-aventuras-de-guille-y-belinda-al-wonder-photo-shop-fujifilm\/","og_site_name":"Agrupaci\u00f3 Fotogr\u00e0fica de Catalunya","article_published_time":"2023-07-21T21:23:57+00:00","article_modified_time":"2023-12-18T11:06:22+00:00","og_image":[{"width":400,"height":267,"url":"https:\/\/afc.cat\/wp-content\/uploads\/2023\/07\/Expo-Las-aventuras-de-Guille-y-Belinda.jpg","type":"image\/jpeg"}],"author":"Albert Folch Naval\u00f3n","twitter_card":"summary_large_image","twitter_misc":{"Escrito por":"Albert Folch Naval\u00f3n","Tiempo de lectura":"6 minutos"},"schema":{"@context":"https:\/\/schema.org","@graph":[{"@type":"Article","@id":"https:\/\/afc.cat\/es\/visitada-exposicio-fotografica-las-aventuras-de-guille-y-belinda-al-wonder-photo-shop-fujifilm\/#article","isPartOf":{"@id":"https:\/\/afc.cat\/es\/visitada-exposicio-fotografica-las-aventuras-de-guille-y-belinda-al-wonder-photo-shop-fujifilm\/"},"author":{"name":"Albert Folch Naval\u00f3n","@id":"https:\/\/afc.cat\/es\/#\/schema\/person\/2868ff3362c6c568af6bbef21aab18a6"},"headline":"Visitada exposici\u00f3n fotogr\u00e1fica \u201cLas aventuras de Guille y Belinda\u201d en Wonder Photo Shop (FUJIFILM)","datePublished":"2023-07-21T21:23:57+00:00","dateModified":"2023-12-18T11:06:22+00:00","mainEntityOfPage":{"@id":"https:\/\/afc.cat\/es\/visitada-exposicio-fotografica-las-aventuras-de-guille-y-belinda-al-wonder-photo-shop-fujifilm\/"},"wordCount":1218,"image":{"@id":"https:\/\/afc.cat\/es\/visitada-exposicio-fotografica-las-aventuras-de-guille-y-belinda-al-wonder-photo-shop-fujifilm\/#primaryimage"},"thumbnailUrl":"https:\/\/afc.cat\/wp-content\/uploads\/2023\/07\/Expo-Las-aventuras-de-Guille-y-Belinda.jpg","articleSection":["Exposiciones"],"inLanguage":"es"},{"@type":"WebPage","@id":"https:\/\/afc.cat\/es\/visitada-exposicio-fotografica-las-aventuras-de-guille-y-belinda-al-wonder-photo-shop-fujifilm\/","url":"https:\/\/afc.cat\/es\/visitada-exposicio-fotografica-las-aventuras-de-guille-y-belinda-al-wonder-photo-shop-fujifilm\/","name":"Visitada exposici\u00f3n fotogr\u00e1fica \u201cLas aventuras de Guille y Belinda\u201d en Wonder Photo Shop (FUJIFILM) - Agrupaci\u00f3 Fotogr\u00e0fica de Catalunya","isPartOf":{"@id":"https:\/\/afc.cat\/es\/#website"},"primaryImageOfPage":{"@id":"https:\/\/afc.cat\/es\/visitada-exposicio-fotografica-las-aventuras-de-guille-y-belinda-al-wonder-photo-shop-fujifilm\/#primaryimage"},"image":{"@id":"https:\/\/afc.cat\/es\/visitada-exposicio-fotografica-las-aventuras-de-guille-y-belinda-al-wonder-photo-shop-fujifilm\/#primaryimage"},"thumbnailUrl":"https:\/\/afc.cat\/wp-content\/uploads\/2023\/07\/Expo-Las-aventuras-de-Guille-y-Belinda.jpg","datePublished":"2023-07-21T21:23:57+00:00","dateModified":"2023-12-18T11:06:22+00:00","author":{"@id":"https:\/\/afc.cat\/es\/#\/schema\/person\/2868ff3362c6c568af6bbef21aab18a6"},"breadcrumb":{"@id":"https:\/\/afc.cat\/es\/visitada-exposicio-fotografica-las-aventuras-de-guille-y-belinda-al-wonder-photo-shop-fujifilm\/#breadcrumb"},"inLanguage":"es","potentialAction":[{"@type":"ReadAction","target":["https:\/\/afc.cat\/es\/visitada-exposicio-fotografica-las-aventuras-de-guille-y-belinda-al-wonder-photo-shop-fujifilm\/"]}]},{"@type":"ImageObject","inLanguage":"es","@id":"https:\/\/afc.cat\/es\/visitada-exposicio-fotografica-las-aventuras-de-guille-y-belinda-al-wonder-photo-shop-fujifilm\/#primaryimage","url":"https:\/\/afc.cat\/wp-content\/uploads\/2023\/07\/Expo-Las-aventuras-de-Guille-y-Belinda.jpg","contentUrl":"https:\/\/afc.cat\/wp-content\/uploads\/2023\/07\/Expo-Las-aventuras-de-Guille-y-Belinda.jpg","width":400,"height":267},{"@type":"BreadcrumbList","@id":"https:\/\/afc.cat\/es\/visitada-exposicio-fotografica-las-aventuras-de-guille-y-belinda-al-wonder-photo-shop-fujifilm\/#breadcrumb","itemListElement":[{"@type":"ListItem","position":1,"name":"Inicio","item":"https:\/\/afc.cat\/es\/"},{"@type":"ListItem","position":2,"name":"Visitada exposici\u00f3n fotogr\u00e1fica \u201cLas aventuras de Guille y Belinda\u201d en Wonder Photo Shop (FUJIFILM)"}]},{"@type":"WebSite","@id":"https:\/\/afc.cat\/es\/#website","url":"https:\/\/afc.cat\/es\/","name":"Agrupaci\u00f3 Fotogr\u00e0fica de Catalunya","description":"Fomento y divulgaci\u00f3n de la fotograf\u00eda en todas sus variedades","potentialAction":[{"@type":"SearchAction","target":{"@type":"EntryPoint","urlTemplate":"https:\/\/afc.cat\/es\/?s={search_term_string}"},"query-input":{"@type":"PropertyValueSpecification","valueRequired":true,"valueName":"search_term_string"}}],"inLanguage":"es"},{"@type":"Person","@id":"https:\/\/afc.cat\/es\/#\/schema\/person\/2868ff3362c6c568af6bbef21aab18a6","name":"Albert Folch Naval\u00f3n","image":{"@type":"ImageObject","inLanguage":"es","@id":"https:\/\/secure.gravatar.com\/avatar\/d9af2c27458acd834a2ba71216b3c70b3d550f58587654086a7e7c13f9ffa40c?s=96&d=mm&r=g","url":"https:\/\/secure.gravatar.com\/avatar\/d9af2c27458acd834a2ba71216b3c70b3d550f58587654086a7e7c13f9ffa40c?s=96&d=mm&r=g","contentUrl":"https:\/\/secure.gravatar.com\/avatar\/d9af2c27458acd834a2ba71216b3c70b3d550f58587654086a7e7c13f9ffa40c?s=96&d=mm&r=g","caption":"Albert Folch Naval\u00f3n"},"url":"https:\/\/afc.cat\/es\/author\/albertf2021\/"}]}},"_links":{"self":[{"href":"https:\/\/afc.cat\/es\/wp-json\/wp\/v2\/posts\/34111","targetHints":{"allow":["GET"]}}],"collection":[{"href":"https:\/\/afc.cat\/es\/wp-json\/wp\/v2\/posts"}],"about":[{"href":"https:\/\/afc.cat\/es\/wp-json\/wp\/v2\/types\/post"}],"author":[{"embeddable":true,"href":"https:\/\/afc.cat\/es\/wp-json\/wp\/v2\/users\/33"}],"replies":[{"embeddable":true,"href":"https:\/\/afc.cat\/es\/wp-json\/wp\/v2\/comments?post=34111"}],"version-history":[{"count":5,"href":"https:\/\/afc.cat\/es\/wp-json\/wp\/v2\/posts\/34111\/revisions"}],"predecessor-version":[{"id":34119,"href":"https:\/\/afc.cat\/es\/wp-json\/wp\/v2\/posts\/34111\/revisions\/34119"}],"wp:featuredmedia":[{"embeddable":true,"href":"https:\/\/afc.cat\/es\/wp-json\/wp\/v2\/media\/34108"}],"wp:attachment":[{"href":"https:\/\/afc.cat\/es\/wp-json\/wp\/v2\/media?parent=34111"}],"wp:term":[{"taxonomy":"category","embeddable":true,"href":"https:\/\/afc.cat\/es\/wp-json\/wp\/v2\/categories?post=34111"},{"taxonomy":"post_tag","embeddable":true,"href":"https:\/\/afc.cat\/es\/wp-json\/wp\/v2\/tags?post=34111"}],"curies":[{"name":"wp","href":"https:\/\/api.w.org\/{rel}","templated":true}]}}