{"id":34735,"date":"2023-10-09T16:59:58","date_gmt":"2023-10-09T14:59:58","guid":{"rendered":"https:\/\/afc.cat\/lafc-guardonada-amb-el-premi-trajectoria\/"},"modified":"2023-12-11T01:06:35","modified_gmt":"2023-12-10T23:06:35","slug":"lafc-guardonada-amb-el-premi-trajectoria","status":"publish","type":"post","link":"https:\/\/afc.cat\/es\/lafc-guardonada-amb-el-premi-trajectoria\/","title":{"rendered":"La AFC galardonada con el premio \u00abTraject\u00f2ria\u00bb"},"content":{"rendered":"<div class=\"fusion-fullwidth fullwidth-box fusion-builder-row-1 fusion-flex-container nonhundred-percent-fullwidth non-hundred-percent-height-scrolling\" style=\"background-color: rgba(255,255,255,0);background-position: center center;background-repeat: no-repeat;border-width: 0px 0px 0px 0px;border-color:#ffffff;border-style:solid;\" ><div class=\"fusion-builder-row fusion-row fusion-flex-align-items-flex-start\" style=\"max-width:1300px;margin-left: calc(-4% \/ 2 );margin-right: calc(-4% \/ 2 );\"><div class=\"fusion-layout-column fusion_builder_column fusion-builder-column-0 fusion_builder_column_2_3 2_3 fusion-flex-column\"><div class=\"fusion-column-wrapper fusion-flex-justify-content-flex-start fusion-content-layout-column\" style=\"background-position:left top;background-repeat:no-repeat;-webkit-background-size:cover;-moz-background-size:cover;-o-background-size:cover;background-size:cover;padding: 0px 0px 0px 0px;\"><div class=\"fusion-text fusion-text-1\"><h2>Galardonados con el premio Traject\u00f2ria<\/h2>\n<p>El pasado viernes 6 de octubre y en el <strong>CC Pati limon, Fotoconexi\u00f3<\/strong> se entregaron sus premios anuales correspondientes al 2023<\/p>\n<p>Hab\u00eda tres categor\u00edas:<\/p>\n<ul>\n<li>El <strong>premio a un Fotoconectado\/da<\/strong> fue concedido a <strong>Jep Mart\u00ed<\/strong> y una de las finalistas fue nuestra socia <strong>Victoria Bonet Carbonell<\/strong>.<\/li>\n<li>El <strong>premio Iniciativa<\/strong> del a\u00f1o se concedi\u00f3 a la exposici\u00f3n <strong>Mey Rahola<\/strong>, que fue nuestra socia.<\/li>\n<li>Por \u00faltimo el <strong>premio Trayectoria<\/strong> nos lo concedieron a la <strong>AFC<\/strong> en reconocimiento a nuestros cien a\u00f1os de vida.<\/li>\n<\/ul>\n<p>Lo recogieron <strong>Pere M. Puigdollers y Francesca Portol\u00e9s<\/strong>, que son a la vez socios de <strong>Fotoconexi\u00f3<\/strong>.<\/p>\n<p>Nos alegramos much\u00edsimo comunicarlo a todos los socios y socias y es uno m\u00e1s de los reconocimientos que estamos teniendo este a\u00f1o.<\/p>\n<p>Im\u00e1genes:<strong> \u00a9 Fotoconnexi\u00f3<\/strong><\/p>\n<\/div><style type=\"text\/css\">.fusion-gallery-1 .fusion-gallery-image {border:0px solid #e2e2e2;}<\/style><div class=\"fusion-gallery fusion-gallery-container fusion-grid-2 fusion-columns-total-4 fusion-gallery-layout-grid fusion-gallery-1\" style=\"margin:-5px;\"><div style=\"padding:5px;\" class=\"fusion-grid-column fusion-gallery-column fusion-gallery-column-2 hover-type-none\"><div class=\"fusion-gallery-image\"><a href=\"https:\/\/afc.cat\/wp-content\/uploads\/2023\/10\/premi-trajectoria2.jpg\" rel=\"noreferrer\" data-rel=\"iLightbox[gallery_image_1]\" class=\"fusion-lightbox\" target=\"_self\"><img decoding=\"async\" src=\"https:\/\/afc.cat\/wp-content\/uploads\/2023\/10\/premi-trajectoria2-460x295.jpg\" width=\"460\" height=\"295\" alt=\"\" title=\"premi trajectoria(2)\" aria-label=\"premi trajectoria(2)\" class=\"img-responsive wp-image-34721 fusion-gallery-image-size-fixed\" \/><\/a><\/div><\/div><div style=\"padding:5px;\" class=\"fusion-grid-column fusion-gallery-column fusion-gallery-column-2 hover-type-none\"><div class=\"fusion-gallery-image\"><a href=\"https:\/\/afc.cat\/wp-content\/uploads\/2023\/10\/premi-trajectoria5.jpg\" rel=\"noreferrer\" data-rel=\"iLightbox[gallery_image_1]\" class=\"fusion-lightbox\" target=\"_self\"><img decoding=\"async\" src=\"https:\/\/afc.cat\/wp-content\/uploads\/2023\/10\/premi-trajectoria5-434x295.jpg\" width=\"434\" height=\"295\" alt=\"\" title=\"premi trajectoria(5)\" aria-label=\"premi trajectoria(5)\" class=\"img-responsive wp-image-34719 fusion-gallery-image-size-fixed\" \/><\/a><\/div><\/div><div class=\"clearfix\"><\/div><div style=\"padding:5px;\" class=\"fusion-grid-column fusion-gallery-column fusion-gallery-column-2 hover-type-none\"><div class=\"fusion-gallery-image\"><a href=\"https:\/\/afc.cat\/wp-content\/uploads\/2023\/10\/premi-trajectoria3.jpg\" rel=\"noreferrer\" data-rel=\"iLightbox[gallery_image_1]\" class=\"fusion-lightbox\" target=\"_self\"><img decoding=\"async\" src=\"https:\/\/afc.cat\/wp-content\/uploads\/2023\/10\/premi-trajectoria3-460x295.jpg\" width=\"460\" height=\"295\" alt=\"\" title=\"premi trajectoria(3)\" aria-label=\"premi trajectoria(3)\" class=\"img-responsive wp-image-34715 fusion-gallery-image-size-fixed\" \/><\/a><\/div><\/div><div style=\"padding:5px;\" class=\"fusion-grid-column fusion-gallery-column fusion-gallery-column-2 hover-type-none\"><div class=\"fusion-gallery-image\"><a href=\"https:\/\/afc.cat\/wp-content\/uploads\/2023\/10\/premi-trajectoria4.jpg\" rel=\"noreferrer\" data-rel=\"iLightbox[gallery_image_1]\" class=\"fusion-lightbox\" target=\"_self\"><img decoding=\"async\" src=\"https:\/\/afc.cat\/wp-content\/uploads\/2023\/10\/premi-trajectoria4-460x295.jpg\" width=\"460\" height=\"295\" alt=\"\" title=\"premi trajectoria(4)\" aria-label=\"premi trajectoria(4)\" class=\"img-responsive wp-image-34717 fusion-gallery-image-size-fixed\" \/><\/a><\/div><\/div><div class=\"clearfix\"><\/div><\/div><\/div><style type=\"text\/css\">.fusion-body .fusion-builder-column-0{width:66.666666666667% !important;margin-top : 0px;margin-bottom : 0px;}.fusion-builder-column-0 > .fusion-column-wrapper {padding-top : 0px !important;padding-right : 0px !important;margin-right : 3.84%;padding-bottom : 0px !important;padding-left : 0px !important;margin-left : 2.88%;}@media only screen and (max-width:1024px) {.fusion-body .fusion-builder-column-0{width:66.666666666667% !important;}.fusion-builder-column-0 > .fusion-column-wrapper {margin-right : 3.84%;margin-left : 2.88%;}}@media only screen and (max-width:640px) {.fusion-body .fusion-builder-column-0{width:100% !important;}.fusion-builder-column-0 > .fusion-column-wrapper {margin-right : 1.92%;margin-left : 1.92%;}}<\/style><\/div><div class=\"fusion-layout-column fusion_builder_column fusion-builder-column-1 fusion_builder_column_1_3 1_3 fusion-flex-column\"><div class=\"fusion-column-wrapper fusion-flex-justify-content-flex-start fusion-content-layout-column\" style=\"background-position:left top;background-repeat:no-repeat;-webkit-background-size:cover;-moz-background-size:cover;-o-background-size:cover;background-size:cover;padding: 0px 0px 0px 0px;\"><div style=\"text-align:center;\"><span class=\" fusion-imageframe imageframe-none imageframe-1 hover-type-none\"><img decoding=\"async\" width=\"227\" height=\"300\" title=\"premi fotoconexio\" src=\"https:\/\/afc.cat\/wp-content\/uploads\/2023\/10\/premi-fotoconexio-227x300.jpg\" alt class=\"img-responsive wp-image-34724\" srcset=\"https:\/\/afc.cat\/wp-content\/uploads\/2023\/10\/premi-fotoconexio-200x264.jpg 200w, https:\/\/afc.cat\/wp-content\/uploads\/2023\/10\/premi-fotoconexio-400x529.jpg 400w, https:\/\/afc.cat\/wp-content\/uploads\/2023\/10\/premi-fotoconexio.jpg 454w\" sizes=\"(max-width: 640px) 100vw, 400px\" \/><\/span><\/div><div class=\"fusion-text fusion-text-2\" style=\"text-align:center;font-size:13px;color:#adadad;\"><p style=\"text-align: center;\"><strong>\u00a9 Fotoconnexi\u00f3<\/strong><\/p>\n<\/div><\/div><style type=\"text\/css\">.fusion-body .fusion-builder-column-1{width:33.333333333333% !important;margin-top : 0px;margin-bottom : 0px;}.fusion-builder-column-1 > .fusion-column-wrapper {padding-top : 0px !important;padding-right : 0px !important;margin-right : 5.76%;padding-bottom : 0px !important;padding-left : 0px !important;margin-left : 3.84%;}@media only screen and (max-width:1024px) {.fusion-body .fusion-builder-column-1{width:33.333333333333% !important;}.fusion-builder-column-1 > .fusion-column-wrapper {margin-right : 5.76%;margin-left : 3.84%;}}@media only screen and (max-width:640px) {.fusion-body .fusion-builder-column-1{width:100% !important;}.fusion-builder-column-1 > .fusion-column-wrapper {margin-right : 1.92%;margin-left : 1.92%;}}<\/style><\/div><\/div><style type=\"text\/css\">.fusion-body .fusion-flex-container.fusion-builder-row-1{ padding-top : 0px;margin-top : 0px;padding-right : 0px;padding-bottom : 0px;margin-bottom : 0px;padding-left : 0px;}<\/style><\/div>\n","protected":false},"excerpt":{"rendered":"","protected":false},"author":47,"featured_media":34676,"comment_status":"closed","ping_status":"closed","sticky":false,"template":"","format":"standard","meta":{"_acf_changed":false,"footnotes":""},"categories":[171],"tags":[],"class_list":["post-34735","post","type-post","status-publish","format-standard","has-post-thumbnail","hentry","category-actos-sociales"],"acf":[],"yoast_head":"<!-- This site is optimized with the Yoast SEO plugin v27.5 - https:\/\/yoast.com\/product\/yoast-seo-wordpress\/ -->\n<title>La AFC galardonada con el premio &quot;Traject\u00f2ria&quot; - Agrupaci\u00f3 Fotogr\u00e0fica de Catalunya<\/title>\n<meta name=\"robots\" content=\"index, follow, max-snippet:-1, max-image-preview:large, max-video-preview:-1\" \/>\n<link rel=\"canonical\" href=\"https:\/\/afc.cat\/es\/lafc-guardonada-amb-el-premi-trajectoria\/\" \/>\n<meta property=\"og:locale\" content=\"es_ES\" \/>\n<meta property=\"og:type\" content=\"article\" \/>\n<meta property=\"og:title\" content=\"La AFC galardonada con el premio &quot;Traject\u00f2ria&quot; - Agrupaci\u00f3 Fotogr\u00e0fica de Catalunya\" \/>\n<meta property=\"og:url\" content=\"https:\/\/afc.cat\/es\/lafc-guardonada-amb-el-premi-trajectoria\/\" \/>\n<meta property=\"og:site_name\" content=\"Agrupaci\u00f3 Fotogr\u00e0fica de Catalunya\" \/>\n<meta property=\"article:published_time\" content=\"2023-10-09T14:59:58+00:00\" \/>\n<meta property=\"article:modified_time\" content=\"2023-12-10T23:06:35+00:00\" \/>\n<meta property=\"og:image\" content=\"https:\/\/afc.cat\/wp-content\/uploads\/2023\/10\/web_Fotoconnexio.jpg\" \/>\n\t<meta property=\"og:image:width\" content=\"1024\" \/>\n\t<meta property=\"og:image:height\" content=\"603\" \/>\n\t<meta property=\"og:image:type\" content=\"image\/jpeg\" \/>\n<meta name=\"author\" content=\"M\u00f2nica Rodr\u00edguez\" \/>\n<meta name=\"twitter:card\" content=\"summary_large_image\" \/>\n<meta name=\"twitter:label1\" content=\"Escrito por\" \/>\n\t<meta name=\"twitter:data1\" content=\"M\u00f2nica Rodr\u00edguez\" \/>\n\t<meta name=\"twitter:label2\" content=\"Tiempo de lectura\" \/>\n\t<meta name=\"twitter:data2\" content=\"5 minutos\" \/>\n<script type=\"application\/ld+json\" class=\"yoast-schema-graph\">{\"@context\":\"https:\\\/\\\/schema.org\",\"@graph\":[{\"@type\":\"Article\",\"@id\":\"https:\\\/\\\/afc.cat\\\/es\\\/lafc-guardonada-amb-el-premi-trajectoria\\\/#article\",\"isPartOf\":{\"@id\":\"https:\\\/\\\/afc.cat\\\/es\\\/lafc-guardonada-amb-el-premi-trajectoria\\\/\"},\"author\":{\"name\":\"M\u00f2nica Rodr\u00edguez\",\"@id\":\"https:\\\/\\\/afc.cat\\\/es\\\/#\\\/schema\\\/person\\\/b914cefdd3d691831c5675292da9496a\"},\"headline\":\"La AFC galardonada con el premio \u00abTraject\u00f2ria\u00bb\",\"datePublished\":\"2023-10-09T14:59:58+00:00\",\"dateModified\":\"2023-12-10T23:06:35+00:00\",\"mainEntityOfPage\":{\"@id\":\"https:\\\/\\\/afc.cat\\\/es\\\/lafc-guardonada-amb-el-premi-trajectoria\\\/\"},\"wordCount\":1025,\"image\":{\"@id\":\"https:\\\/\\\/afc.cat\\\/es\\\/lafc-guardonada-amb-el-premi-trajectoria\\\/#primaryimage\"},\"thumbnailUrl\":\"https:\\\/\\\/afc.cat\\\/wp-content\\\/uploads\\\/2023\\\/10\\\/web_Fotoconnexio.jpg\",\"articleSection\":[\"Actos Sociales\"],\"inLanguage\":\"es\"},{\"@type\":\"WebPage\",\"@id\":\"https:\\\/\\\/afc.cat\\\/es\\\/lafc-guardonada-amb-el-premi-trajectoria\\\/\",\"url\":\"https:\\\/\\\/afc.cat\\\/es\\\/lafc-guardonada-amb-el-premi-trajectoria\\\/\",\"name\":\"La AFC galardonada con el premio \\\"Traject\u00f2ria\\\" - Agrupaci\u00f3 Fotogr\u00e0fica de Catalunya\",\"isPartOf\":{\"@id\":\"https:\\\/\\\/afc.cat\\\/es\\\/#website\"},\"primaryImageOfPage\":{\"@id\":\"https:\\\/\\\/afc.cat\\\/es\\\/lafc-guardonada-amb-el-premi-trajectoria\\\/#primaryimage\"},\"image\":{\"@id\":\"https:\\\/\\\/afc.cat\\\/es\\\/lafc-guardonada-amb-el-premi-trajectoria\\\/#primaryimage\"},\"thumbnailUrl\":\"https:\\\/\\\/afc.cat\\\/wp-content\\\/uploads\\\/2023\\\/10\\\/web_Fotoconnexio.jpg\",\"datePublished\":\"2023-10-09T14:59:58+00:00\",\"dateModified\":\"2023-12-10T23:06:35+00:00\",\"author\":{\"@id\":\"https:\\\/\\\/afc.cat\\\/es\\\/#\\\/schema\\\/person\\\/b914cefdd3d691831c5675292da9496a\"},\"breadcrumb\":{\"@id\":\"https:\\\/\\\/afc.cat\\\/es\\\/lafc-guardonada-amb-el-premi-trajectoria\\\/#breadcrumb\"},\"inLanguage\":\"es\",\"potentialAction\":[{\"@type\":\"ReadAction\",\"target\":[\"https:\\\/\\\/afc.cat\\\/es\\\/lafc-guardonada-amb-el-premi-trajectoria\\\/\"]}]},{\"@type\":\"ImageObject\",\"inLanguage\":\"es\",\"@id\":\"https:\\\/\\\/afc.cat\\\/es\\\/lafc-guardonada-amb-el-premi-trajectoria\\\/#primaryimage\",\"url\":\"https:\\\/\\\/afc.cat\\\/wp-content\\\/uploads\\\/2023\\\/10\\\/web_Fotoconnexio.jpg\",\"contentUrl\":\"https:\\\/\\\/afc.cat\\\/wp-content\\\/uploads\\\/2023\\\/10\\\/web_Fotoconnexio.jpg\",\"width\":1024,\"height\":603},{\"@type\":\"BreadcrumbList\",\"@id\":\"https:\\\/\\\/afc.cat\\\/es\\\/lafc-guardonada-amb-el-premi-trajectoria\\\/#breadcrumb\",\"itemListElement\":[{\"@type\":\"ListItem\",\"position\":1,\"name\":\"Inicio\",\"item\":\"https:\\\/\\\/afc.cat\\\/es\\\/\"},{\"@type\":\"ListItem\",\"position\":2,\"name\":\"La AFC galardonada con el premio &#8220;Traject\u00f2ria&#8221;\"}]},{\"@type\":\"WebSite\",\"@id\":\"https:\\\/\\\/afc.cat\\\/es\\\/#website\",\"url\":\"https:\\\/\\\/afc.cat\\\/es\\\/\",\"name\":\"Agrupaci\u00f3 Fotogr\u00e0fica de Catalunya\",\"description\":\"Fomento y divulgaci\u00f3n de la fotograf\u00eda en todas sus variedades\",\"potentialAction\":[{\"@type\":\"SearchAction\",\"target\":{\"@type\":\"EntryPoint\",\"urlTemplate\":\"https:\\\/\\\/afc.cat\\\/es\\\/?s={search_term_string}\"},\"query-input\":{\"@type\":\"PropertyValueSpecification\",\"valueRequired\":true,\"valueName\":\"search_term_string\"}}],\"inLanguage\":\"es\"},{\"@type\":\"Person\",\"@id\":\"https:\\\/\\\/afc.cat\\\/es\\\/#\\\/schema\\\/person\\\/b914cefdd3d691831c5675292da9496a\",\"name\":\"M\u00f2nica Rodr\u00edguez\",\"image\":{\"@type\":\"ImageObject\",\"inLanguage\":\"es\",\"@id\":\"https:\\\/\\\/secure.gravatar.com\\\/avatar\\\/dfc2b3f253d78a099cd1a6fca15dfcfafa251514d62e7dfd96d3a013321b382c?s=96&d=mm&r=g\",\"url\":\"https:\\\/\\\/secure.gravatar.com\\\/avatar\\\/dfc2b3f253d78a099cd1a6fca15dfcfafa251514d62e7dfd96d3a013321b382c?s=96&d=mm&r=g\",\"contentUrl\":\"https:\\\/\\\/secure.gravatar.com\\\/avatar\\\/dfc2b3f253d78a099cd1a6fca15dfcfafa251514d62e7dfd96d3a013321b382c?s=96&d=mm&r=g\",\"caption\":\"M\u00f2nica Rodr\u00edguez\"},\"url\":\"https:\\\/\\\/afc.cat\\\/es\\\/author\\\/secretariaconsellafc\\\/\"}]}<\/script>\n<!-- \/ Yoast SEO plugin. -->","yoast_head_json":{"title":"La AFC galardonada con el premio \"Traject\u00f2ria\" - Agrupaci\u00f3 Fotogr\u00e0fica de Catalunya","robots":{"index":"index","follow":"follow","max-snippet":"max-snippet:-1","max-image-preview":"max-image-preview:large","max-video-preview":"max-video-preview:-1"},"canonical":"https:\/\/afc.cat\/es\/lafc-guardonada-amb-el-premi-trajectoria\/","og_locale":"es_ES","og_type":"article","og_title":"La AFC galardonada con el premio \"Traject\u00f2ria\" - Agrupaci\u00f3 Fotogr\u00e0fica de Catalunya","og_url":"https:\/\/afc.cat\/es\/lafc-guardonada-amb-el-premi-trajectoria\/","og_site_name":"Agrupaci\u00f3 Fotogr\u00e0fica de Catalunya","article_published_time":"2023-10-09T14:59:58+00:00","article_modified_time":"2023-12-10T23:06:35+00:00","og_image":[{"width":1024,"height":603,"url":"https:\/\/afc.cat\/wp-content\/uploads\/2023\/10\/web_Fotoconnexio.jpg","type":"image\/jpeg"}],"author":"M\u00f2nica Rodr\u00edguez","twitter_card":"summary_large_image","twitter_misc":{"Escrito por":"M\u00f2nica Rodr\u00edguez","Tiempo de lectura":"5 minutos"},"schema":{"@context":"https:\/\/schema.org","@graph":[{"@type":"Article","@id":"https:\/\/afc.cat\/es\/lafc-guardonada-amb-el-premi-trajectoria\/#article","isPartOf":{"@id":"https:\/\/afc.cat\/es\/lafc-guardonada-amb-el-premi-trajectoria\/"},"author":{"name":"M\u00f2nica Rodr\u00edguez","@id":"https:\/\/afc.cat\/es\/#\/schema\/person\/b914cefdd3d691831c5675292da9496a"},"headline":"La AFC galardonada con el premio \u00abTraject\u00f2ria\u00bb","datePublished":"2023-10-09T14:59:58+00:00","dateModified":"2023-12-10T23:06:35+00:00","mainEntityOfPage":{"@id":"https:\/\/afc.cat\/es\/lafc-guardonada-amb-el-premi-trajectoria\/"},"wordCount":1025,"image":{"@id":"https:\/\/afc.cat\/es\/lafc-guardonada-amb-el-premi-trajectoria\/#primaryimage"},"thumbnailUrl":"https:\/\/afc.cat\/wp-content\/uploads\/2023\/10\/web_Fotoconnexio.jpg","articleSection":["Actos Sociales"],"inLanguage":"es"},{"@type":"WebPage","@id":"https:\/\/afc.cat\/es\/lafc-guardonada-amb-el-premi-trajectoria\/","url":"https:\/\/afc.cat\/es\/lafc-guardonada-amb-el-premi-trajectoria\/","name":"La AFC galardonada con el premio \"Traject\u00f2ria\" - Agrupaci\u00f3 Fotogr\u00e0fica de Catalunya","isPartOf":{"@id":"https:\/\/afc.cat\/es\/#website"},"primaryImageOfPage":{"@id":"https:\/\/afc.cat\/es\/lafc-guardonada-amb-el-premi-trajectoria\/#primaryimage"},"image":{"@id":"https:\/\/afc.cat\/es\/lafc-guardonada-amb-el-premi-trajectoria\/#primaryimage"},"thumbnailUrl":"https:\/\/afc.cat\/wp-content\/uploads\/2023\/10\/web_Fotoconnexio.jpg","datePublished":"2023-10-09T14:59:58+00:00","dateModified":"2023-12-10T23:06:35+00:00","author":{"@id":"https:\/\/afc.cat\/es\/#\/schema\/person\/b914cefdd3d691831c5675292da9496a"},"breadcrumb":{"@id":"https:\/\/afc.cat\/es\/lafc-guardonada-amb-el-premi-trajectoria\/#breadcrumb"},"inLanguage":"es","potentialAction":[{"@type":"ReadAction","target":["https:\/\/afc.cat\/es\/lafc-guardonada-amb-el-premi-trajectoria\/"]}]},{"@type":"ImageObject","inLanguage":"es","@id":"https:\/\/afc.cat\/es\/lafc-guardonada-amb-el-premi-trajectoria\/#primaryimage","url":"https:\/\/afc.cat\/wp-content\/uploads\/2023\/10\/web_Fotoconnexio.jpg","contentUrl":"https:\/\/afc.cat\/wp-content\/uploads\/2023\/10\/web_Fotoconnexio.jpg","width":1024,"height":603},{"@type":"BreadcrumbList","@id":"https:\/\/afc.cat\/es\/lafc-guardonada-amb-el-premi-trajectoria\/#breadcrumb","itemListElement":[{"@type":"ListItem","position":1,"name":"Inicio","item":"https:\/\/afc.cat\/es\/"},{"@type":"ListItem","position":2,"name":"La AFC galardonada con el premio &#8220;Traject\u00f2ria&#8221;"}]},{"@type":"WebSite","@id":"https:\/\/afc.cat\/es\/#website","url":"https:\/\/afc.cat\/es\/","name":"Agrupaci\u00f3 Fotogr\u00e0fica de Catalunya","description":"Fomento y divulgaci\u00f3n de la fotograf\u00eda en todas sus variedades","potentialAction":[{"@type":"SearchAction","target":{"@type":"EntryPoint","urlTemplate":"https:\/\/afc.cat\/es\/?s={search_term_string}"},"query-input":{"@type":"PropertyValueSpecification","valueRequired":true,"valueName":"search_term_string"}}],"inLanguage":"es"},{"@type":"Person","@id":"https:\/\/afc.cat\/es\/#\/schema\/person\/b914cefdd3d691831c5675292da9496a","name":"M\u00f2nica Rodr\u00edguez","image":{"@type":"ImageObject","inLanguage":"es","@id":"https:\/\/secure.gravatar.com\/avatar\/dfc2b3f253d78a099cd1a6fca15dfcfafa251514d62e7dfd96d3a013321b382c?s=96&d=mm&r=g","url":"https:\/\/secure.gravatar.com\/avatar\/dfc2b3f253d78a099cd1a6fca15dfcfafa251514d62e7dfd96d3a013321b382c?s=96&d=mm&r=g","contentUrl":"https:\/\/secure.gravatar.com\/avatar\/dfc2b3f253d78a099cd1a6fca15dfcfafa251514d62e7dfd96d3a013321b382c?s=96&d=mm&r=g","caption":"M\u00f2nica Rodr\u00edguez"},"url":"https:\/\/afc.cat\/es\/author\/secretariaconsellafc\/"}]}},"_links":{"self":[{"href":"https:\/\/afc.cat\/es\/wp-json\/wp\/v2\/posts\/34735","targetHints":{"allow":["GET"]}}],"collection":[{"href":"https:\/\/afc.cat\/es\/wp-json\/wp\/v2\/posts"}],"about":[{"href":"https:\/\/afc.cat\/es\/wp-json\/wp\/v2\/types\/post"}],"author":[{"embeddable":true,"href":"https:\/\/afc.cat\/es\/wp-json\/wp\/v2\/users\/47"}],"replies":[{"embeddable":true,"href":"https:\/\/afc.cat\/es\/wp-json\/wp\/v2\/comments?post=34735"}],"version-history":[{"count":3,"href":"https:\/\/afc.cat\/es\/wp-json\/wp\/v2\/posts\/34735\/revisions"}],"predecessor-version":[{"id":34739,"href":"https:\/\/afc.cat\/es\/wp-json\/wp\/v2\/posts\/34735\/revisions\/34739"}],"wp:featuredmedia":[{"embeddable":true,"href":"https:\/\/afc.cat\/es\/wp-json\/wp\/v2\/media\/34676"}],"wp:attachment":[{"href":"https:\/\/afc.cat\/es\/wp-json\/wp\/v2\/media?parent=34735"}],"wp:term":[{"taxonomy":"category","embeddable":true,"href":"https:\/\/afc.cat\/es\/wp-json\/wp\/v2\/categories?post=34735"},{"taxonomy":"post_tag","embeddable":true,"href":"https:\/\/afc.cat\/es\/wp-json\/wp\/v2\/tags?post=34735"}],"curies":[{"name":"wp","href":"https:\/\/api.w.org\/{rel}","templated":true}]}}