{"id":34796,"date":"2023-09-27T00:41:52","date_gmt":"2023-09-26T22:41:52","guid":{"rendered":"https:\/\/afc.cat\/visitada-lexposicio-albarran-cabrera-lindestructible\/"},"modified":"2023-10-17T18:29:33","modified_gmt":"2023-10-17T16:29:33","slug":"visitada-lexposicio-albarran-cabrera-lindestructible","status":"publish","type":"post","link":"https:\/\/afc.cat\/es\/visitada-lexposicio-albarran-cabrera-lindestructible\/","title":{"rendered":"Visitada la exposici\u00f3n: Albarran Cabrera. El Indestructible"},"content":{"rendered":"<div class=\"fusion-fullwidth fullwidth-box fusion-builder-row-1 fusion-flex-container nonhundred-percent-fullwidth non-hundred-percent-height-scrolling\" style=\"background-color: rgba(255,255,255,0);background-position: center center;background-repeat: no-repeat;border-width: 0px 0px 0px 0px;border-color:#ffffff;border-style:solid;\" ><div class=\"fusion-builder-row fusion-row fusion-flex-align-items-flex-start\" style=\"max-width:1300px;margin-left: calc(-4% \/ 2 );margin-right: calc(-4% \/ 2 );\"><div class=\"fusion-layout-column fusion_builder_column fusion-builder-column-0 fusion_builder_column_2_3 2_3 fusion-flex-column\"><div class=\"fusion-column-wrapper fusion-flex-justify-content-flex-start fusion-content-layout-column\" style=\"background-position:left top;background-repeat:no-repeat;-webkit-background-size:cover;-moz-background-size:cover;-o-background-size:cover;background-size:cover;padding: 0px 0px 0px 0px;\"><div class=\"fusion-text fusion-text-1 fusion-text-no-margin\" style=\"margin-bottom:10%;\"><h2>Visitando la exposici\u00f3n ALBARRAN CABRERA. EL INDESTRUCTIBLE<\/h2>\n<p>El pasado jueves 21 de septiembre un grupo de 14 socias y socios de la AFC hicimos una magn\u00edfica visita guiada a la esposici\u00f3n:<br \/>\n<strong>ALBARRAN CABRERA. EL INDESTRUCTIBLE<\/strong> en la galer\u00eda <strong>Fotocolectania<\/strong>.<\/p>\n<p>Como siempre Elena nos gui\u00f3 y explic\u00f3 los secretos que se esconden detr\u00e1s de las magn\u00edficas fotograf\u00edas de esta pareja de artistas que son capaces de convertir las im\u00e1genes en pura poes\u00eda. Im\u00e1genes sugerentes que atraviesan la mera representaci\u00f3n de la realidad que transportan a trav\u00e9s de t\u00e9cnicas sofisticadas a territorios donde el color y las texturas son los protagonistas.<\/p>\n<p><strong>Frances Soldevila<\/strong><br \/>\n<strong>Vocal\u00eda de Cultura<\/strong><\/p>\n<\/div><style type=\"text\/css\">.fusion-gallery-1 .fusion-gallery-image {border:0px solid #e2e2e2;}<\/style><div class=\"fusion-gallery fusion-gallery-container fusion-grid-3 fusion-columns-total-7 fusion-gallery-layout-grid fusion-gallery-1\" style=\"margin:-5px;\"><div style=\"padding:5px;\" class=\"fusion-grid-column fusion-gallery-column fusion-gallery-column-3 hover-type-zoomin\"><div class=\"fusion-gallery-image\"><a href=\"https:\/\/afc.cat\/wp-content\/uploads\/2023\/09\/IMG-20230924-WA0002.jpg\" rel=\"noreferrer\" data-rel=\"iLightbox[gallery_image_1]\" class=\"fusion-lightbox\" target=\"_self\"><img decoding=\"async\" src=\"https:\/\/afc.cat\/wp-content\/uploads\/2023\/09\/IMG-20230924-WA0002-460x295.jpg\" width=\"460\" height=\"295\" alt=\"\" title=\"IMG-20230924-WA0002\" aria-label=\"IMG-20230924-WA0002\" class=\"img-responsive wp-image-34451 fusion-gallery-image-size-fixed\" \/><\/a><\/div><\/div><div style=\"padding:5px;\" class=\"fusion-grid-column fusion-gallery-column fusion-gallery-column-3 hover-type-zoomin\"><div class=\"fusion-gallery-image\"><a href=\"https:\/\/afc.cat\/wp-content\/uploads\/2023\/09\/IMG-20230924-WA0003.jpg\" rel=\"noreferrer\" data-rel=\"iLightbox[gallery_image_1]\" class=\"fusion-lightbox\" target=\"_self\"><img decoding=\"async\" src=\"https:\/\/afc.cat\/wp-content\/uploads\/2023\/09\/IMG-20230924-WA0003-460x295.jpg\" width=\"460\" height=\"295\" alt=\"\" title=\"IMG-20230924-WA0003\" aria-label=\"IMG-20230924-WA0003\" class=\"img-responsive wp-image-34453 fusion-gallery-image-size-fixed\" \/><\/a><\/div><\/div><div style=\"padding:5px;\" class=\"fusion-grid-column fusion-gallery-column fusion-gallery-column-3 hover-type-zoomin\"><div class=\"fusion-gallery-image\"><a href=\"https:\/\/afc.cat\/wp-content\/uploads\/2023\/09\/IMG-20230924-WA0004.jpg\" rel=\"noreferrer\" data-rel=\"iLightbox[gallery_image_1]\" class=\"fusion-lightbox\" target=\"_self\"><img decoding=\"async\" src=\"https:\/\/afc.cat\/wp-content\/uploads\/2023\/09\/IMG-20230924-WA0004-460x295.jpg\" width=\"460\" height=\"295\" alt=\"\" title=\"IMG-20230924-WA0004\" aria-label=\"IMG-20230924-WA0004\" class=\"img-responsive wp-image-34455 fusion-gallery-image-size-fixed\" \/><\/a><\/div><\/div><div class=\"clearfix\"><\/div><div style=\"padding:5px;\" class=\"fusion-grid-column fusion-gallery-column fusion-gallery-column-3 hover-type-zoomin\"><div class=\"fusion-gallery-image\"><a href=\"https:\/\/afc.cat\/wp-content\/uploads\/2023\/09\/IMG-20230924-WA0005.jpg\" rel=\"noreferrer\" data-rel=\"iLightbox[gallery_image_1]\" class=\"fusion-lightbox\" target=\"_self\"><img decoding=\"async\" src=\"https:\/\/afc.cat\/wp-content\/uploads\/2023\/09\/IMG-20230924-WA0005-460x295.jpg\" width=\"460\" height=\"295\" alt=\"\" title=\"IMG-20230924-WA0005\" aria-label=\"IMG-20230924-WA0005\" class=\"img-responsive wp-image-34457 fusion-gallery-image-size-fixed\" \/><\/a><\/div><\/div><div style=\"padding:5px;\" class=\"fusion-grid-column fusion-gallery-column fusion-gallery-column-3 hover-type-zoomin\"><div class=\"fusion-gallery-image\"><a href=\"https:\/\/afc.cat\/wp-content\/uploads\/2023\/09\/IMG-20230924-WA0006.jpg\" rel=\"noreferrer\" data-rel=\"iLightbox[gallery_image_1]\" class=\"fusion-lightbox\" target=\"_self\"><img decoding=\"async\" src=\"https:\/\/afc.cat\/wp-content\/uploads\/2023\/09\/IMG-20230924-WA0006-460x295.jpg\" width=\"460\" height=\"295\" alt=\"\" title=\"IMG-20230924-WA0006\" aria-label=\"IMG-20230924-WA0006\" class=\"img-responsive wp-image-34459 fusion-gallery-image-size-fixed\" \/><\/a><\/div><\/div><div style=\"padding:5px;\" class=\"fusion-grid-column fusion-gallery-column fusion-gallery-column-3 hover-type-zoomin\"><div class=\"fusion-gallery-image\"><a href=\"https:\/\/afc.cat\/wp-content\/uploads\/2023\/09\/IMG-20230924-WA0007.jpg\" rel=\"noreferrer\" data-rel=\"iLightbox[gallery_image_1]\" class=\"fusion-lightbox\" target=\"_self\"><img decoding=\"async\" src=\"https:\/\/afc.cat\/wp-content\/uploads\/2023\/09\/IMG-20230924-WA0007-460x295.jpg\" width=\"460\" height=\"295\" alt=\"\" title=\"IMG-20230924-WA0007\" aria-label=\"IMG-20230924-WA0007\" class=\"img-responsive wp-image-34461 fusion-gallery-image-size-fixed\" \/><\/a><\/div><\/div><div class=\"clearfix\"><\/div><div style=\"padding:5px;\" class=\"fusion-grid-column fusion-gallery-column fusion-gallery-column-3 hover-type-zoomin\"><div class=\"fusion-gallery-image\"><a href=\"https:\/\/afc.cat\/wp-content\/uploads\/2023\/09\/IMG-20230924-WA0008.jpg\" rel=\"noreferrer\" data-rel=\"iLightbox[gallery_image_1]\" class=\"fusion-lightbox\" target=\"_self\"><img decoding=\"async\" src=\"https:\/\/afc.cat\/wp-content\/uploads\/2023\/09\/IMG-20230924-WA0008-460x295.jpg\" width=\"460\" height=\"295\" alt=\"\" title=\"IMG-20230924-WA0008\" aria-label=\"IMG-20230924-WA0008\" class=\"img-responsive wp-image-34463 fusion-gallery-image-size-fixed\" \/><\/a><\/div><\/div><\/div><\/div><style type=\"text\/css\">.fusion-body .fusion-builder-column-0{width:66.666666666667% !important;margin-top : 0px;margin-bottom : 0px;}.fusion-builder-column-0 > .fusion-column-wrapper {padding-top : 0px !important;padding-right : 0px !important;margin-right : 3.84%;padding-bottom : 0px !important;padding-left : 0px !important;margin-left : 2.88%;}@media only screen and (max-width:1024px) {.fusion-body .fusion-builder-column-0{width:66.666666666667% !important;}.fusion-builder-column-0 > .fusion-column-wrapper {margin-right : 3.84%;margin-left : 2.88%;}}@media only screen and (max-width:640px) {.fusion-body .fusion-builder-column-0{width:100% !important;}.fusion-builder-column-0 > .fusion-column-wrapper {margin-right : 1.92%;margin-left : 1.92%;}}<\/style><\/div><div class=\"fusion-layout-column fusion_builder_column fusion-builder-column-1 fusion_builder_column_1_3 1_3 fusion-flex-column\"><div class=\"fusion-column-wrapper fusion-flex-justify-content-flex-start fusion-content-layout-column\" style=\"background-position:left top;background-repeat:no-repeat;-webkit-background-size:cover;-moz-background-size:cover;-o-background-size:cover;background-size:cover;padding: 0px 0px 0px 0px;\"><div ><style>.fusion-imageframe.imageframe-1{ margin-top : 5%;}<\/style><span class=\" fusion-imageframe imageframe-none imageframe-1 hover-type-none\"><img decoding=\"async\" width=\"2048\" height=\"1636\" title=\"IMG-20230924-WA0006\" src=\"https:\/\/afc.cat\/wp-content\/uploads\/2023\/09\/IMG-20230924-WA0006.jpg\" alt class=\"img-responsive wp-image-34460\" srcset=\"https:\/\/afc.cat\/wp-content\/uploads\/2023\/09\/IMG-20230924-WA0006-200x160.jpg 200w, https:\/\/afc.cat\/wp-content\/uploads\/2023\/09\/IMG-20230924-WA0006-400x320.jpg 400w, https:\/\/afc.cat\/wp-content\/uploads\/2023\/09\/IMG-20230924-WA0006-600x479.jpg 600w, https:\/\/afc.cat\/wp-content\/uploads\/2023\/09\/IMG-20230924-WA0006-800x639.jpg 800w, https:\/\/afc.cat\/wp-content\/uploads\/2023\/09\/IMG-20230924-WA0006-1200x959.jpg 1200w, https:\/\/afc.cat\/wp-content\/uploads\/2023\/09\/IMG-20230924-WA0006.jpg 2048w\" sizes=\"(max-width: 640px) 100vw, 400px\" \/><\/span><\/div><\/div><style type=\"text\/css\">.fusion-body .fusion-builder-column-1{width:33.333333333333% !important;margin-top : 0px;margin-bottom : 0px;}.fusion-builder-column-1 > .fusion-column-wrapper {padding-top : 0px !important;padding-right : 0px !important;margin-right : 5.76%;padding-bottom : 0px !important;padding-left : 0px !important;margin-left : 3.84%;}@media only screen and (max-width:1024px) {.fusion-body .fusion-builder-column-1{width:33.333333333333% !important;}.fusion-builder-column-1 > .fusion-column-wrapper {margin-right : 5.76%;margin-left : 3.84%;}}@media only screen and (max-width:640px) {.fusion-body .fusion-builder-column-1{width:100% !important;}.fusion-builder-column-1 > .fusion-column-wrapper {margin-right : 1.92%;margin-left : 1.92%;}}<\/style><\/div><\/div><style type=\"text\/css\">.fusion-body .fusion-flex-container.fusion-builder-row-1{ padding-top : 0px;margin-top : 0px;padding-right : 0px;padding-bottom : 0px;margin-bottom : 0px;padding-left : 0px;}<\/style><\/div>\n","protected":false},"excerpt":{"rendered":"","protected":false},"author":33,"featured_media":34468,"comment_status":"closed","ping_status":"closed","sticky":false,"template":"","format":"standard","meta":{"_acf_changed":false,"footnotes":""},"categories":[55],"tags":[],"class_list":["post-34796","post","type-post","status-publish","format-standard","has-post-thumbnail","hentry","category-exposiciones"],"acf":[],"yoast_head":"<!-- This site is optimized with the Yoast SEO plugin v27.5 - https:\/\/yoast.com\/product\/yoast-seo-wordpress\/ -->\n<title>Visitada la exposici\u00f3n: Albarran Cabrera. El Indestructible - Agrupaci\u00f3 Fotogr\u00e0fica de Catalunya<\/title>\n<meta name=\"robots\" content=\"index, follow, max-snippet:-1, max-image-preview:large, max-video-preview:-1\" \/>\n<link rel=\"canonical\" href=\"https:\/\/afc.cat\/es\/visitada-lexposicio-albarran-cabrera-lindestructible\/\" \/>\n<meta property=\"og:locale\" content=\"es_ES\" \/>\n<meta property=\"og:type\" content=\"article\" \/>\n<meta property=\"og:title\" content=\"Visitada la exposici\u00f3n: Albarran Cabrera. El Indestructible - Agrupaci\u00f3 Fotogr\u00e0fica de Catalunya\" \/>\n<meta property=\"og:url\" content=\"https:\/\/afc.cat\/es\/visitada-lexposicio-albarran-cabrera-lindestructible\/\" \/>\n<meta property=\"og:site_name\" content=\"Agrupaci\u00f3 Fotogr\u00e0fica de Catalunya\" \/>\n<meta property=\"article:published_time\" content=\"2023-09-26T22:41:52+00:00\" \/>\n<meta property=\"article:modified_time\" content=\"2023-10-17T16:29:33+00:00\" \/>\n<meta property=\"og:image\" content=\"https:\/\/afc.cat\/wp-content\/uploads\/2023\/09\/visita-expo-fotocolectania-1024x684.jpg\" \/>\n\t<meta property=\"og:image:width\" content=\"1024\" \/>\n\t<meta property=\"og:image:height\" content=\"684\" \/>\n\t<meta property=\"og:image:type\" content=\"image\/jpeg\" \/>\n<meta name=\"author\" content=\"Albert Folch Naval\u00f3n\" \/>\n<meta name=\"twitter:card\" content=\"summary_large_image\" \/>\n<meta name=\"twitter:label1\" content=\"Escrito por\" \/>\n\t<meta name=\"twitter:data1\" content=\"Albert Folch Naval\u00f3n\" \/>\n\t<meta name=\"twitter:label2\" content=\"Tiempo de lectura\" \/>\n\t<meta name=\"twitter:data2\" content=\"5 minutos\" \/>\n<script type=\"application\/ld+json\" class=\"yoast-schema-graph\">{\"@context\":\"https:\\\/\\\/schema.org\",\"@graph\":[{\"@type\":\"Article\",\"@id\":\"https:\\\/\\\/afc.cat\\\/es\\\/visitada-lexposicio-albarran-cabrera-lindestructible\\\/#article\",\"isPartOf\":{\"@id\":\"https:\\\/\\\/afc.cat\\\/es\\\/visitada-lexposicio-albarran-cabrera-lindestructible\\\/\"},\"author\":{\"name\":\"Albert Folch Naval\u00f3n\",\"@id\":\"https:\\\/\\\/afc.cat\\\/es\\\/#\\\/schema\\\/person\\\/2868ff3362c6c568af6bbef21aab18a6\"},\"headline\":\"Visitada la exposici\u00f3n: Albarran Cabrera. El Indestructible\",\"datePublished\":\"2023-09-26T22:41:52+00:00\",\"dateModified\":\"2023-10-17T16:29:33+00:00\",\"mainEntityOfPage\":{\"@id\":\"https:\\\/\\\/afc.cat\\\/es\\\/visitada-lexposicio-albarran-cabrera-lindestructible\\\/\"},\"wordCount\":991,\"image\":{\"@id\":\"https:\\\/\\\/afc.cat\\\/es\\\/visitada-lexposicio-albarran-cabrera-lindestructible\\\/#primaryimage\"},\"thumbnailUrl\":\"https:\\\/\\\/afc.cat\\\/wp-content\\\/uploads\\\/2023\\\/09\\\/visita-expo-fotocolectania.jpg\",\"articleSection\":[\"Exposiciones\"],\"inLanguage\":\"es\"},{\"@type\":\"WebPage\",\"@id\":\"https:\\\/\\\/afc.cat\\\/es\\\/visitada-lexposicio-albarran-cabrera-lindestructible\\\/\",\"url\":\"https:\\\/\\\/afc.cat\\\/es\\\/visitada-lexposicio-albarran-cabrera-lindestructible\\\/\",\"name\":\"Visitada la exposici\u00f3n: Albarran Cabrera. El Indestructible - Agrupaci\u00f3 Fotogr\u00e0fica de Catalunya\",\"isPartOf\":{\"@id\":\"https:\\\/\\\/afc.cat\\\/es\\\/#website\"},\"primaryImageOfPage\":{\"@id\":\"https:\\\/\\\/afc.cat\\\/es\\\/visitada-lexposicio-albarran-cabrera-lindestructible\\\/#primaryimage\"},\"image\":{\"@id\":\"https:\\\/\\\/afc.cat\\\/es\\\/visitada-lexposicio-albarran-cabrera-lindestructible\\\/#primaryimage\"},\"thumbnailUrl\":\"https:\\\/\\\/afc.cat\\\/wp-content\\\/uploads\\\/2023\\\/09\\\/visita-expo-fotocolectania.jpg\",\"datePublished\":\"2023-09-26T22:41:52+00:00\",\"dateModified\":\"2023-10-17T16:29:33+00:00\",\"author\":{\"@id\":\"https:\\\/\\\/afc.cat\\\/es\\\/#\\\/schema\\\/person\\\/2868ff3362c6c568af6bbef21aab18a6\"},\"breadcrumb\":{\"@id\":\"https:\\\/\\\/afc.cat\\\/es\\\/visitada-lexposicio-albarran-cabrera-lindestructible\\\/#breadcrumb\"},\"inLanguage\":\"es\",\"potentialAction\":[{\"@type\":\"ReadAction\",\"target\":[\"https:\\\/\\\/afc.cat\\\/es\\\/visitada-lexposicio-albarran-cabrera-lindestructible\\\/\"]}]},{\"@type\":\"ImageObject\",\"inLanguage\":\"es\",\"@id\":\"https:\\\/\\\/afc.cat\\\/es\\\/visitada-lexposicio-albarran-cabrera-lindestructible\\\/#primaryimage\",\"url\":\"https:\\\/\\\/afc.cat\\\/wp-content\\\/uploads\\\/2023\\\/09\\\/visita-expo-fotocolectania.jpg\",\"contentUrl\":\"https:\\\/\\\/afc.cat\\\/wp-content\\\/uploads\\\/2023\\\/09\\\/visita-expo-fotocolectania.jpg\",\"width\":2048,\"height\":1368},{\"@type\":\"BreadcrumbList\",\"@id\":\"https:\\\/\\\/afc.cat\\\/es\\\/visitada-lexposicio-albarran-cabrera-lindestructible\\\/#breadcrumb\",\"itemListElement\":[{\"@type\":\"ListItem\",\"position\":1,\"name\":\"Inicio\",\"item\":\"https:\\\/\\\/afc.cat\\\/es\\\/\"},{\"@type\":\"ListItem\",\"position\":2,\"name\":\"Visitada la exposici\u00f3n: Albarran Cabrera. El Indestructible\"}]},{\"@type\":\"WebSite\",\"@id\":\"https:\\\/\\\/afc.cat\\\/es\\\/#website\",\"url\":\"https:\\\/\\\/afc.cat\\\/es\\\/\",\"name\":\"Agrupaci\u00f3 Fotogr\u00e0fica de Catalunya\",\"description\":\"Fomento y divulgaci\u00f3n de la fotograf\u00eda en todas sus variedades\",\"potentialAction\":[{\"@type\":\"SearchAction\",\"target\":{\"@type\":\"EntryPoint\",\"urlTemplate\":\"https:\\\/\\\/afc.cat\\\/es\\\/?s={search_term_string}\"},\"query-input\":{\"@type\":\"PropertyValueSpecification\",\"valueRequired\":true,\"valueName\":\"search_term_string\"}}],\"inLanguage\":\"es\"},{\"@type\":\"Person\",\"@id\":\"https:\\\/\\\/afc.cat\\\/es\\\/#\\\/schema\\\/person\\\/2868ff3362c6c568af6bbef21aab18a6\",\"name\":\"Albert Folch Naval\u00f3n\",\"image\":{\"@type\":\"ImageObject\",\"inLanguage\":\"es\",\"@id\":\"https:\\\/\\\/secure.gravatar.com\\\/avatar\\\/d9af2c27458acd834a2ba71216b3c70b3d550f58587654086a7e7c13f9ffa40c?s=96&d=mm&r=g\",\"url\":\"https:\\\/\\\/secure.gravatar.com\\\/avatar\\\/d9af2c27458acd834a2ba71216b3c70b3d550f58587654086a7e7c13f9ffa40c?s=96&d=mm&r=g\",\"contentUrl\":\"https:\\\/\\\/secure.gravatar.com\\\/avatar\\\/d9af2c27458acd834a2ba71216b3c70b3d550f58587654086a7e7c13f9ffa40c?s=96&d=mm&r=g\",\"caption\":\"Albert Folch Naval\u00f3n\"},\"url\":\"https:\\\/\\\/afc.cat\\\/es\\\/author\\\/albertf2021\\\/\"}]}<\/script>\n<!-- \/ Yoast SEO plugin. -->","yoast_head_json":{"title":"Visitada la exposici\u00f3n: Albarran Cabrera. El Indestructible - Agrupaci\u00f3 Fotogr\u00e0fica de Catalunya","robots":{"index":"index","follow":"follow","max-snippet":"max-snippet:-1","max-image-preview":"max-image-preview:large","max-video-preview":"max-video-preview:-1"},"canonical":"https:\/\/afc.cat\/es\/visitada-lexposicio-albarran-cabrera-lindestructible\/","og_locale":"es_ES","og_type":"article","og_title":"Visitada la exposici\u00f3n: Albarran Cabrera. El Indestructible - Agrupaci\u00f3 Fotogr\u00e0fica de Catalunya","og_url":"https:\/\/afc.cat\/es\/visitada-lexposicio-albarran-cabrera-lindestructible\/","og_site_name":"Agrupaci\u00f3 Fotogr\u00e0fica de Catalunya","article_published_time":"2023-09-26T22:41:52+00:00","article_modified_time":"2023-10-17T16:29:33+00:00","og_image":[{"width":1024,"height":684,"url":"https:\/\/afc.cat\/wp-content\/uploads\/2023\/09\/visita-expo-fotocolectania-1024x684.jpg","type":"image\/jpeg"}],"author":"Albert Folch Naval\u00f3n","twitter_card":"summary_large_image","twitter_misc":{"Escrito por":"Albert Folch Naval\u00f3n","Tiempo de lectura":"5 minutos"},"schema":{"@context":"https:\/\/schema.org","@graph":[{"@type":"Article","@id":"https:\/\/afc.cat\/es\/visitada-lexposicio-albarran-cabrera-lindestructible\/#article","isPartOf":{"@id":"https:\/\/afc.cat\/es\/visitada-lexposicio-albarran-cabrera-lindestructible\/"},"author":{"name":"Albert Folch Naval\u00f3n","@id":"https:\/\/afc.cat\/es\/#\/schema\/person\/2868ff3362c6c568af6bbef21aab18a6"},"headline":"Visitada la exposici\u00f3n: Albarran Cabrera. El Indestructible","datePublished":"2023-09-26T22:41:52+00:00","dateModified":"2023-10-17T16:29:33+00:00","mainEntityOfPage":{"@id":"https:\/\/afc.cat\/es\/visitada-lexposicio-albarran-cabrera-lindestructible\/"},"wordCount":991,"image":{"@id":"https:\/\/afc.cat\/es\/visitada-lexposicio-albarran-cabrera-lindestructible\/#primaryimage"},"thumbnailUrl":"https:\/\/afc.cat\/wp-content\/uploads\/2023\/09\/visita-expo-fotocolectania.jpg","articleSection":["Exposiciones"],"inLanguage":"es"},{"@type":"WebPage","@id":"https:\/\/afc.cat\/es\/visitada-lexposicio-albarran-cabrera-lindestructible\/","url":"https:\/\/afc.cat\/es\/visitada-lexposicio-albarran-cabrera-lindestructible\/","name":"Visitada la exposici\u00f3n: Albarran Cabrera. El Indestructible - Agrupaci\u00f3 Fotogr\u00e0fica de Catalunya","isPartOf":{"@id":"https:\/\/afc.cat\/es\/#website"},"primaryImageOfPage":{"@id":"https:\/\/afc.cat\/es\/visitada-lexposicio-albarran-cabrera-lindestructible\/#primaryimage"},"image":{"@id":"https:\/\/afc.cat\/es\/visitada-lexposicio-albarran-cabrera-lindestructible\/#primaryimage"},"thumbnailUrl":"https:\/\/afc.cat\/wp-content\/uploads\/2023\/09\/visita-expo-fotocolectania.jpg","datePublished":"2023-09-26T22:41:52+00:00","dateModified":"2023-10-17T16:29:33+00:00","author":{"@id":"https:\/\/afc.cat\/es\/#\/schema\/person\/2868ff3362c6c568af6bbef21aab18a6"},"breadcrumb":{"@id":"https:\/\/afc.cat\/es\/visitada-lexposicio-albarran-cabrera-lindestructible\/#breadcrumb"},"inLanguage":"es","potentialAction":[{"@type":"ReadAction","target":["https:\/\/afc.cat\/es\/visitada-lexposicio-albarran-cabrera-lindestructible\/"]}]},{"@type":"ImageObject","inLanguage":"es","@id":"https:\/\/afc.cat\/es\/visitada-lexposicio-albarran-cabrera-lindestructible\/#primaryimage","url":"https:\/\/afc.cat\/wp-content\/uploads\/2023\/09\/visita-expo-fotocolectania.jpg","contentUrl":"https:\/\/afc.cat\/wp-content\/uploads\/2023\/09\/visita-expo-fotocolectania.jpg","width":2048,"height":1368},{"@type":"BreadcrumbList","@id":"https:\/\/afc.cat\/es\/visitada-lexposicio-albarran-cabrera-lindestructible\/#breadcrumb","itemListElement":[{"@type":"ListItem","position":1,"name":"Inicio","item":"https:\/\/afc.cat\/es\/"},{"@type":"ListItem","position":2,"name":"Visitada la exposici\u00f3n: Albarran Cabrera. El Indestructible"}]},{"@type":"WebSite","@id":"https:\/\/afc.cat\/es\/#website","url":"https:\/\/afc.cat\/es\/","name":"Agrupaci\u00f3 Fotogr\u00e0fica de Catalunya","description":"Fomento y divulgaci\u00f3n de la fotograf\u00eda en todas sus variedades","potentialAction":[{"@type":"SearchAction","target":{"@type":"EntryPoint","urlTemplate":"https:\/\/afc.cat\/es\/?s={search_term_string}"},"query-input":{"@type":"PropertyValueSpecification","valueRequired":true,"valueName":"search_term_string"}}],"inLanguage":"es"},{"@type":"Person","@id":"https:\/\/afc.cat\/es\/#\/schema\/person\/2868ff3362c6c568af6bbef21aab18a6","name":"Albert Folch Naval\u00f3n","image":{"@type":"ImageObject","inLanguage":"es","@id":"https:\/\/secure.gravatar.com\/avatar\/d9af2c27458acd834a2ba71216b3c70b3d550f58587654086a7e7c13f9ffa40c?s=96&d=mm&r=g","url":"https:\/\/secure.gravatar.com\/avatar\/d9af2c27458acd834a2ba71216b3c70b3d550f58587654086a7e7c13f9ffa40c?s=96&d=mm&r=g","contentUrl":"https:\/\/secure.gravatar.com\/avatar\/d9af2c27458acd834a2ba71216b3c70b3d550f58587654086a7e7c13f9ffa40c?s=96&d=mm&r=g","caption":"Albert Folch Naval\u00f3n"},"url":"https:\/\/afc.cat\/es\/author\/albertf2021\/"}]}},"_links":{"self":[{"href":"https:\/\/afc.cat\/es\/wp-json\/wp\/v2\/posts\/34796","targetHints":{"allow":["GET"]}}],"collection":[{"href":"https:\/\/afc.cat\/es\/wp-json\/wp\/v2\/posts"}],"about":[{"href":"https:\/\/afc.cat\/es\/wp-json\/wp\/v2\/types\/post"}],"author":[{"embeddable":true,"href":"https:\/\/afc.cat\/es\/wp-json\/wp\/v2\/users\/33"}],"replies":[{"embeddable":true,"href":"https:\/\/afc.cat\/es\/wp-json\/wp\/v2\/comments?post=34796"}],"version-history":[{"count":2,"href":"https:\/\/afc.cat\/es\/wp-json\/wp\/v2\/posts\/34796\/revisions"}],"predecessor-version":[{"id":34798,"href":"https:\/\/afc.cat\/es\/wp-json\/wp\/v2\/posts\/34796\/revisions\/34798"}],"wp:featuredmedia":[{"embeddable":true,"href":"https:\/\/afc.cat\/es\/wp-json\/wp\/v2\/media\/34468"}],"wp:attachment":[{"href":"https:\/\/afc.cat\/es\/wp-json\/wp\/v2\/media?parent=34796"}],"wp:term":[{"taxonomy":"category","embeddable":true,"href":"https:\/\/afc.cat\/es\/wp-json\/wp\/v2\/categories?post=34796"},{"taxonomy":"post_tag","embeddable":true,"href":"https:\/\/afc.cat\/es\/wp-json\/wp\/v2\/tags?post=34796"}],"curies":[{"name":"wp","href":"https:\/\/api.w.org\/{rel}","templated":true}]}}