{"id":35439,"date":"2023-12-02T11:39:32","date_gmt":"2023-12-02T09:39:32","guid":{"rendered":"https:\/\/afc.cat\/?p=35439"},"modified":"2023-12-18T12:27:59","modified_gmt":"2023-12-18T10:27:59","slug":"una-exposicion-pone-en-valor-la-fotografia-en-el-port-de-barcelona","status":"publish","type":"post","link":"https:\/\/afc.cat\/es\/una-exposicion-pone-en-valor-la-fotografia-en-el-port-de-barcelona\/","title":{"rendered":"Una exposici\u00f3n pone en valor la fotograf\u00eda en el Port de Barcelona"},"content":{"rendered":"<div class=\"fusion-fullwidth fullwidth-box fusion-builder-row-1 fusion-flex-container nonhundred-percent-fullwidth non-hundred-percent-height-scrolling\" style=\"background-color: rgba(255,255,255,0);background-position: center center;background-repeat: no-repeat;border-width: 0px 0px 0px 0px;border-color:#ffffff;border-style:solid;\" ><div class=\"fusion-builder-row fusion-row fusion-flex-align-items-flex-start\" style=\"max-width:1300px;margin-left: calc(-4% \/ 2 );margin-right: calc(-4% \/ 2 );\"><div class=\"fusion-layout-column fusion_builder_column fusion-builder-column-0 fusion_builder_column_1_1 1_1 fusion-flex-column\"><div class=\"fusion-column-wrapper fusion-flex-justify-content-flex-start fusion-content-layout-column\" style=\"background-position:left top;background-repeat:no-repeat;-webkit-background-size:cover;-moz-background-size:cover;-o-background-size:cover;background-size:cover;padding: 0px 0px 0px 0px;\"><div class=\"fusion-text fusion-text-1\"><p>El Port de Barcelona y la Agrupaci\u00f3 Fotogr\u00e0fica de Catalunya inauguran una muestra con cuarenta fotograf\u00edas de los \u00faltimos 170 a\u00f1os con el puerto como protagonista.<br \/>\n\u200b<\/p>\n<p>La exposici\u00f3n combina fotograf\u00edas art\u00edsticas, documentales y t\u00e9cnicas para reflexionar sobre como la obra de los fot\u00f3grafos ayuda a comprender el pasado y la evoluci\u00f3n del Puerto de Barcelona.<\/p>\n<p>El Port de Barcelona y la Agrupaci\u00f3 Fotogr\u00e0fica de Catalunya (AFC) han inaugurado hoy una exposici\u00f3n que pone en valor el Port como protagonista y fuente de inspiraci\u00f3n para fot\u00f3grafos. La muestra, titulada Port i Fotografia, est\u00e1 formada por cuarenta reproducciones de fotograf\u00edas tanto de fot\u00f3grafos de reconocido prestigio como de aficionados, abarcando desde las primeras fotograf\u00edas realizadas en Barcelona a mediados del siglo XIX hasta trabajos de principios del XXI.<\/p>\n<p>La exposici\u00f3n, que se puede visitar en la sede de la AFC en Barcelona (Calle del Duc, 14) hasta el 10 de enero, clausura el ciclo de exposiciones organizado con motivo del centenario de la entidad. Comisariada por Joan Alemany, combina las diversas intencionalidades que fot\u00f3grafos de diferentes \u00e9pocas han plasmado en sus fotograf\u00edas. Esto engloba la perspectiva m\u00e1s documental, incluyendo las primeras alb\u00faminas capturadas por los grandes estudios fotogr\u00e1ficos de la ciudad de mediados del siglo XIX hasta im\u00e1genes de fotoperiodistas de La Vanguardia de mediados del siglo XX ,pasando por los primeros reportajes que Federic Ballell hizo entre 1909 y 1912 para revistas ilustradas y que se conservan al Archivo Fotogr\u00e1fico de Barcelona. La muestra tambi\u00e9n incluye una decena de fotograf\u00edas de socios del AFC, desde los primeros a\u00f1os de la entidad hasta la actualidad.<\/p>\n<p>La muestra, pero, tambi\u00e9n trata la vertiente m\u00e1s art\u00edstica de la fotograf\u00eda al puerto. Es en este \u00e1mbito en el que el departamento de Patrimoni del Port de Barcelona aporta una muestra de su colecci\u00f3n, con la exposici\u00f3n de 10 fotograf\u00edas del proyecto Puerta de Agua encargadas en 1989 a una decena de fot\u00f3grafos de primer nivel para plasmar sus perspectivas sobre el Puerto de Barcelona. Artistas como Joan Fontcuberta, Manel Esclusa, Pere Formiguera o Humberto Rivas, entre otros, captaron hasta un centenar de instant\u00e1neas del puerto justo antes de la gran transformaci\u00f3n que llegar\u00eda con la \u00faltima d\u00e9cada del siglo XX.<\/p>\n<p>Finalmente, los organizadores de la exposici\u00f3n tampoco han querido dejar de banda una tipolog\u00eda de fotograf\u00edas muy habituales en un \u00e1mbito como el portuario, las de intencionalidad t\u00e9cnica. As\u00ed, unas cuarenta fotograf\u00edas t\u00e9cnicas de edificios, espacios portuarios y \u00e1mbitos de relaci\u00f3n entre el puerto y la ciudad se proyectan en una pantalla que complementa la exposici\u00f3n.<\/p>\n<p>\u201cPoder organizar exposiciones con entidad centenarias como la AFC combinando su archivo con el nuestro, siempre con el Port de Barcelona como protagonista de las fotograf\u00edas, pone de relevo el valor que un espacio como el puerto tiene para los artistas\u201d, ha apuntado el presidente del Port de Barcelona, Llu\u00eds Salvad\u00f3, en el acto de inauguraci\u00f3n. \u201cCon muestras como la que presentamos hoy, arreciamos el compromiso del Port de Barcelona con el impulso de la cultura y la creaci\u00f3n art\u00edstica, un compromiso que llevamos a nuestro ADN desde hace d\u00e9cadas\u201d, ha a\u00f1adido.<\/p>\n<p>Por su parte, el presidente del AFC, Pere Puigdollers, ha destacado que \u201cla colecci\u00f3n muestra la difusa l\u00ednea de separaci\u00f3n entre obra art\u00edstica y documental y, tambi\u00e9n, como algunas obras han acontecido elementos hist\u00f3ricos importantes que ayudan a comprender el pasado y la evoluci\u00f3n del puerto hasta el presente\u201d. As\u00ed mismo, ha se\u00f1alado el hecho que la muestra sirve a la vez de cierre de los actos del centenario de la AFC, un a\u00f1o que \u00aba buen seguro ha servido para dar a conocer la agrupaci\u00f3n y la obra de sus socios\u00bb.<\/p>\n<p>El comisario de la exposici\u00f3n, Joan Alemany, ha destacado que, desde los mismos inicios de la fotograf\u00eda en Catalunya a finales de la d\u00e9cada del 1830, \u00abel Puerto de Barcelona ha sido un punto de inter\u00e9s muy importante para los fot\u00f3grafos\u00bb. Para Alemany, la selecci\u00f3n de fotograf\u00edas que recoge la muestra son la mejor prueba, aportando una \u00abvoluntad reflexiva sobre la permeabilidad de las fronteras entre la fotograf\u00eda art\u00edstica y documental\u00bb.<\/p>\n<p>FOTO: De izquierda a derecha, Joan Alemany, comisario de la exposici\u00f3n,\u00a0Lluis\u00a0Salvad\u00f3, presidente del Puerto de Barcelona y Pere\u00a0Puigdollers, presidente de la Agrupaci\u00f3n Fotogr\u00e1fica de Catalu\u00f1a.<\/p>\n<p>\u00a9 Port de Barcelona<\/p>\n<p>Departament de Comunicaci\u00f3<br \/>\nGabinet de premsa<\/p>\n<\/div><div style=\"text-align:center;\"><span class=\" fusion-imageframe imageframe-none imageframe-1 hover-type-none\"><img decoding=\"async\" width=\"600\" height=\"450\" title=\"Nota_de_premsa_Port2__\" src=\"https:\/\/afc.cat\/wp-content\/uploads\/2023\/12\/Nota_de_premsa_Port2__.jpg\" alt class=\"img-responsive wp-image-35530\" srcset=\"https:\/\/afc.cat\/wp-content\/uploads\/2023\/12\/Nota_de_premsa_Port2__-200x150.jpg 200w, https:\/\/afc.cat\/wp-content\/uploads\/2023\/12\/Nota_de_premsa_Port2__-400x300.jpg 400w, https:\/\/afc.cat\/wp-content\/uploads\/2023\/12\/Nota_de_premsa_Port2__.jpg 600w\" sizes=\"(max-width: 640px) 100vw, 600px\" \/><\/span><\/div><\/div><style type=\"text\/css\">.fusion-body .fusion-builder-column-0{width:100% !important;margin-top : 0px;margin-bottom : 0px;}.fusion-builder-column-0 > .fusion-column-wrapper {padding-top : 0px !important;padding-right : 0px !important;margin-right : 2.56%;padding-bottom : 0px !important;padding-left : 0px !important;margin-left : 1.92%;}@media only screen and (max-width:1024px) {.fusion-body .fusion-builder-column-0{width:100% !important;}.fusion-builder-column-0 > .fusion-column-wrapper {margin-right : 2.56%;margin-left : 1.92%;}}@media only screen and (max-width:640px) {.fusion-body .fusion-builder-column-0{width:100% !important;}.fusion-builder-column-0 > .fusion-column-wrapper {margin-right : 1.92%;margin-left : 1.92%;}}<\/style><\/div><\/div><style type=\"text\/css\">.fusion-body .fusion-flex-container.fusion-builder-row-1{ padding-top : 0px;margin-top : 0px;padding-right : 0px;padding-bottom : 0px;margin-bottom : 0px;padding-left : 0px;}<\/style><\/div>\n","protected":false},"excerpt":{"rendered":"","protected":false},"author":47,"featured_media":35436,"comment_status":"closed","ping_status":"closed","sticky":false,"template":"","format":"standard","meta":{"_acf_changed":false,"footnotes":""},"categories":[503,183],"tags":[],"class_list":["post-35439","post","type-post","status-publish","format-standard","has-post-thumbnail","hentry","category-centenario","category-exposiciones-afc"],"acf":[],"yoast_head":"<!-- This site is optimized with the Yoast SEO plugin v27.5 - https:\/\/yoast.com\/product\/yoast-seo-wordpress\/ -->\n<title>Una exposici\u00f3n pone en valor la fotograf\u00eda en el Port de Barcelona - Agrupaci\u00f3 Fotogr\u00e0fica de Catalunya<\/title>\n<meta name=\"robots\" content=\"index, follow, max-snippet:-1, max-image-preview:large, max-video-preview:-1\" \/>\n<link rel=\"canonical\" href=\"https:\/\/afc.cat\/es\/una-exposicion-pone-en-valor-la-fotografia-en-el-port-de-barcelona\/\" \/>\n<meta property=\"og:locale\" content=\"es_ES\" \/>\n<meta property=\"og:type\" content=\"article\" \/>\n<meta property=\"og:title\" content=\"Una exposici\u00f3n pone en valor la fotograf\u00eda en el Port de Barcelona - Agrupaci\u00f3 Fotogr\u00e0fica de Catalunya\" \/>\n<meta property=\"og:url\" content=\"https:\/\/afc.cat\/es\/una-exposicion-pone-en-valor-la-fotografia-en-el-port-de-barcelona\/\" \/>\n<meta property=\"og:site_name\" content=\"Agrupaci\u00f3 Fotogr\u00e0fica de Catalunya\" \/>\n<meta property=\"article:published_time\" content=\"2023-12-02T09:39:32+00:00\" \/>\n<meta property=\"article:modified_time\" content=\"2023-12-18T10:27:59+00:00\" \/>\n<meta property=\"og:image\" content=\"https:\/\/afc.cat\/wp-content\/uploads\/2023\/12\/Nota_de_premsa_Port2.jpg\" \/>\n\t<meta property=\"og:image:width\" content=\"1024\" \/>\n\t<meta property=\"og:image:height\" content=\"768\" \/>\n\t<meta property=\"og:image:type\" content=\"image\/jpeg\" \/>\n<meta name=\"author\" content=\"M\u00f2nica Rodr\u00edguez\" \/>\n<meta name=\"twitter:card\" content=\"summary_large_image\" \/>\n<meta name=\"twitter:label1\" content=\"Escrito por\" \/>\n\t<meta name=\"twitter:data1\" content=\"M\u00f2nica Rodr\u00edguez\" \/>\n\t<meta name=\"twitter:label2\" content=\"Tiempo de lectura\" \/>\n\t<meta name=\"twitter:data2\" content=\"6 minutos\" \/>\n<script type=\"application\/ld+json\" class=\"yoast-schema-graph\">{\"@context\":\"https:\\\/\\\/schema.org\",\"@graph\":[{\"@type\":\"Article\",\"@id\":\"https:\\\/\\\/afc.cat\\\/es\\\/una-exposicion-pone-en-valor-la-fotografia-en-el-port-de-barcelona\\\/#article\",\"isPartOf\":{\"@id\":\"https:\\\/\\\/afc.cat\\\/es\\\/una-exposicion-pone-en-valor-la-fotografia-en-el-port-de-barcelona\\\/\"},\"author\":{\"name\":\"M\u00f2nica Rodr\u00edguez\",\"@id\":\"https:\\\/\\\/afc.cat\\\/es\\\/#\\\/schema\\\/person\\\/b914cefdd3d691831c5675292da9496a\"},\"headline\":\"Una exposici\u00f3n pone en valor la fotograf\u00eda en el Port de Barcelona\",\"datePublished\":\"2023-12-02T09:39:32+00:00\",\"dateModified\":\"2023-12-18T10:27:59+00:00\",\"mainEntityOfPage\":{\"@id\":\"https:\\\/\\\/afc.cat\\\/es\\\/una-exposicion-pone-en-valor-la-fotografia-en-el-port-de-barcelona\\\/\"},\"wordCount\":1310,\"image\":{\"@id\":\"https:\\\/\\\/afc.cat\\\/es\\\/una-exposicion-pone-en-valor-la-fotografia-en-el-port-de-barcelona\\\/#primaryimage\"},\"thumbnailUrl\":\"https:\\\/\\\/afc.cat\\\/wp-content\\\/uploads\\\/2023\\\/12\\\/Nota_de_premsa_Port2.jpg\",\"articleSection\":[\"Centenario\",\"Exposiciones AFC\"],\"inLanguage\":\"es\"},{\"@type\":\"WebPage\",\"@id\":\"https:\\\/\\\/afc.cat\\\/es\\\/una-exposicion-pone-en-valor-la-fotografia-en-el-port-de-barcelona\\\/\",\"url\":\"https:\\\/\\\/afc.cat\\\/es\\\/una-exposicion-pone-en-valor-la-fotografia-en-el-port-de-barcelona\\\/\",\"name\":\"Una exposici\u00f3n pone en valor la fotograf\u00eda en el Port de Barcelona - Agrupaci\u00f3 Fotogr\u00e0fica de Catalunya\",\"isPartOf\":{\"@id\":\"https:\\\/\\\/afc.cat\\\/es\\\/#website\"},\"primaryImageOfPage\":{\"@id\":\"https:\\\/\\\/afc.cat\\\/es\\\/una-exposicion-pone-en-valor-la-fotografia-en-el-port-de-barcelona\\\/#primaryimage\"},\"image\":{\"@id\":\"https:\\\/\\\/afc.cat\\\/es\\\/una-exposicion-pone-en-valor-la-fotografia-en-el-port-de-barcelona\\\/#primaryimage\"},\"thumbnailUrl\":\"https:\\\/\\\/afc.cat\\\/wp-content\\\/uploads\\\/2023\\\/12\\\/Nota_de_premsa_Port2.jpg\",\"datePublished\":\"2023-12-02T09:39:32+00:00\",\"dateModified\":\"2023-12-18T10:27:59+00:00\",\"author\":{\"@id\":\"https:\\\/\\\/afc.cat\\\/es\\\/#\\\/schema\\\/person\\\/b914cefdd3d691831c5675292da9496a\"},\"breadcrumb\":{\"@id\":\"https:\\\/\\\/afc.cat\\\/es\\\/una-exposicion-pone-en-valor-la-fotografia-en-el-port-de-barcelona\\\/#breadcrumb\"},\"inLanguage\":\"es\",\"potentialAction\":[{\"@type\":\"ReadAction\",\"target\":[\"https:\\\/\\\/afc.cat\\\/es\\\/una-exposicion-pone-en-valor-la-fotografia-en-el-port-de-barcelona\\\/\"]}]},{\"@type\":\"ImageObject\",\"inLanguage\":\"es\",\"@id\":\"https:\\\/\\\/afc.cat\\\/es\\\/una-exposicion-pone-en-valor-la-fotografia-en-el-port-de-barcelona\\\/#primaryimage\",\"url\":\"https:\\\/\\\/afc.cat\\\/wp-content\\\/uploads\\\/2023\\\/12\\\/Nota_de_premsa_Port2.jpg\",\"contentUrl\":\"https:\\\/\\\/afc.cat\\\/wp-content\\\/uploads\\\/2023\\\/12\\\/Nota_de_premsa_Port2.jpg\",\"width\":1024,\"height\":768},{\"@type\":\"BreadcrumbList\",\"@id\":\"https:\\\/\\\/afc.cat\\\/es\\\/una-exposicion-pone-en-valor-la-fotografia-en-el-port-de-barcelona\\\/#breadcrumb\",\"itemListElement\":[{\"@type\":\"ListItem\",\"position\":1,\"name\":\"Inicio\",\"item\":\"https:\\\/\\\/afc.cat\\\/es\\\/\"},{\"@type\":\"ListItem\",\"position\":2,\"name\":\"Una exposici\u00f3n pone en valor la fotograf\u00eda en el Port de Barcelona\"}]},{\"@type\":\"WebSite\",\"@id\":\"https:\\\/\\\/afc.cat\\\/es\\\/#website\",\"url\":\"https:\\\/\\\/afc.cat\\\/es\\\/\",\"name\":\"Agrupaci\u00f3 Fotogr\u00e0fica de Catalunya\",\"description\":\"Fomento y divulgaci\u00f3n de la fotograf\u00eda en todas sus variedades\",\"potentialAction\":[{\"@type\":\"SearchAction\",\"target\":{\"@type\":\"EntryPoint\",\"urlTemplate\":\"https:\\\/\\\/afc.cat\\\/es\\\/?s={search_term_string}\"},\"query-input\":{\"@type\":\"PropertyValueSpecification\",\"valueRequired\":true,\"valueName\":\"search_term_string\"}}],\"inLanguage\":\"es\"},{\"@type\":\"Person\",\"@id\":\"https:\\\/\\\/afc.cat\\\/es\\\/#\\\/schema\\\/person\\\/b914cefdd3d691831c5675292da9496a\",\"name\":\"M\u00f2nica Rodr\u00edguez\",\"image\":{\"@type\":\"ImageObject\",\"inLanguage\":\"es\",\"@id\":\"https:\\\/\\\/secure.gravatar.com\\\/avatar\\\/dfc2b3f253d78a099cd1a6fca15dfcfafa251514d62e7dfd96d3a013321b382c?s=96&d=mm&r=g\",\"url\":\"https:\\\/\\\/secure.gravatar.com\\\/avatar\\\/dfc2b3f253d78a099cd1a6fca15dfcfafa251514d62e7dfd96d3a013321b382c?s=96&d=mm&r=g\",\"contentUrl\":\"https:\\\/\\\/secure.gravatar.com\\\/avatar\\\/dfc2b3f253d78a099cd1a6fca15dfcfafa251514d62e7dfd96d3a013321b382c?s=96&d=mm&r=g\",\"caption\":\"M\u00f2nica Rodr\u00edguez\"},\"url\":\"https:\\\/\\\/afc.cat\\\/es\\\/author\\\/secretariaconsellafc\\\/\"}]}<\/script>\n<!-- \/ Yoast SEO plugin. -->","yoast_head_json":{"title":"Una exposici\u00f3n pone en valor la fotograf\u00eda en el Port de Barcelona - Agrupaci\u00f3 Fotogr\u00e0fica de Catalunya","robots":{"index":"index","follow":"follow","max-snippet":"max-snippet:-1","max-image-preview":"max-image-preview:large","max-video-preview":"max-video-preview:-1"},"canonical":"https:\/\/afc.cat\/es\/una-exposicion-pone-en-valor-la-fotografia-en-el-port-de-barcelona\/","og_locale":"es_ES","og_type":"article","og_title":"Una exposici\u00f3n pone en valor la fotograf\u00eda en el Port de Barcelona - Agrupaci\u00f3 Fotogr\u00e0fica de Catalunya","og_url":"https:\/\/afc.cat\/es\/una-exposicion-pone-en-valor-la-fotografia-en-el-port-de-barcelona\/","og_site_name":"Agrupaci\u00f3 Fotogr\u00e0fica de Catalunya","article_published_time":"2023-12-02T09:39:32+00:00","article_modified_time":"2023-12-18T10:27:59+00:00","og_image":[{"width":1024,"height":768,"url":"https:\/\/afc.cat\/wp-content\/uploads\/2023\/12\/Nota_de_premsa_Port2.jpg","type":"image\/jpeg"}],"author":"M\u00f2nica Rodr\u00edguez","twitter_card":"summary_large_image","twitter_misc":{"Escrito por":"M\u00f2nica Rodr\u00edguez","Tiempo de lectura":"6 minutos"},"schema":{"@context":"https:\/\/schema.org","@graph":[{"@type":"Article","@id":"https:\/\/afc.cat\/es\/una-exposicion-pone-en-valor-la-fotografia-en-el-port-de-barcelona\/#article","isPartOf":{"@id":"https:\/\/afc.cat\/es\/una-exposicion-pone-en-valor-la-fotografia-en-el-port-de-barcelona\/"},"author":{"name":"M\u00f2nica Rodr\u00edguez","@id":"https:\/\/afc.cat\/es\/#\/schema\/person\/b914cefdd3d691831c5675292da9496a"},"headline":"Una exposici\u00f3n pone en valor la fotograf\u00eda en el Port de Barcelona","datePublished":"2023-12-02T09:39:32+00:00","dateModified":"2023-12-18T10:27:59+00:00","mainEntityOfPage":{"@id":"https:\/\/afc.cat\/es\/una-exposicion-pone-en-valor-la-fotografia-en-el-port-de-barcelona\/"},"wordCount":1310,"image":{"@id":"https:\/\/afc.cat\/es\/una-exposicion-pone-en-valor-la-fotografia-en-el-port-de-barcelona\/#primaryimage"},"thumbnailUrl":"https:\/\/afc.cat\/wp-content\/uploads\/2023\/12\/Nota_de_premsa_Port2.jpg","articleSection":["Centenario","Exposiciones AFC"],"inLanguage":"es"},{"@type":"WebPage","@id":"https:\/\/afc.cat\/es\/una-exposicion-pone-en-valor-la-fotografia-en-el-port-de-barcelona\/","url":"https:\/\/afc.cat\/es\/una-exposicion-pone-en-valor-la-fotografia-en-el-port-de-barcelona\/","name":"Una exposici\u00f3n pone en valor la fotograf\u00eda en el Port de Barcelona - Agrupaci\u00f3 Fotogr\u00e0fica de Catalunya","isPartOf":{"@id":"https:\/\/afc.cat\/es\/#website"},"primaryImageOfPage":{"@id":"https:\/\/afc.cat\/es\/una-exposicion-pone-en-valor-la-fotografia-en-el-port-de-barcelona\/#primaryimage"},"image":{"@id":"https:\/\/afc.cat\/es\/una-exposicion-pone-en-valor-la-fotografia-en-el-port-de-barcelona\/#primaryimage"},"thumbnailUrl":"https:\/\/afc.cat\/wp-content\/uploads\/2023\/12\/Nota_de_premsa_Port2.jpg","datePublished":"2023-12-02T09:39:32+00:00","dateModified":"2023-12-18T10:27:59+00:00","author":{"@id":"https:\/\/afc.cat\/es\/#\/schema\/person\/b914cefdd3d691831c5675292da9496a"},"breadcrumb":{"@id":"https:\/\/afc.cat\/es\/una-exposicion-pone-en-valor-la-fotografia-en-el-port-de-barcelona\/#breadcrumb"},"inLanguage":"es","potentialAction":[{"@type":"ReadAction","target":["https:\/\/afc.cat\/es\/una-exposicion-pone-en-valor-la-fotografia-en-el-port-de-barcelona\/"]}]},{"@type":"ImageObject","inLanguage":"es","@id":"https:\/\/afc.cat\/es\/una-exposicion-pone-en-valor-la-fotografia-en-el-port-de-barcelona\/#primaryimage","url":"https:\/\/afc.cat\/wp-content\/uploads\/2023\/12\/Nota_de_premsa_Port2.jpg","contentUrl":"https:\/\/afc.cat\/wp-content\/uploads\/2023\/12\/Nota_de_premsa_Port2.jpg","width":1024,"height":768},{"@type":"BreadcrumbList","@id":"https:\/\/afc.cat\/es\/una-exposicion-pone-en-valor-la-fotografia-en-el-port-de-barcelona\/#breadcrumb","itemListElement":[{"@type":"ListItem","position":1,"name":"Inicio","item":"https:\/\/afc.cat\/es\/"},{"@type":"ListItem","position":2,"name":"Una exposici\u00f3n pone en valor la fotograf\u00eda en el Port de Barcelona"}]},{"@type":"WebSite","@id":"https:\/\/afc.cat\/es\/#website","url":"https:\/\/afc.cat\/es\/","name":"Agrupaci\u00f3 Fotogr\u00e0fica de Catalunya","description":"Fomento y divulgaci\u00f3n de la fotograf\u00eda en todas sus variedades","potentialAction":[{"@type":"SearchAction","target":{"@type":"EntryPoint","urlTemplate":"https:\/\/afc.cat\/es\/?s={search_term_string}"},"query-input":{"@type":"PropertyValueSpecification","valueRequired":true,"valueName":"search_term_string"}}],"inLanguage":"es"},{"@type":"Person","@id":"https:\/\/afc.cat\/es\/#\/schema\/person\/b914cefdd3d691831c5675292da9496a","name":"M\u00f2nica Rodr\u00edguez","image":{"@type":"ImageObject","inLanguage":"es","@id":"https:\/\/secure.gravatar.com\/avatar\/dfc2b3f253d78a099cd1a6fca15dfcfafa251514d62e7dfd96d3a013321b382c?s=96&d=mm&r=g","url":"https:\/\/secure.gravatar.com\/avatar\/dfc2b3f253d78a099cd1a6fca15dfcfafa251514d62e7dfd96d3a013321b382c?s=96&d=mm&r=g","contentUrl":"https:\/\/secure.gravatar.com\/avatar\/dfc2b3f253d78a099cd1a6fca15dfcfafa251514d62e7dfd96d3a013321b382c?s=96&d=mm&r=g","caption":"M\u00f2nica Rodr\u00edguez"},"url":"https:\/\/afc.cat\/es\/author\/secretariaconsellafc\/"}]}},"_links":{"self":[{"href":"https:\/\/afc.cat\/es\/wp-json\/wp\/v2\/posts\/35439","targetHints":{"allow":["GET"]}}],"collection":[{"href":"https:\/\/afc.cat\/es\/wp-json\/wp\/v2\/posts"}],"about":[{"href":"https:\/\/afc.cat\/es\/wp-json\/wp\/v2\/types\/post"}],"author":[{"embeddable":true,"href":"https:\/\/afc.cat\/es\/wp-json\/wp\/v2\/users\/47"}],"replies":[{"embeddable":true,"href":"https:\/\/afc.cat\/es\/wp-json\/wp\/v2\/comments?post=35439"}],"version-history":[{"count":4,"href":"https:\/\/afc.cat\/es\/wp-json\/wp\/v2\/posts\/35439\/revisions"}],"predecessor-version":[{"id":35534,"href":"https:\/\/afc.cat\/es\/wp-json\/wp\/v2\/posts\/35439\/revisions\/35534"}],"wp:featuredmedia":[{"embeddable":true,"href":"https:\/\/afc.cat\/es\/wp-json\/wp\/v2\/media\/35436"}],"wp:attachment":[{"href":"https:\/\/afc.cat\/es\/wp-json\/wp\/v2\/media?parent=35439"}],"wp:term":[{"taxonomy":"category","embeddable":true,"href":"https:\/\/afc.cat\/es\/wp-json\/wp\/v2\/categories?post=35439"},{"taxonomy":"post_tag","embeddable":true,"href":"https:\/\/afc.cat\/es\/wp-json\/wp\/v2\/tags?post=35439"}],"curies":[{"name":"wp","href":"https:\/\/api.w.org\/{rel}","templated":true}]}}