{"id":35692,"date":"2023-11-24T19:22:48","date_gmt":"2023-11-24T17:22:48","guid":{"rendered":"https:\/\/afc.cat\/visitada-lexposicio-de-william-eggleston-al-kbr-fundacio-mapfre\/"},"modified":"2023-12-18T13:04:23","modified_gmt":"2023-12-18T11:04:23","slug":"visitada-lexposicio-de-william-eggleston-al-kbr-fundacio-mapfre","status":"publish","type":"post","link":"https:\/\/afc.cat\/es\/visitada-lexposicio-de-william-eggleston-al-kbr-fundacio-mapfre\/","title":{"rendered":"Visitada la exposici\u00f3n de William Eggleston en KBr Fundaci\u00f3 Mapfre"},"content":{"rendered":"<div class=\"fusion-fullwidth fullwidth-box fusion-builder-row-1 fusion-flex-container nonhundred-percent-fullwidth non-hundred-percent-height-scrolling\" style=\"background-color: rgba(255,255,255,0);background-position: center center;background-repeat: no-repeat;border-width: 0px 0px 0px 0px;border-color:#ffffff;border-style:solid;\" ><div class=\"fusion-builder-row fusion-row fusion-flex-align-items-flex-start\" style=\"max-width:1300px;margin-left: calc(-4% \/ 2 );margin-right: calc(-4% \/ 2 );\"><div class=\"fusion-layout-column fusion_builder_column fusion-builder-column-0 fusion_builder_column_2_3 2_3 fusion-flex-column\"><div class=\"fusion-column-wrapper fusion-flex-justify-content-flex-start fusion-content-layout-column\" style=\"background-position:left top;background-repeat:no-repeat;-webkit-background-size:cover;-moz-background-size:cover;-o-background-size:cover;background-size:cover;padding: 0px 0px 0px 0px;\"><div class=\"fusion-text fusion-text-1 fusion-text-no-margin\" style=\"margin-bottom:35px;\"><h2>Visita guiada al KBr Fundaci\u00f3n Mapfre<\/h2>\n<p>Ayer jueves 23 de noviembre, a las 19h, <strong>KBr Fundaci\u00f3 Mapfre<\/strong> nos ofreci\u00f3 de forma gratuita y a puerta cerrada, una visita a la exposici\u00f3n de <strong>William Eggleston<\/strong>.<\/p>\n<p>A la visita asistieron 22 personas entre socias y socios. \u00a1Todo un \u00e9xito!<\/p>\n<p>Nerea nos hizo de gu\u00eda y, como siempre con un gran nivel, nos explic\u00f3 la trayectoria de <strong>Eggleston<\/strong> y sus fotograf\u00edas.<\/p>\n<p>Pionero de la fotograf\u00eda callejera en color, Eggleston elev\u00f3 este estilo a la categor\u00eda de arte.<\/p>\n<p><strong>Francesc Soldevila<\/strong><br \/>\nVocal de cultura<\/p>\n<\/div><style type=\"text\/css\">.fusion-gallery-1 .fusion-gallery-image {border:0px solid #e2e2e2;}<\/style><div class=\"fusion-gallery fusion-gallery-container fusion-grid-2 fusion-columns-total-8 fusion-gallery-layout-grid fusion-gallery-1\" style=\"margin:-5px;\"><div style=\"padding:5px;\" class=\"fusion-grid-column fusion-gallery-column fusion-gallery-column-2 hover-type-none\"><div class=\"fusion-gallery-image\"><a href=\"https:\/\/afc.cat\/wp-content\/uploads\/2023\/12\/Exposicio-William-Egglestone-1.jpg\" rel=\"noreferrer\" data-rel=\"iLightbox[gallery_image_1]\" class=\"fusion-lightbox\" target=\"_self\"><img decoding=\"async\" src=\"https:\/\/afc.cat\/wp-content\/uploads\/2023\/12\/Exposicio-William-Egglestone-1-460x295.jpg\" width=\"460\" height=\"295\" alt=\"\" title=\"Exposici\u00f3 William Egglestone (1)\" aria-label=\"Exposici\u00f3 William Egglestone (1)\" class=\"img-responsive wp-image-35612 fusion-gallery-image-size-fixed\" \/><\/a><\/div><\/div><div style=\"padding:5px;\" class=\"fusion-grid-column fusion-gallery-column fusion-gallery-column-2 hover-type-none\"><div class=\"fusion-gallery-image\"><a href=\"https:\/\/afc.cat\/wp-content\/uploads\/2023\/12\/Exposicio-William-Egglestone-2.jpg\" rel=\"noreferrer\" data-rel=\"iLightbox[gallery_image_1]\" class=\"fusion-lightbox\" target=\"_self\"><img decoding=\"async\" src=\"https:\/\/afc.cat\/wp-content\/uploads\/2023\/12\/Exposicio-William-Egglestone-2-460x295.jpg\" width=\"460\" height=\"295\" alt=\"\" title=\"Exposici\u00f3 William Egglestone (2)\" aria-label=\"Exposici\u00f3 William Egglestone (2)\" class=\"img-responsive wp-image-35614 fusion-gallery-image-size-fixed\" \/><\/a><\/div><\/div><div class=\"clearfix\"><\/div><div style=\"padding:5px;\" class=\"fusion-grid-column fusion-gallery-column fusion-gallery-column-2 hover-type-none\"><div class=\"fusion-gallery-image\"><a href=\"https:\/\/afc.cat\/wp-content\/uploads\/2023\/12\/Exposicio-William-Egglestone-3.jpg\" rel=\"noreferrer\" data-rel=\"iLightbox[gallery_image_1]\" class=\"fusion-lightbox\" target=\"_self\"><img decoding=\"async\" src=\"https:\/\/afc.cat\/wp-content\/uploads\/2023\/12\/Exposicio-William-Egglestone-3-460x295.jpg\" width=\"460\" height=\"295\" alt=\"\" title=\"Exposici\u00f3 William Egglestone (3)\" aria-label=\"Exposici\u00f3 William Egglestone (3)\" class=\"img-responsive wp-image-35616 fusion-gallery-image-size-fixed\" \/><\/a><\/div><\/div><div style=\"padding:5px;\" class=\"fusion-grid-column fusion-gallery-column fusion-gallery-column-2 hover-type-none\"><div class=\"fusion-gallery-image\"><a href=\"https:\/\/afc.cat\/wp-content\/uploads\/2023\/12\/Exposicio-William-Egglestone-4.jpg\" rel=\"noreferrer\" data-rel=\"iLightbox[gallery_image_1]\" class=\"fusion-lightbox\" target=\"_self\"><img decoding=\"async\" src=\"https:\/\/afc.cat\/wp-content\/uploads\/2023\/12\/Exposicio-William-Egglestone-4-460x295.jpg\" width=\"460\" height=\"295\" alt=\"\" title=\"Exposici\u00f3 William Egglestone (4)\" aria-label=\"Exposici\u00f3 William Egglestone (4)\" class=\"img-responsive wp-image-35618 fusion-gallery-image-size-fixed\" \/><\/a><\/div><\/div><div class=\"clearfix\"><\/div><div style=\"padding:5px;\" class=\"fusion-grid-column fusion-gallery-column fusion-gallery-column-2 hover-type-none\"><div class=\"fusion-gallery-image\"><a href=\"https:\/\/afc.cat\/wp-content\/uploads\/2023\/12\/Exposicio-William-Egglestone-5.jpg\" rel=\"noreferrer\" data-rel=\"iLightbox[gallery_image_1]\" class=\"fusion-lightbox\" target=\"_self\"><img decoding=\"async\" src=\"https:\/\/afc.cat\/wp-content\/uploads\/2023\/12\/Exposicio-William-Egglestone-5-460x295.jpg\" width=\"460\" height=\"295\" alt=\"\" title=\"Exposici\u00f3 William Egglestone (5)\" aria-label=\"Exposici\u00f3 William Egglestone (5)\" class=\"img-responsive wp-image-35620 fusion-gallery-image-size-fixed\" \/><\/a><\/div><\/div><div style=\"padding:5px;\" class=\"fusion-grid-column fusion-gallery-column fusion-gallery-column-2 hover-type-none\"><div class=\"fusion-gallery-image\"><a href=\"https:\/\/afc.cat\/wp-content\/uploads\/2023\/12\/Exposicio-William-Egglestone-6.jpg\" rel=\"noreferrer\" data-rel=\"iLightbox[gallery_image_1]\" class=\"fusion-lightbox\" target=\"_self\"><img decoding=\"async\" src=\"https:\/\/afc.cat\/wp-content\/uploads\/2023\/12\/Exposicio-William-Egglestone-6-460x295.jpg\" width=\"460\" height=\"295\" alt=\"\" title=\"Exposici\u00f3 William Egglestone (6)\" aria-label=\"Exposici\u00f3 William Egglestone (6)\" class=\"img-responsive wp-image-35622 fusion-gallery-image-size-fixed\" \/><\/a><\/div><\/div><div class=\"clearfix\"><\/div><div style=\"padding:5px;\" class=\"fusion-grid-column fusion-gallery-column fusion-gallery-column-2 hover-type-none\"><div class=\"fusion-gallery-image\"><a href=\"https:\/\/afc.cat\/wp-content\/uploads\/2023\/12\/Exposicio-William-Egglestone-7.jpg\" rel=\"noreferrer\" data-rel=\"iLightbox[gallery_image_1]\" class=\"fusion-lightbox\" target=\"_self\"><img decoding=\"async\" src=\"https:\/\/afc.cat\/wp-content\/uploads\/2023\/12\/Exposicio-William-Egglestone-7-460x295.jpg\" width=\"460\" height=\"295\" alt=\"\" title=\"Exposici\u00f3 William Egglestone (7)\" aria-label=\"Exposici\u00f3 William Egglestone (7)\" class=\"img-responsive wp-image-35624 fusion-gallery-image-size-fixed\" \/><\/a><\/div><\/div><div style=\"padding:5px;\" class=\"fusion-grid-column fusion-gallery-column fusion-gallery-column-2 hover-type-none\"><div class=\"fusion-gallery-image\"><a href=\"https:\/\/afc.cat\/wp-content\/uploads\/2023\/12\/Exposicio-William-Egglestone-8.jpg\" rel=\"noreferrer\" data-rel=\"iLightbox[gallery_image_1]\" class=\"fusion-lightbox\" target=\"_self\"><img decoding=\"async\" src=\"https:\/\/afc.cat\/wp-content\/uploads\/2023\/12\/Exposicio-William-Egglestone-8-460x295.jpg\" width=\"460\" height=\"295\" alt=\"\" title=\"Exposici\u00f3 William Egglestone (8)\" aria-label=\"Exposici\u00f3 William Egglestone (8)\" class=\"img-responsive wp-image-35626 fusion-gallery-image-size-fixed\" \/><\/a><\/div><\/div><div class=\"clearfix\"><\/div><\/div><div class=\"fusion-text fusion-text-2\" style=\"font-size:13px;\"><p style=\"text-align: center;\">Fotos: Francesc Soldevila<\/p>\n<\/div><\/div><style type=\"text\/css\">.fusion-body .fusion-builder-column-0{width:66.666666666667% !important;margin-top : 0px;margin-bottom : 0px;}.fusion-builder-column-0 > .fusion-column-wrapper {padding-top : 0px !important;padding-right : 0px !important;margin-right : 3.84%;padding-bottom : 0px !important;padding-left : 0px !important;margin-left : 2.88%;}@media only screen and (max-width:1024px) {.fusion-body .fusion-builder-column-0{width:66.666666666667% !important;}.fusion-builder-column-0 > .fusion-column-wrapper {margin-right : 3.84%;margin-left : 2.88%;}}@media only screen and (max-width:640px) {.fusion-body .fusion-builder-column-0{width:100% !important;}.fusion-builder-column-0 > .fusion-column-wrapper {margin-right : 1.92%;margin-left : 1.92%;}}<\/style><\/div><div class=\"fusion-layout-column fusion_builder_column fusion-builder-column-1 fusion_builder_column_1_3 1_3 fusion-flex-column\"><div class=\"fusion-column-wrapper fusion-flex-justify-content-flex-start fusion-content-layout-column\" style=\"background-position:left top;background-repeat:no-repeat;-webkit-background-size:cover;-moz-background-size:cover;-o-background-size:cover;background-size:cover;padding: 0px 0px 0px 0px;\"><div ><span class=\" fusion-imageframe imageframe-none imageframe-1 hover-type-none\"><img decoding=\"async\" width=\"400\" height=\"267\" title=\"kbr fundaci\u00f3 mapfre\" src=\"https:\/\/afc.cat\/wp-content\/uploads\/2023\/12\/kbr-fundacio-mapfre.jpg\" alt class=\"img-responsive wp-image-35611\" srcset=\"https:\/\/afc.cat\/wp-content\/uploads\/2023\/12\/kbr-fundacio-mapfre-200x134.jpg 200w, https:\/\/afc.cat\/wp-content\/uploads\/2023\/12\/kbr-fundacio-mapfre.jpg 400w\" sizes=\"(max-width: 640px) 100vw, 400px\" \/><\/span><\/div><div class=\"fusion-text fusion-text-3\" style=\"text-align:center;font-size:13px;color:#adadad;\"><p style=\"text-align: center;\">Foto: Francesc Soldevila<\/p>\n<\/div><\/div><style type=\"text\/css\">.fusion-body .fusion-builder-column-1{width:33.333333333333% !important;margin-top : 0px;margin-bottom : 0px;}.fusion-builder-column-1 > .fusion-column-wrapper {padding-top : 0px !important;padding-right : 0px !important;margin-right : 5.76%;padding-bottom : 0px !important;padding-left : 0px !important;margin-left : 3.84%;}@media only screen and (max-width:1024px) {.fusion-body .fusion-builder-column-1{width:33.333333333333% !important;}.fusion-builder-column-1 > .fusion-column-wrapper {margin-right : 5.76%;margin-left : 3.84%;}}@media only screen and (max-width:640px) {.fusion-body .fusion-builder-column-1{width:100% !important;}.fusion-builder-column-1 > .fusion-column-wrapper {margin-right : 1.92%;margin-left : 1.92%;}}<\/style><\/div><\/div><style type=\"text\/css\">.fusion-body .fusion-flex-container.fusion-builder-row-1{ padding-top : 0px;margin-top : 0px;padding-right : 0px;padding-bottom : 0px;margin-bottom : 0px;padding-left : 0px;}<\/style><\/div>\n","protected":false},"excerpt":{"rendered":"","protected":false},"author":33,"featured_media":35611,"comment_status":"closed","ping_status":"closed","sticky":false,"template":"","format":"standard","meta":{"_acf_changed":false,"footnotes":""},"categories":[55],"tags":[],"class_list":["post-35692","post","type-post","status-publish","format-standard","has-post-thumbnail","hentry","category-exposiciones"],"acf":[],"yoast_head":"<!-- This site is optimized with the Yoast SEO plugin v27.5 - https:\/\/yoast.com\/product\/yoast-seo-wordpress\/ -->\n<title>Visitada la exposici\u00f3n de William Eggleston en KBr Fundaci\u00f3 Mapfre - Agrupaci\u00f3 Fotogr\u00e0fica de Catalunya<\/title>\n<meta name=\"robots\" content=\"index, follow, max-snippet:-1, max-image-preview:large, max-video-preview:-1\" \/>\n<link rel=\"canonical\" href=\"https:\/\/afc.cat\/es\/visitada-lexposicio-de-william-eggleston-al-kbr-fundacio-mapfre\/\" \/>\n<meta property=\"og:locale\" content=\"es_ES\" \/>\n<meta property=\"og:type\" content=\"article\" \/>\n<meta property=\"og:title\" content=\"Visitada la exposici\u00f3n de William Eggleston en KBr Fundaci\u00f3 Mapfre - Agrupaci\u00f3 Fotogr\u00e0fica de Catalunya\" \/>\n<meta property=\"og:url\" content=\"https:\/\/afc.cat\/es\/visitada-lexposicio-de-william-eggleston-al-kbr-fundacio-mapfre\/\" \/>\n<meta property=\"og:site_name\" content=\"Agrupaci\u00f3 Fotogr\u00e0fica de Catalunya\" \/>\n<meta property=\"article:published_time\" content=\"2023-11-24T17:22:48+00:00\" \/>\n<meta property=\"article:modified_time\" content=\"2023-12-18T11:04:23+00:00\" \/>\n<meta property=\"og:image\" content=\"https:\/\/afc.cat\/wp-content\/uploads\/2023\/12\/kbr-fundacio-mapfre.jpg\" \/>\n\t<meta property=\"og:image:width\" content=\"400\" \/>\n\t<meta property=\"og:image:height\" content=\"267\" \/>\n\t<meta property=\"og:image:type\" content=\"image\/jpeg\" \/>\n<meta name=\"author\" content=\"Albert Folch Naval\u00f3n\" \/>\n<meta name=\"twitter:card\" content=\"summary_large_image\" \/>\n<meta name=\"twitter:label1\" content=\"Escrito por\" \/>\n\t<meta name=\"twitter:data1\" content=\"Albert Folch Naval\u00f3n\" \/>\n\t<meta name=\"twitter:label2\" content=\"Tiempo de lectura\" \/>\n\t<meta name=\"twitter:data2\" content=\"6 minutos\" \/>\n<script type=\"application\/ld+json\" class=\"yoast-schema-graph\">{\"@context\":\"https:\\\/\\\/schema.org\",\"@graph\":[{\"@type\":\"Article\",\"@id\":\"https:\\\/\\\/afc.cat\\\/es\\\/visitada-lexposicio-de-william-eggleston-al-kbr-fundacio-mapfre\\\/#article\",\"isPartOf\":{\"@id\":\"https:\\\/\\\/afc.cat\\\/es\\\/visitada-lexposicio-de-william-eggleston-al-kbr-fundacio-mapfre\\\/\"},\"author\":{\"name\":\"Albert Folch Naval\u00f3n\",\"@id\":\"https:\\\/\\\/afc.cat\\\/es\\\/#\\\/schema\\\/person\\\/2868ff3362c6c568af6bbef21aab18a6\"},\"headline\":\"Visitada la exposici\u00f3n de William Eggleston en KBr Fundaci\u00f3 Mapfre\",\"datePublished\":\"2023-11-24T17:22:48+00:00\",\"dateModified\":\"2023-12-18T11:04:23+00:00\",\"mainEntityOfPage\":{\"@id\":\"https:\\\/\\\/afc.cat\\\/es\\\/visitada-lexposicio-de-william-eggleston-al-kbr-fundacio-mapfre\\\/\"},\"wordCount\":1151,\"image\":{\"@id\":\"https:\\\/\\\/afc.cat\\\/es\\\/visitada-lexposicio-de-william-eggleston-al-kbr-fundacio-mapfre\\\/#primaryimage\"},\"thumbnailUrl\":\"https:\\\/\\\/afc.cat\\\/wp-content\\\/uploads\\\/2023\\\/12\\\/kbr-fundacio-mapfre.jpg\",\"articleSection\":[\"Exposiciones\"],\"inLanguage\":\"es\"},{\"@type\":\"WebPage\",\"@id\":\"https:\\\/\\\/afc.cat\\\/es\\\/visitada-lexposicio-de-william-eggleston-al-kbr-fundacio-mapfre\\\/\",\"url\":\"https:\\\/\\\/afc.cat\\\/es\\\/visitada-lexposicio-de-william-eggleston-al-kbr-fundacio-mapfre\\\/\",\"name\":\"Visitada la exposici\u00f3n de William Eggleston en KBr Fundaci\u00f3 Mapfre - Agrupaci\u00f3 Fotogr\u00e0fica de Catalunya\",\"isPartOf\":{\"@id\":\"https:\\\/\\\/afc.cat\\\/es\\\/#website\"},\"primaryImageOfPage\":{\"@id\":\"https:\\\/\\\/afc.cat\\\/es\\\/visitada-lexposicio-de-william-eggleston-al-kbr-fundacio-mapfre\\\/#primaryimage\"},\"image\":{\"@id\":\"https:\\\/\\\/afc.cat\\\/es\\\/visitada-lexposicio-de-william-eggleston-al-kbr-fundacio-mapfre\\\/#primaryimage\"},\"thumbnailUrl\":\"https:\\\/\\\/afc.cat\\\/wp-content\\\/uploads\\\/2023\\\/12\\\/kbr-fundacio-mapfre.jpg\",\"datePublished\":\"2023-11-24T17:22:48+00:00\",\"dateModified\":\"2023-12-18T11:04:23+00:00\",\"author\":{\"@id\":\"https:\\\/\\\/afc.cat\\\/es\\\/#\\\/schema\\\/person\\\/2868ff3362c6c568af6bbef21aab18a6\"},\"breadcrumb\":{\"@id\":\"https:\\\/\\\/afc.cat\\\/es\\\/visitada-lexposicio-de-william-eggleston-al-kbr-fundacio-mapfre\\\/#breadcrumb\"},\"inLanguage\":\"es\",\"potentialAction\":[{\"@type\":\"ReadAction\",\"target\":[\"https:\\\/\\\/afc.cat\\\/es\\\/visitada-lexposicio-de-william-eggleston-al-kbr-fundacio-mapfre\\\/\"]}]},{\"@type\":\"ImageObject\",\"inLanguage\":\"es\",\"@id\":\"https:\\\/\\\/afc.cat\\\/es\\\/visitada-lexposicio-de-william-eggleston-al-kbr-fundacio-mapfre\\\/#primaryimage\",\"url\":\"https:\\\/\\\/afc.cat\\\/wp-content\\\/uploads\\\/2023\\\/12\\\/kbr-fundacio-mapfre.jpg\",\"contentUrl\":\"https:\\\/\\\/afc.cat\\\/wp-content\\\/uploads\\\/2023\\\/12\\\/kbr-fundacio-mapfre.jpg\",\"width\":400,\"height\":267},{\"@type\":\"BreadcrumbList\",\"@id\":\"https:\\\/\\\/afc.cat\\\/es\\\/visitada-lexposicio-de-william-eggleston-al-kbr-fundacio-mapfre\\\/#breadcrumb\",\"itemListElement\":[{\"@type\":\"ListItem\",\"position\":1,\"name\":\"Inicio\",\"item\":\"https:\\\/\\\/afc.cat\\\/es\\\/\"},{\"@type\":\"ListItem\",\"position\":2,\"name\":\"Visitada la exposici\u00f3n de William Eggleston en KBr Fundaci\u00f3 Mapfre\"}]},{\"@type\":\"WebSite\",\"@id\":\"https:\\\/\\\/afc.cat\\\/es\\\/#website\",\"url\":\"https:\\\/\\\/afc.cat\\\/es\\\/\",\"name\":\"Agrupaci\u00f3 Fotogr\u00e0fica de Catalunya\",\"description\":\"Fomento y divulgaci\u00f3n de la fotograf\u00eda en todas sus variedades\",\"potentialAction\":[{\"@type\":\"SearchAction\",\"target\":{\"@type\":\"EntryPoint\",\"urlTemplate\":\"https:\\\/\\\/afc.cat\\\/es\\\/?s={search_term_string}\"},\"query-input\":{\"@type\":\"PropertyValueSpecification\",\"valueRequired\":true,\"valueName\":\"search_term_string\"}}],\"inLanguage\":\"es\"},{\"@type\":\"Person\",\"@id\":\"https:\\\/\\\/afc.cat\\\/es\\\/#\\\/schema\\\/person\\\/2868ff3362c6c568af6bbef21aab18a6\",\"name\":\"Albert Folch Naval\u00f3n\",\"image\":{\"@type\":\"ImageObject\",\"inLanguage\":\"es\",\"@id\":\"https:\\\/\\\/secure.gravatar.com\\\/avatar\\\/d9af2c27458acd834a2ba71216b3c70b3d550f58587654086a7e7c13f9ffa40c?s=96&d=mm&r=g\",\"url\":\"https:\\\/\\\/secure.gravatar.com\\\/avatar\\\/d9af2c27458acd834a2ba71216b3c70b3d550f58587654086a7e7c13f9ffa40c?s=96&d=mm&r=g\",\"contentUrl\":\"https:\\\/\\\/secure.gravatar.com\\\/avatar\\\/d9af2c27458acd834a2ba71216b3c70b3d550f58587654086a7e7c13f9ffa40c?s=96&d=mm&r=g\",\"caption\":\"Albert Folch Naval\u00f3n\"},\"url\":\"https:\\\/\\\/afc.cat\\\/es\\\/author\\\/albertf2021\\\/\"}]}<\/script>\n<!-- \/ Yoast SEO plugin. -->","yoast_head_json":{"title":"Visitada la exposici\u00f3n de William Eggleston en KBr Fundaci\u00f3 Mapfre - Agrupaci\u00f3 Fotogr\u00e0fica de Catalunya","robots":{"index":"index","follow":"follow","max-snippet":"max-snippet:-1","max-image-preview":"max-image-preview:large","max-video-preview":"max-video-preview:-1"},"canonical":"https:\/\/afc.cat\/es\/visitada-lexposicio-de-william-eggleston-al-kbr-fundacio-mapfre\/","og_locale":"es_ES","og_type":"article","og_title":"Visitada la exposici\u00f3n de William Eggleston en KBr Fundaci\u00f3 Mapfre - Agrupaci\u00f3 Fotogr\u00e0fica de Catalunya","og_url":"https:\/\/afc.cat\/es\/visitada-lexposicio-de-william-eggleston-al-kbr-fundacio-mapfre\/","og_site_name":"Agrupaci\u00f3 Fotogr\u00e0fica de Catalunya","article_published_time":"2023-11-24T17:22:48+00:00","article_modified_time":"2023-12-18T11:04:23+00:00","og_image":[{"width":400,"height":267,"url":"https:\/\/afc.cat\/wp-content\/uploads\/2023\/12\/kbr-fundacio-mapfre.jpg","type":"image\/jpeg"}],"author":"Albert Folch Naval\u00f3n","twitter_card":"summary_large_image","twitter_misc":{"Escrito por":"Albert Folch Naval\u00f3n","Tiempo de lectura":"6 minutos"},"schema":{"@context":"https:\/\/schema.org","@graph":[{"@type":"Article","@id":"https:\/\/afc.cat\/es\/visitada-lexposicio-de-william-eggleston-al-kbr-fundacio-mapfre\/#article","isPartOf":{"@id":"https:\/\/afc.cat\/es\/visitada-lexposicio-de-william-eggleston-al-kbr-fundacio-mapfre\/"},"author":{"name":"Albert Folch Naval\u00f3n","@id":"https:\/\/afc.cat\/es\/#\/schema\/person\/2868ff3362c6c568af6bbef21aab18a6"},"headline":"Visitada la exposici\u00f3n de William Eggleston en KBr Fundaci\u00f3 Mapfre","datePublished":"2023-11-24T17:22:48+00:00","dateModified":"2023-12-18T11:04:23+00:00","mainEntityOfPage":{"@id":"https:\/\/afc.cat\/es\/visitada-lexposicio-de-william-eggleston-al-kbr-fundacio-mapfre\/"},"wordCount":1151,"image":{"@id":"https:\/\/afc.cat\/es\/visitada-lexposicio-de-william-eggleston-al-kbr-fundacio-mapfre\/#primaryimage"},"thumbnailUrl":"https:\/\/afc.cat\/wp-content\/uploads\/2023\/12\/kbr-fundacio-mapfre.jpg","articleSection":["Exposiciones"],"inLanguage":"es"},{"@type":"WebPage","@id":"https:\/\/afc.cat\/es\/visitada-lexposicio-de-william-eggleston-al-kbr-fundacio-mapfre\/","url":"https:\/\/afc.cat\/es\/visitada-lexposicio-de-william-eggleston-al-kbr-fundacio-mapfre\/","name":"Visitada la exposici\u00f3n de William Eggleston en KBr Fundaci\u00f3 Mapfre - Agrupaci\u00f3 Fotogr\u00e0fica de Catalunya","isPartOf":{"@id":"https:\/\/afc.cat\/es\/#website"},"primaryImageOfPage":{"@id":"https:\/\/afc.cat\/es\/visitada-lexposicio-de-william-eggleston-al-kbr-fundacio-mapfre\/#primaryimage"},"image":{"@id":"https:\/\/afc.cat\/es\/visitada-lexposicio-de-william-eggleston-al-kbr-fundacio-mapfre\/#primaryimage"},"thumbnailUrl":"https:\/\/afc.cat\/wp-content\/uploads\/2023\/12\/kbr-fundacio-mapfre.jpg","datePublished":"2023-11-24T17:22:48+00:00","dateModified":"2023-12-18T11:04:23+00:00","author":{"@id":"https:\/\/afc.cat\/es\/#\/schema\/person\/2868ff3362c6c568af6bbef21aab18a6"},"breadcrumb":{"@id":"https:\/\/afc.cat\/es\/visitada-lexposicio-de-william-eggleston-al-kbr-fundacio-mapfre\/#breadcrumb"},"inLanguage":"es","potentialAction":[{"@type":"ReadAction","target":["https:\/\/afc.cat\/es\/visitada-lexposicio-de-william-eggleston-al-kbr-fundacio-mapfre\/"]}]},{"@type":"ImageObject","inLanguage":"es","@id":"https:\/\/afc.cat\/es\/visitada-lexposicio-de-william-eggleston-al-kbr-fundacio-mapfre\/#primaryimage","url":"https:\/\/afc.cat\/wp-content\/uploads\/2023\/12\/kbr-fundacio-mapfre.jpg","contentUrl":"https:\/\/afc.cat\/wp-content\/uploads\/2023\/12\/kbr-fundacio-mapfre.jpg","width":400,"height":267},{"@type":"BreadcrumbList","@id":"https:\/\/afc.cat\/es\/visitada-lexposicio-de-william-eggleston-al-kbr-fundacio-mapfre\/#breadcrumb","itemListElement":[{"@type":"ListItem","position":1,"name":"Inicio","item":"https:\/\/afc.cat\/es\/"},{"@type":"ListItem","position":2,"name":"Visitada la exposici\u00f3n de William Eggleston en KBr Fundaci\u00f3 Mapfre"}]},{"@type":"WebSite","@id":"https:\/\/afc.cat\/es\/#website","url":"https:\/\/afc.cat\/es\/","name":"Agrupaci\u00f3 Fotogr\u00e0fica de Catalunya","description":"Fomento y divulgaci\u00f3n de la fotograf\u00eda en todas sus variedades","potentialAction":[{"@type":"SearchAction","target":{"@type":"EntryPoint","urlTemplate":"https:\/\/afc.cat\/es\/?s={search_term_string}"},"query-input":{"@type":"PropertyValueSpecification","valueRequired":true,"valueName":"search_term_string"}}],"inLanguage":"es"},{"@type":"Person","@id":"https:\/\/afc.cat\/es\/#\/schema\/person\/2868ff3362c6c568af6bbef21aab18a6","name":"Albert Folch Naval\u00f3n","image":{"@type":"ImageObject","inLanguage":"es","@id":"https:\/\/secure.gravatar.com\/avatar\/d9af2c27458acd834a2ba71216b3c70b3d550f58587654086a7e7c13f9ffa40c?s=96&d=mm&r=g","url":"https:\/\/secure.gravatar.com\/avatar\/d9af2c27458acd834a2ba71216b3c70b3d550f58587654086a7e7c13f9ffa40c?s=96&d=mm&r=g","contentUrl":"https:\/\/secure.gravatar.com\/avatar\/d9af2c27458acd834a2ba71216b3c70b3d550f58587654086a7e7c13f9ffa40c?s=96&d=mm&r=g","caption":"Albert Folch Naval\u00f3n"},"url":"https:\/\/afc.cat\/es\/author\/albertf2021\/"}]}},"_links":{"self":[{"href":"https:\/\/afc.cat\/es\/wp-json\/wp\/v2\/posts\/35692","targetHints":{"allow":["GET"]}}],"collection":[{"href":"https:\/\/afc.cat\/es\/wp-json\/wp\/v2\/posts"}],"about":[{"href":"https:\/\/afc.cat\/es\/wp-json\/wp\/v2\/types\/post"}],"author":[{"embeddable":true,"href":"https:\/\/afc.cat\/es\/wp-json\/wp\/v2\/users\/33"}],"replies":[{"embeddable":true,"href":"https:\/\/afc.cat\/es\/wp-json\/wp\/v2\/comments?post=35692"}],"version-history":[{"count":2,"href":"https:\/\/afc.cat\/es\/wp-json\/wp\/v2\/posts\/35692\/revisions"}],"predecessor-version":[{"id":35694,"href":"https:\/\/afc.cat\/es\/wp-json\/wp\/v2\/posts\/35692\/revisions\/35694"}],"wp:featuredmedia":[{"embeddable":true,"href":"https:\/\/afc.cat\/es\/wp-json\/wp\/v2\/media\/35611"}],"wp:attachment":[{"href":"https:\/\/afc.cat\/es\/wp-json\/wp\/v2\/media?parent=35692"}],"wp:term":[{"taxonomy":"category","embeddable":true,"href":"https:\/\/afc.cat\/es\/wp-json\/wp\/v2\/categories?post=35692"},{"taxonomy":"post_tag","embeddable":true,"href":"https:\/\/afc.cat\/es\/wp-json\/wp\/v2\/tags?post=35692"}],"curies":[{"name":"wp","href":"https:\/\/api.w.org\/{rel}","templated":true}]}}