{"id":36671,"date":"2024-01-27T21:48:07","date_gmt":"2024-01-27T19:48:07","guid":{"rendered":"https:\/\/afc.cat\/visita-a-la-galeria-rocio-santa-cruz-exposicio-els-vintage-de-pilar-aymerich\/"},"modified":"2024-01-28T01:08:27","modified_gmt":"2024-01-27T23:08:27","slug":"visita-a-la-galeria-rocio-santa-cruz-exposicio-els-vintage-de-pilar-aymerich","status":"publish","type":"post","link":"https:\/\/afc.cat\/es\/visita-a-la-galeria-rocio-santa-cruz-exposicio-els-vintage-de-pilar-aymerich\/","title":{"rendered":"Visita a la galer\u00eda Roc\u00edo Santa Cruz. Exposici\u00f3n \u201cEls vintage de Pilar Aymerich\u201d"},"content":{"rendered":"<div class=\"fusion-fullwidth fullwidth-box fusion-builder-row-1 fusion-flex-container nonhundred-percent-fullwidth non-hundred-percent-height-scrolling\" style=\"background-color: rgba(255,255,255,0);background-position: center center;background-repeat: no-repeat;border-width: 0px 0px 0px 0px;border-color:#ffffff;border-style:solid;\" ><div class=\"fusion-builder-row fusion-row fusion-flex-align-items-flex-start\" style=\"max-width:1300px;margin-left: calc(-4% \/ 2 );margin-right: calc(-4% \/ 2 );\"><div class=\"fusion-layout-column fusion_builder_column fusion-builder-column-0 fusion_builder_column_2_3 2_3 fusion-flex-column\"><div class=\"fusion-column-wrapper fusion-flex-justify-content-flex-start fusion-content-layout-column\" style=\"background-position:left top;background-repeat:no-repeat;-webkit-background-size:cover;-moz-background-size:cover;-o-background-size:cover;background-size:cover;padding: 0px 0px 0px 0px;\"><div class=\"fusion-text fusion-text-1 fusion-text-no-margin\" style=\"margin-bottom:15px;\"><h2>Visita a la galer\u00eda Roc\u00edo Santa Cruz.<\/h2>\n<h3>Exposici\u00f3n \u201cEls vintage de Pilar Aymerich\u201d.<\/h3>\n<p>El jueves 25 de enero un grupo de 15 socias y socios de la Agrupaci\u00f3n disfrutamos de la visita guiada a la exposici\u00f3n de las fotograf\u00edas de <strong>Pilar Aymerich<\/strong>, referente en el fotoperiodismo de la transici\u00f3n y activista en los movimientos feministas y reivindicativos.<\/p>\n<p>La propia <strong>Roc\u00edo Santa Cruz<\/strong> nos dio la bienvenida y nos present\u00f3 la exposici\u00f3n. Un colaborador suyo nos hizo una extensa visita guiada, a\u00f1adiendo un gran valor a la contemplaci\u00f3n de las im\u00e1genes.<\/p>\n<p>Acabada la visita estuvimos un buen rato en su escogida biblioteca\/librer\u00eda donde pudieron curiosear diferentes ejemplar de libros de fot\u00f3grafos reconocidos.<\/p>\n<p>\u00a1Os esperamos en la pr\u00f3xima convocatoria!<\/p>\n<p><strong>Francesc Soldevila<\/strong><br \/>\n<b>Vocal\u00eda de Cultura<\/b><\/p>\n<\/div><style type=\"text\/css\">.fusion-gallery-1 .fusion-gallery-image {border:0px solid #e2e2e2;}<\/style><div class=\"fusion-gallery fusion-gallery-container fusion-grid-4 fusion-columns-total-8 fusion-gallery-layout-grid fusion-gallery-1\" style=\"margin:-5px;\"><div style=\"padding:5px;\" class=\"fusion-grid-column fusion-gallery-column fusion-gallery-column-4 hover-type-none\"><div class=\"fusion-gallery-image\"><a href=\"https:\/\/afc.cat\/wp-content\/uploads\/2024\/01\/Els-vintage-de-Pilar-Aymerich-Gal-Sta-Cruz-1.jpg\" rel=\"noreferrer\" data-rel=\"iLightbox[gallery_image_1]\" class=\"fusion-lightbox\" target=\"_self\"><img decoding=\"async\" src=\"https:\/\/afc.cat\/wp-content\/uploads\/2024\/01\/Els-vintage-de-Pilar-Aymerich-Gal-Sta-Cruz-1-320x202.jpg\" width=\"320\" height=\"202\" alt=\"\" title=\"Els vintage de Pilar Aymerich &#8211; Gal Sta Cruz (1)\" aria-label=\"Els vintage de Pilar Aymerich &#8211; Gal Sta Cruz (1)\" class=\"img-responsive wp-image-36650 fusion-gallery-image-size-fixed\" srcset=\"https:\/\/afc.cat\/wp-content\/uploads\/2024\/01\/Els-vintage-de-Pilar-Aymerich-Gal-Sta-Cruz-1-320x202.jpg 320w, https:\/\/afc.cat\/wp-content\/uploads\/2024\/01\/Els-vintage-de-Pilar-Aymerich-Gal-Sta-Cruz-1-700x441.jpg 700w\" sizes=\"(max-width: 320px) 100vw, 320px\" \/><\/a><\/div><\/div><div style=\"padding:5px;\" class=\"fusion-grid-column fusion-gallery-column fusion-gallery-column-4 hover-type-none\"><div class=\"fusion-gallery-image\"><a href=\"https:\/\/afc.cat\/wp-content\/uploads\/2024\/01\/Els-vintage-de-Pilar-Aymerich-Gal-Sta-Cruz-2.jpg\" rel=\"noreferrer\" data-rel=\"iLightbox[gallery_image_1]\" class=\"fusion-lightbox\" target=\"_self\"><img decoding=\"async\" src=\"https:\/\/afc.cat\/wp-content\/uploads\/2024\/01\/Els-vintage-de-Pilar-Aymerich-Gal-Sta-Cruz-2-320x202.jpg\" width=\"320\" height=\"202\" alt=\"\" title=\"Els vintage de Pilar Aymerich &#8211; Gal Sta Cruz (2)\" aria-label=\"Els vintage de Pilar Aymerich &#8211; Gal Sta Cruz (2)\" class=\"img-responsive wp-image-36652 fusion-gallery-image-size-fixed\" srcset=\"https:\/\/afc.cat\/wp-content\/uploads\/2024\/01\/Els-vintage-de-Pilar-Aymerich-Gal-Sta-Cruz-2-320x202.jpg 320w, https:\/\/afc.cat\/wp-content\/uploads\/2024\/01\/Els-vintage-de-Pilar-Aymerich-Gal-Sta-Cruz-2-700x441.jpg 700w\" sizes=\"(max-width: 320px) 100vw, 320px\" \/><\/a><\/div><\/div><div style=\"padding:5px;\" class=\"fusion-grid-column fusion-gallery-column fusion-gallery-column-4 hover-type-none\"><div class=\"fusion-gallery-image\"><a href=\"https:\/\/afc.cat\/wp-content\/uploads\/2024\/01\/Els-vintage-de-Pilar-Aymerich-Gal-Sta-Cruz-3.jpg\" rel=\"noreferrer\" data-rel=\"iLightbox[gallery_image_1]\" class=\"fusion-lightbox\" target=\"_self\"><img decoding=\"async\" src=\"https:\/\/afc.cat\/wp-content\/uploads\/2024\/01\/Els-vintage-de-Pilar-Aymerich-Gal-Sta-Cruz-3-320x202.jpg\" width=\"320\" height=\"202\" alt=\"\" title=\"Els vintage de Pilar Aymerich &#8211; Gal Sta Cruz (3)\" aria-label=\"Els vintage de Pilar Aymerich &#8211; Gal Sta Cruz (3)\" class=\"img-responsive wp-image-36654 fusion-gallery-image-size-fixed\" srcset=\"https:\/\/afc.cat\/wp-content\/uploads\/2024\/01\/Els-vintage-de-Pilar-Aymerich-Gal-Sta-Cruz-3-320x202.jpg 320w, https:\/\/afc.cat\/wp-content\/uploads\/2024\/01\/Els-vintage-de-Pilar-Aymerich-Gal-Sta-Cruz-3-700x441.jpg 700w\" sizes=\"(max-width: 320px) 100vw, 320px\" \/><\/a><\/div><\/div><div style=\"padding:5px;\" class=\"fusion-grid-column fusion-gallery-column fusion-gallery-column-4 hover-type-none\"><div class=\"fusion-gallery-image\"><a href=\"https:\/\/afc.cat\/wp-content\/uploads\/2024\/01\/Els-vintage-de-Pilar-Aymerich-Gal-Sta-Cruz-4.jpg\" rel=\"noreferrer\" data-rel=\"iLightbox[gallery_image_1]\" class=\"fusion-lightbox\" target=\"_self\"><img decoding=\"async\" src=\"https:\/\/afc.cat\/wp-content\/uploads\/2024\/01\/Els-vintage-de-Pilar-Aymerich-Gal-Sta-Cruz-4-320x202.jpg\" width=\"320\" height=\"202\" alt=\"\" title=\"Els vintage de Pilar Aymerich &#8211; Gal Sta Cruz (4)\" aria-label=\"Els vintage de Pilar Aymerich &#8211; Gal Sta Cruz (4)\" class=\"img-responsive wp-image-36656 fusion-gallery-image-size-fixed\" srcset=\"https:\/\/afc.cat\/wp-content\/uploads\/2024\/01\/Els-vintage-de-Pilar-Aymerich-Gal-Sta-Cruz-4-320x202.jpg 320w, https:\/\/afc.cat\/wp-content\/uploads\/2024\/01\/Els-vintage-de-Pilar-Aymerich-Gal-Sta-Cruz-4-700x441.jpg 700w\" sizes=\"(max-width: 320px) 100vw, 320px\" \/><\/a><\/div><\/div><div class=\"clearfix\"><\/div><div style=\"padding:5px;\" class=\"fusion-grid-column fusion-gallery-column fusion-gallery-column-4 hover-type-none\"><div class=\"fusion-gallery-image\"><a href=\"https:\/\/afc.cat\/wp-content\/uploads\/2024\/01\/Els-vintage-de-Pilar-Aymerich-Gal-Sta-Cruz-5.jpg\" rel=\"noreferrer\" data-rel=\"iLightbox[gallery_image_1]\" class=\"fusion-lightbox\" target=\"_self\"><img decoding=\"async\" src=\"https:\/\/afc.cat\/wp-content\/uploads\/2024\/01\/Els-vintage-de-Pilar-Aymerich-Gal-Sta-Cruz-5-320x202.jpg\" width=\"320\" height=\"202\" alt=\"\" title=\"Els vintage de Pilar Aymerich &#8211; Gal Sta Cruz (5)\" aria-label=\"Els vintage de Pilar Aymerich &#8211; Gal Sta Cruz (5)\" class=\"img-responsive wp-image-36658 fusion-gallery-image-size-fixed\" srcset=\"https:\/\/afc.cat\/wp-content\/uploads\/2024\/01\/Els-vintage-de-Pilar-Aymerich-Gal-Sta-Cruz-5-320x202.jpg 320w, https:\/\/afc.cat\/wp-content\/uploads\/2024\/01\/Els-vintage-de-Pilar-Aymerich-Gal-Sta-Cruz-5-700x441.jpg 700w\" sizes=\"(max-width: 320px) 100vw, 320px\" \/><\/a><\/div><\/div><div style=\"padding:5px;\" class=\"fusion-grid-column fusion-gallery-column fusion-gallery-column-4 hover-type-none\"><div class=\"fusion-gallery-image\"><a href=\"https:\/\/afc.cat\/wp-content\/uploads\/2024\/01\/Els-vintage-de-Pilar-Aymerich-Gal-Sta-Cruz-6.jpg\" rel=\"noreferrer\" data-rel=\"iLightbox[gallery_image_1]\" class=\"fusion-lightbox\" target=\"_self\"><img decoding=\"async\" src=\"https:\/\/afc.cat\/wp-content\/uploads\/2024\/01\/Els-vintage-de-Pilar-Aymerich-Gal-Sta-Cruz-6-320x202.jpg\" width=\"320\" height=\"202\" alt=\"\" title=\"Els vintage de Pilar Aymerich &#8211; Gal Sta Cruz (6)\" aria-label=\"Els vintage de Pilar Aymerich &#8211; Gal Sta Cruz (6)\" class=\"img-responsive wp-image-36660 fusion-gallery-image-size-fixed\" srcset=\"https:\/\/afc.cat\/wp-content\/uploads\/2024\/01\/Els-vintage-de-Pilar-Aymerich-Gal-Sta-Cruz-6-320x202.jpg 320w, https:\/\/afc.cat\/wp-content\/uploads\/2024\/01\/Els-vintage-de-Pilar-Aymerich-Gal-Sta-Cruz-6-700x441.jpg 700w\" sizes=\"(max-width: 320px) 100vw, 320px\" \/><\/a><\/div><\/div><div style=\"padding:5px;\" class=\"fusion-grid-column fusion-gallery-column fusion-gallery-column-4 hover-type-none\"><div class=\"fusion-gallery-image\"><a href=\"https:\/\/afc.cat\/wp-content\/uploads\/2024\/01\/Els-vintage-de-Pilar-Aymerich-Gal-Sta-Cruz-7.jpg\" rel=\"noreferrer\" data-rel=\"iLightbox[gallery_image_1]\" class=\"fusion-lightbox\" target=\"_self\"><img decoding=\"async\" src=\"https:\/\/afc.cat\/wp-content\/uploads\/2024\/01\/Els-vintage-de-Pilar-Aymerich-Gal-Sta-Cruz-7-320x202.jpg\" width=\"320\" height=\"202\" alt=\"\" title=\"Els vintage de Pilar Aymerich &#8211; Gal Sta Cruz (7)\" aria-label=\"Els vintage de Pilar Aymerich &#8211; Gal Sta Cruz (7)\" class=\"img-responsive wp-image-36662 fusion-gallery-image-size-fixed\" srcset=\"https:\/\/afc.cat\/wp-content\/uploads\/2024\/01\/Els-vintage-de-Pilar-Aymerich-Gal-Sta-Cruz-7-320x202.jpg 320w, https:\/\/afc.cat\/wp-content\/uploads\/2024\/01\/Els-vintage-de-Pilar-Aymerich-Gal-Sta-Cruz-7-700x441.jpg 700w\" sizes=\"(max-width: 320px) 100vw, 320px\" \/><\/a><\/div><\/div><div style=\"padding:5px;\" class=\"fusion-grid-column fusion-gallery-column fusion-gallery-column-4 hover-type-none\"><div class=\"fusion-gallery-image\"><a href=\"https:\/\/afc.cat\/wp-content\/uploads\/2024\/01\/Els-vintage-de-Pilar-Aymerich-Gal-Sta-Cruz-8.jpg\" rel=\"noreferrer\" data-rel=\"iLightbox[gallery_image_1]\" class=\"fusion-lightbox\" target=\"_self\"><img decoding=\"async\" src=\"https:\/\/afc.cat\/wp-content\/uploads\/2024\/01\/Els-vintage-de-Pilar-Aymerich-Gal-Sta-Cruz-8-320x202.jpg\" width=\"320\" height=\"202\" alt=\"\" title=\"Els vintage de Pilar Aymerich &#8211; Gal Sta Cruz (8)\" aria-label=\"Els vintage de Pilar Aymerich &#8211; Gal Sta Cruz (8)\" class=\"img-responsive wp-image-36664 fusion-gallery-image-size-fixed\" srcset=\"https:\/\/afc.cat\/wp-content\/uploads\/2024\/01\/Els-vintage-de-Pilar-Aymerich-Gal-Sta-Cruz-8-320x202.jpg 320w, https:\/\/afc.cat\/wp-content\/uploads\/2024\/01\/Els-vintage-de-Pilar-Aymerich-Gal-Sta-Cruz-8-700x441.jpg 700w\" sizes=\"(max-width: 320px) 100vw, 320px\" \/><\/a><\/div><\/div><div class=\"clearfix\"><\/div><\/div><\/div><style type=\"text\/css\">.fusion-body .fusion-builder-column-0{width:66.666666666667% !important;margin-top : 0px;margin-bottom : 0px;}.fusion-builder-column-0 > .fusion-column-wrapper {padding-top : 0px !important;padding-right : 0px !important;margin-right : 3.84%;padding-bottom : 0px !important;padding-left : 0px !important;margin-left : 2.88%;}@media only screen and (max-width:1024px) {.fusion-body .fusion-builder-column-0{width:66.666666666667% !important;}.fusion-builder-column-0 > .fusion-column-wrapper {margin-right : 3.84%;margin-left : 2.88%;}}@media only screen and (max-width:640px) {.fusion-body .fusion-builder-column-0{width:100% !important;}.fusion-builder-column-0 > .fusion-column-wrapper {margin-right : 1.92%;margin-left : 1.92%;}}<\/style><\/div><div class=\"fusion-layout-column fusion_builder_column fusion-builder-column-1 fusion_builder_column_1_3 1_3 fusion-flex-column\"><div class=\"fusion-column-wrapper fusion-flex-justify-content-flex-start fusion-content-layout-column\" style=\"background-position:left top;background-repeat:no-repeat;-webkit-background-size:cover;-moz-background-size:cover;-o-background-size:cover;background-size:cover;padding: 0px 0px 0px 0px;\"><div ><span class=\" fusion-imageframe imageframe-none imageframe-1 hover-type-none\"><img decoding=\"async\" width=\"400\" height=\"267\" title=\"Els vintage de Pilar Aymerich &#8211; Gal Sta Cruz (0)\" src=\"https:\/\/afc.cat\/wp-content\/uploads\/2024\/01\/Els-vintage-de-Pilar-Aymerich-Gal-Sta-Cruz-0.jpg\" alt class=\"img-responsive wp-image-36669\" srcset=\"https:\/\/afc.cat\/wp-content\/uploads\/2024\/01\/Els-vintage-de-Pilar-Aymerich-Gal-Sta-Cruz-0-200x134.jpg 200w, https:\/\/afc.cat\/wp-content\/uploads\/2024\/01\/Els-vintage-de-Pilar-Aymerich-Gal-Sta-Cruz-0.jpg 400w\" sizes=\"(max-width: 640px) 100vw, 400px\" \/><\/span><\/div><div class=\"fusion-text fusion-text-2\" style=\"text-align:center;font-size:13px;color:#adadad;\"><p>Peu de foto<\/p>\n<\/div><\/div><style type=\"text\/css\">.fusion-body .fusion-builder-column-1{width:33.333333333333% !important;margin-top : 0px;margin-bottom : 0px;}.fusion-builder-column-1 > .fusion-column-wrapper {padding-top : 0px !important;padding-right : 0px !important;margin-right : 5.76%;padding-bottom : 0px !important;padding-left : 0px !important;margin-left : 3.84%;}@media only screen and (max-width:1024px) {.fusion-body .fusion-builder-column-1{width:33.333333333333% !important;}.fusion-builder-column-1 > .fusion-column-wrapper {margin-right : 5.76%;margin-left : 3.84%;}}@media only screen and (max-width:640px) {.fusion-body .fusion-builder-column-1{width:100% !important;}.fusion-builder-column-1 > .fusion-column-wrapper {margin-right : 1.92%;margin-left : 1.92%;}}<\/style><\/div><\/div><style type=\"text\/css\">.fusion-body .fusion-flex-container.fusion-builder-row-1{ padding-top : 0px;margin-top : 0px;padding-right : 0px;padding-bottom : 0px;margin-bottom : 0px;padding-left : 0px;}<\/style><\/div>\n","protected":false},"excerpt":{"rendered":"","protected":false},"author":33,"featured_media":36669,"comment_status":"closed","ping_status":"open","sticky":false,"template":"","format":"standard","meta":{"_acf_changed":false,"footnotes":""},"categories":[55],"tags":[],"class_list":["post-36671","post","type-post","status-publish","format-standard","has-post-thumbnail","hentry","category-exposiciones"],"acf":[],"yoast_head":"<!-- This site is optimized with the Yoast SEO plugin v27.2 - https:\/\/yoast.com\/product\/yoast-seo-wordpress\/ -->\n<title>Visita a la galer\u00eda Roc\u00edo Santa Cruz. Exposici\u00f3n \u201cEls vintage de Pilar Aymerich\u201d - Agrupaci\u00f3 Fotogr\u00e0fica de Catalunya<\/title>\n<meta name=\"robots\" content=\"index, follow, max-snippet:-1, max-image-preview:large, max-video-preview:-1\" \/>\n<link rel=\"canonical\" href=\"https:\/\/afc.cat\/es\/visita-a-la-galeria-rocio-santa-cruz-exposicio-els-vintage-de-pilar-aymerich\/\" \/>\n<meta property=\"og:locale\" content=\"es_ES\" \/>\n<meta property=\"og:type\" content=\"article\" \/>\n<meta property=\"og:title\" content=\"Visita a la galer\u00eda Roc\u00edo Santa Cruz. Exposici\u00f3n \u201cEls vintage de Pilar Aymerich\u201d - Agrupaci\u00f3 Fotogr\u00e0fica de Catalunya\" \/>\n<meta property=\"og:url\" content=\"https:\/\/afc.cat\/es\/visita-a-la-galeria-rocio-santa-cruz-exposicio-els-vintage-de-pilar-aymerich\/\" \/>\n<meta property=\"og:site_name\" content=\"Agrupaci\u00f3 Fotogr\u00e0fica de Catalunya\" \/>\n<meta property=\"article:published_time\" content=\"2024-01-27T19:48:07+00:00\" \/>\n<meta property=\"article:modified_time\" content=\"2024-01-27T23:08:27+00:00\" \/>\n<meta property=\"og:image\" content=\"https:\/\/afc.cat\/wp-content\/uploads\/2024\/01\/Els-vintage-de-Pilar-Aymerich-Gal-Sta-Cruz-0.jpg\" \/>\n\t<meta property=\"og:image:width\" content=\"400\" \/>\n\t<meta property=\"og:image:height\" content=\"267\" \/>\n\t<meta property=\"og:image:type\" content=\"image\/jpeg\" \/>\n<meta name=\"author\" content=\"Albert Folch Naval\u00f3n\" \/>\n<meta name=\"twitter:card\" content=\"summary_large_image\" \/>\n<meta name=\"twitter:label1\" content=\"Escrito por\" \/>\n\t<meta name=\"twitter:data1\" content=\"Albert Folch Naval\u00f3n\" \/>\n\t<meta name=\"twitter:label2\" content=\"Tiempo de lectura\" \/>\n\t<meta name=\"twitter:data2\" content=\"5 minutos\" \/>\n<script type=\"application\/ld+json\" class=\"yoast-schema-graph\">{\"@context\":\"https:\/\/schema.org\",\"@graph\":[{\"@type\":\"Article\",\"@id\":\"https:\/\/afc.cat\/es\/visita-a-la-galeria-rocio-santa-cruz-exposicio-els-vintage-de-pilar-aymerich\/#article\",\"isPartOf\":{\"@id\":\"https:\/\/afc.cat\/es\/visita-a-la-galeria-rocio-santa-cruz-exposicio-els-vintage-de-pilar-aymerich\/\"},\"author\":{\"name\":\"Albert Folch Naval\u00f3n\",\"@id\":\"https:\/\/afc.cat\/es\/#\/schema\/person\/2868ff3362c6c568af6bbef21aab18a6\"},\"headline\":\"Visita a la galer\u00eda Roc\u00edo Santa Cruz. Exposici\u00f3n \u201cEls vintage de Pilar Aymerich\u201d\",\"datePublished\":\"2024-01-27T19:48:07+00:00\",\"dateModified\":\"2024-01-27T23:08:27+00:00\",\"mainEntityOfPage\":{\"@id\":\"https:\/\/afc.cat\/es\/visita-a-la-galeria-rocio-santa-cruz-exposicio-els-vintage-de-pilar-aymerich\/\"},\"wordCount\":1102,\"image\":{\"@id\":\"https:\/\/afc.cat\/es\/visita-a-la-galeria-rocio-santa-cruz-exposicio-els-vintage-de-pilar-aymerich\/#primaryimage\"},\"thumbnailUrl\":\"https:\/\/afc.cat\/wp-content\/uploads\/2024\/01\/Els-vintage-de-Pilar-Aymerich-Gal-Sta-Cruz-0.jpg\",\"articleSection\":[\"Exposiciones\"],\"inLanguage\":\"es\"},{\"@type\":\"WebPage\",\"@id\":\"https:\/\/afc.cat\/es\/visita-a-la-galeria-rocio-santa-cruz-exposicio-els-vintage-de-pilar-aymerich\/\",\"url\":\"https:\/\/afc.cat\/es\/visita-a-la-galeria-rocio-santa-cruz-exposicio-els-vintage-de-pilar-aymerich\/\",\"name\":\"Visita a la galer\u00eda Roc\u00edo Santa Cruz. Exposici\u00f3n \u201cEls vintage de Pilar Aymerich\u201d - Agrupaci\u00f3 Fotogr\u00e0fica de Catalunya\",\"isPartOf\":{\"@id\":\"https:\/\/afc.cat\/es\/#website\"},\"primaryImageOfPage\":{\"@id\":\"https:\/\/afc.cat\/es\/visita-a-la-galeria-rocio-santa-cruz-exposicio-els-vintage-de-pilar-aymerich\/#primaryimage\"},\"image\":{\"@id\":\"https:\/\/afc.cat\/es\/visita-a-la-galeria-rocio-santa-cruz-exposicio-els-vintage-de-pilar-aymerich\/#primaryimage\"},\"thumbnailUrl\":\"https:\/\/afc.cat\/wp-content\/uploads\/2024\/01\/Els-vintage-de-Pilar-Aymerich-Gal-Sta-Cruz-0.jpg\",\"datePublished\":\"2024-01-27T19:48:07+00:00\",\"dateModified\":\"2024-01-27T23:08:27+00:00\",\"author\":{\"@id\":\"https:\/\/afc.cat\/es\/#\/schema\/person\/2868ff3362c6c568af6bbef21aab18a6\"},\"breadcrumb\":{\"@id\":\"https:\/\/afc.cat\/es\/visita-a-la-galeria-rocio-santa-cruz-exposicio-els-vintage-de-pilar-aymerich\/#breadcrumb\"},\"inLanguage\":\"es\",\"potentialAction\":[{\"@type\":\"ReadAction\",\"target\":[\"https:\/\/afc.cat\/es\/visita-a-la-galeria-rocio-santa-cruz-exposicio-els-vintage-de-pilar-aymerich\/\"]}]},{\"@type\":\"ImageObject\",\"inLanguage\":\"es\",\"@id\":\"https:\/\/afc.cat\/es\/visita-a-la-galeria-rocio-santa-cruz-exposicio-els-vintage-de-pilar-aymerich\/#primaryimage\",\"url\":\"https:\/\/afc.cat\/wp-content\/uploads\/2024\/01\/Els-vintage-de-Pilar-Aymerich-Gal-Sta-Cruz-0.jpg\",\"contentUrl\":\"https:\/\/afc.cat\/wp-content\/uploads\/2024\/01\/Els-vintage-de-Pilar-Aymerich-Gal-Sta-Cruz-0.jpg\",\"width\":400,\"height\":267},{\"@type\":\"BreadcrumbList\",\"@id\":\"https:\/\/afc.cat\/es\/visita-a-la-galeria-rocio-santa-cruz-exposicio-els-vintage-de-pilar-aymerich\/#breadcrumb\",\"itemListElement\":[{\"@type\":\"ListItem\",\"position\":1,\"name\":\"Inicio\",\"item\":\"https:\/\/afc.cat\/es\/\"},{\"@type\":\"ListItem\",\"position\":2,\"name\":\"Visita a la galer\u00eda Roc\u00edo Santa Cruz. Exposici\u00f3n \u201cEls vintage de Pilar Aymerich\u201d\"}]},{\"@type\":\"WebSite\",\"@id\":\"https:\/\/afc.cat\/es\/#website\",\"url\":\"https:\/\/afc.cat\/es\/\",\"name\":\"Agrupaci\u00f3 Fotogr\u00e0fica de Catalunya\",\"description\":\"Fomento y divulgaci\u00f3n de la fotograf\u00eda en todas sus variedades\",\"potentialAction\":[{\"@type\":\"SearchAction\",\"target\":{\"@type\":\"EntryPoint\",\"urlTemplate\":\"https:\/\/afc.cat\/es\/?s={search_term_string}\"},\"query-input\":{\"@type\":\"PropertyValueSpecification\",\"valueRequired\":true,\"valueName\":\"search_term_string\"}}],\"inLanguage\":\"es\"},{\"@type\":\"Person\",\"@id\":\"https:\/\/afc.cat\/es\/#\/schema\/person\/2868ff3362c6c568af6bbef21aab18a6\",\"name\":\"Albert Folch Naval\u00f3n\",\"image\":{\"@type\":\"ImageObject\",\"inLanguage\":\"es\",\"@id\":\"https:\/\/secure.gravatar.com\/avatar\/d9af2c27458acd834a2ba71216b3c70b3d550f58587654086a7e7c13f9ffa40c?s=96&d=mm&r=g\",\"url\":\"https:\/\/secure.gravatar.com\/avatar\/d9af2c27458acd834a2ba71216b3c70b3d550f58587654086a7e7c13f9ffa40c?s=96&d=mm&r=g\",\"contentUrl\":\"https:\/\/secure.gravatar.com\/avatar\/d9af2c27458acd834a2ba71216b3c70b3d550f58587654086a7e7c13f9ffa40c?s=96&d=mm&r=g\",\"caption\":\"Albert Folch Naval\u00f3n\"},\"url\":\"https:\/\/afc.cat\/es\/author\/albertf2021\/\"}]}<\/script>\n<!-- \/ Yoast SEO plugin. -->","yoast_head_json":{"title":"Visita a la galer\u00eda Roc\u00edo Santa Cruz. Exposici\u00f3n \u201cEls vintage de Pilar Aymerich\u201d - Agrupaci\u00f3 Fotogr\u00e0fica de Catalunya","robots":{"index":"index","follow":"follow","max-snippet":"max-snippet:-1","max-image-preview":"max-image-preview:large","max-video-preview":"max-video-preview:-1"},"canonical":"https:\/\/afc.cat\/es\/visita-a-la-galeria-rocio-santa-cruz-exposicio-els-vintage-de-pilar-aymerich\/","og_locale":"es_ES","og_type":"article","og_title":"Visita a la galer\u00eda Roc\u00edo Santa Cruz. Exposici\u00f3n \u201cEls vintage de Pilar Aymerich\u201d - Agrupaci\u00f3 Fotogr\u00e0fica de Catalunya","og_url":"https:\/\/afc.cat\/es\/visita-a-la-galeria-rocio-santa-cruz-exposicio-els-vintage-de-pilar-aymerich\/","og_site_name":"Agrupaci\u00f3 Fotogr\u00e0fica de Catalunya","article_published_time":"2024-01-27T19:48:07+00:00","article_modified_time":"2024-01-27T23:08:27+00:00","og_image":[{"width":400,"height":267,"url":"https:\/\/afc.cat\/wp-content\/uploads\/2024\/01\/Els-vintage-de-Pilar-Aymerich-Gal-Sta-Cruz-0.jpg","type":"image\/jpeg"}],"author":"Albert Folch Naval\u00f3n","twitter_card":"summary_large_image","twitter_misc":{"Escrito por":"Albert Folch Naval\u00f3n","Tiempo de lectura":"5 minutos"},"schema":{"@context":"https:\/\/schema.org","@graph":[{"@type":"Article","@id":"https:\/\/afc.cat\/es\/visita-a-la-galeria-rocio-santa-cruz-exposicio-els-vintage-de-pilar-aymerich\/#article","isPartOf":{"@id":"https:\/\/afc.cat\/es\/visita-a-la-galeria-rocio-santa-cruz-exposicio-els-vintage-de-pilar-aymerich\/"},"author":{"name":"Albert Folch Naval\u00f3n","@id":"https:\/\/afc.cat\/es\/#\/schema\/person\/2868ff3362c6c568af6bbef21aab18a6"},"headline":"Visita a la galer\u00eda Roc\u00edo Santa Cruz. Exposici\u00f3n \u201cEls vintage de Pilar Aymerich\u201d","datePublished":"2024-01-27T19:48:07+00:00","dateModified":"2024-01-27T23:08:27+00:00","mainEntityOfPage":{"@id":"https:\/\/afc.cat\/es\/visita-a-la-galeria-rocio-santa-cruz-exposicio-els-vintage-de-pilar-aymerich\/"},"wordCount":1102,"image":{"@id":"https:\/\/afc.cat\/es\/visita-a-la-galeria-rocio-santa-cruz-exposicio-els-vintage-de-pilar-aymerich\/#primaryimage"},"thumbnailUrl":"https:\/\/afc.cat\/wp-content\/uploads\/2024\/01\/Els-vintage-de-Pilar-Aymerich-Gal-Sta-Cruz-0.jpg","articleSection":["Exposiciones"],"inLanguage":"es"},{"@type":"WebPage","@id":"https:\/\/afc.cat\/es\/visita-a-la-galeria-rocio-santa-cruz-exposicio-els-vintage-de-pilar-aymerich\/","url":"https:\/\/afc.cat\/es\/visita-a-la-galeria-rocio-santa-cruz-exposicio-els-vintage-de-pilar-aymerich\/","name":"Visita a la galer\u00eda Roc\u00edo Santa Cruz. Exposici\u00f3n \u201cEls vintage de Pilar Aymerich\u201d - Agrupaci\u00f3 Fotogr\u00e0fica de Catalunya","isPartOf":{"@id":"https:\/\/afc.cat\/es\/#website"},"primaryImageOfPage":{"@id":"https:\/\/afc.cat\/es\/visita-a-la-galeria-rocio-santa-cruz-exposicio-els-vintage-de-pilar-aymerich\/#primaryimage"},"image":{"@id":"https:\/\/afc.cat\/es\/visita-a-la-galeria-rocio-santa-cruz-exposicio-els-vintage-de-pilar-aymerich\/#primaryimage"},"thumbnailUrl":"https:\/\/afc.cat\/wp-content\/uploads\/2024\/01\/Els-vintage-de-Pilar-Aymerich-Gal-Sta-Cruz-0.jpg","datePublished":"2024-01-27T19:48:07+00:00","dateModified":"2024-01-27T23:08:27+00:00","author":{"@id":"https:\/\/afc.cat\/es\/#\/schema\/person\/2868ff3362c6c568af6bbef21aab18a6"},"breadcrumb":{"@id":"https:\/\/afc.cat\/es\/visita-a-la-galeria-rocio-santa-cruz-exposicio-els-vintage-de-pilar-aymerich\/#breadcrumb"},"inLanguage":"es","potentialAction":[{"@type":"ReadAction","target":["https:\/\/afc.cat\/es\/visita-a-la-galeria-rocio-santa-cruz-exposicio-els-vintage-de-pilar-aymerich\/"]}]},{"@type":"ImageObject","inLanguage":"es","@id":"https:\/\/afc.cat\/es\/visita-a-la-galeria-rocio-santa-cruz-exposicio-els-vintage-de-pilar-aymerich\/#primaryimage","url":"https:\/\/afc.cat\/wp-content\/uploads\/2024\/01\/Els-vintage-de-Pilar-Aymerich-Gal-Sta-Cruz-0.jpg","contentUrl":"https:\/\/afc.cat\/wp-content\/uploads\/2024\/01\/Els-vintage-de-Pilar-Aymerich-Gal-Sta-Cruz-0.jpg","width":400,"height":267},{"@type":"BreadcrumbList","@id":"https:\/\/afc.cat\/es\/visita-a-la-galeria-rocio-santa-cruz-exposicio-els-vintage-de-pilar-aymerich\/#breadcrumb","itemListElement":[{"@type":"ListItem","position":1,"name":"Inicio","item":"https:\/\/afc.cat\/es\/"},{"@type":"ListItem","position":2,"name":"Visita a la galer\u00eda Roc\u00edo Santa Cruz. Exposici\u00f3n \u201cEls vintage de Pilar Aymerich\u201d"}]},{"@type":"WebSite","@id":"https:\/\/afc.cat\/es\/#website","url":"https:\/\/afc.cat\/es\/","name":"Agrupaci\u00f3 Fotogr\u00e0fica de Catalunya","description":"Fomento y divulgaci\u00f3n de la fotograf\u00eda en todas sus variedades","potentialAction":[{"@type":"SearchAction","target":{"@type":"EntryPoint","urlTemplate":"https:\/\/afc.cat\/es\/?s={search_term_string}"},"query-input":{"@type":"PropertyValueSpecification","valueRequired":true,"valueName":"search_term_string"}}],"inLanguage":"es"},{"@type":"Person","@id":"https:\/\/afc.cat\/es\/#\/schema\/person\/2868ff3362c6c568af6bbef21aab18a6","name":"Albert Folch Naval\u00f3n","image":{"@type":"ImageObject","inLanguage":"es","@id":"https:\/\/secure.gravatar.com\/avatar\/d9af2c27458acd834a2ba71216b3c70b3d550f58587654086a7e7c13f9ffa40c?s=96&d=mm&r=g","url":"https:\/\/secure.gravatar.com\/avatar\/d9af2c27458acd834a2ba71216b3c70b3d550f58587654086a7e7c13f9ffa40c?s=96&d=mm&r=g","contentUrl":"https:\/\/secure.gravatar.com\/avatar\/d9af2c27458acd834a2ba71216b3c70b3d550f58587654086a7e7c13f9ffa40c?s=96&d=mm&r=g","caption":"Albert Folch Naval\u00f3n"},"url":"https:\/\/afc.cat\/es\/author\/albertf2021\/"}]}},"_links":{"self":[{"href":"https:\/\/afc.cat\/es\/wp-json\/wp\/v2\/posts\/36671","targetHints":{"allow":["GET"]}}],"collection":[{"href":"https:\/\/afc.cat\/es\/wp-json\/wp\/v2\/posts"}],"about":[{"href":"https:\/\/afc.cat\/es\/wp-json\/wp\/v2\/types\/post"}],"author":[{"embeddable":true,"href":"https:\/\/afc.cat\/es\/wp-json\/wp\/v2\/users\/33"}],"replies":[{"embeddable":true,"href":"https:\/\/afc.cat\/es\/wp-json\/wp\/v2\/comments?post=36671"}],"version-history":[{"count":3,"href":"https:\/\/afc.cat\/es\/wp-json\/wp\/v2\/posts\/36671\/revisions"}],"predecessor-version":[{"id":36674,"href":"https:\/\/afc.cat\/es\/wp-json\/wp\/v2\/posts\/36671\/revisions\/36674"}],"wp:featuredmedia":[{"embeddable":true,"href":"https:\/\/afc.cat\/es\/wp-json\/wp\/v2\/media\/36669"}],"wp:attachment":[{"href":"https:\/\/afc.cat\/es\/wp-json\/wp\/v2\/media?parent=36671"}],"wp:term":[{"taxonomy":"category","embeddable":true,"href":"https:\/\/afc.cat\/es\/wp-json\/wp\/v2\/categories?post=36671"},{"taxonomy":"post_tag","embeddable":true,"href":"https:\/\/afc.cat\/es\/wp-json\/wp\/v2\/tags?post=36671"}],"curies":[{"name":"wp","href":"https:\/\/api.w.org\/{rel}","templated":true}]}}