{"id":37032,"date":"2024-02-23T17:35:10","date_gmt":"2024-02-23T15:35:10","guid":{"rendered":"https:\/\/afc.cat\/?p=37032"},"modified":"2024-02-23T17:37:39","modified_gmt":"2024-02-23T15:37:39","slug":"la-agrupacio-fotografica-de-catalunya-distinguida-por-el-ajuntament-de-barcelona","status":"publish","type":"post","link":"https:\/\/afc.cat\/es\/la-agrupacio-fotografica-de-catalunya-distinguida-por-el-ajuntament-de-barcelona\/","title":{"rendered":"La Agrupaci\u00f3 Fotogr\u00e0fica de Catalunya distinguida por el Ajuntament de Barcelona"},"content":{"rendered":"<div class=\"fusion-fullwidth fullwidth-box fusion-builder-row-1 fusion-flex-container nonhundred-percent-fullwidth non-hundred-percent-height-scrolling\" style=\"background-color: rgba(255,255,255,0);background-position: center center;background-repeat: no-repeat;border-width: 0px 0px 0px 0px;border-color:#ffffff;border-style:solid;\" ><div class=\"fusion-builder-row fusion-row fusion-flex-align-items-flex-start\" style=\"max-width:1300px;margin-left: calc(-4% \/ 2 );margin-right: calc(-4% \/ 2 );\"><div class=\"fusion-layout-column fusion_builder_column fusion-builder-column-0 fusion_builder_column_2_3 2_3 fusion-flex-column\"><div class=\"fusion-column-wrapper fusion-flex-justify-content-flex-start fusion-content-layout-column\" style=\"background-position:left top;background-repeat:no-repeat;-webkit-background-size:cover;-moz-background-size:cover;-o-background-size:cover;background-size:cover;padding: 0px 0px 0px 0px;\"><div class=\"fusion-text fusion-text-1\"><h2>La Agrupaci\u00f3 Fotogr\u00e0fica de Catalunya distinguida por el Ajuntament de Barcelona<\/h2>\n<p>Os informamos que ayer, d\u00eda 22 de febrero, se entregaron las distinciones para las 32 entidades centenarias entre las cuales se encuentra la Agrupaci\u00f3 Fotogr\u00e1fica de Catalunya, con la aprobaci\u00f3n por unanimidad del Consell Municipal que reconoce aquellas entidades que tengan cien a\u00f1os o m\u00e1s con una vinculaci\u00f3n acreditada con la ciudad de Barcelona. Las diferentes entidades reconocidas pertenecen a diferentes sectores tales como la educaci\u00f3n, la cultura, el deporte, el \u00e1mbito profesional, religi\u00f3n, acci\u00f3n social, etc.<\/p>\n<p>La distinci\u00f3n, entregada por el <strong>Alcalde de Barcelona Jaume\u00a0Collboni,<\/strong> ha sido recogida por el actual <strong>Presidente de la Agrupaci\u00f3, Pere Puigdollers,<\/strong> que ha sido acompa\u00f1ado en el acto celebrado en el Consell de Cent del Ajuntament por los anteriores presidentes de la entidad <strong>Francesca Portol\u00e9s, Josep Guindo<\/strong>, <strong>Andr\u00e9s Ferriz y Daniel Garc\u00eda.<\/strong><\/p>\n<p>Este acto, el \u00faltimo vinculado al Centenario de la Agrupaci\u00f3, ha estado, en palabras del Presidente de la Agrupaci\u00f3, \u201cun reconocimiento al trabajo de la Agrupaci\u00f3 y a todos sus miembros a lo largo de estos a\u00f1os\u201d.<\/p>\n<p>Bien cordialmente,<\/p>\n<p>Comunicaci\u00f3n<br \/>\ncomunicacio@afc.cat<\/p>\n<\/div><\/div><style type=\"text\/css\">.fusion-body .fusion-builder-column-0{width:66.666666666667% !important;margin-top : 0px;margin-bottom : 0px;}.fusion-builder-column-0 > .fusion-column-wrapper {padding-top : 0px !important;padding-right : 0px !important;margin-right : 3.84%;padding-bottom : 0px !important;padding-left : 0px !important;margin-left : 2.88%;}@media only screen and (max-width:1024px) {.fusion-body .fusion-builder-column-0{width:66.666666666667% !important;}.fusion-builder-column-0 > .fusion-column-wrapper {margin-right : 3.84%;margin-left : 2.88%;}}@media only screen and (max-width:640px) {.fusion-body .fusion-builder-column-0{width:100% !important;}.fusion-builder-column-0 > .fusion-column-wrapper {margin-right : 1.92%;margin-left : 1.92%;}}<\/style><\/div><div class=\"fusion-layout-column fusion_builder_column fusion-builder-column-1 fusion_builder_column_1_3 1_3 fusion-flex-column\"><div class=\"fusion-column-wrapper fusion-flex-justify-content-flex-start fusion-content-layout-column\" style=\"background-position:left top;background-repeat:no-repeat;-webkit-background-size:cover;-moz-background-size:cover;-o-background-size:cover;background-size:cover;padding: 0px 0px 0px 0px;\"><div ><span class=\" fusion-imageframe imageframe-none imageframe-1 hover-type-none\"><img decoding=\"async\" width=\"225\" height=\"300\" title=\"WhatsApp Image 2024-02-23 at 15.49.12 (2)\" src=\"https:\/\/afc.cat\/wp-content\/uploads\/2024\/02\/WhatsApp-Image-2024-02-23-at-15.49.12-2-225x300.jpeg\" alt class=\"img-responsive wp-image-37029\"\/><\/span><\/div><div class=\"fusion-text fusion-text-2\" style=\"text-align:center;font-size:13px;color:#adadad;\"><p style=\"text-align: center;\"><strong>\u00a9 Francesca Portol\u00e9s<\/strong><\/p>\n<\/div><\/div><style type=\"text\/css\">.fusion-body .fusion-builder-column-1{width:33.333333333333% !important;margin-top : 0px;margin-bottom : 0px;}.fusion-builder-column-1 > .fusion-column-wrapper {padding-top : 0px !important;padding-right : 0px !important;margin-right : 5.76%;padding-bottom : 0px !important;padding-left : 0px !important;margin-left : 3.84%;}@media only screen and (max-width:1024px) {.fusion-body .fusion-builder-column-1{width:33.333333333333% !important;}.fusion-builder-column-1 > .fusion-column-wrapper {margin-right : 5.76%;margin-left : 3.84%;}}@media only screen and (max-width:640px) {.fusion-body .fusion-builder-column-1{width:100% !important;}.fusion-builder-column-1 > .fusion-column-wrapper {margin-right : 1.92%;margin-left : 1.92%;}}<\/style><\/div><\/div><style type=\"text\/css\">.fusion-body .fusion-flex-container.fusion-builder-row-1{ padding-top : 0px;margin-top : 0px;padding-right : 0px;padding-bottom : 0px;margin-bottom : 0px;padding-left : 0px;}<\/style><\/div>\n","protected":false},"excerpt":{"rendered":"","protected":false},"author":47,"featured_media":37039,"comment_status":"closed","ping_status":"open","sticky":false,"template":"","format":"standard","meta":{"_acf_changed":false,"footnotes":""},"categories":[503],"tags":[],"class_list":["post-37032","post","type-post","status-publish","format-standard","has-post-thumbnail","hentry","category-centenario"],"acf":[],"yoast_head":"<!-- This site is optimized with the Yoast SEO plugin v27.5 - https:\/\/yoast.com\/product\/yoast-seo-wordpress\/ -->\n<title>La Agrupaci\u00f3 Fotogr\u00e0fica de Catalunya distinguida por el Ajuntament de Barcelona - Agrupaci\u00f3 Fotogr\u00e0fica de Catalunya<\/title>\n<meta name=\"robots\" content=\"index, follow, max-snippet:-1, max-image-preview:large, max-video-preview:-1\" \/>\n<link rel=\"canonical\" href=\"https:\/\/afc.cat\/es\/la-agrupacio-fotografica-de-catalunya-distinguida-por-el-ajuntament-de-barcelona\/\" \/>\n<meta property=\"og:locale\" content=\"es_ES\" \/>\n<meta property=\"og:type\" content=\"article\" \/>\n<meta property=\"og:title\" content=\"La Agrupaci\u00f3 Fotogr\u00e0fica de Catalunya distinguida por el Ajuntament de Barcelona - Agrupaci\u00f3 Fotogr\u00e0fica de Catalunya\" \/>\n<meta property=\"og:url\" content=\"https:\/\/afc.cat\/es\/la-agrupacio-fotografica-de-catalunya-distinguida-por-el-ajuntament-de-barcelona\/\" \/>\n<meta property=\"og:site_name\" content=\"Agrupaci\u00f3 Fotogr\u00e0fica de Catalunya\" \/>\n<meta property=\"article:published_time\" content=\"2024-02-23T15:35:10+00:00\" \/>\n<meta property=\"article:modified_time\" content=\"2024-02-23T15:37:39+00:00\" \/>\n<meta property=\"og:image\" content=\"https:\/\/afc.cat\/wp-content\/uploads\/2024\/02\/WhatsApp-Image-2024-02-23-at-15.49.12-1-e1708702420383.jpeg\" \/>\n\t<meta property=\"og:image:width\" content=\"2048\" \/>\n\t<meta property=\"og:image:height\" content=\"1914\" \/>\n\t<meta property=\"og:image:type\" content=\"image\/jpeg\" \/>\n<meta name=\"author\" content=\"M\u00f2nica Rodr\u00edguez\" \/>\n<meta name=\"twitter:card\" content=\"summary_large_image\" \/>\n<meta name=\"twitter:label1\" content=\"Escrito por\" \/>\n\t<meta name=\"twitter:data1\" content=\"M\u00f2nica Rodr\u00edguez\" \/>\n\t<meta name=\"twitter:label2\" content=\"Tiempo de lectura\" \/>\n\t<meta name=\"twitter:data2\" content=\"4 minutos\" \/>\n<script type=\"application\/ld+json\" class=\"yoast-schema-graph\">{\"@context\":\"https:\\\/\\\/schema.org\",\"@graph\":[{\"@type\":\"Article\",\"@id\":\"https:\\\/\\\/afc.cat\\\/es\\\/la-agrupacio-fotografica-de-catalunya-distinguida-por-el-ajuntament-de-barcelona\\\/#article\",\"isPartOf\":{\"@id\":\"https:\\\/\\\/afc.cat\\\/es\\\/la-agrupacio-fotografica-de-catalunya-distinguida-por-el-ajuntament-de-barcelona\\\/\"},\"author\":{\"name\":\"M\u00f2nica Rodr\u00edguez\",\"@id\":\"https:\\\/\\\/afc.cat\\\/es\\\/#\\\/schema\\\/person\\\/b914cefdd3d691831c5675292da9496a\"},\"headline\":\"La Agrupaci\u00f3 Fotogr\u00e0fica de Catalunya distinguida por el Ajuntament de Barcelona\",\"datePublished\":\"2024-02-23T15:35:10+00:00\",\"dateModified\":\"2024-02-23T15:37:39+00:00\",\"mainEntityOfPage\":{\"@id\":\"https:\\\/\\\/afc.cat\\\/es\\\/la-agrupacio-fotografica-de-catalunya-distinguida-por-el-ajuntament-de-barcelona\\\/\"},\"wordCount\":898,\"image\":{\"@id\":\"https:\\\/\\\/afc.cat\\\/es\\\/la-agrupacio-fotografica-de-catalunya-distinguida-por-el-ajuntament-de-barcelona\\\/#primaryimage\"},\"thumbnailUrl\":\"https:\\\/\\\/afc.cat\\\/wp-content\\\/uploads\\\/2024\\\/02\\\/WhatsApp-Image-2024-02-23-at-15.49.12-1-e1708702420383.jpeg\",\"articleSection\":[\"Centenario\"],\"inLanguage\":\"es\"},{\"@type\":\"WebPage\",\"@id\":\"https:\\\/\\\/afc.cat\\\/es\\\/la-agrupacio-fotografica-de-catalunya-distinguida-por-el-ajuntament-de-barcelona\\\/\",\"url\":\"https:\\\/\\\/afc.cat\\\/es\\\/la-agrupacio-fotografica-de-catalunya-distinguida-por-el-ajuntament-de-barcelona\\\/\",\"name\":\"La Agrupaci\u00f3 Fotogr\u00e0fica de Catalunya distinguida por el Ajuntament de Barcelona - Agrupaci\u00f3 Fotogr\u00e0fica de Catalunya\",\"isPartOf\":{\"@id\":\"https:\\\/\\\/afc.cat\\\/es\\\/#website\"},\"primaryImageOfPage\":{\"@id\":\"https:\\\/\\\/afc.cat\\\/es\\\/la-agrupacio-fotografica-de-catalunya-distinguida-por-el-ajuntament-de-barcelona\\\/#primaryimage\"},\"image\":{\"@id\":\"https:\\\/\\\/afc.cat\\\/es\\\/la-agrupacio-fotografica-de-catalunya-distinguida-por-el-ajuntament-de-barcelona\\\/#primaryimage\"},\"thumbnailUrl\":\"https:\\\/\\\/afc.cat\\\/wp-content\\\/uploads\\\/2024\\\/02\\\/WhatsApp-Image-2024-02-23-at-15.49.12-1-e1708702420383.jpeg\",\"datePublished\":\"2024-02-23T15:35:10+00:00\",\"dateModified\":\"2024-02-23T15:37:39+00:00\",\"author\":{\"@id\":\"https:\\\/\\\/afc.cat\\\/es\\\/#\\\/schema\\\/person\\\/b914cefdd3d691831c5675292da9496a\"},\"breadcrumb\":{\"@id\":\"https:\\\/\\\/afc.cat\\\/es\\\/la-agrupacio-fotografica-de-catalunya-distinguida-por-el-ajuntament-de-barcelona\\\/#breadcrumb\"},\"inLanguage\":\"es\",\"potentialAction\":[{\"@type\":\"ReadAction\",\"target\":[\"https:\\\/\\\/afc.cat\\\/es\\\/la-agrupacio-fotografica-de-catalunya-distinguida-por-el-ajuntament-de-barcelona\\\/\"]}]},{\"@type\":\"ImageObject\",\"inLanguage\":\"es\",\"@id\":\"https:\\\/\\\/afc.cat\\\/es\\\/la-agrupacio-fotografica-de-catalunya-distinguida-por-el-ajuntament-de-barcelona\\\/#primaryimage\",\"url\":\"https:\\\/\\\/afc.cat\\\/wp-content\\\/uploads\\\/2024\\\/02\\\/WhatsApp-Image-2024-02-23-at-15.49.12-1-e1708702420383.jpeg\",\"contentUrl\":\"https:\\\/\\\/afc.cat\\\/wp-content\\\/uploads\\\/2024\\\/02\\\/WhatsApp-Image-2024-02-23-at-15.49.12-1-e1708702420383.jpeg\",\"width\":2048,\"height\":1914},{\"@type\":\"BreadcrumbList\",\"@id\":\"https:\\\/\\\/afc.cat\\\/es\\\/la-agrupacio-fotografica-de-catalunya-distinguida-por-el-ajuntament-de-barcelona\\\/#breadcrumb\",\"itemListElement\":[{\"@type\":\"ListItem\",\"position\":1,\"name\":\"Inicio\",\"item\":\"https:\\\/\\\/afc.cat\\\/es\\\/\"},{\"@type\":\"ListItem\",\"position\":2,\"name\":\"La Agrupaci\u00f3 Fotogr\u00e0fica de Catalunya distinguida por el Ajuntament de Barcelona\"}]},{\"@type\":\"WebSite\",\"@id\":\"https:\\\/\\\/afc.cat\\\/es\\\/#website\",\"url\":\"https:\\\/\\\/afc.cat\\\/es\\\/\",\"name\":\"Agrupaci\u00f3 Fotogr\u00e0fica de Catalunya\",\"description\":\"Fomento y divulgaci\u00f3n de la fotograf\u00eda en todas sus variedades\",\"potentialAction\":[{\"@type\":\"SearchAction\",\"target\":{\"@type\":\"EntryPoint\",\"urlTemplate\":\"https:\\\/\\\/afc.cat\\\/es\\\/?s={search_term_string}\"},\"query-input\":{\"@type\":\"PropertyValueSpecification\",\"valueRequired\":true,\"valueName\":\"search_term_string\"}}],\"inLanguage\":\"es\"},{\"@type\":\"Person\",\"@id\":\"https:\\\/\\\/afc.cat\\\/es\\\/#\\\/schema\\\/person\\\/b914cefdd3d691831c5675292da9496a\",\"name\":\"M\u00f2nica Rodr\u00edguez\",\"image\":{\"@type\":\"ImageObject\",\"inLanguage\":\"es\",\"@id\":\"https:\\\/\\\/secure.gravatar.com\\\/avatar\\\/dfc2b3f253d78a099cd1a6fca15dfcfafa251514d62e7dfd96d3a013321b382c?s=96&d=mm&r=g\",\"url\":\"https:\\\/\\\/secure.gravatar.com\\\/avatar\\\/dfc2b3f253d78a099cd1a6fca15dfcfafa251514d62e7dfd96d3a013321b382c?s=96&d=mm&r=g\",\"contentUrl\":\"https:\\\/\\\/secure.gravatar.com\\\/avatar\\\/dfc2b3f253d78a099cd1a6fca15dfcfafa251514d62e7dfd96d3a013321b382c?s=96&d=mm&r=g\",\"caption\":\"M\u00f2nica Rodr\u00edguez\"},\"url\":\"https:\\\/\\\/afc.cat\\\/es\\\/author\\\/secretariaconsellafc\\\/\"}]}<\/script>\n<!-- \/ Yoast SEO plugin. -->","yoast_head_json":{"title":"La Agrupaci\u00f3 Fotogr\u00e0fica de Catalunya distinguida por el Ajuntament de Barcelona - Agrupaci\u00f3 Fotogr\u00e0fica de Catalunya","robots":{"index":"index","follow":"follow","max-snippet":"max-snippet:-1","max-image-preview":"max-image-preview:large","max-video-preview":"max-video-preview:-1"},"canonical":"https:\/\/afc.cat\/es\/la-agrupacio-fotografica-de-catalunya-distinguida-por-el-ajuntament-de-barcelona\/","og_locale":"es_ES","og_type":"article","og_title":"La Agrupaci\u00f3 Fotogr\u00e0fica de Catalunya distinguida por el Ajuntament de Barcelona - Agrupaci\u00f3 Fotogr\u00e0fica de Catalunya","og_url":"https:\/\/afc.cat\/es\/la-agrupacio-fotografica-de-catalunya-distinguida-por-el-ajuntament-de-barcelona\/","og_site_name":"Agrupaci\u00f3 Fotogr\u00e0fica de Catalunya","article_published_time":"2024-02-23T15:35:10+00:00","article_modified_time":"2024-02-23T15:37:39+00:00","og_image":[{"width":2048,"height":1914,"url":"https:\/\/afc.cat\/wp-content\/uploads\/2024\/02\/WhatsApp-Image-2024-02-23-at-15.49.12-1-e1708702420383.jpeg","type":"image\/jpeg"}],"author":"M\u00f2nica Rodr\u00edguez","twitter_card":"summary_large_image","twitter_misc":{"Escrito por":"M\u00f2nica Rodr\u00edguez","Tiempo de lectura":"4 minutos"},"schema":{"@context":"https:\/\/schema.org","@graph":[{"@type":"Article","@id":"https:\/\/afc.cat\/es\/la-agrupacio-fotografica-de-catalunya-distinguida-por-el-ajuntament-de-barcelona\/#article","isPartOf":{"@id":"https:\/\/afc.cat\/es\/la-agrupacio-fotografica-de-catalunya-distinguida-por-el-ajuntament-de-barcelona\/"},"author":{"name":"M\u00f2nica Rodr\u00edguez","@id":"https:\/\/afc.cat\/es\/#\/schema\/person\/b914cefdd3d691831c5675292da9496a"},"headline":"La Agrupaci\u00f3 Fotogr\u00e0fica de Catalunya distinguida por el Ajuntament de Barcelona","datePublished":"2024-02-23T15:35:10+00:00","dateModified":"2024-02-23T15:37:39+00:00","mainEntityOfPage":{"@id":"https:\/\/afc.cat\/es\/la-agrupacio-fotografica-de-catalunya-distinguida-por-el-ajuntament-de-barcelona\/"},"wordCount":898,"image":{"@id":"https:\/\/afc.cat\/es\/la-agrupacio-fotografica-de-catalunya-distinguida-por-el-ajuntament-de-barcelona\/#primaryimage"},"thumbnailUrl":"https:\/\/afc.cat\/wp-content\/uploads\/2024\/02\/WhatsApp-Image-2024-02-23-at-15.49.12-1-e1708702420383.jpeg","articleSection":["Centenario"],"inLanguage":"es"},{"@type":"WebPage","@id":"https:\/\/afc.cat\/es\/la-agrupacio-fotografica-de-catalunya-distinguida-por-el-ajuntament-de-barcelona\/","url":"https:\/\/afc.cat\/es\/la-agrupacio-fotografica-de-catalunya-distinguida-por-el-ajuntament-de-barcelona\/","name":"La Agrupaci\u00f3 Fotogr\u00e0fica de Catalunya distinguida por el Ajuntament de Barcelona - Agrupaci\u00f3 Fotogr\u00e0fica de Catalunya","isPartOf":{"@id":"https:\/\/afc.cat\/es\/#website"},"primaryImageOfPage":{"@id":"https:\/\/afc.cat\/es\/la-agrupacio-fotografica-de-catalunya-distinguida-por-el-ajuntament-de-barcelona\/#primaryimage"},"image":{"@id":"https:\/\/afc.cat\/es\/la-agrupacio-fotografica-de-catalunya-distinguida-por-el-ajuntament-de-barcelona\/#primaryimage"},"thumbnailUrl":"https:\/\/afc.cat\/wp-content\/uploads\/2024\/02\/WhatsApp-Image-2024-02-23-at-15.49.12-1-e1708702420383.jpeg","datePublished":"2024-02-23T15:35:10+00:00","dateModified":"2024-02-23T15:37:39+00:00","author":{"@id":"https:\/\/afc.cat\/es\/#\/schema\/person\/b914cefdd3d691831c5675292da9496a"},"breadcrumb":{"@id":"https:\/\/afc.cat\/es\/la-agrupacio-fotografica-de-catalunya-distinguida-por-el-ajuntament-de-barcelona\/#breadcrumb"},"inLanguage":"es","potentialAction":[{"@type":"ReadAction","target":["https:\/\/afc.cat\/es\/la-agrupacio-fotografica-de-catalunya-distinguida-por-el-ajuntament-de-barcelona\/"]}]},{"@type":"ImageObject","inLanguage":"es","@id":"https:\/\/afc.cat\/es\/la-agrupacio-fotografica-de-catalunya-distinguida-por-el-ajuntament-de-barcelona\/#primaryimage","url":"https:\/\/afc.cat\/wp-content\/uploads\/2024\/02\/WhatsApp-Image-2024-02-23-at-15.49.12-1-e1708702420383.jpeg","contentUrl":"https:\/\/afc.cat\/wp-content\/uploads\/2024\/02\/WhatsApp-Image-2024-02-23-at-15.49.12-1-e1708702420383.jpeg","width":2048,"height":1914},{"@type":"BreadcrumbList","@id":"https:\/\/afc.cat\/es\/la-agrupacio-fotografica-de-catalunya-distinguida-por-el-ajuntament-de-barcelona\/#breadcrumb","itemListElement":[{"@type":"ListItem","position":1,"name":"Inicio","item":"https:\/\/afc.cat\/es\/"},{"@type":"ListItem","position":2,"name":"La Agrupaci\u00f3 Fotogr\u00e0fica de Catalunya distinguida por el Ajuntament de Barcelona"}]},{"@type":"WebSite","@id":"https:\/\/afc.cat\/es\/#website","url":"https:\/\/afc.cat\/es\/","name":"Agrupaci\u00f3 Fotogr\u00e0fica de Catalunya","description":"Fomento y divulgaci\u00f3n de la fotograf\u00eda en todas sus variedades","potentialAction":[{"@type":"SearchAction","target":{"@type":"EntryPoint","urlTemplate":"https:\/\/afc.cat\/es\/?s={search_term_string}"},"query-input":{"@type":"PropertyValueSpecification","valueRequired":true,"valueName":"search_term_string"}}],"inLanguage":"es"},{"@type":"Person","@id":"https:\/\/afc.cat\/es\/#\/schema\/person\/b914cefdd3d691831c5675292da9496a","name":"M\u00f2nica Rodr\u00edguez","image":{"@type":"ImageObject","inLanguage":"es","@id":"https:\/\/secure.gravatar.com\/avatar\/dfc2b3f253d78a099cd1a6fca15dfcfafa251514d62e7dfd96d3a013321b382c?s=96&d=mm&r=g","url":"https:\/\/secure.gravatar.com\/avatar\/dfc2b3f253d78a099cd1a6fca15dfcfafa251514d62e7dfd96d3a013321b382c?s=96&d=mm&r=g","contentUrl":"https:\/\/secure.gravatar.com\/avatar\/dfc2b3f253d78a099cd1a6fca15dfcfafa251514d62e7dfd96d3a013321b382c?s=96&d=mm&r=g","caption":"M\u00f2nica Rodr\u00edguez"},"url":"https:\/\/afc.cat\/es\/author\/secretariaconsellafc\/"}]}},"_links":{"self":[{"href":"https:\/\/afc.cat\/es\/wp-json\/wp\/v2\/posts\/37032","targetHints":{"allow":["GET"]}}],"collection":[{"href":"https:\/\/afc.cat\/es\/wp-json\/wp\/v2\/posts"}],"about":[{"href":"https:\/\/afc.cat\/es\/wp-json\/wp\/v2\/types\/post"}],"author":[{"embeddable":true,"href":"https:\/\/afc.cat\/es\/wp-json\/wp\/v2\/users\/47"}],"replies":[{"embeddable":true,"href":"https:\/\/afc.cat\/es\/wp-json\/wp\/v2\/comments?post=37032"}],"version-history":[{"count":1,"href":"https:\/\/afc.cat\/es\/wp-json\/wp\/v2\/posts\/37032\/revisions"}],"predecessor-version":[{"id":37033,"href":"https:\/\/afc.cat\/es\/wp-json\/wp\/v2\/posts\/37032\/revisions\/37033"}],"wp:featuredmedia":[{"embeddable":true,"href":"https:\/\/afc.cat\/es\/wp-json\/wp\/v2\/media\/37039"}],"wp:attachment":[{"href":"https:\/\/afc.cat\/es\/wp-json\/wp\/v2\/media?parent=37032"}],"wp:term":[{"taxonomy":"category","embeddable":true,"href":"https:\/\/afc.cat\/es\/wp-json\/wp\/v2\/categories?post=37032"},{"taxonomy":"post_tag","embeddable":true,"href":"https:\/\/afc.cat\/es\/wp-json\/wp\/v2\/tags?post=37032"}],"curies":[{"name":"wp","href":"https:\/\/api.w.org\/{rel}","templated":true}]}}