{"id":37058,"date":"2024-02-26T00:06:57","date_gmt":"2024-02-25T22:06:57","guid":{"rendered":"https:\/\/afc.cat\/visita-guiada-de-lexposicio-the-animals\/"},"modified":"2024-02-26T00:29:56","modified_gmt":"2024-02-25T22:29:56","slug":"visita-guiada-a-la-exposicion-the-animals","status":"publish","type":"post","link":"https:\/\/afc.cat\/es\/visita-guiada-a-la-exposicion-the-animals\/","title":{"rendered":"Visita guiada a la exposici\u00f3n \u201cThe Animals\u201d"},"content":{"rendered":"<div class=\"fusion-fullwidth fullwidth-box fusion-builder-row-1 fusion-flex-container nonhundred-percent-fullwidth non-hundred-percent-height-scrolling\" style=\"background-color: rgba(255,255,255,0);background-position: center center;background-repeat: no-repeat;border-width: 0px 0px 0px 0px;border-color:#ffffff;border-style:solid;\" ><div class=\"fusion-builder-row fusion-row fusion-flex-align-items-flex-start\" style=\"max-width:1300px;margin-left: calc(-4% \/ 2 );margin-right: calc(-4% \/ 2 );\"><div class=\"fusion-layout-column fusion_builder_column fusion-builder-column-0 fusion_builder_column_2_3 2_3 fusion-flex-column\"><div class=\"fusion-column-wrapper fusion-flex-justify-content-flex-start fusion-content-layout-column\" style=\"background-position:left top;background-repeat:no-repeat;-webkit-background-size:cover;-moz-background-size:cover;-o-background-size:cover;background-size:cover;padding: 0px 0px 0px 0px;\"><div class=\"fusion-text fusion-text-1\"><h2>Visitada la exposici\u00f3n \u201cThe Animals\u201d de la fot\u00f3grafa Estela de Castro<\/h2>\n<p>El jueves 22 de febrero disfrutamos de la visita guiada de la <strong>exposici\u00f3n \u201cThe Animals\u201d<\/strong> de la <strong>fot\u00f3grafa Estela de Castro<\/strong>, en la <strong>galer\u00eda Wonder Photo Shop<\/strong> de los Jardinets de Gr\u00e0cia.<\/p>\n<p><strong>Manuel Arenas<\/strong>, Project Maneger de <strong>Fujifilm<\/strong> nos recibi\u00f3 y nos dio una extensa explicaci\u00f3n sobre la fot\u00f3grafa y la magn\u00edfica exposici\u00f3n en un largo recorrido por las obras.<\/p>\n<p>Unas fotograf\u00edas donde Estela hace unos retratos impresionantes de animales, todos ellos maltratados, explotados, abandonados.<br \/>\nLa dignidad con la que se muestran los animales no esconde el drama que esconden. Belleza concienciadora que no nos dej\u00f3 indiferentes.<\/p>\n<p>Os esperamos en la pr\u00f3xima visita.<\/p>\n<p><strong>Francesc Soldevila<\/strong><br \/>\n<strong>Vocal\u00eda de Cultura.<\/strong><\/p>\n<p>22\/02\/2024<\/p>\n<\/div><style type=\"text\/css\">.fusion-gallery-1 .fusion-gallery-image {border:0px solid #e2e2e2;}<\/style><div class=\"fusion-gallery fusion-gallery-container fusion-grid-3 fusion-columns-total-6 fusion-gallery-layout-grid fusion-gallery-1\" style=\"margin:-5px;\"><div style=\"padding:5px;\" class=\"fusion-grid-column fusion-gallery-column fusion-gallery-column-3 hover-type-none\"><div class=\"fusion-gallery-image\"><a href=\"https:\/\/afc.cat\/wp-content\/uploads\/2024\/02\/IMG-20240223-WA0023.jpg\" rel=\"noreferrer\" data-rel=\"iLightbox[gallery_image_1]\" class=\"fusion-lightbox\" target=\"_self\"><img decoding=\"async\" src=\"https:\/\/afc.cat\/wp-content\/uploads\/2024\/02\/IMG-20240223-WA0023-460x295.jpg\" width=\"460\" height=\"295\" alt=\"\" title=\"IMG-20240223-WA0023\" aria-label=\"IMG-20240223-WA0023\" class=\"img-responsive wp-image-37042 fusion-gallery-image-size-fixed\" \/><\/a><\/div><\/div><div style=\"padding:5px;\" class=\"fusion-grid-column fusion-gallery-column fusion-gallery-column-3 hover-type-none\"><div class=\"fusion-gallery-image\"><a href=\"https:\/\/afc.cat\/wp-content\/uploads\/2024\/02\/IMG-20240223-WA0021.jpg\" rel=\"noreferrer\" data-rel=\"iLightbox[gallery_image_1]\" class=\"fusion-lightbox\" target=\"_self\"><img decoding=\"async\" src=\"https:\/\/afc.cat\/wp-content\/uploads\/2024\/02\/IMG-20240223-WA0021-460x295.jpg\" width=\"460\" height=\"295\" alt=\"\" title=\"IMG-20240223-WA0021\" aria-label=\"IMG-20240223-WA0021\" class=\"img-responsive wp-image-37044 fusion-gallery-image-size-fixed\" \/><\/a><\/div><\/div><div style=\"padding:5px;\" class=\"fusion-grid-column fusion-gallery-column fusion-gallery-column-3 hover-type-none\"><div class=\"fusion-gallery-image\"><a href=\"https:\/\/afc.cat\/wp-content\/uploads\/2024\/02\/IMG-20240223-WA0024.jpg\" rel=\"noreferrer\" data-rel=\"iLightbox[gallery_image_1]\" class=\"fusion-lightbox\" target=\"_self\"><img decoding=\"async\" src=\"https:\/\/afc.cat\/wp-content\/uploads\/2024\/02\/IMG-20240223-WA0024-460x295.jpg\" width=\"460\" height=\"295\" alt=\"\" title=\"IMG-20240223-WA0024\" aria-label=\"IMG-20240223-WA0024\" class=\"img-responsive wp-image-37046 fusion-gallery-image-size-fixed\" \/><\/a><\/div><\/div><div class=\"clearfix\"><\/div><div style=\"padding:5px;\" class=\"fusion-grid-column fusion-gallery-column fusion-gallery-column-3 hover-type-none\"><div class=\"fusion-gallery-image\"><a href=\"https:\/\/afc.cat\/wp-content\/uploads\/2024\/02\/IMG-20240223-WA0020.jpg\" rel=\"noreferrer\" data-rel=\"iLightbox[gallery_image_1]\" class=\"fusion-lightbox\" target=\"_self\"><img decoding=\"async\" src=\"https:\/\/afc.cat\/wp-content\/uploads\/2024\/02\/IMG-20240223-WA0020-460x295.jpg\" width=\"460\" height=\"295\" alt=\"\" title=\"IMG-20240223-WA0020\" aria-label=\"IMG-20240223-WA0020\" class=\"img-responsive wp-image-37048 fusion-gallery-image-size-fixed\" \/><\/a><\/div><\/div><div style=\"padding:5px;\" class=\"fusion-grid-column fusion-gallery-column fusion-gallery-column-3 hover-type-none\"><div class=\"fusion-gallery-image\"><a href=\"https:\/\/afc.cat\/wp-content\/uploads\/2024\/02\/IMG-20240223-WA0019.jpg\" rel=\"noreferrer\" data-rel=\"iLightbox[gallery_image_1]\" class=\"fusion-lightbox\" target=\"_self\"><img decoding=\"async\" src=\"https:\/\/afc.cat\/wp-content\/uploads\/2024\/02\/IMG-20240223-WA0019-460x295.jpg\" width=\"460\" height=\"295\" alt=\"\" title=\"IMG-20240223-WA0019\" aria-label=\"IMG-20240223-WA0019\" class=\"img-responsive wp-image-37050 fusion-gallery-image-size-fixed\" \/><\/a><\/div><\/div><div style=\"padding:5px;\" class=\"fusion-grid-column fusion-gallery-column fusion-gallery-column-3 hover-type-none\"><div class=\"fusion-gallery-image\"><a href=\"https:\/\/afc.cat\/wp-content\/uploads\/2024\/02\/IMG-20240223-WA0022.jpg\" rel=\"noreferrer\" data-rel=\"iLightbox[gallery_image_1]\" class=\"fusion-lightbox\" target=\"_self\"><img decoding=\"async\" src=\"https:\/\/afc.cat\/wp-content\/uploads\/2024\/02\/IMG-20240223-WA0022-460x295.jpg\" width=\"460\" height=\"295\" alt=\"\" title=\"IMG-20240223-WA0022\" aria-label=\"IMG-20240223-WA0022\" class=\"img-responsive wp-image-37052 fusion-gallery-image-size-fixed\" \/><\/a><\/div><\/div><div class=\"clearfix\"><\/div><\/div><div class=\"fusion-text fusion-text-2\" style=\"font-size:13px;\"><p style=\"text-align: center;\">Fotos: Francesc Soldevila<\/p>\n<\/div><\/div><style type=\"text\/css\">.fusion-body .fusion-builder-column-0{width:66.666666666667% !important;margin-top : 0px;margin-bottom : 0px;}.fusion-builder-column-0 > .fusion-column-wrapper {padding-top : 0px !important;padding-right : 0px !important;margin-right : 3.84%;padding-bottom : 0px !important;padding-left : 0px !important;margin-left : 2.88%;}@media only screen and (max-width:1024px) {.fusion-body .fusion-builder-column-0{width:66.666666666667% !important;}.fusion-builder-column-0 > .fusion-column-wrapper {margin-right : 3.84%;margin-left : 2.88%;}}@media only screen and (max-width:640px) {.fusion-body .fusion-builder-column-0{width:100% !important;}.fusion-builder-column-0 > .fusion-column-wrapper {margin-right : 1.92%;margin-left : 1.92%;}}<\/style><\/div><div class=\"fusion-layout-column fusion_builder_column fusion-builder-column-1 fusion_builder_column_1_3 1_3 fusion-flex-column\"><div class=\"fusion-column-wrapper fusion-flex-justify-content-flex-start fusion-content-layout-column\" style=\"background-position:left top;background-repeat:no-repeat;-webkit-background-size:cover;-moz-background-size:cover;-o-background-size:cover;background-size:cover;padding: 0px 0px 0px 0px;\"><div ><span class=\" fusion-imageframe imageframe-none imageframe-1 hover-type-none\"><img decoding=\"async\" width=\"2048\" height=\"1536\" title=\"IMG-20240223-WA0022\" src=\"https:\/\/afc.cat\/wp-content\/uploads\/2024\/02\/IMG-20240223-WA0022.jpg\" alt class=\"img-responsive wp-image-37053\" srcset=\"https:\/\/afc.cat\/wp-content\/uploads\/2024\/02\/IMG-20240223-WA0022-200x150.jpg 200w, https:\/\/afc.cat\/wp-content\/uploads\/2024\/02\/IMG-20240223-WA0022-400x300.jpg 400w, https:\/\/afc.cat\/wp-content\/uploads\/2024\/02\/IMG-20240223-WA0022-600x450.jpg 600w, https:\/\/afc.cat\/wp-content\/uploads\/2024\/02\/IMG-20240223-WA0022-800x600.jpg 800w, https:\/\/afc.cat\/wp-content\/uploads\/2024\/02\/IMG-20240223-WA0022-1200x900.jpg 1200w, https:\/\/afc.cat\/wp-content\/uploads\/2024\/02\/IMG-20240223-WA0022.jpg 2048w\" sizes=\"(max-width: 640px) 100vw, 400px\" \/><\/span><\/div><\/div><style type=\"text\/css\">.fusion-body .fusion-builder-column-1{width:33.333333333333% !important;margin-top : 0px;margin-bottom : 0px;}.fusion-builder-column-1 > .fusion-column-wrapper {padding-top : 0px !important;padding-right : 0px !important;margin-right : 5.76%;padding-bottom : 0px !important;padding-left : 0px !important;margin-left : 3.84%;}@media only screen and (max-width:1024px) {.fusion-body .fusion-builder-column-1{width:33.333333333333% !important;}.fusion-builder-column-1 > .fusion-column-wrapper {margin-right : 5.76%;margin-left : 3.84%;}}@media only screen and (max-width:640px) {.fusion-body .fusion-builder-column-1{width:100% !important;}.fusion-builder-column-1 > .fusion-column-wrapper {margin-right : 1.92%;margin-left : 1.92%;}}<\/style><\/div><\/div><style type=\"text\/css\">.fusion-body .fusion-flex-container.fusion-builder-row-1{ padding-top : 0px;margin-top : 0px;padding-right : 0px;padding-bottom : 0px;margin-bottom : 0px;padding-left : 0px;}<\/style><\/div>\n","protected":false},"excerpt":{"rendered":"","protected":false},"author":33,"featured_media":37057,"comment_status":"closed","ping_status":"open","sticky":false,"template":"","format":"standard","meta":{"_acf_changed":false,"footnotes":""},"categories":[55],"tags":[],"class_list":["post-37058","post","type-post","status-publish","format-standard","has-post-thumbnail","hentry","category-exposiciones"],"acf":[],"yoast_head":"<!-- This site is optimized with the Yoast SEO plugin v27.5 - https:\/\/yoast.com\/product\/yoast-seo-wordpress\/ -->\n<title>Visita guiada a la exposici\u00f3n \u201cThe Animals\u201d - Agrupaci\u00f3 Fotogr\u00e0fica de Catalunya<\/title>\n<meta name=\"robots\" content=\"index, follow, max-snippet:-1, max-image-preview:large, max-video-preview:-1\" \/>\n<link rel=\"canonical\" href=\"https:\/\/afc.cat\/es\/visita-guiada-a-la-exposicion-the-animals\/\" \/>\n<meta property=\"og:locale\" content=\"es_ES\" \/>\n<meta property=\"og:type\" content=\"article\" \/>\n<meta property=\"og:title\" content=\"Visita guiada a la exposici\u00f3n \u201cThe Animals\u201d - Agrupaci\u00f3 Fotogr\u00e0fica de Catalunya\" \/>\n<meta property=\"og:url\" content=\"https:\/\/afc.cat\/es\/visita-guiada-a-la-exposicion-the-animals\/\" \/>\n<meta property=\"og:site_name\" content=\"Agrupaci\u00f3 Fotogr\u00e0fica de Catalunya\" \/>\n<meta property=\"article:published_time\" content=\"2024-02-25T22:06:57+00:00\" \/>\n<meta property=\"article:modified_time\" content=\"2024-02-25T22:29:56+00:00\" \/>\n<meta property=\"og:image\" content=\"https:\/\/afc.cat\/wp-content\/uploads\/2024\/02\/expo-the-animals.jpg\" \/>\n\t<meta property=\"og:image:width\" content=\"400\" \/>\n\t<meta property=\"og:image:height\" content=\"275\" \/>\n\t<meta property=\"og:image:type\" content=\"image\/jpeg\" \/>\n<meta name=\"author\" content=\"Albert Folch Naval\u00f3n\" \/>\n<meta name=\"twitter:card\" content=\"summary_large_image\" \/>\n<meta name=\"twitter:label1\" content=\"Escrito por\" \/>\n\t<meta name=\"twitter:data1\" content=\"Albert Folch Naval\u00f3n\" \/>\n\t<meta name=\"twitter:label2\" content=\"Tiempo de lectura\" \/>\n\t<meta name=\"twitter:data2\" content=\"5 minutos\" \/>\n<script type=\"application\/ld+json\" class=\"yoast-schema-graph\">{\"@context\":\"https:\\\/\\\/schema.org\",\"@graph\":[{\"@type\":\"Article\",\"@id\":\"https:\\\/\\\/afc.cat\\\/es\\\/visita-guiada-a-la-exposicion-the-animals\\\/#article\",\"isPartOf\":{\"@id\":\"https:\\\/\\\/afc.cat\\\/es\\\/visita-guiada-a-la-exposicion-the-animals\\\/\"},\"author\":{\"name\":\"Albert Folch Naval\u00f3n\",\"@id\":\"https:\\\/\\\/afc.cat\\\/es\\\/#\\\/schema\\\/person\\\/2868ff3362c6c568af6bbef21aab18a6\"},\"headline\":\"Visita guiada a la exposici\u00f3n \u201cThe Animals\u201d\",\"datePublished\":\"2024-02-25T22:06:57+00:00\",\"dateModified\":\"2024-02-25T22:29:56+00:00\",\"mainEntityOfPage\":{\"@id\":\"https:\\\/\\\/afc.cat\\\/es\\\/visita-guiada-a-la-exposicion-the-animals\\\/\"},\"wordCount\":1067,\"image\":{\"@id\":\"https:\\\/\\\/afc.cat\\\/es\\\/visita-guiada-a-la-exposicion-the-animals\\\/#primaryimage\"},\"thumbnailUrl\":\"https:\\\/\\\/afc.cat\\\/wp-content\\\/uploads\\\/2024\\\/02\\\/expo-the-animals.jpg\",\"articleSection\":[\"Exposiciones\"],\"inLanguage\":\"es\"},{\"@type\":\"WebPage\",\"@id\":\"https:\\\/\\\/afc.cat\\\/es\\\/visita-guiada-a-la-exposicion-the-animals\\\/\",\"url\":\"https:\\\/\\\/afc.cat\\\/es\\\/visita-guiada-a-la-exposicion-the-animals\\\/\",\"name\":\"Visita guiada a la exposici\u00f3n \u201cThe Animals\u201d - Agrupaci\u00f3 Fotogr\u00e0fica de Catalunya\",\"isPartOf\":{\"@id\":\"https:\\\/\\\/afc.cat\\\/es\\\/#website\"},\"primaryImageOfPage\":{\"@id\":\"https:\\\/\\\/afc.cat\\\/es\\\/visita-guiada-a-la-exposicion-the-animals\\\/#primaryimage\"},\"image\":{\"@id\":\"https:\\\/\\\/afc.cat\\\/es\\\/visita-guiada-a-la-exposicion-the-animals\\\/#primaryimage\"},\"thumbnailUrl\":\"https:\\\/\\\/afc.cat\\\/wp-content\\\/uploads\\\/2024\\\/02\\\/expo-the-animals.jpg\",\"datePublished\":\"2024-02-25T22:06:57+00:00\",\"dateModified\":\"2024-02-25T22:29:56+00:00\",\"author\":{\"@id\":\"https:\\\/\\\/afc.cat\\\/es\\\/#\\\/schema\\\/person\\\/2868ff3362c6c568af6bbef21aab18a6\"},\"breadcrumb\":{\"@id\":\"https:\\\/\\\/afc.cat\\\/es\\\/visita-guiada-a-la-exposicion-the-animals\\\/#breadcrumb\"},\"inLanguage\":\"es\",\"potentialAction\":[{\"@type\":\"ReadAction\",\"target\":[\"https:\\\/\\\/afc.cat\\\/es\\\/visita-guiada-a-la-exposicion-the-animals\\\/\"]}]},{\"@type\":\"ImageObject\",\"inLanguage\":\"es\",\"@id\":\"https:\\\/\\\/afc.cat\\\/es\\\/visita-guiada-a-la-exposicion-the-animals\\\/#primaryimage\",\"url\":\"https:\\\/\\\/afc.cat\\\/wp-content\\\/uploads\\\/2024\\\/02\\\/expo-the-animals.jpg\",\"contentUrl\":\"https:\\\/\\\/afc.cat\\\/wp-content\\\/uploads\\\/2024\\\/02\\\/expo-the-animals.jpg\",\"width\":400,\"height\":275},{\"@type\":\"BreadcrumbList\",\"@id\":\"https:\\\/\\\/afc.cat\\\/es\\\/visita-guiada-a-la-exposicion-the-animals\\\/#breadcrumb\",\"itemListElement\":[{\"@type\":\"ListItem\",\"position\":1,\"name\":\"Inicio\",\"item\":\"https:\\\/\\\/afc.cat\\\/es\\\/\"},{\"@type\":\"ListItem\",\"position\":2,\"name\":\"Visita guiada a la exposici\u00f3n \u201cThe Animals\u201d\"}]},{\"@type\":\"WebSite\",\"@id\":\"https:\\\/\\\/afc.cat\\\/es\\\/#website\",\"url\":\"https:\\\/\\\/afc.cat\\\/es\\\/\",\"name\":\"Agrupaci\u00f3 Fotogr\u00e0fica de Catalunya\",\"description\":\"Fomento y divulgaci\u00f3n de la fotograf\u00eda en todas sus variedades\",\"potentialAction\":[{\"@type\":\"SearchAction\",\"target\":{\"@type\":\"EntryPoint\",\"urlTemplate\":\"https:\\\/\\\/afc.cat\\\/es\\\/?s={search_term_string}\"},\"query-input\":{\"@type\":\"PropertyValueSpecification\",\"valueRequired\":true,\"valueName\":\"search_term_string\"}}],\"inLanguage\":\"es\"},{\"@type\":\"Person\",\"@id\":\"https:\\\/\\\/afc.cat\\\/es\\\/#\\\/schema\\\/person\\\/2868ff3362c6c568af6bbef21aab18a6\",\"name\":\"Albert Folch Naval\u00f3n\",\"image\":{\"@type\":\"ImageObject\",\"inLanguage\":\"es\",\"@id\":\"https:\\\/\\\/secure.gravatar.com\\\/avatar\\\/d9af2c27458acd834a2ba71216b3c70b3d550f58587654086a7e7c13f9ffa40c?s=96&d=mm&r=g\",\"url\":\"https:\\\/\\\/secure.gravatar.com\\\/avatar\\\/d9af2c27458acd834a2ba71216b3c70b3d550f58587654086a7e7c13f9ffa40c?s=96&d=mm&r=g\",\"contentUrl\":\"https:\\\/\\\/secure.gravatar.com\\\/avatar\\\/d9af2c27458acd834a2ba71216b3c70b3d550f58587654086a7e7c13f9ffa40c?s=96&d=mm&r=g\",\"caption\":\"Albert Folch Naval\u00f3n\"},\"url\":\"https:\\\/\\\/afc.cat\\\/es\\\/author\\\/albertf2021\\\/\"}]}<\/script>\n<!-- \/ Yoast SEO plugin. -->","yoast_head_json":{"title":"Visita guiada a la exposici\u00f3n \u201cThe Animals\u201d - Agrupaci\u00f3 Fotogr\u00e0fica de Catalunya","robots":{"index":"index","follow":"follow","max-snippet":"max-snippet:-1","max-image-preview":"max-image-preview:large","max-video-preview":"max-video-preview:-1"},"canonical":"https:\/\/afc.cat\/es\/visita-guiada-a-la-exposicion-the-animals\/","og_locale":"es_ES","og_type":"article","og_title":"Visita guiada a la exposici\u00f3n \u201cThe Animals\u201d - Agrupaci\u00f3 Fotogr\u00e0fica de Catalunya","og_url":"https:\/\/afc.cat\/es\/visita-guiada-a-la-exposicion-the-animals\/","og_site_name":"Agrupaci\u00f3 Fotogr\u00e0fica de Catalunya","article_published_time":"2024-02-25T22:06:57+00:00","article_modified_time":"2024-02-25T22:29:56+00:00","og_image":[{"width":400,"height":275,"url":"https:\/\/afc.cat\/wp-content\/uploads\/2024\/02\/expo-the-animals.jpg","type":"image\/jpeg"}],"author":"Albert Folch Naval\u00f3n","twitter_card":"summary_large_image","twitter_misc":{"Escrito por":"Albert Folch Naval\u00f3n","Tiempo de lectura":"5 minutos"},"schema":{"@context":"https:\/\/schema.org","@graph":[{"@type":"Article","@id":"https:\/\/afc.cat\/es\/visita-guiada-a-la-exposicion-the-animals\/#article","isPartOf":{"@id":"https:\/\/afc.cat\/es\/visita-guiada-a-la-exposicion-the-animals\/"},"author":{"name":"Albert Folch Naval\u00f3n","@id":"https:\/\/afc.cat\/es\/#\/schema\/person\/2868ff3362c6c568af6bbef21aab18a6"},"headline":"Visita guiada a la exposici\u00f3n \u201cThe Animals\u201d","datePublished":"2024-02-25T22:06:57+00:00","dateModified":"2024-02-25T22:29:56+00:00","mainEntityOfPage":{"@id":"https:\/\/afc.cat\/es\/visita-guiada-a-la-exposicion-the-animals\/"},"wordCount":1067,"image":{"@id":"https:\/\/afc.cat\/es\/visita-guiada-a-la-exposicion-the-animals\/#primaryimage"},"thumbnailUrl":"https:\/\/afc.cat\/wp-content\/uploads\/2024\/02\/expo-the-animals.jpg","articleSection":["Exposiciones"],"inLanguage":"es"},{"@type":"WebPage","@id":"https:\/\/afc.cat\/es\/visita-guiada-a-la-exposicion-the-animals\/","url":"https:\/\/afc.cat\/es\/visita-guiada-a-la-exposicion-the-animals\/","name":"Visita guiada a la exposici\u00f3n \u201cThe Animals\u201d - Agrupaci\u00f3 Fotogr\u00e0fica de Catalunya","isPartOf":{"@id":"https:\/\/afc.cat\/es\/#website"},"primaryImageOfPage":{"@id":"https:\/\/afc.cat\/es\/visita-guiada-a-la-exposicion-the-animals\/#primaryimage"},"image":{"@id":"https:\/\/afc.cat\/es\/visita-guiada-a-la-exposicion-the-animals\/#primaryimage"},"thumbnailUrl":"https:\/\/afc.cat\/wp-content\/uploads\/2024\/02\/expo-the-animals.jpg","datePublished":"2024-02-25T22:06:57+00:00","dateModified":"2024-02-25T22:29:56+00:00","author":{"@id":"https:\/\/afc.cat\/es\/#\/schema\/person\/2868ff3362c6c568af6bbef21aab18a6"},"breadcrumb":{"@id":"https:\/\/afc.cat\/es\/visita-guiada-a-la-exposicion-the-animals\/#breadcrumb"},"inLanguage":"es","potentialAction":[{"@type":"ReadAction","target":["https:\/\/afc.cat\/es\/visita-guiada-a-la-exposicion-the-animals\/"]}]},{"@type":"ImageObject","inLanguage":"es","@id":"https:\/\/afc.cat\/es\/visita-guiada-a-la-exposicion-the-animals\/#primaryimage","url":"https:\/\/afc.cat\/wp-content\/uploads\/2024\/02\/expo-the-animals.jpg","contentUrl":"https:\/\/afc.cat\/wp-content\/uploads\/2024\/02\/expo-the-animals.jpg","width":400,"height":275},{"@type":"BreadcrumbList","@id":"https:\/\/afc.cat\/es\/visita-guiada-a-la-exposicion-the-animals\/#breadcrumb","itemListElement":[{"@type":"ListItem","position":1,"name":"Inicio","item":"https:\/\/afc.cat\/es\/"},{"@type":"ListItem","position":2,"name":"Visita guiada a la exposici\u00f3n \u201cThe Animals\u201d"}]},{"@type":"WebSite","@id":"https:\/\/afc.cat\/es\/#website","url":"https:\/\/afc.cat\/es\/","name":"Agrupaci\u00f3 Fotogr\u00e0fica de Catalunya","description":"Fomento y divulgaci\u00f3n de la fotograf\u00eda en todas sus variedades","potentialAction":[{"@type":"SearchAction","target":{"@type":"EntryPoint","urlTemplate":"https:\/\/afc.cat\/es\/?s={search_term_string}"},"query-input":{"@type":"PropertyValueSpecification","valueRequired":true,"valueName":"search_term_string"}}],"inLanguage":"es"},{"@type":"Person","@id":"https:\/\/afc.cat\/es\/#\/schema\/person\/2868ff3362c6c568af6bbef21aab18a6","name":"Albert Folch Naval\u00f3n","image":{"@type":"ImageObject","inLanguage":"es","@id":"https:\/\/secure.gravatar.com\/avatar\/d9af2c27458acd834a2ba71216b3c70b3d550f58587654086a7e7c13f9ffa40c?s=96&d=mm&r=g","url":"https:\/\/secure.gravatar.com\/avatar\/d9af2c27458acd834a2ba71216b3c70b3d550f58587654086a7e7c13f9ffa40c?s=96&d=mm&r=g","contentUrl":"https:\/\/secure.gravatar.com\/avatar\/d9af2c27458acd834a2ba71216b3c70b3d550f58587654086a7e7c13f9ffa40c?s=96&d=mm&r=g","caption":"Albert Folch Naval\u00f3n"},"url":"https:\/\/afc.cat\/es\/author\/albertf2021\/"}]}},"_links":{"self":[{"href":"https:\/\/afc.cat\/es\/wp-json\/wp\/v2\/posts\/37058","targetHints":{"allow":["GET"]}}],"collection":[{"href":"https:\/\/afc.cat\/es\/wp-json\/wp\/v2\/posts"}],"about":[{"href":"https:\/\/afc.cat\/es\/wp-json\/wp\/v2\/types\/post"}],"author":[{"embeddable":true,"href":"https:\/\/afc.cat\/es\/wp-json\/wp\/v2\/users\/33"}],"replies":[{"embeddable":true,"href":"https:\/\/afc.cat\/es\/wp-json\/wp\/v2\/comments?post=37058"}],"version-history":[{"count":4,"href":"https:\/\/afc.cat\/es\/wp-json\/wp\/v2\/posts\/37058\/revisions"}],"predecessor-version":[{"id":37062,"href":"https:\/\/afc.cat\/es\/wp-json\/wp\/v2\/posts\/37058\/revisions\/37062"}],"wp:featuredmedia":[{"embeddable":true,"href":"https:\/\/afc.cat\/es\/wp-json\/wp\/v2\/media\/37057"}],"wp:attachment":[{"href":"https:\/\/afc.cat\/es\/wp-json\/wp\/v2\/media?parent=37058"}],"wp:term":[{"taxonomy":"category","embeddable":true,"href":"https:\/\/afc.cat\/es\/wp-json\/wp\/v2\/categories?post=37058"},{"taxonomy":"post_tag","embeddable":true,"href":"https:\/\/afc.cat\/es\/wp-json\/wp\/v2\/tags?post=37058"}],"curies":[{"name":"wp","href":"https:\/\/api.w.org\/{rel}","templated":true}]}}