{"id":37571,"date":"2024-03-06T20:12:33","date_gmt":"2024-03-06T18:12:33","guid":{"rendered":"https:\/\/afc.cat\/exposicio-lahir-i-lavui-de-nou-barris-a-larxiu-historic-de-roquetes-nou-barris\/"},"modified":"2024-03-06T20:44:05","modified_gmt":"2024-03-06T18:44:05","slug":"exposicion-lahir-i-lavui-de-nou-barris-en-larxiu-historic-de-roquetes-nou-barris","status":"publish","type":"post","link":"https:\/\/afc.cat\/es\/exposicion-lahir-i-lavui-de-nou-barris-en-larxiu-historic-de-roquetes-nou-barris\/","title":{"rendered":"Exposici\u00f3n \u201cL\u2019ahir i l\u2019avui de Nou Barris\u201d en el Arxiu Hist\u00f2ric de Roquetes Nou Barris"},"content":{"rendered":"<div class=\"fusion-fullwidth fullwidth-box fusion-builder-row-1 fusion-flex-container nonhundred-percent-fullwidth non-hundred-percent-height-scrolling\" style=\"background-color: rgba(255,255,255,0);background-position: center center;background-repeat: no-repeat;border-width: 0px 0px 0px 0px;border-color:#ffffff;border-style:solid;\" ><div class=\"fusion-builder-row fusion-row fusion-flex-align-items-flex-start\" style=\"max-width:1300px;margin-left: calc(-4% \/ 2 );margin-right: calc(-4% \/ 2 );\"><div class=\"fusion-layout-column fusion_builder_column fusion-builder-column-0 fusion_builder_column_2_3 2_3 fusion-flex-column\"><div class=\"fusion-column-wrapper fusion-flex-justify-content-flex-start fusion-content-layout-column\" style=\"background-position:left top;background-repeat:no-repeat;-webkit-background-size:cover;-moz-background-size:cover;-o-background-size:cover;background-size:cover;padding: 0px 0px 0px 0px;\"><div class=\"fusion-text fusion-text-1\"><h2 class=\"fusion-responsive-typography-calculated\" data-fontsize=\"40\" data-lineheight=\"48px\">Exposici\u00f3n Nou Barris en el Archivo Hist\u00f3rico de Roquetes Nou Barriss<\/h2>\n<p>La colaboraci\u00f3n entre el <strong>Archivo Hist\u00f3rico de Roquetes-Nou Barris y la Agrupaci\u00f3 Fotogr\u00e0fica de Catalunya<\/strong> ha permitido inaugurar, por segunda vez, la exposici\u00f3n \u201c<strong>El ayer y el hoy de Nou Barris<\/strong>\u201d, una muestra que acoge 18 fotograf\u00edas procedentes del fondo documental del <strong>Archivo Hist\u00f3rico de Roquetes<\/strong> y 18 fotograf\u00edas realizadas por socios de la Agrupaci\u00f3 que durante el 2023 captaron la transformaci\u00f3n de este barrio a trav\u00e9s de su c\u00e1mara.<\/p>\n<p>Comisariada por <strong>Carme Casademont<\/strong>, la exposici\u00f3n fue inaugurada en el <strong>Centro de Estudios Populares y Archivo de Roquetes-Nou Barris<\/strong> el 29 de febrero a las 19:00 horas, con una mesa redonda formada por la misma comisaria, el <strong>Presidente de la AFC Pere Puigdollers, Francesca Portol\u00e9s y el presidente del Archivo Roquetes, Jordi S\u00e1nchez.<\/strong><\/p>\n<p>La exposici\u00f3n, formada por 36 im\u00e1genes, se podr\u00e1 visitar en el <strong>Centro de Estudios Populares y Archivo Hist\u00f3rico de Roquetes-Nou Barris<\/strong> hasta el 19 de abril de 2024 despu\u00e9s de su primera presentaci\u00f3n en el <strong>Centro C\u00edvico de Can Bast\u00e9<\/strong>, durante los actos del centenario de la Agrupaci\u00f3n.<\/p>\n<p>\u00a1No os la perd\u00e1is!<\/p>\n<\/div><style type=\"text\/css\">.fusion-gallery-1 .fusion-gallery-image {border:0px solid #e2e2e2;}<\/style><div class=\"fusion-gallery fusion-gallery-container fusion-grid-3 fusion-columns-total-14 fusion-gallery-layout-grid fusion-gallery-1\" style=\"margin:-5px;\"><div style=\"padding:5px;\" class=\"fusion-grid-column fusion-gallery-column fusion-gallery-column-3 hover-type-none\"><div class=\"fusion-gallery-image\"><a href=\"https:\/\/afc.cat\/wp-content\/uploads\/2024\/03\/Kirowa_foto_R6_27350-baixa-scaled.jpg\" rel=\"noreferrer\" data-rel=\"iLightbox[gallery_image_1]\" class=\"fusion-lightbox\" target=\"_self\"><img decoding=\"async\" src=\"https:\/\/afc.cat\/wp-content\/uploads\/2024\/03\/Kirowa_foto_R6_27350-baixa-460x295.jpg\" width=\"460\" height=\"295\" alt=\"\" title=\"Kirowa_foto_R6_27350 baixa\" aria-label=\"Kirowa_foto_R6_27350 baixa\" class=\"img-responsive wp-image-37558 fusion-gallery-image-size-fixed\" \/><\/a><\/div><\/div><div style=\"padding:5px;\" class=\"fusion-grid-column fusion-gallery-column fusion-gallery-column-3 hover-type-none\"><div class=\"fusion-gallery-image\"><a href=\"https:\/\/afc.cat\/wp-content\/uploads\/2024\/03\/Kirowa_foto_R6_27478.jpg\" rel=\"noreferrer\" data-rel=\"iLightbox[gallery_image_1]\" class=\"fusion-lightbox\" target=\"_self\"><img decoding=\"async\" src=\"https:\/\/afc.cat\/wp-content\/uploads\/2024\/03\/Kirowa_foto_R6_27478-460x295.jpg\" width=\"460\" height=\"295\" alt=\"\" title=\"Kirowa_foto_R6_27478\" aria-label=\"Kirowa_foto_R6_27478\" class=\"img-responsive wp-image-37587 fusion-gallery-image-size-fixed\" \/><\/a><\/div><\/div><div style=\"padding:5px;\" class=\"fusion-grid-column fusion-gallery-column fusion-gallery-column-3 hover-type-none\"><div class=\"fusion-gallery-image\"><a href=\"https:\/\/afc.cat\/wp-content\/uploads\/2024\/03\/Kirowa_foto_R6_27378-baixa.jpg\" rel=\"noreferrer\" data-rel=\"iLightbox[gallery_image_1]\" class=\"fusion-lightbox\" target=\"_self\"><img decoding=\"async\" src=\"https:\/\/afc.cat\/wp-content\/uploads\/2024\/03\/Kirowa_foto_R6_27378-baixa-460x295.jpg\" width=\"460\" height=\"295\" alt=\"\" title=\"Kirowa_foto_R6_27378 baixa\" aria-label=\"Kirowa_foto_R6_27378 baixa\" class=\"img-responsive wp-image-37560 fusion-gallery-image-size-fixed\" \/><\/a><\/div><\/div><div class=\"clearfix\"><\/div><div style=\"padding:5px;\" class=\"fusion-grid-column fusion-gallery-column fusion-gallery-column-3 hover-type-none\"><div class=\"fusion-gallery-image\"><a href=\"https:\/\/afc.cat\/wp-content\/uploads\/2024\/03\/Kirowa_foto_R6_27384-baixa-scaled.jpg\" rel=\"noreferrer\" data-rel=\"iLightbox[gallery_image_1]\" class=\"fusion-lightbox\" target=\"_self\"><img decoding=\"async\" src=\"https:\/\/afc.cat\/wp-content\/uploads\/2024\/03\/Kirowa_foto_R6_27384-baixa-460x295.jpg\" width=\"460\" height=\"295\" alt=\"\" title=\"Kirowa_foto_R6_27384 baixa\" aria-label=\"Kirowa_foto_R6_27384 baixa\" class=\"img-responsive wp-image-37562 fusion-gallery-image-size-fixed\" \/><\/a><\/div><\/div><div style=\"padding:5px;\" class=\"fusion-grid-column fusion-gallery-column fusion-gallery-column-3 hover-type-none\"><div class=\"fusion-gallery-image\"><a href=\"https:\/\/afc.cat\/wp-content\/uploads\/2024\/03\/Kirowa_foto_R6_27472-baixa-scaled.jpg\" rel=\"noreferrer\" data-rel=\"iLightbox[gallery_image_1]\" class=\"fusion-lightbox\" target=\"_self\"><img decoding=\"async\" src=\"https:\/\/afc.cat\/wp-content\/uploads\/2024\/03\/Kirowa_foto_R6_27472-baixa-460x295.jpg\" width=\"460\" height=\"295\" alt=\"\" title=\"Kirowa_foto_R6_27472 baixa\" aria-label=\"Kirowa_foto_R6_27472 baixa\" class=\"img-responsive wp-image-37564 fusion-gallery-image-size-fixed\" \/><\/a><\/div><\/div><div style=\"padding:5px;\" class=\"fusion-grid-column fusion-gallery-column fusion-gallery-column-3 hover-type-none\"><div class=\"fusion-gallery-image\"><a href=\"https:\/\/afc.cat\/wp-content\/uploads\/2024\/03\/Kirowa_foto_R6_30778-baixa.jpg\" rel=\"noreferrer\" data-rel=\"iLightbox[gallery_image_1]\" class=\"fusion-lightbox\" target=\"_self\"><img decoding=\"async\" src=\"https:\/\/afc.cat\/wp-content\/uploads\/2024\/03\/Kirowa_foto_R6_30778-baixa-460x295.jpg\" width=\"460\" height=\"295\" alt=\"\" title=\"Kirowa_foto_R6_30778 baixa\" aria-label=\"Kirowa_foto_R6_30778 baixa\" class=\"img-responsive wp-image-37566 fusion-gallery-image-size-fixed\" \/><\/a><\/div><\/div><div class=\"clearfix\"><\/div><div style=\"padding:5px;\" class=\"fusion-grid-column fusion-gallery-column fusion-gallery-column-3 hover-type-none\"><div class=\"fusion-gallery-image\"><a href=\"https:\/\/afc.cat\/wp-content\/uploads\/2024\/03\/Kirowa_foto_R6_27372.jpg\" rel=\"noreferrer\" data-rel=\"iLightbox[gallery_image_1]\" class=\"fusion-lightbox\" target=\"_self\"><img decoding=\"async\" src=\"https:\/\/afc.cat\/wp-content\/uploads\/2024\/03\/Kirowa_foto_R6_27372-460x295.jpg\" width=\"460\" height=\"295\" alt=\"\" title=\"Kirowa_foto_R6_27372\" aria-label=\"Kirowa_foto_R6_27372\" class=\"img-responsive wp-image-37575 fusion-gallery-image-size-fixed\" \/><\/a><\/div><\/div><div style=\"padding:5px;\" class=\"fusion-grid-column fusion-gallery-column fusion-gallery-column-3 hover-type-none\"><div class=\"fusion-gallery-image\"><a href=\"https:\/\/afc.cat\/wp-content\/uploads\/2024\/03\/Kirowa_foto_R6_27373.jpg\" rel=\"noreferrer\" data-rel=\"iLightbox[gallery_image_1]\" class=\"fusion-lightbox\" target=\"_self\"><img decoding=\"async\" src=\"https:\/\/afc.cat\/wp-content\/uploads\/2024\/03\/Kirowa_foto_R6_27373-460x295.jpg\" width=\"460\" height=\"295\" alt=\"\" title=\"Kirowa_foto_R6_27373\" aria-label=\"Kirowa_foto_R6_27373\" class=\"img-responsive wp-image-37577 fusion-gallery-image-size-fixed\" \/><\/a><\/div><\/div><div style=\"padding:5px;\" class=\"fusion-grid-column fusion-gallery-column fusion-gallery-column-3 hover-type-none\"><div class=\"fusion-gallery-image\"><a href=\"https:\/\/afc.cat\/wp-content\/uploads\/2024\/03\/Kirowa_foto_R6_27375.jpg\" rel=\"noreferrer\" data-rel=\"iLightbox[gallery_image_1]\" class=\"fusion-lightbox\" target=\"_self\"><img decoding=\"async\" src=\"https:\/\/afc.cat\/wp-content\/uploads\/2024\/03\/Kirowa_foto_R6_27375-460x295.jpg\" width=\"460\" height=\"295\" alt=\"\" title=\"Kirowa_foto_R6_27375\" aria-label=\"Kirowa_foto_R6_27375\" class=\"img-responsive wp-image-37579 fusion-gallery-image-size-fixed\" \/><\/a><\/div><\/div><div class=\"clearfix\"><\/div><div style=\"padding:5px;\" class=\"fusion-grid-column fusion-gallery-column fusion-gallery-column-3 hover-type-none\"><div class=\"fusion-gallery-image\"><a href=\"https:\/\/afc.cat\/wp-content\/uploads\/2024\/03\/Kirowa_foto_R6_27444.jpg\" rel=\"noreferrer\" data-rel=\"iLightbox[gallery_image_1]\" class=\"fusion-lightbox\" target=\"_self\"><img decoding=\"async\" src=\"https:\/\/afc.cat\/wp-content\/uploads\/2024\/03\/Kirowa_foto_R6_27444-460x295.jpg\" width=\"460\" height=\"295\" alt=\"\" title=\"Kirowa_foto_R6_27444\" aria-label=\"Kirowa_foto_R6_27444\" class=\"img-responsive wp-image-37581 fusion-gallery-image-size-fixed\" \/><\/a><\/div><\/div><div style=\"padding:5px;\" class=\"fusion-grid-column fusion-gallery-column fusion-gallery-column-3 hover-type-none\"><div class=\"fusion-gallery-image\"><a href=\"https:\/\/afc.cat\/wp-content\/uploads\/2024\/03\/Kirowa_foto_R6_27454.jpg\" rel=\"noreferrer\" data-rel=\"iLightbox[gallery_image_1]\" class=\"fusion-lightbox\" target=\"_self\"><img decoding=\"async\" src=\"https:\/\/afc.cat\/wp-content\/uploads\/2024\/03\/Kirowa_foto_R6_27454-460x295.jpg\" width=\"460\" height=\"295\" alt=\"\" title=\"Kirowa_foto_R6_27454\" aria-label=\"Kirowa_foto_R6_27454\" class=\"img-responsive wp-image-37583 fusion-gallery-image-size-fixed\" \/><\/a><\/div><\/div><div style=\"padding:5px;\" class=\"fusion-grid-column fusion-gallery-column fusion-gallery-column-3 hover-type-none\"><div class=\"fusion-gallery-image\"><a href=\"https:\/\/afc.cat\/wp-content\/uploads\/2024\/03\/Kirowa_foto_R6_27464.jpg\" rel=\"noreferrer\" data-rel=\"iLightbox[gallery_image_1]\" class=\"fusion-lightbox\" target=\"_self\"><img decoding=\"async\" src=\"https:\/\/afc.cat\/wp-content\/uploads\/2024\/03\/Kirowa_foto_R6_27464-460x295.jpg\" width=\"460\" height=\"295\" alt=\"\" title=\"Kirowa_foto_R6_27464\" aria-label=\"Kirowa_foto_R6_27464\" class=\"img-responsive wp-image-37585 fusion-gallery-image-size-fixed\" \/><\/a><\/div><\/div><div class=\"clearfix\"><\/div><div style=\"padding:5px;\" class=\"fusion-grid-column fusion-gallery-column fusion-gallery-column-3 hover-type-none\"><div class=\"fusion-gallery-image\"><a href=\"https:\/\/afc.cat\/wp-content\/uploads\/2024\/03\/Kirowa_foto_R6_30772.jpg\" rel=\"noreferrer\" data-rel=\"iLightbox[gallery_image_1]\" class=\"fusion-lightbox\" target=\"_self\"><img decoding=\"async\" src=\"https:\/\/afc.cat\/wp-content\/uploads\/2024\/03\/Kirowa_foto_R6_30772-460x295.jpg\" width=\"460\" height=\"295\" alt=\"\" title=\"Kirowa_foto_R6_30772\" aria-label=\"Kirowa_foto_R6_30772\" class=\"img-responsive wp-image-37589 fusion-gallery-image-size-fixed\" \/><\/a><\/div><\/div><div style=\"padding:5px;\" class=\"fusion-grid-column fusion-gallery-column fusion-gallery-column-3 hover-type-none\"><div class=\"fusion-gallery-image\"><a href=\"https:\/\/afc.cat\/wp-content\/uploads\/2024\/03\/Kirowa_foto_R6_30786.jpg\" rel=\"noreferrer\" data-rel=\"iLightbox[gallery_image_1]\" class=\"fusion-lightbox\" target=\"_self\"><img decoding=\"async\" src=\"https:\/\/afc.cat\/wp-content\/uploads\/2024\/03\/Kirowa_foto_R6_30786-460x295.jpg\" width=\"460\" height=\"295\" alt=\"\" title=\"Kirowa_foto_R6_30786\" aria-label=\"Kirowa_foto_R6_30786\" class=\"img-responsive wp-image-37593 fusion-gallery-image-size-fixed\" \/><\/a><\/div><\/div><\/div><div class=\"fusion-text fusion-text-2\" style=\"font-size:13px;\"><p style=\"text-align: center;\">Fotos: Albert Ca\u00f1ellas (Kirowa Foto)<\/p>\n<\/div><\/div><style type=\"text\/css\">.fusion-body .fusion-builder-column-0{width:66.666666666667% !important;margin-top : 0px;margin-bottom : 0px;}.fusion-builder-column-0 > .fusion-column-wrapper {padding-top : 0px !important;padding-right : 0px !important;margin-right : 3.84%;padding-bottom : 0px !important;padding-left : 0px !important;margin-left : 2.88%;}@media only screen and (max-width:1024px) {.fusion-body .fusion-builder-column-0{width:66.666666666667% !important;}.fusion-builder-column-0 > .fusion-column-wrapper {margin-right : 3.84%;margin-left : 2.88%;}}@media only screen and (max-width:640px) {.fusion-body .fusion-builder-column-0{width:100% !important;}.fusion-builder-column-0 > .fusion-column-wrapper {margin-right : 1.92%;margin-left : 1.92%;}}<\/style><\/div><div class=\"fusion-layout-column fusion_builder_column fusion-builder-column-1 fusion_builder_column_1_3 1_3 fusion-flex-column\"><div class=\"fusion-column-wrapper fusion-flex-justify-content-flex-start fusion-content-layout-column\" style=\"background-position:left top;background-repeat:no-repeat;-webkit-background-size:cover;-moz-background-size:cover;-o-background-size:cover;background-size:cover;padding: 0px 0px 0px 0px;\"><div ><span class=\" fusion-imageframe imageframe-none imageframe-1 hover-type-none\"><img decoding=\"async\" width=\"400\" height=\"506\" title=\"AFC-expobarris-2024\" src=\"https:\/\/afc.cat\/wp-content\/uploads\/2024\/02\/AFC-expobarris-2024-e1708615951872.jpg\" alt class=\"img-responsive wp-image-37025\"\/><\/span><\/div><\/div><style type=\"text\/css\">.fusion-body .fusion-builder-column-1{width:33.333333333333% !important;margin-top : 0px;margin-bottom : 0px;}.fusion-builder-column-1 > .fusion-column-wrapper {padding-top : 0px !important;padding-right : 0px !important;margin-right : 5.76%;padding-bottom : 0px !important;padding-left : 0px !important;margin-left : 3.84%;}@media only screen and (max-width:1024px) {.fusion-body .fusion-builder-column-1{width:33.333333333333% !important;}.fusion-builder-column-1 > .fusion-column-wrapper {margin-right : 5.76%;margin-left : 3.84%;}}@media only screen and (max-width:640px) {.fusion-body .fusion-builder-column-1{width:100% !important;}.fusion-builder-column-1 > .fusion-column-wrapper {margin-right : 1.92%;margin-left : 1.92%;}}<\/style><\/div><\/div><style type=\"text\/css\">.fusion-body .fusion-flex-container.fusion-builder-row-1{ padding-top : 0px;margin-top : 0px;padding-right : 0px;padding-bottom : 0px;margin-bottom : 0px;padding-left : 0px;}<\/style><\/div>\n","protected":false},"excerpt":{"rendered":"","protected":false},"author":33,"featured_media":37556,"comment_status":"closed","ping_status":"open","sticky":false,"template":"","format":"standard","meta":{"_acf_changed":false,"footnotes":""},"categories":[55],"tags":[],"class_list":["post-37571","post","type-post","status-publish","format-standard","has-post-thumbnail","hentry","category-exposiciones"],"acf":[],"yoast_head":"<!-- This site is optimized with the Yoast SEO plugin v27.2 - https:\/\/yoast.com\/product\/yoast-seo-wordpress\/ -->\n<title>Exposici\u00f3n \u201cL\u2019ahir i l\u2019avui de Nou Barris\u201d en el Arxiu Hist\u00f2ric de Roquetes Nou Barris - Agrupaci\u00f3 Fotogr\u00e0fica de Catalunya<\/title>\n<meta name=\"robots\" content=\"index, follow, max-snippet:-1, max-image-preview:large, max-video-preview:-1\" \/>\n<link rel=\"canonical\" href=\"https:\/\/afc.cat\/es\/exposicion-lahir-i-lavui-de-nou-barris-en-larxiu-historic-de-roquetes-nou-barris\/\" \/>\n<meta property=\"og:locale\" content=\"es_ES\" \/>\n<meta property=\"og:type\" content=\"article\" \/>\n<meta property=\"og:title\" content=\"Exposici\u00f3n \u201cL\u2019ahir i l\u2019avui de Nou Barris\u201d en el Arxiu Hist\u00f2ric de Roquetes Nou Barris - Agrupaci\u00f3 Fotogr\u00e0fica de Catalunya\" \/>\n<meta property=\"og:url\" content=\"https:\/\/afc.cat\/es\/exposicion-lahir-i-lavui-de-nou-barris-en-larxiu-historic-de-roquetes-nou-barris\/\" \/>\n<meta property=\"og:site_name\" content=\"Agrupaci\u00f3 Fotogr\u00e0fica de Catalunya\" \/>\n<meta property=\"article:published_time\" content=\"2024-03-06T18:12:33+00:00\" \/>\n<meta property=\"article:modified_time\" content=\"2024-03-06T18:44:05+00:00\" \/>\n<meta property=\"og:image\" content=\"https:\/\/afc.cat\/wp-content\/uploads\/2024\/03\/AFC-expobarris-2024-.jpg\" \/>\n\t<meta property=\"og:image:width\" content=\"403\" \/>\n\t<meta property=\"og:image:height\" content=\"267\" \/>\n\t<meta property=\"og:image:type\" content=\"image\/jpeg\" \/>\n<meta name=\"author\" content=\"Albert Folch Naval\u00f3n\" \/>\n<meta name=\"twitter:card\" content=\"summary_large_image\" \/>\n<meta name=\"twitter:label1\" content=\"Escrito por\" \/>\n\t<meta name=\"twitter:data1\" content=\"Albert Folch Naval\u00f3n\" \/>\n\t<meta name=\"twitter:label2\" content=\"Tiempo de lectura\" \/>\n\t<meta name=\"twitter:data2\" content=\"7 minutos\" \/>\n<script type=\"application\/ld+json\" class=\"yoast-schema-graph\">{\"@context\":\"https:\/\/schema.org\",\"@graph\":[{\"@type\":\"Article\",\"@id\":\"https:\/\/afc.cat\/es\/exposicion-lahir-i-lavui-de-nou-barris-en-larxiu-historic-de-roquetes-nou-barris\/#article\",\"isPartOf\":{\"@id\":\"https:\/\/afc.cat\/es\/exposicion-lahir-i-lavui-de-nou-barris-en-larxiu-historic-de-roquetes-nou-barris\/\"},\"author\":{\"name\":\"Albert Folch Naval\u00f3n\",\"@id\":\"https:\/\/afc.cat\/es\/#\/schema\/person\/2868ff3362c6c568af6bbef21aab18a6\"},\"headline\":\"Exposici\u00f3n \u201cL\u2019ahir i l\u2019avui de Nou Barris\u201d en el Arxiu Hist\u00f2ric de Roquetes Nou Barris\",\"datePublished\":\"2024-03-06T18:12:33+00:00\",\"dateModified\":\"2024-03-06T18:44:05+00:00\",\"mainEntityOfPage\":{\"@id\":\"https:\/\/afc.cat\/es\/exposicion-lahir-i-lavui-de-nou-barris-en-larxiu-historic-de-roquetes-nou-barris\/\"},\"wordCount\":1338,\"image\":{\"@id\":\"https:\/\/afc.cat\/es\/exposicion-lahir-i-lavui-de-nou-barris-en-larxiu-historic-de-roquetes-nou-barris\/#primaryimage\"},\"thumbnailUrl\":\"https:\/\/afc.cat\/wp-content\/uploads\/2024\/03\/AFC-expobarris-2024-.jpg\",\"articleSection\":[\"Exposiciones\"],\"inLanguage\":\"es\"},{\"@type\":\"WebPage\",\"@id\":\"https:\/\/afc.cat\/es\/exposicion-lahir-i-lavui-de-nou-barris-en-larxiu-historic-de-roquetes-nou-barris\/\",\"url\":\"https:\/\/afc.cat\/es\/exposicion-lahir-i-lavui-de-nou-barris-en-larxiu-historic-de-roquetes-nou-barris\/\",\"name\":\"Exposici\u00f3n \u201cL\u2019ahir i l\u2019avui de Nou Barris\u201d en el Arxiu Hist\u00f2ric de Roquetes Nou Barris - Agrupaci\u00f3 Fotogr\u00e0fica de Catalunya\",\"isPartOf\":{\"@id\":\"https:\/\/afc.cat\/es\/#website\"},\"primaryImageOfPage\":{\"@id\":\"https:\/\/afc.cat\/es\/exposicion-lahir-i-lavui-de-nou-barris-en-larxiu-historic-de-roquetes-nou-barris\/#primaryimage\"},\"image\":{\"@id\":\"https:\/\/afc.cat\/es\/exposicion-lahir-i-lavui-de-nou-barris-en-larxiu-historic-de-roquetes-nou-barris\/#primaryimage\"},\"thumbnailUrl\":\"https:\/\/afc.cat\/wp-content\/uploads\/2024\/03\/AFC-expobarris-2024-.jpg\",\"datePublished\":\"2024-03-06T18:12:33+00:00\",\"dateModified\":\"2024-03-06T18:44:05+00:00\",\"author\":{\"@id\":\"https:\/\/afc.cat\/es\/#\/schema\/person\/2868ff3362c6c568af6bbef21aab18a6\"},\"breadcrumb\":{\"@id\":\"https:\/\/afc.cat\/es\/exposicion-lahir-i-lavui-de-nou-barris-en-larxiu-historic-de-roquetes-nou-barris\/#breadcrumb\"},\"inLanguage\":\"es\",\"potentialAction\":[{\"@type\":\"ReadAction\",\"target\":[\"https:\/\/afc.cat\/es\/exposicion-lahir-i-lavui-de-nou-barris-en-larxiu-historic-de-roquetes-nou-barris\/\"]}]},{\"@type\":\"ImageObject\",\"inLanguage\":\"es\",\"@id\":\"https:\/\/afc.cat\/es\/exposicion-lahir-i-lavui-de-nou-barris-en-larxiu-historic-de-roquetes-nou-barris\/#primaryimage\",\"url\":\"https:\/\/afc.cat\/wp-content\/uploads\/2024\/03\/AFC-expobarris-2024-.jpg\",\"contentUrl\":\"https:\/\/afc.cat\/wp-content\/uploads\/2024\/03\/AFC-expobarris-2024-.jpg\",\"width\":403,\"height\":267},{\"@type\":\"BreadcrumbList\",\"@id\":\"https:\/\/afc.cat\/es\/exposicion-lahir-i-lavui-de-nou-barris-en-larxiu-historic-de-roquetes-nou-barris\/#breadcrumb\",\"itemListElement\":[{\"@type\":\"ListItem\",\"position\":1,\"name\":\"Inicio\",\"item\":\"https:\/\/afc.cat\/es\/\"},{\"@type\":\"ListItem\",\"position\":2,\"name\":\"Exposici\u00f3n \u201cL\u2019ahir i l\u2019avui de Nou Barris\u201d en el Arxiu Hist\u00f2ric de Roquetes Nou Barris\"}]},{\"@type\":\"WebSite\",\"@id\":\"https:\/\/afc.cat\/es\/#website\",\"url\":\"https:\/\/afc.cat\/es\/\",\"name\":\"Agrupaci\u00f3 Fotogr\u00e0fica de Catalunya\",\"description\":\"Fomento y divulgaci\u00f3n de la fotograf\u00eda en todas sus variedades\",\"potentialAction\":[{\"@type\":\"SearchAction\",\"target\":{\"@type\":\"EntryPoint\",\"urlTemplate\":\"https:\/\/afc.cat\/es\/?s={search_term_string}\"},\"query-input\":{\"@type\":\"PropertyValueSpecification\",\"valueRequired\":true,\"valueName\":\"search_term_string\"}}],\"inLanguage\":\"es\"},{\"@type\":\"Person\",\"@id\":\"https:\/\/afc.cat\/es\/#\/schema\/person\/2868ff3362c6c568af6bbef21aab18a6\",\"name\":\"Albert Folch Naval\u00f3n\",\"image\":{\"@type\":\"ImageObject\",\"inLanguage\":\"es\",\"@id\":\"https:\/\/secure.gravatar.com\/avatar\/d9af2c27458acd834a2ba71216b3c70b3d550f58587654086a7e7c13f9ffa40c?s=96&d=mm&r=g\",\"url\":\"https:\/\/secure.gravatar.com\/avatar\/d9af2c27458acd834a2ba71216b3c70b3d550f58587654086a7e7c13f9ffa40c?s=96&d=mm&r=g\",\"contentUrl\":\"https:\/\/secure.gravatar.com\/avatar\/d9af2c27458acd834a2ba71216b3c70b3d550f58587654086a7e7c13f9ffa40c?s=96&d=mm&r=g\",\"caption\":\"Albert Folch Naval\u00f3n\"},\"url\":\"https:\/\/afc.cat\/es\/author\/albertf2021\/\"}]}<\/script>\n<!-- \/ Yoast SEO plugin. -->","yoast_head_json":{"title":"Exposici\u00f3n \u201cL\u2019ahir i l\u2019avui de Nou Barris\u201d en el Arxiu Hist\u00f2ric de Roquetes Nou Barris - Agrupaci\u00f3 Fotogr\u00e0fica de Catalunya","robots":{"index":"index","follow":"follow","max-snippet":"max-snippet:-1","max-image-preview":"max-image-preview:large","max-video-preview":"max-video-preview:-1"},"canonical":"https:\/\/afc.cat\/es\/exposicion-lahir-i-lavui-de-nou-barris-en-larxiu-historic-de-roquetes-nou-barris\/","og_locale":"es_ES","og_type":"article","og_title":"Exposici\u00f3n \u201cL\u2019ahir i l\u2019avui de Nou Barris\u201d en el Arxiu Hist\u00f2ric de Roquetes Nou Barris - Agrupaci\u00f3 Fotogr\u00e0fica de Catalunya","og_url":"https:\/\/afc.cat\/es\/exposicion-lahir-i-lavui-de-nou-barris-en-larxiu-historic-de-roquetes-nou-barris\/","og_site_name":"Agrupaci\u00f3 Fotogr\u00e0fica de Catalunya","article_published_time":"2024-03-06T18:12:33+00:00","article_modified_time":"2024-03-06T18:44:05+00:00","og_image":[{"width":403,"height":267,"url":"https:\/\/afc.cat\/wp-content\/uploads\/2024\/03\/AFC-expobarris-2024-.jpg","type":"image\/jpeg"}],"author":"Albert Folch Naval\u00f3n","twitter_card":"summary_large_image","twitter_misc":{"Escrito por":"Albert Folch Naval\u00f3n","Tiempo de lectura":"7 minutos"},"schema":{"@context":"https:\/\/schema.org","@graph":[{"@type":"Article","@id":"https:\/\/afc.cat\/es\/exposicion-lahir-i-lavui-de-nou-barris-en-larxiu-historic-de-roquetes-nou-barris\/#article","isPartOf":{"@id":"https:\/\/afc.cat\/es\/exposicion-lahir-i-lavui-de-nou-barris-en-larxiu-historic-de-roquetes-nou-barris\/"},"author":{"name":"Albert Folch Naval\u00f3n","@id":"https:\/\/afc.cat\/es\/#\/schema\/person\/2868ff3362c6c568af6bbef21aab18a6"},"headline":"Exposici\u00f3n \u201cL\u2019ahir i l\u2019avui de Nou Barris\u201d en el Arxiu Hist\u00f2ric de Roquetes Nou Barris","datePublished":"2024-03-06T18:12:33+00:00","dateModified":"2024-03-06T18:44:05+00:00","mainEntityOfPage":{"@id":"https:\/\/afc.cat\/es\/exposicion-lahir-i-lavui-de-nou-barris-en-larxiu-historic-de-roquetes-nou-barris\/"},"wordCount":1338,"image":{"@id":"https:\/\/afc.cat\/es\/exposicion-lahir-i-lavui-de-nou-barris-en-larxiu-historic-de-roquetes-nou-barris\/#primaryimage"},"thumbnailUrl":"https:\/\/afc.cat\/wp-content\/uploads\/2024\/03\/AFC-expobarris-2024-.jpg","articleSection":["Exposiciones"],"inLanguage":"es"},{"@type":"WebPage","@id":"https:\/\/afc.cat\/es\/exposicion-lahir-i-lavui-de-nou-barris-en-larxiu-historic-de-roquetes-nou-barris\/","url":"https:\/\/afc.cat\/es\/exposicion-lahir-i-lavui-de-nou-barris-en-larxiu-historic-de-roquetes-nou-barris\/","name":"Exposici\u00f3n \u201cL\u2019ahir i l\u2019avui de Nou Barris\u201d en el Arxiu Hist\u00f2ric de Roquetes Nou Barris - Agrupaci\u00f3 Fotogr\u00e0fica de Catalunya","isPartOf":{"@id":"https:\/\/afc.cat\/es\/#website"},"primaryImageOfPage":{"@id":"https:\/\/afc.cat\/es\/exposicion-lahir-i-lavui-de-nou-barris-en-larxiu-historic-de-roquetes-nou-barris\/#primaryimage"},"image":{"@id":"https:\/\/afc.cat\/es\/exposicion-lahir-i-lavui-de-nou-barris-en-larxiu-historic-de-roquetes-nou-barris\/#primaryimage"},"thumbnailUrl":"https:\/\/afc.cat\/wp-content\/uploads\/2024\/03\/AFC-expobarris-2024-.jpg","datePublished":"2024-03-06T18:12:33+00:00","dateModified":"2024-03-06T18:44:05+00:00","author":{"@id":"https:\/\/afc.cat\/es\/#\/schema\/person\/2868ff3362c6c568af6bbef21aab18a6"},"breadcrumb":{"@id":"https:\/\/afc.cat\/es\/exposicion-lahir-i-lavui-de-nou-barris-en-larxiu-historic-de-roquetes-nou-barris\/#breadcrumb"},"inLanguage":"es","potentialAction":[{"@type":"ReadAction","target":["https:\/\/afc.cat\/es\/exposicion-lahir-i-lavui-de-nou-barris-en-larxiu-historic-de-roquetes-nou-barris\/"]}]},{"@type":"ImageObject","inLanguage":"es","@id":"https:\/\/afc.cat\/es\/exposicion-lahir-i-lavui-de-nou-barris-en-larxiu-historic-de-roquetes-nou-barris\/#primaryimage","url":"https:\/\/afc.cat\/wp-content\/uploads\/2024\/03\/AFC-expobarris-2024-.jpg","contentUrl":"https:\/\/afc.cat\/wp-content\/uploads\/2024\/03\/AFC-expobarris-2024-.jpg","width":403,"height":267},{"@type":"BreadcrumbList","@id":"https:\/\/afc.cat\/es\/exposicion-lahir-i-lavui-de-nou-barris-en-larxiu-historic-de-roquetes-nou-barris\/#breadcrumb","itemListElement":[{"@type":"ListItem","position":1,"name":"Inicio","item":"https:\/\/afc.cat\/es\/"},{"@type":"ListItem","position":2,"name":"Exposici\u00f3n \u201cL\u2019ahir i l\u2019avui de Nou Barris\u201d en el Arxiu Hist\u00f2ric de Roquetes Nou Barris"}]},{"@type":"WebSite","@id":"https:\/\/afc.cat\/es\/#website","url":"https:\/\/afc.cat\/es\/","name":"Agrupaci\u00f3 Fotogr\u00e0fica de Catalunya","description":"Fomento y divulgaci\u00f3n de la fotograf\u00eda en todas sus variedades","potentialAction":[{"@type":"SearchAction","target":{"@type":"EntryPoint","urlTemplate":"https:\/\/afc.cat\/es\/?s={search_term_string}"},"query-input":{"@type":"PropertyValueSpecification","valueRequired":true,"valueName":"search_term_string"}}],"inLanguage":"es"},{"@type":"Person","@id":"https:\/\/afc.cat\/es\/#\/schema\/person\/2868ff3362c6c568af6bbef21aab18a6","name":"Albert Folch Naval\u00f3n","image":{"@type":"ImageObject","inLanguage":"es","@id":"https:\/\/secure.gravatar.com\/avatar\/d9af2c27458acd834a2ba71216b3c70b3d550f58587654086a7e7c13f9ffa40c?s=96&d=mm&r=g","url":"https:\/\/secure.gravatar.com\/avatar\/d9af2c27458acd834a2ba71216b3c70b3d550f58587654086a7e7c13f9ffa40c?s=96&d=mm&r=g","contentUrl":"https:\/\/secure.gravatar.com\/avatar\/d9af2c27458acd834a2ba71216b3c70b3d550f58587654086a7e7c13f9ffa40c?s=96&d=mm&r=g","caption":"Albert Folch Naval\u00f3n"},"url":"https:\/\/afc.cat\/es\/author\/albertf2021\/"}]}},"_links":{"self":[{"href":"https:\/\/afc.cat\/es\/wp-json\/wp\/v2\/posts\/37571","targetHints":{"allow":["GET"]}}],"collection":[{"href":"https:\/\/afc.cat\/es\/wp-json\/wp\/v2\/posts"}],"about":[{"href":"https:\/\/afc.cat\/es\/wp-json\/wp\/v2\/types\/post"}],"author":[{"embeddable":true,"href":"https:\/\/afc.cat\/es\/wp-json\/wp\/v2\/users\/33"}],"replies":[{"embeddable":true,"href":"https:\/\/afc.cat\/es\/wp-json\/wp\/v2\/comments?post=37571"}],"version-history":[{"count":4,"href":"https:\/\/afc.cat\/es\/wp-json\/wp\/v2\/posts\/37571\/revisions"}],"predecessor-version":[{"id":37596,"href":"https:\/\/afc.cat\/es\/wp-json\/wp\/v2\/posts\/37571\/revisions\/37596"}],"wp:featuredmedia":[{"embeddable":true,"href":"https:\/\/afc.cat\/es\/wp-json\/wp\/v2\/media\/37556"}],"wp:attachment":[{"href":"https:\/\/afc.cat\/es\/wp-json\/wp\/v2\/media?parent=37571"}],"wp:term":[{"taxonomy":"category","embeddable":true,"href":"https:\/\/afc.cat\/es\/wp-json\/wp\/v2\/categories?post=37571"},{"taxonomy":"post_tag","embeddable":true,"href":"https:\/\/afc.cat\/es\/wp-json\/wp\/v2\/tags?post=37571"}],"curies":[{"name":"wp","href":"https:\/\/api.w.org\/{rel}","templated":true}]}}