{"id":38596,"date":"2024-05-27T10:43:00","date_gmt":"2024-05-27T08:43:00","guid":{"rendered":"https:\/\/afc.cat\/?p=38596"},"modified":"2024-05-27T10:43:00","modified_gmt":"2024-05-27T08:43:00","slug":"presentacion-del-libro-la-pell-de-barcelona-de-francesc-catala-roca","status":"publish","type":"post","link":"https:\/\/afc.cat\/es\/presentacion-del-libro-la-pell-de-barcelona-de-francesc-catala-roca\/","title":{"rendered":"Presentaci\u00f3n del libro \u201cLa pell de Barcelona\u201d de Francesc Catal\u00e0-Roca"},"content":{"rendered":"<div class=\"fusion-fullwidth fullwidth-box fusion-builder-row-1 fusion-flex-container nonhundred-percent-fullwidth non-hundred-percent-height-scrolling\" style=\"background-color: rgba(255,255,255,0);background-position: center center;background-repeat: no-repeat;border-width: 0px 0px 0px 0px;border-color:#ffffff;border-style:solid;\" ><div class=\"fusion-builder-row fusion-row fusion-flex-align-items-flex-start\" style=\"max-width:1300px;margin-left: calc(-4% \/ 2 );margin-right: calc(-4% \/ 2 );\"><div class=\"fusion-layout-column fusion_builder_column fusion-builder-column-0 fusion_builder_column_2_3 2_3 fusion-flex-column\"><div class=\"fusion-column-wrapper fusion-flex-justify-content-flex-start fusion-content-layout-column\" style=\"background-position:left top;background-repeat:no-repeat;-webkit-background-size:cover;-moz-background-size:cover;-o-background-size:cover;background-size:cover;padding: 0px 0px 0px 0px;\"><div class=\"fusion-text fusion-text-1\"><h2>Presentaci\u00f3n del libro \u201cLa piel de Barcelona\u201d de Francesc Catal\u00e0-Roca<\/h2>\n<p>Presentado en la AFC el nuevo libro \u201c<strong>La piel de Barcelona<\/strong>\u201d de <strong>Francesc Catal\u00e0-Roca<\/strong><\/p>\n<p>Con motivo de la publicaci\u00f3n del libro in\u00e9dito \u201cLa piel de Barcelona\u201c, de Francesc Catal\u00e0 Roca, publicado en coedici\u00f3n por el <strong>Ayuntamiento de Barcelona<\/strong> y <strong>Enciclop\u00e8dia Catalana<\/strong>, y coincidiendo con los 100 a\u00f1os del nacimiento del autor, el martes 21 de mayo a las 18.30 horas tuvo lugar la presentaci\u00f3n del mismo a la sede de la <strong>Agrupaci\u00f3 Fotogr\u00e0fica de Catalunya<\/strong> donde se celebr\u00f3 una mesa redonda moderada por el Presidente de la Agrupaci\u00f3n <strong>Pere Puigdollers<\/strong> y que cont\u00f3 con la participaci\u00f3n de <strong>Andreu Catal\u00e0 Pedersen<\/strong>, hijo de <strong>Francesc Catal\u00e0-Roca<\/strong>; <strong>Laura Terr\u00e9<\/strong>, historiadora; <strong>Llu\u00eds Permanyer<\/strong>, cronista de la ciudad de Barcelona; y <strong>Joan Ricart<\/strong>, editor de <strong>Enciclop\u00e8dia Catalana.<\/strong><\/p>\n<p>Este libro in\u00e9dito, creado y maquetado por el fot\u00f3grafo, socio durante toda su vida de la Agrupaci\u00f3n, ha sido recuperado de su archivo del Colegio de Arquitectos con m\u00e1s de 200<strong> im\u00e1genes de Barcelona<\/strong>, principalmente detalles, que el autor hace dialogar entre ellas en una sucesi\u00f3n de dobles p\u00e1ginas. La obra est\u00e1 dividida en dos vol\u00famenes, uno que recoge todas las im\u00e1genes sin textos, seg\u00fan su deseo, y otro con textos de Llu\u00eds Permanyer, amigo y colaborador de Catal\u00e0-Roca. Tambi\u00e9n participan su hijo Andreu Catal\u00e0, Laura Terr\u00e9, experta en su figura y comisaria del centenario de su nacimiento y <strong>Guim Costa<\/strong>, decano del <strong>Colegio de Arquitectos de Catalu\u00f1a<\/strong>. Tambi\u00e9n podemos encontrar fragmentos de textos del propio fot\u00f3grafo donde explica su relaci\u00f3n con Barcelona y la idea de este proyecto.<\/p>\n<p><strong>Merc\u00e8 Ros<\/strong><br \/>\n<strong>Vocal\u00eda de comunicaci\u00f3n<\/strong><\/p>\n<\/div><style type=\"text\/css\">.fusion-gallery-1 .fusion-gallery-image {border:0px solid #e2e2e2;}<\/style><div class=\"fusion-gallery fusion-gallery-container fusion-grid-3 fusion-columns-total-19 fusion-gallery-layout-grid fusion-gallery-1\" style=\"margin:-5px;\"><div style=\"padding:5px;\" class=\"fusion-grid-column fusion-gallery-column fusion-gallery-column-3 hover-type-zoomin\"><div class=\"fusion-gallery-image\"><a href=\"https:\/\/afc.cat\/wp-content\/uploads\/2024\/05\/Presentacio-llibre-La-pell-de-Barcelona-1.jpg\" rel=\"noreferrer\" data-rel=\"iLightbox[gallery_image_1]\" class=\"fusion-lightbox\" target=\"_self\"><img decoding=\"async\" src=\"https:\/\/afc.cat\/wp-content\/uploads\/2024\/05\/Presentacio-llibre-La-pell-de-Barcelona-1-460x295.jpg\" width=\"460\" height=\"295\" alt=\"\" title=\"Presentaci\u00f3 llibre La pell de Barcelona (1)\" aria-label=\"Presentaci\u00f3 llibre La pell de Barcelona (1)\" class=\"img-responsive wp-image-38374 fusion-gallery-image-size-fixed\" \/><\/a><\/div><\/div><div style=\"padding:5px;\" class=\"fusion-grid-column fusion-gallery-column fusion-gallery-column-3 hover-type-zoomin\"><div class=\"fusion-gallery-image\"><a href=\"https:\/\/afc.cat\/wp-content\/uploads\/2024\/05\/Presentacio-llibre-La-pell-de-Barcelona-2.jpg\" rel=\"noreferrer\" data-rel=\"iLightbox[gallery_image_1]\" class=\"fusion-lightbox\" target=\"_self\"><img decoding=\"async\" src=\"https:\/\/afc.cat\/wp-content\/uploads\/2024\/05\/Presentacio-llibre-La-pell-de-Barcelona-2-460x295.jpg\" width=\"460\" height=\"295\" alt=\"\" title=\"Presentaci\u00f3 llibre La pell de Barcelona (2)\" aria-label=\"Presentaci\u00f3 llibre La pell de Barcelona (2)\" class=\"img-responsive wp-image-38376 fusion-gallery-image-size-fixed\" \/><\/a><\/div><\/div><div style=\"padding:5px;\" class=\"fusion-grid-column fusion-gallery-column fusion-gallery-column-3 hover-type-zoomin\"><div class=\"fusion-gallery-image\"><a href=\"https:\/\/afc.cat\/wp-content\/uploads\/2024\/05\/Presentacio-llibre-La-pell-de-Barcelona-3.jpg\" rel=\"noreferrer\" data-rel=\"iLightbox[gallery_image_1]\" class=\"fusion-lightbox\" target=\"_self\"><img decoding=\"async\" src=\"https:\/\/afc.cat\/wp-content\/uploads\/2024\/05\/Presentacio-llibre-La-pell-de-Barcelona-3-460x295.jpg\" width=\"460\" height=\"295\" alt=\"\" title=\"Presentaci\u00f3 llibre La pell de Barcelona (3)\" aria-label=\"Presentaci\u00f3 llibre La pell de Barcelona (3)\" class=\"img-responsive wp-image-38378 fusion-gallery-image-size-fixed\" \/><\/a><\/div><\/div><div class=\"clearfix\"><\/div><div style=\"padding:5px;\" class=\"fusion-grid-column fusion-gallery-column fusion-gallery-column-3 hover-type-zoomin\"><div class=\"fusion-gallery-image\"><a href=\"https:\/\/afc.cat\/wp-content\/uploads\/2024\/05\/Presentacio-llibre-La-pell-de-Barcelona-4.jpg\" rel=\"noreferrer\" data-rel=\"iLightbox[gallery_image_1]\" class=\"fusion-lightbox\" target=\"_self\"><img decoding=\"async\" src=\"https:\/\/afc.cat\/wp-content\/uploads\/2024\/05\/Presentacio-llibre-La-pell-de-Barcelona-4-460x295.jpg\" width=\"460\" height=\"295\" alt=\"\" title=\"Presentaci\u00f3 llibre La pell de Barcelona (4)\" aria-label=\"Presentaci\u00f3 llibre La pell de Barcelona (4)\" class=\"img-responsive wp-image-38380 fusion-gallery-image-size-fixed\" \/><\/a><\/div><\/div><div style=\"padding:5px;\" class=\"fusion-grid-column fusion-gallery-column fusion-gallery-column-3 hover-type-zoomin\"><div class=\"fusion-gallery-image\"><a href=\"https:\/\/afc.cat\/wp-content\/uploads\/2024\/05\/Presentacio-llibre-La-pell-de-Barcelona-5.jpg\" rel=\"noreferrer\" data-rel=\"iLightbox[gallery_image_1]\" class=\"fusion-lightbox\" target=\"_self\"><img decoding=\"async\" src=\"https:\/\/afc.cat\/wp-content\/uploads\/2024\/05\/Presentacio-llibre-La-pell-de-Barcelona-5-460x295.jpg\" width=\"460\" height=\"295\" alt=\"\" title=\"Presentaci\u00f3 llibre La pell de Barcelona (5)\" aria-label=\"Presentaci\u00f3 llibre La pell de Barcelona (5)\" class=\"img-responsive wp-image-38382 fusion-gallery-image-size-fixed\" \/><\/a><\/div><\/div><div style=\"padding:5px;\" class=\"fusion-grid-column fusion-gallery-column fusion-gallery-column-3 hover-type-zoomin\"><div class=\"fusion-gallery-image\"><a href=\"https:\/\/afc.cat\/wp-content\/uploads\/2024\/05\/Presentacio-llibre-La-pell-de-Barcelona-6.jpg\" rel=\"noreferrer\" data-rel=\"iLightbox[gallery_image_1]\" class=\"fusion-lightbox\" target=\"_self\"><img decoding=\"async\" src=\"https:\/\/afc.cat\/wp-content\/uploads\/2024\/05\/Presentacio-llibre-La-pell-de-Barcelona-6-460x295.jpg\" width=\"460\" height=\"295\" alt=\"\" title=\"Presentaci\u00f3 llibre La pell de Barcelona (6)\" aria-label=\"Presentaci\u00f3 llibre La pell de Barcelona (6)\" class=\"img-responsive wp-image-38384 fusion-gallery-image-size-fixed\" \/><\/a><\/div><\/div><div class=\"clearfix\"><\/div><div style=\"padding:5px;\" class=\"fusion-grid-column fusion-gallery-column fusion-gallery-column-3 hover-type-zoomin\"><div class=\"fusion-gallery-image\"><a href=\"https:\/\/afc.cat\/wp-content\/uploads\/2024\/05\/Presentacio-llibre-La-pell-de-Barcelona-7.jpg\" rel=\"noreferrer\" data-rel=\"iLightbox[gallery_image_1]\" class=\"fusion-lightbox\" target=\"_self\"><img decoding=\"async\" src=\"https:\/\/afc.cat\/wp-content\/uploads\/2024\/05\/Presentacio-llibre-La-pell-de-Barcelona-7-460x295.jpg\" width=\"460\" height=\"295\" alt=\"\" title=\"Presentaci\u00f3 llibre La pell de Barcelona (7)\" aria-label=\"Presentaci\u00f3 llibre La pell de Barcelona (7)\" class=\"img-responsive wp-image-38386 fusion-gallery-image-size-fixed\" \/><\/a><\/div><\/div><div style=\"padding:5px;\" class=\"fusion-grid-column fusion-gallery-column fusion-gallery-column-3 hover-type-zoomin\"><div class=\"fusion-gallery-image\"><a href=\"https:\/\/afc.cat\/wp-content\/uploads\/2024\/05\/Presentacio-llibre-La-pell-de-Barcelona-8.jpg\" rel=\"noreferrer\" data-rel=\"iLightbox[gallery_image_1]\" class=\"fusion-lightbox\" target=\"_self\"><img decoding=\"async\" src=\"https:\/\/afc.cat\/wp-content\/uploads\/2024\/05\/Presentacio-llibre-La-pell-de-Barcelona-8-460x295.jpg\" width=\"460\" height=\"295\" alt=\"\" title=\"Presentaci\u00f3 llibre La pell de Barcelona (8)\" aria-label=\"Presentaci\u00f3 llibre La pell de Barcelona (8)\" class=\"img-responsive wp-image-38388 fusion-gallery-image-size-fixed\" \/><\/a><\/div><\/div><div style=\"padding:5px;\" class=\"fusion-grid-column fusion-gallery-column fusion-gallery-column-3 hover-type-zoomin\"><div class=\"fusion-gallery-image\"><a href=\"https:\/\/afc.cat\/wp-content\/uploads\/2024\/05\/Presentacio-llibre-La-pell-de-Barcelona-9.jpg\" rel=\"noreferrer\" data-rel=\"iLightbox[gallery_image_1]\" class=\"fusion-lightbox\" target=\"_self\"><img decoding=\"async\" src=\"https:\/\/afc.cat\/wp-content\/uploads\/2024\/05\/Presentacio-llibre-La-pell-de-Barcelona-9-460x295.jpg\" width=\"460\" height=\"295\" alt=\"\" title=\"Presentaci\u00f3 llibre La pell de Barcelona (9)\" aria-label=\"Presentaci\u00f3 llibre La pell de Barcelona (9)\" class=\"img-responsive wp-image-38390 fusion-gallery-image-size-fixed\" \/><\/a><\/div><\/div><div class=\"clearfix\"><\/div><div style=\"padding:5px;\" class=\"fusion-grid-column fusion-gallery-column fusion-gallery-column-3 hover-type-zoomin\"><div class=\"fusion-gallery-image\"><a href=\"https:\/\/afc.cat\/wp-content\/uploads\/2024\/05\/Presentacio-llibre-La-pell-de-Barcelona-10.jpg\" rel=\"noreferrer\" data-rel=\"iLightbox[gallery_image_1]\" class=\"fusion-lightbox\" target=\"_self\"><img decoding=\"async\" src=\"https:\/\/afc.cat\/wp-content\/uploads\/2024\/05\/Presentacio-llibre-La-pell-de-Barcelona-10-460x295.jpg\" width=\"460\" height=\"295\" alt=\"\" title=\"Presentaci\u00f3 llibre La pell de Barcelona (10)\" aria-label=\"Presentaci\u00f3 llibre La pell de Barcelona (10)\" class=\"img-responsive wp-image-38392 fusion-gallery-image-size-fixed\" \/><\/a><\/div><\/div><div style=\"padding:5px;\" class=\"fusion-grid-column fusion-gallery-column fusion-gallery-column-3 hover-type-zoomin\"><div class=\"fusion-gallery-image\"><a href=\"https:\/\/afc.cat\/wp-content\/uploads\/2024\/05\/Presentacio-llibre-La-pell-de-Barcelona-11.jpg\" rel=\"noreferrer\" data-rel=\"iLightbox[gallery_image_1]\" class=\"fusion-lightbox\" target=\"_self\"><img decoding=\"async\" src=\"https:\/\/afc.cat\/wp-content\/uploads\/2024\/05\/Presentacio-llibre-La-pell-de-Barcelona-11-460x295.jpg\" width=\"460\" height=\"295\" alt=\"\" title=\"Presentaci\u00f3 llibre La pell de Barcelona (11)\" aria-label=\"Presentaci\u00f3 llibre La pell de Barcelona (11)\" class=\"img-responsive wp-image-38394 fusion-gallery-image-size-fixed\" \/><\/a><\/div><\/div><div style=\"padding:5px;\" class=\"fusion-grid-column fusion-gallery-column fusion-gallery-column-3 hover-type-zoomin\"><div class=\"fusion-gallery-image\"><a href=\"https:\/\/afc.cat\/wp-content\/uploads\/2024\/05\/Presentacio-llibre-La-pell-de-Barcelona-12.jpg\" rel=\"noreferrer\" data-rel=\"iLightbox[gallery_image_1]\" class=\"fusion-lightbox\" target=\"_self\"><img decoding=\"async\" src=\"https:\/\/afc.cat\/wp-content\/uploads\/2024\/05\/Presentacio-llibre-La-pell-de-Barcelona-12-460x295.jpg\" width=\"460\" height=\"295\" alt=\"\" title=\"Presentaci\u00f3 llibre La pell de Barcelona (12)\" aria-label=\"Presentaci\u00f3 llibre La pell de Barcelona (12)\" class=\"img-responsive wp-image-38396 fusion-gallery-image-size-fixed\" \/><\/a><\/div><\/div><div class=\"clearfix\"><\/div><div style=\"padding:5px;\" class=\"fusion-grid-column fusion-gallery-column fusion-gallery-column-3 hover-type-zoomin\"><div class=\"fusion-gallery-image\"><a href=\"https:\/\/afc.cat\/wp-content\/uploads\/2024\/05\/Presentacio-llibre-La-pell-de-Barcelona-13.jpg\" rel=\"noreferrer\" data-rel=\"iLightbox[gallery_image_1]\" class=\"fusion-lightbox\" target=\"_self\"><img decoding=\"async\" src=\"https:\/\/afc.cat\/wp-content\/uploads\/2024\/05\/Presentacio-llibre-La-pell-de-Barcelona-13-460x295.jpg\" width=\"460\" height=\"295\" alt=\"\" title=\"Presentaci\u00f3 llibre La pell de Barcelona (13)\" aria-label=\"Presentaci\u00f3 llibre La pell de Barcelona (13)\" class=\"img-responsive wp-image-38398 fusion-gallery-image-size-fixed\" \/><\/a><\/div><\/div><div style=\"padding:5px;\" class=\"fusion-grid-column fusion-gallery-column fusion-gallery-column-3 hover-type-zoomin\"><div class=\"fusion-gallery-image\"><a href=\"https:\/\/afc.cat\/wp-content\/uploads\/2024\/05\/Presentacio-llibre-La-pell-de-Barcelona-14.jpg\" rel=\"noreferrer\" data-rel=\"iLightbox[gallery_image_1]\" class=\"fusion-lightbox\" target=\"_self\"><img decoding=\"async\" src=\"https:\/\/afc.cat\/wp-content\/uploads\/2024\/05\/Presentacio-llibre-La-pell-de-Barcelona-14-460x295.jpg\" width=\"460\" height=\"295\" alt=\"\" title=\"Presentaci\u00f3 llibre La pell de Barcelona (14)\" aria-label=\"Presentaci\u00f3 llibre La pell de Barcelona (14)\" class=\"img-responsive wp-image-38400 fusion-gallery-image-size-fixed\" \/><\/a><\/div><\/div><div style=\"padding:5px;\" class=\"fusion-grid-column fusion-gallery-column fusion-gallery-column-3 hover-type-zoomin\"><div class=\"fusion-gallery-image\"><a href=\"https:\/\/afc.cat\/wp-content\/uploads\/2024\/05\/Presentacio-llibre-La-pell-de-Barcelona-15.jpg\" rel=\"noreferrer\" data-rel=\"iLightbox[gallery_image_1]\" class=\"fusion-lightbox\" target=\"_self\"><img decoding=\"async\" src=\"https:\/\/afc.cat\/wp-content\/uploads\/2024\/05\/Presentacio-llibre-La-pell-de-Barcelona-15-460x295.jpg\" width=\"460\" height=\"295\" alt=\"\" title=\"Presentaci\u00f3 llibre La pell de Barcelona (15)\" aria-label=\"Presentaci\u00f3 llibre La pell de Barcelona (15)\" class=\"img-responsive wp-image-38402 fusion-gallery-image-size-fixed\" \/><\/a><\/div><\/div><div class=\"clearfix\"><\/div><div style=\"padding:5px;\" class=\"fusion-grid-column fusion-gallery-column fusion-gallery-column-3 hover-type-zoomin\"><div class=\"fusion-gallery-image\"><a href=\"https:\/\/afc.cat\/wp-content\/uploads\/2024\/05\/Presentacio-llibre-La-pell-de-Barcelona-16.jpg\" rel=\"noreferrer\" data-rel=\"iLightbox[gallery_image_1]\" class=\"fusion-lightbox\" target=\"_self\"><img decoding=\"async\" src=\"https:\/\/afc.cat\/wp-content\/uploads\/2024\/05\/Presentacio-llibre-La-pell-de-Barcelona-16-460x295.jpg\" width=\"460\" height=\"295\" alt=\"\" title=\"Presentaci\u00f3 llibre La pell de Barcelona (16)\" aria-label=\"Presentaci\u00f3 llibre La pell de Barcelona (16)\" class=\"img-responsive wp-image-38404 fusion-gallery-image-size-fixed\" \/><\/a><\/div><\/div><div style=\"padding:5px;\" class=\"fusion-grid-column fusion-gallery-column fusion-gallery-column-3 hover-type-zoomin\"><div class=\"fusion-gallery-image\"><a href=\"https:\/\/afc.cat\/wp-content\/uploads\/2024\/05\/Presentacio-llibre-La-pell-de-Barcelona-17.jpg\" rel=\"noreferrer\" data-rel=\"iLightbox[gallery_image_1]\" class=\"fusion-lightbox\" target=\"_self\"><img decoding=\"async\" src=\"https:\/\/afc.cat\/wp-content\/uploads\/2024\/05\/Presentacio-llibre-La-pell-de-Barcelona-17-460x295.jpg\" width=\"460\" height=\"295\" alt=\"\" title=\"Presentaci\u00f3 llibre La pell de Barcelona (17)\" aria-label=\"Presentaci\u00f3 llibre La pell de Barcelona (17)\" class=\"img-responsive wp-image-38406 fusion-gallery-image-size-fixed\" \/><\/a><\/div><\/div><div style=\"padding:5px;\" class=\"fusion-grid-column fusion-gallery-column fusion-gallery-column-3 hover-type-zoomin\"><div class=\"fusion-gallery-image\"><a href=\"https:\/\/afc.cat\/wp-content\/uploads\/2024\/05\/Presentacio-llibre-La-pell-de-Barcelona-18.jpg\" rel=\"noreferrer\" data-rel=\"iLightbox[gallery_image_1]\" class=\"fusion-lightbox\" target=\"_self\"><img decoding=\"async\" src=\"https:\/\/afc.cat\/wp-content\/uploads\/2024\/05\/Presentacio-llibre-La-pell-de-Barcelona-18-460x295.jpg\" width=\"460\" height=\"295\" alt=\"\" title=\"Presentaci\u00f3 llibre La pell de Barcelona (18)\" aria-label=\"Presentaci\u00f3 llibre La pell de Barcelona (18)\" class=\"img-responsive wp-image-38408 fusion-gallery-image-size-fixed\" \/><\/a><\/div><\/div><div class=\"clearfix\"><\/div><div style=\"padding:5px;\" class=\"fusion-grid-column fusion-gallery-column fusion-gallery-column-3 hover-type-zoomin\"><div class=\"fusion-gallery-image\"><a href=\"https:\/\/afc.cat\/wp-content\/uploads\/2024\/05\/Presentacio-llibre-La-pell-de-Barcelona-19.jpg\" rel=\"noreferrer\" data-rel=\"iLightbox[gallery_image_1]\" class=\"fusion-lightbox\" target=\"_self\"><img decoding=\"async\" src=\"https:\/\/afc.cat\/wp-content\/uploads\/2024\/05\/Presentacio-llibre-La-pell-de-Barcelona-19-460x295.jpg\" width=\"460\" height=\"295\" alt=\"\" title=\"Presentaci\u00f3 llibre La pell de Barcelona (19)\" aria-label=\"Presentaci\u00f3 llibre La pell de Barcelona (19)\" class=\"img-responsive wp-image-38410 fusion-gallery-image-size-fixed\" \/><\/a><\/div><\/div><\/div><div class=\"fusion-text fusion-text-2\" style=\"font-size:13px;\"><p style=\"text-align: center;\">Fotos: Albert Ca\u00f1ellas (Kirowa_foto)<\/p>\n<\/div><div class=\"fusion-text fusion-text-3\" style=\"margin-top:30px;\"><p style=\"text-align: center;\">Video de la presentaci\u00f3n<\/p>\n<\/div><div style=\"text-align:center;\"><span class=\" fusion-imageframe imageframe-none imageframe-1 hover-type-none\"><a class=\"fusion-no-lightbox\" href=\"https:\/\/beteve.cat\/cultura\/editen-la-pell-de-barcelona-llibre-inedit-catala-roca\/\" target=\"_self\" aria-label=\"video btv\"><img decoding=\"async\" width=\"800\" height=\"495\" src=\"https:\/\/afc.cat\/wp-content\/uploads\/2024\/05\/video-btv-800x495.jpg\" alt class=\"img-responsive wp-image-38594\" srcset=\"https:\/\/afc.cat\/wp-content\/uploads\/2024\/05\/video-btv-200x124.jpg 200w, https:\/\/afc.cat\/wp-content\/uploads\/2024\/05\/video-btv-400x248.jpg 400w, https:\/\/afc.cat\/wp-content\/uploads\/2024\/05\/video-btv-600x371.jpg 600w, https:\/\/afc.cat\/wp-content\/uploads\/2024\/05\/video-btv-800x495.jpg 800w, https:\/\/afc.cat\/wp-content\/uploads\/2024\/05\/video-btv.jpg 940w\" sizes=\"(max-width: 640px) 100vw, 800px\" \/><\/a><\/span><\/div><\/div><style type=\"text\/css\">.fusion-body .fusion-builder-column-0{width:66.666666666667% !important;margin-top : 0px;margin-bottom : 0px;}.fusion-builder-column-0 > .fusion-column-wrapper {padding-top : 0px !important;padding-right : 0px !important;margin-right : 3.84%;padding-bottom : 0px !important;padding-left : 0px !important;margin-left : 2.88%;}@media only screen and (max-width:1024px) {.fusion-body .fusion-builder-column-0{width:66.666666666667% !important;}.fusion-builder-column-0 > .fusion-column-wrapper {margin-right : 3.84%;margin-left : 2.88%;}}@media only screen and (max-width:640px) {.fusion-body .fusion-builder-column-0{width:100% !important;}.fusion-builder-column-0 > .fusion-column-wrapper {margin-right : 1.92%;margin-left : 1.92%;}}<\/style><\/div><div class=\"fusion-layout-column fusion_builder_column fusion-builder-column-1 fusion_builder_column_1_3 1_3 fusion-flex-column\"><div class=\"fusion-column-wrapper fusion-flex-justify-content-flex-start fusion-content-layout-column\" style=\"background-position:left top;background-repeat:no-repeat;-webkit-background-size:cover;-moz-background-size:cover;-o-background-size:cover;background-size:cover;padding: 0px 0px 0px 0px;\"><div ><span class=\" fusion-imageframe imageframe-none imageframe-2 hover-type-none\"><img decoding=\"async\" width=\"400\" height=\"400\" title=\"PORTADA Baixa copia\" src=\"https:\/\/afc.cat\/wp-content\/uploads\/2024\/05\/PORTADA-Baixa-copia-e1715613222755.jpg\" alt class=\"img-responsive wp-image-38358\"\/><\/span><\/div><\/div><style type=\"text\/css\">.fusion-body .fusion-builder-column-1{width:33.333333333333% !important;margin-top : 0px;margin-bottom : 0px;}.fusion-builder-column-1 > .fusion-column-wrapper {padding-top : 0px !important;padding-right : 0px !important;margin-right : 5.76%;padding-bottom : 0px !important;padding-left : 0px !important;margin-left : 3.84%;}@media only screen and (max-width:1024px) {.fusion-body .fusion-builder-column-1{width:33.333333333333% !important;}.fusion-builder-column-1 > .fusion-column-wrapper {margin-right : 5.76%;margin-left : 3.84%;}}@media only screen and (max-width:640px) {.fusion-body .fusion-builder-column-1{width:100% !important;}.fusion-builder-column-1 > .fusion-column-wrapper {margin-right : 1.92%;margin-left : 1.92%;}}<\/style><\/div><\/div><style type=\"text\/css\">.fusion-body .fusion-flex-container.fusion-builder-row-1{ padding-top : 0px;margin-top : 0px;padding-right : 0px;padding-bottom : 0px;margin-bottom : 0px;padding-left : 0px;}<\/style><\/div>\n","protected":false},"excerpt":{"rendered":"","protected":false},"author":33,"featured_media":38583,"comment_status":"closed","ping_status":"closed","sticky":false,"template":"","format":"standard","meta":{"_acf_changed":false,"footnotes":""},"categories":[36,191],"tags":[],"class_list":["post-38596","post","type-post","status-publish","format-standard","has-post-thumbnail","hentry","category-actos-culturales","category-presentacion-libro"],"acf":[],"yoast_head":"<!-- This site is optimized with the Yoast SEO plugin v27.5 - https:\/\/yoast.com\/product\/yoast-seo-wordpress\/ -->\n<title>Presentaci\u00f3n del libro \u201cLa pell de Barcelona\u201d de Francesc Catal\u00e0-Roca - Agrupaci\u00f3 Fotogr\u00e0fica de Catalunya<\/title>\n<meta name=\"robots\" content=\"index, follow, max-snippet:-1, max-image-preview:large, max-video-preview:-1\" \/>\n<link rel=\"canonical\" href=\"https:\/\/afc.cat\/es\/presentacion-del-libro-la-pell-de-barcelona-de-francesc-catala-roca\/\" \/>\n<meta property=\"og:locale\" content=\"es_ES\" \/>\n<meta property=\"og:type\" content=\"article\" \/>\n<meta property=\"og:title\" content=\"Presentaci\u00f3n del libro \u201cLa pell de Barcelona\u201d de Francesc Catal\u00e0-Roca - Agrupaci\u00f3 Fotogr\u00e0fica de Catalunya\" \/>\n<meta property=\"og:url\" content=\"https:\/\/afc.cat\/es\/presentacion-del-libro-la-pell-de-barcelona-de-francesc-catala-roca\/\" \/>\n<meta property=\"og:site_name\" content=\"Agrupaci\u00f3 Fotogr\u00e0fica de Catalunya\" \/>\n<meta property=\"article:published_time\" content=\"2024-05-27T08:43:00+00:00\" \/>\n<meta property=\"og:image\" content=\"https:\/\/afc.cat\/wp-content\/uploads\/2024\/05\/presentacio.jpg\" \/>\n\t<meta property=\"og:image:width\" content=\"968\" \/>\n\t<meta property=\"og:image:height\" content=\"619\" \/>\n\t<meta property=\"og:image:type\" content=\"image\/jpeg\" \/>\n<meta name=\"author\" content=\"Albert Folch Naval\u00f3n\" \/>\n<meta name=\"twitter:card\" content=\"summary_large_image\" \/>\n<meta name=\"twitter:label1\" content=\"Escrito por\" \/>\n\t<meta name=\"twitter:data1\" content=\"Albert Folch Naval\u00f3n\" \/>\n\t<meta name=\"twitter:label2\" content=\"Tiempo de lectura\" \/>\n\t<meta name=\"twitter:data2\" content=\"9 minutos\" \/>\n<script type=\"application\/ld+json\" class=\"yoast-schema-graph\">{\"@context\":\"https:\\\/\\\/schema.org\",\"@graph\":[{\"@type\":\"Article\",\"@id\":\"https:\\\/\\\/afc.cat\\\/es\\\/presentacion-del-libro-la-pell-de-barcelona-de-francesc-catala-roca\\\/#article\",\"isPartOf\":{\"@id\":\"https:\\\/\\\/afc.cat\\\/es\\\/presentacion-del-libro-la-pell-de-barcelona-de-francesc-catala-roca\\\/\"},\"author\":{\"name\":\"Albert Folch Naval\u00f3n\",\"@id\":\"https:\\\/\\\/afc.cat\\\/es\\\/#\\\/schema\\\/person\\\/2868ff3362c6c568af6bbef21aab18a6\"},\"headline\":\"Presentaci\u00f3n del libro \u201cLa pell de Barcelona\u201d de Francesc Catal\u00e0-Roca\",\"datePublished\":\"2024-05-27T08:43:00+00:00\",\"mainEntityOfPage\":{\"@id\":\"https:\\\/\\\/afc.cat\\\/es\\\/presentacion-del-libro-la-pell-de-barcelona-de-francesc-catala-roca\\\/\"},\"wordCount\":1847,\"image\":{\"@id\":\"https:\\\/\\\/afc.cat\\\/es\\\/presentacion-del-libro-la-pell-de-barcelona-de-francesc-catala-roca\\\/#primaryimage\"},\"thumbnailUrl\":\"https:\\\/\\\/afc.cat\\\/wp-content\\\/uploads\\\/2024\\\/05\\\/presentacio.jpg\",\"articleSection\":[\"Actos Culturales\",\"Presentaci\u00f3n libro\"],\"inLanguage\":\"es\"},{\"@type\":\"WebPage\",\"@id\":\"https:\\\/\\\/afc.cat\\\/es\\\/presentacion-del-libro-la-pell-de-barcelona-de-francesc-catala-roca\\\/\",\"url\":\"https:\\\/\\\/afc.cat\\\/es\\\/presentacion-del-libro-la-pell-de-barcelona-de-francesc-catala-roca\\\/\",\"name\":\"Presentaci\u00f3n del libro \u201cLa pell de Barcelona\u201d de Francesc Catal\u00e0-Roca - Agrupaci\u00f3 Fotogr\u00e0fica de Catalunya\",\"isPartOf\":{\"@id\":\"https:\\\/\\\/afc.cat\\\/es\\\/#website\"},\"primaryImageOfPage\":{\"@id\":\"https:\\\/\\\/afc.cat\\\/es\\\/presentacion-del-libro-la-pell-de-barcelona-de-francesc-catala-roca\\\/#primaryimage\"},\"image\":{\"@id\":\"https:\\\/\\\/afc.cat\\\/es\\\/presentacion-del-libro-la-pell-de-barcelona-de-francesc-catala-roca\\\/#primaryimage\"},\"thumbnailUrl\":\"https:\\\/\\\/afc.cat\\\/wp-content\\\/uploads\\\/2024\\\/05\\\/presentacio.jpg\",\"datePublished\":\"2024-05-27T08:43:00+00:00\",\"author\":{\"@id\":\"https:\\\/\\\/afc.cat\\\/es\\\/#\\\/schema\\\/person\\\/2868ff3362c6c568af6bbef21aab18a6\"},\"breadcrumb\":{\"@id\":\"https:\\\/\\\/afc.cat\\\/es\\\/presentacion-del-libro-la-pell-de-barcelona-de-francesc-catala-roca\\\/#breadcrumb\"},\"inLanguage\":\"es\",\"potentialAction\":[{\"@type\":\"ReadAction\",\"target\":[\"https:\\\/\\\/afc.cat\\\/es\\\/presentacion-del-libro-la-pell-de-barcelona-de-francesc-catala-roca\\\/\"]}]},{\"@type\":\"ImageObject\",\"inLanguage\":\"es\",\"@id\":\"https:\\\/\\\/afc.cat\\\/es\\\/presentacion-del-libro-la-pell-de-barcelona-de-francesc-catala-roca\\\/#primaryimage\",\"url\":\"https:\\\/\\\/afc.cat\\\/wp-content\\\/uploads\\\/2024\\\/05\\\/presentacio.jpg\",\"contentUrl\":\"https:\\\/\\\/afc.cat\\\/wp-content\\\/uploads\\\/2024\\\/05\\\/presentacio.jpg\",\"width\":968,\"height\":619},{\"@type\":\"BreadcrumbList\",\"@id\":\"https:\\\/\\\/afc.cat\\\/es\\\/presentacion-del-libro-la-pell-de-barcelona-de-francesc-catala-roca\\\/#breadcrumb\",\"itemListElement\":[{\"@type\":\"ListItem\",\"position\":1,\"name\":\"Inicio\",\"item\":\"https:\\\/\\\/afc.cat\\\/es\\\/\"},{\"@type\":\"ListItem\",\"position\":2,\"name\":\"Presentaci\u00f3n del libro \u201cLa pell de Barcelona\u201d de Francesc Catal\u00e0-Roca\"}]},{\"@type\":\"WebSite\",\"@id\":\"https:\\\/\\\/afc.cat\\\/es\\\/#website\",\"url\":\"https:\\\/\\\/afc.cat\\\/es\\\/\",\"name\":\"Agrupaci\u00f3 Fotogr\u00e0fica de Catalunya\",\"description\":\"Fomento y divulgaci\u00f3n de la fotograf\u00eda en todas sus variedades\",\"potentialAction\":[{\"@type\":\"SearchAction\",\"target\":{\"@type\":\"EntryPoint\",\"urlTemplate\":\"https:\\\/\\\/afc.cat\\\/es\\\/?s={search_term_string}\"},\"query-input\":{\"@type\":\"PropertyValueSpecification\",\"valueRequired\":true,\"valueName\":\"search_term_string\"}}],\"inLanguage\":\"es\"},{\"@type\":\"Person\",\"@id\":\"https:\\\/\\\/afc.cat\\\/es\\\/#\\\/schema\\\/person\\\/2868ff3362c6c568af6bbef21aab18a6\",\"name\":\"Albert Folch Naval\u00f3n\",\"image\":{\"@type\":\"ImageObject\",\"inLanguage\":\"es\",\"@id\":\"https:\\\/\\\/secure.gravatar.com\\\/avatar\\\/d9af2c27458acd834a2ba71216b3c70b3d550f58587654086a7e7c13f9ffa40c?s=96&d=mm&r=g\",\"url\":\"https:\\\/\\\/secure.gravatar.com\\\/avatar\\\/d9af2c27458acd834a2ba71216b3c70b3d550f58587654086a7e7c13f9ffa40c?s=96&d=mm&r=g\",\"contentUrl\":\"https:\\\/\\\/secure.gravatar.com\\\/avatar\\\/d9af2c27458acd834a2ba71216b3c70b3d550f58587654086a7e7c13f9ffa40c?s=96&d=mm&r=g\",\"caption\":\"Albert Folch Naval\u00f3n\"},\"url\":\"https:\\\/\\\/afc.cat\\\/es\\\/author\\\/albertf2021\\\/\"}]}<\/script>\n<!-- \/ Yoast SEO plugin. -->","yoast_head_json":{"title":"Presentaci\u00f3n del libro \u201cLa pell de Barcelona\u201d de Francesc Catal\u00e0-Roca - Agrupaci\u00f3 Fotogr\u00e0fica de Catalunya","robots":{"index":"index","follow":"follow","max-snippet":"max-snippet:-1","max-image-preview":"max-image-preview:large","max-video-preview":"max-video-preview:-1"},"canonical":"https:\/\/afc.cat\/es\/presentacion-del-libro-la-pell-de-barcelona-de-francesc-catala-roca\/","og_locale":"es_ES","og_type":"article","og_title":"Presentaci\u00f3n del libro \u201cLa pell de Barcelona\u201d de Francesc Catal\u00e0-Roca - Agrupaci\u00f3 Fotogr\u00e0fica de Catalunya","og_url":"https:\/\/afc.cat\/es\/presentacion-del-libro-la-pell-de-barcelona-de-francesc-catala-roca\/","og_site_name":"Agrupaci\u00f3 Fotogr\u00e0fica de Catalunya","article_published_time":"2024-05-27T08:43:00+00:00","og_image":[{"width":968,"height":619,"url":"https:\/\/afc.cat\/wp-content\/uploads\/2024\/05\/presentacio.jpg","type":"image\/jpeg"}],"author":"Albert Folch Naval\u00f3n","twitter_card":"summary_large_image","twitter_misc":{"Escrito por":"Albert Folch Naval\u00f3n","Tiempo de lectura":"9 minutos"},"schema":{"@context":"https:\/\/schema.org","@graph":[{"@type":"Article","@id":"https:\/\/afc.cat\/es\/presentacion-del-libro-la-pell-de-barcelona-de-francesc-catala-roca\/#article","isPartOf":{"@id":"https:\/\/afc.cat\/es\/presentacion-del-libro-la-pell-de-barcelona-de-francesc-catala-roca\/"},"author":{"name":"Albert Folch Naval\u00f3n","@id":"https:\/\/afc.cat\/es\/#\/schema\/person\/2868ff3362c6c568af6bbef21aab18a6"},"headline":"Presentaci\u00f3n del libro \u201cLa pell de Barcelona\u201d de Francesc Catal\u00e0-Roca","datePublished":"2024-05-27T08:43:00+00:00","mainEntityOfPage":{"@id":"https:\/\/afc.cat\/es\/presentacion-del-libro-la-pell-de-barcelona-de-francesc-catala-roca\/"},"wordCount":1847,"image":{"@id":"https:\/\/afc.cat\/es\/presentacion-del-libro-la-pell-de-barcelona-de-francesc-catala-roca\/#primaryimage"},"thumbnailUrl":"https:\/\/afc.cat\/wp-content\/uploads\/2024\/05\/presentacio.jpg","articleSection":["Actos Culturales","Presentaci\u00f3n libro"],"inLanguage":"es"},{"@type":"WebPage","@id":"https:\/\/afc.cat\/es\/presentacion-del-libro-la-pell-de-barcelona-de-francesc-catala-roca\/","url":"https:\/\/afc.cat\/es\/presentacion-del-libro-la-pell-de-barcelona-de-francesc-catala-roca\/","name":"Presentaci\u00f3n del libro \u201cLa pell de Barcelona\u201d de Francesc Catal\u00e0-Roca - Agrupaci\u00f3 Fotogr\u00e0fica de Catalunya","isPartOf":{"@id":"https:\/\/afc.cat\/es\/#website"},"primaryImageOfPage":{"@id":"https:\/\/afc.cat\/es\/presentacion-del-libro-la-pell-de-barcelona-de-francesc-catala-roca\/#primaryimage"},"image":{"@id":"https:\/\/afc.cat\/es\/presentacion-del-libro-la-pell-de-barcelona-de-francesc-catala-roca\/#primaryimage"},"thumbnailUrl":"https:\/\/afc.cat\/wp-content\/uploads\/2024\/05\/presentacio.jpg","datePublished":"2024-05-27T08:43:00+00:00","author":{"@id":"https:\/\/afc.cat\/es\/#\/schema\/person\/2868ff3362c6c568af6bbef21aab18a6"},"breadcrumb":{"@id":"https:\/\/afc.cat\/es\/presentacion-del-libro-la-pell-de-barcelona-de-francesc-catala-roca\/#breadcrumb"},"inLanguage":"es","potentialAction":[{"@type":"ReadAction","target":["https:\/\/afc.cat\/es\/presentacion-del-libro-la-pell-de-barcelona-de-francesc-catala-roca\/"]}]},{"@type":"ImageObject","inLanguage":"es","@id":"https:\/\/afc.cat\/es\/presentacion-del-libro-la-pell-de-barcelona-de-francesc-catala-roca\/#primaryimage","url":"https:\/\/afc.cat\/wp-content\/uploads\/2024\/05\/presentacio.jpg","contentUrl":"https:\/\/afc.cat\/wp-content\/uploads\/2024\/05\/presentacio.jpg","width":968,"height":619},{"@type":"BreadcrumbList","@id":"https:\/\/afc.cat\/es\/presentacion-del-libro-la-pell-de-barcelona-de-francesc-catala-roca\/#breadcrumb","itemListElement":[{"@type":"ListItem","position":1,"name":"Inicio","item":"https:\/\/afc.cat\/es\/"},{"@type":"ListItem","position":2,"name":"Presentaci\u00f3n del libro \u201cLa pell de Barcelona\u201d de Francesc Catal\u00e0-Roca"}]},{"@type":"WebSite","@id":"https:\/\/afc.cat\/es\/#website","url":"https:\/\/afc.cat\/es\/","name":"Agrupaci\u00f3 Fotogr\u00e0fica de Catalunya","description":"Fomento y divulgaci\u00f3n de la fotograf\u00eda en todas sus variedades","potentialAction":[{"@type":"SearchAction","target":{"@type":"EntryPoint","urlTemplate":"https:\/\/afc.cat\/es\/?s={search_term_string}"},"query-input":{"@type":"PropertyValueSpecification","valueRequired":true,"valueName":"search_term_string"}}],"inLanguage":"es"},{"@type":"Person","@id":"https:\/\/afc.cat\/es\/#\/schema\/person\/2868ff3362c6c568af6bbef21aab18a6","name":"Albert Folch Naval\u00f3n","image":{"@type":"ImageObject","inLanguage":"es","@id":"https:\/\/secure.gravatar.com\/avatar\/d9af2c27458acd834a2ba71216b3c70b3d550f58587654086a7e7c13f9ffa40c?s=96&d=mm&r=g","url":"https:\/\/secure.gravatar.com\/avatar\/d9af2c27458acd834a2ba71216b3c70b3d550f58587654086a7e7c13f9ffa40c?s=96&d=mm&r=g","contentUrl":"https:\/\/secure.gravatar.com\/avatar\/d9af2c27458acd834a2ba71216b3c70b3d550f58587654086a7e7c13f9ffa40c?s=96&d=mm&r=g","caption":"Albert Folch Naval\u00f3n"},"url":"https:\/\/afc.cat\/es\/author\/albertf2021\/"}]}},"_links":{"self":[{"href":"https:\/\/afc.cat\/es\/wp-json\/wp\/v2\/posts\/38596","targetHints":{"allow":["GET"]}}],"collection":[{"href":"https:\/\/afc.cat\/es\/wp-json\/wp\/v2\/posts"}],"about":[{"href":"https:\/\/afc.cat\/es\/wp-json\/wp\/v2\/types\/post"}],"author":[{"embeddable":true,"href":"https:\/\/afc.cat\/es\/wp-json\/wp\/v2\/users\/33"}],"replies":[{"embeddable":true,"href":"https:\/\/afc.cat\/es\/wp-json\/wp\/v2\/comments?post=38596"}],"version-history":[{"count":3,"href":"https:\/\/afc.cat\/es\/wp-json\/wp\/v2\/posts\/38596\/revisions"}],"predecessor-version":[{"id":38599,"href":"https:\/\/afc.cat\/es\/wp-json\/wp\/v2\/posts\/38596\/revisions\/38599"}],"wp:featuredmedia":[{"embeddable":true,"href":"https:\/\/afc.cat\/es\/wp-json\/wp\/v2\/media\/38583"}],"wp:attachment":[{"href":"https:\/\/afc.cat\/es\/wp-json\/wp\/v2\/media?parent=38596"}],"wp:term":[{"taxonomy":"category","embeddable":true,"href":"https:\/\/afc.cat\/es\/wp-json\/wp\/v2\/categories?post=38596"},{"taxonomy":"post_tag","embeddable":true,"href":"https:\/\/afc.cat\/es\/wp-json\/wp\/v2\/tags?post=38596"}],"curies":[{"name":"wp","href":"https:\/\/api.w.org\/{rel}","templated":true}]}}