{"id":38843,"date":"2024-06-08T14:36:56","date_gmt":"2024-06-08T12:36:56","guid":{"rendered":"https:\/\/afc.cat\/?p=38843"},"modified":"2024-06-08T15:00:20","modified_gmt":"2024-06-08T13:00:20","slug":"veredicto-y-catalogo-del-concurso-internacional-del-centenari-de-lafc","status":"publish","type":"post","link":"https:\/\/afc.cat\/es\/veredicto-y-catalogo-del-concurso-internacional-del-centenari-de-lafc\/","title":{"rendered":"Veredicto y cat\u00e1logo del concurso internacional del Centenari de l&#8217;AFC"},"content":{"rendered":"<div class=\"fusion-fullwidth fullwidth-box fusion-builder-row-1 fusion-flex-container nonhundred-percent-fullwidth non-hundred-percent-height-scrolling\" style=\"background-color: rgba(255,255,255,0);background-position: center center;background-repeat: no-repeat;border-width: 0px 0px 0px 0px;border-color:#ffffff;border-style:solid;\" ><div class=\"fusion-builder-row fusion-row fusion-flex-align-items-flex-start\" style=\"max-width:1300px;margin-left: calc(-4% \/ 2 );margin-right: calc(-4% \/ 2 );\"><div class=\"fusion-layout-column fusion_builder_column fusion-builder-column-0 fusion_builder_column_1_1 1_1 fusion-flex-column\"><div class=\"fusion-column-wrapper fusion-flex-justify-content-flex-start fusion-content-layout-column\" style=\"background-position:left top;background-repeat:no-repeat;-webkit-background-size:cover;-moz-background-size:cover;-o-background-size:cover;background-size:cover;padding: 0px 0px 0px 0px;\"><div class=\"fusion-text fusion-text-1\"><h2>Acta del jurado y cat\u00e1logo del Concurso Internacional del Centenario de la AFC<\/h2>\n<p>Aqu\u00ed os dejamos en formato pdf\u00a0 el acta del jurado con los resultados del concurso y el cat\u00e1logo:<\/p>\n<\/div><div style=\"text-align:center;\"><span class=\" fusion-imageframe imageframe-none imageframe-1 hover-type-zoomin\"><a class=\"fusion-no-lightbox\" href=\"https:\/\/afc.cat\/wp-content\/uploads\/2023\/12\/ACTA-Concurs-Centenari-AFC-Firmas.pdf\" target=\"_self\" aria-label=\"imatge acta 2\"><img decoding=\"async\" width=\"567\" height=\"222\" alt=\"Acta del concurs en PDF\" src=\"https:\/\/afc.cat\/wp-content\/uploads\/2023\/12\/imatge-acta-2.jpg\" class=\"img-responsive wp-image-35745\" srcset=\"https:\/\/afc.cat\/wp-content\/uploads\/2023\/12\/imatge-acta-2-200x78.jpg 200w, https:\/\/afc.cat\/wp-content\/uploads\/2023\/12\/imatge-acta-2-400x157.jpg 400w, https:\/\/afc.cat\/wp-content\/uploads\/2023\/12\/imatge-acta-2.jpg 567w\" sizes=\"(max-width: 640px) 100vw, 567px\" \/><\/a><\/span><\/div><div class=\"fusion-text fusion-text-2 fusion-text-no-margin\" style=\"margin-top:10%;\"><h2 style=\"text-align: center;\">CAT\u00c1LOGO DEL CONCURSO<\/h2>\n<\/div><div style=\"text-align:center;\"><span class=\" fusion-imageframe imageframe-none imageframe-2 hover-type-none\"><a class=\"fusion-no-lightbox\" href=\"https:\/\/afc.cat\/wp-content\/uploads\/2024\/06\/Cataleg-concurs-internacional-Centenari-AFC.pdf\" target=\"_self\" aria-label=\"cataleg centenari 2\"><img decoding=\"async\" width=\"567\" height=\"425\" src=\"https:\/\/afc.cat\/wp-content\/uploads\/2024\/06\/cataleg-centenari-2.jpg\" alt class=\"img-responsive wp-image-38840\" srcset=\"https:\/\/afc.cat\/wp-content\/uploads\/2024\/06\/cataleg-centenari-2-200x150.jpg 200w, https:\/\/afc.cat\/wp-content\/uploads\/2024\/06\/cataleg-centenari-2-400x300.jpg 400w, https:\/\/afc.cat\/wp-content\/uploads\/2024\/06\/cataleg-centenari-2.jpg 567w\" sizes=\"(max-width: 640px) 100vw, 567px\" \/><\/a><\/span><\/div><div class=\"fusion-text fusion-text-3\" style=\"margin-top:12%;\"><h2 style=\"text-align: center;\">CONCURSANTES PREMIADOS<\/h2>\n<h3><\/h3>\n<h3 style=\"text-align: left;\">MEJOR AUTOR DEL SAL\u00d3N<\/h3>\n<p><strong>Pin Azul FIAP<\/strong><br \/>\nRodrigo N\u00fa\u00f1ez Buj<\/p>\n<\/div><style type=\"text\/css\">.fusion-gallery-1 .fusion-gallery-image {border:0px solid #e2e2e2;}<\/style><div class=\"fusion-gallery fusion-gallery-container fusion-grid-3 fusion-columns-total-7 fusion-gallery-layout-grid fusion-gallery-1\" style=\"margin:-5px;\"><div style=\"padding:5px;\" class=\"fusion-grid-column fusion-gallery-column fusion-gallery-column-3 hover-type-none\"><div class=\"fusion-gallery-image\"><a href=\"https:\/\/afc.cat\/wp-content\/uploads\/2023\/12\/Rodrigo-Nunez-Buj-Furia-de-plata.jpg\" rel=\"noreferrer\" data-rel=\"iLightbox[gallery_image_1]\" class=\"fusion-lightbox\" target=\"_self\"><img decoding=\"async\" src=\"https:\/\/afc.cat\/wp-content\/uploads\/2023\/12\/Rodrigo-Nunez-Buj-Furia-de-plata-460x295.jpg\" width=\"460\" height=\"295\" alt=\"\" title=\"Rodrigo N\u00fa\u00f1ez Buj &#8211; Furia de plata\" aria-label=\"Rodrigo N\u00fa\u00f1ez Buj &#8211; Furia de plata\" class=\"img-responsive wp-image-35722 fusion-gallery-image-size-fixed\" \/><\/a><\/div><\/div><div style=\"padding:5px;\" class=\"fusion-grid-column fusion-gallery-column fusion-gallery-column-3 hover-type-none\"><div class=\"fusion-gallery-image\"><a href=\"https:\/\/afc.cat\/wp-content\/uploads\/2023\/12\/Rodrigo-Nunez-Buj-La-magia-de-Stokksnes.jpg\" rel=\"noreferrer\" data-rel=\"iLightbox[gallery_image_1]\" class=\"fusion-lightbox\" target=\"_self\"><img decoding=\"async\" src=\"https:\/\/afc.cat\/wp-content\/uploads\/2023\/12\/Rodrigo-Nunez-Buj-La-magia-de-Stokksnes-460x295.jpg\" width=\"460\" height=\"295\" alt=\"\" title=\"Rodrigo N\u00fa\u00f1ez Buj &#8211; La magia de Stokksnes\" aria-label=\"Rodrigo N\u00fa\u00f1ez Buj &#8211; La magia de Stokksnes\" class=\"img-responsive wp-image-35724 fusion-gallery-image-size-fixed\" \/><\/a><\/div><\/div><div style=\"padding:5px;\" class=\"fusion-grid-column fusion-gallery-column fusion-gallery-column-3 hover-type-none\"><div class=\"fusion-gallery-image\"><a href=\"https:\/\/afc.cat\/wp-content\/uploads\/2023\/12\/Rodrigo-Nunez-Buj-La-persistencia-del-tiempo.jpg\" rel=\"noreferrer\" data-rel=\"iLightbox[gallery_image_1]\" class=\"fusion-lightbox\" target=\"_self\"><img decoding=\"async\" src=\"https:\/\/afc.cat\/wp-content\/uploads\/2023\/12\/Rodrigo-Nunez-Buj-La-persistencia-del-tiempo-460x295.jpg\" width=\"460\" height=\"295\" alt=\"\" title=\"Rodrigo N\u00fa\u00f1ez Buj &#8211; La persistencia del tiempo\" aria-label=\"Rodrigo N\u00fa\u00f1ez Buj &#8211; La persistencia del tiempo\" class=\"img-responsive wp-image-35726 fusion-gallery-image-size-fixed\" \/><\/a><\/div><\/div><div class=\"clearfix\"><\/div><div style=\"padding:5px;\" class=\"fusion-grid-column fusion-gallery-column fusion-gallery-column-3 hover-type-none\"><div class=\"fusion-gallery-image\"><a href=\"https:\/\/afc.cat\/wp-content\/uploads\/2023\/12\/Rodrigo-Nunez-Buj-La-realidad-es-m\u00b7s-impresionante-que-los-sueOos.jpg\" rel=\"noreferrer\" data-rel=\"iLightbox[gallery_image_1]\" class=\"fusion-lightbox\" target=\"_self\"><img decoding=\"async\" src=\"https:\/\/afc.cat\/wp-content\/uploads\/2023\/12\/Rodrigo-Nunez-Buj-La-realidad-es-m\u00b7s-impresionante-que-los-sueOos-460x295.jpg\" width=\"460\" height=\"295\" alt=\"\" title=\"Rodrigo N\u00fa\u00f1ez Buj &#8211; La realidad es m\u00b7s impresionante que los sue\u00d2os\" aria-label=\"Rodrigo N\u00fa\u00f1ez Buj &#8211; La realidad es m\u00b7s impresionante que los sue\u00d2os\" class=\"img-responsive wp-image-35728 fusion-gallery-image-size-fixed\" \/><\/a><\/div><\/div><div style=\"padding:5px;\" class=\"fusion-grid-column fusion-gallery-column fusion-gallery-column-3 hover-type-none\"><div class=\"fusion-gallery-image\"><a href=\"https:\/\/afc.cat\/wp-content\/uploads\/2023\/12\/Rodrigo-Nunez-Buj-Red-de-diamantes.jpg\" rel=\"noreferrer\" data-rel=\"iLightbox[gallery_image_1]\" class=\"fusion-lightbox\" target=\"_self\"><img decoding=\"async\" src=\"https:\/\/afc.cat\/wp-content\/uploads\/2023\/12\/Rodrigo-Nunez-Buj-Red-de-diamantes-460x295.jpg\" width=\"460\" height=\"295\" alt=\"\" title=\"Rodrigo N\u00fa\u00f1ez Buj &#8211; Red de diamantes\" aria-label=\"Rodrigo N\u00fa\u00f1ez Buj &#8211; Red de diamantes\" class=\"img-responsive wp-image-35730 fusion-gallery-image-size-fixed\" \/><\/a><\/div><\/div><div style=\"padding:5px;\" class=\"fusion-grid-column fusion-gallery-column fusion-gallery-column-3 hover-type-none\"><div class=\"fusion-gallery-image\"><a href=\"https:\/\/afc.cat\/wp-content\/uploads\/2023\/12\/Rodrigo-Nunez-Buj-Stokksnes-in-love.jpg\" rel=\"noreferrer\" data-rel=\"iLightbox[gallery_image_1]\" class=\"fusion-lightbox\" target=\"_self\"><img decoding=\"async\" src=\"https:\/\/afc.cat\/wp-content\/uploads\/2023\/12\/Rodrigo-Nunez-Buj-Stokksnes-in-love-460x295.jpg\" width=\"460\" height=\"295\" alt=\"\" title=\"Rodrigo N\u00fa\u00f1ez Buj &#8211; Stokksnes in love\" aria-label=\"Rodrigo N\u00fa\u00f1ez Buj &#8211; Stokksnes in love\" class=\"img-responsive wp-image-35732 fusion-gallery-image-size-fixed\" \/><\/a><\/div><\/div><div class=\"clearfix\"><\/div><div style=\"padding:5px;\" class=\"fusion-grid-column fusion-gallery-column fusion-gallery-column-3 hover-type-none\"><div class=\"fusion-gallery-image\"><a href=\"https:\/\/afc.cat\/wp-content\/uploads\/2023\/12\/Rodrigo-Nunez-Buj-Sumision.jpg\" rel=\"noreferrer\" data-rel=\"iLightbox[gallery_image_1]\" class=\"fusion-lightbox\" target=\"_self\"><img decoding=\"async\" src=\"https:\/\/afc.cat\/wp-content\/uploads\/2023\/12\/Rodrigo-Nunez-Buj-Sumision-460x295.jpg\" width=\"460\" height=\"295\" alt=\"\" title=\"Rodrigo N\u00fa\u00f1ez Buj &#8211; Sumisi\u00f3n\" aria-label=\"Rodrigo N\u00fa\u00f1ez Buj &#8211; Sumisi\u00f3n\" class=\"img-responsive wp-image-35734 fusion-gallery-image-size-fixed\" \/><\/a><\/div><\/div><\/div><div class=\"fusion-separator fusion-full-width-sep\" style=\"align-self: center;margin-left: auto;margin-right: auto;margin-top:20px;width:100%;\"><div class=\"fusion-separator-border sep-single sep-solid\" style=\"border-color:#3ec0bf;border-top-width:1px;\"><\/div><\/div><div class=\"fusion-text fusion-text-4 fusion-text-no-margin\" style=\"margin-bottom:3%;\"><h3 style=\"text-align: center;\">SECCI\u00d3N COLOR<\/h3>\n<h4>FIAP<\/h4>\n<p><strong>\u2022 Oro-FIAP Color + 200\u20ac<\/strong><br \/>\nEMY DE LEMA , ESPA\u00d1A, a la obra <em>Making fishing baskets<\/em><br \/>\n<strong>\u2022 Plata-FIAP Color + 100\u20ac<\/strong><br \/>\nCHAU TRAN MY, VIETNAM, a la obra <em>Binh minh tren bien<\/em><br \/>\n<strong>\u2022 Bronce-FIAP Color + 50\u20ac<\/strong><br \/>\nRODRIGO N\u00da\u00d1EZ BUJ, ESPA\u00d1A, a la obra <em>La magia de Stokksnes<\/em><\/p>\n<\/div><style type=\"text\/css\">.fusion-gallery-2 .fusion-gallery-image {border:0px solid #e2e2e2;}<\/style><div class=\"fusion-gallery fusion-gallery-container fusion-grid-3 fusion-columns-total-3 fusion-gallery-layout-grid fusion-gallery-2\" style=\"margin:-5px;\"><div style=\"padding:5px;\" class=\"fusion-grid-column fusion-gallery-column fusion-gallery-column-3 hover-type-none\"><div class=\"fusion-gallery-image\"><a href=\"https:\/\/afc.cat\/wp-content\/uploads\/2024\/01\/Emy-de-Lema-Making-fishing-baskets.jpg\" rel=\"noreferrer\" data-rel=\"iLightbox[gallery_image_2]\" class=\"fusion-lightbox\" target=\"_self\"><img decoding=\"async\" src=\"https:\/\/afc.cat\/wp-content\/uploads\/2024\/01\/Emy-de-Lema-Making-fishing-baskets-460x295.jpg\" width=\"460\" height=\"295\" alt=\"\" title=\"Emy de Lema &#8211; Making fishing baskets\" aria-label=\"Emy de Lema &#8211; Making fishing baskets\" class=\"img-responsive wp-image-36074 fusion-gallery-image-size-fixed\" \/><\/a><\/div><\/div><div style=\"padding:5px;\" class=\"fusion-grid-column fusion-gallery-column fusion-gallery-column-3 hover-type-none\"><div class=\"fusion-gallery-image\"><a href=\"https:\/\/afc.cat\/wp-content\/uploads\/2024\/01\/CHAU-TRAN-MY-Binh-minh-tren-bien.jpg\" rel=\"noreferrer\" data-rel=\"iLightbox[gallery_image_2]\" class=\"fusion-lightbox\" target=\"_self\"><img decoding=\"async\" src=\"https:\/\/afc.cat\/wp-content\/uploads\/2024\/01\/CHAU-TRAN-MY-Binh-minh-tren-bien-460x295.jpg\" width=\"460\" height=\"295\" alt=\"\" title=\"CHAU TRAN MY &#8211; Binh minh tren bien\" aria-label=\"CHAU TRAN MY &#8211; Binh minh tren bien\" class=\"img-responsive wp-image-36072 fusion-gallery-image-size-fixed\" \/><\/a><\/div><\/div><div class=\"clearfix\"><\/div><div style=\"padding:5px;\" class=\"fusion-grid-column fusion-gallery-column fusion-gallery-column-3 hover-type-none\"><div class=\"fusion-gallery-image\"><a href=\"https:\/\/afc.cat\/wp-content\/uploads\/2024\/01\/Rodrigo-Nunez-Buj-La-magia-de-Stokksnes.jpg\" rel=\"noreferrer\" data-rel=\"iLightbox[gallery_image_2]\" class=\"fusion-lightbox\" target=\"_self\"><img decoding=\"async\" src=\"https:\/\/afc.cat\/wp-content\/uploads\/2024\/01\/Rodrigo-Nunez-Buj-La-magia-de-Stokksnes-460x295.jpg\" width=\"460\" height=\"295\" alt=\"\" title=\"Rodrigo N\u00fa\u00f1ez Buj &#8211; La magia de Stokksnes\" aria-label=\"Rodrigo N\u00fa\u00f1ez Buj &#8211; La magia de Stokksnes\" class=\"img-responsive wp-image-36076 fusion-gallery-image-size-fixed\" \/><\/a><\/div><\/div><\/div><div class=\"fusion-separator fusion-full-width-sep\" style=\"align-self: center;margin-left: auto;margin-right: auto;margin-top:20px;width:100%;\"><div class=\"fusion-separator-border sep-single sep-solid\" style=\"border-color:#3ec0bf;border-top-width:1px;\"><\/div><\/div><div class=\"fusion-text fusion-text-5 fusion-text-no-margin\" style=\"margin-bottom:3%;\"><h4>PSA<\/h4>\n<p>\u2022 <strong>Oro-PSA Color<\/strong><br \/>\nSUNIEL MARATHE<strong>, <\/strong>\u00cdNDIA, a la obra <em>In the red<\/em><br \/>\n\u2022 <strong>Plata-PSA Color<\/strong><br \/>\nTONI ADELANTADO FONOLLOSA , ESPA\u00d1A, a la obra <em>Medusa<\/em><br \/>\n\u2022 <strong>Bronce-PSA Color<\/strong><br \/>\nANDRE BOTO, PORTUGAL, a la obra <em>Egg<\/em><\/p>\n<\/div><style type=\"text\/css\">.fusion-gallery-3 .fusion-gallery-image {border:0px solid #e2e2e2;}<\/style><div class=\"fusion-gallery fusion-gallery-container fusion-grid-3 fusion-columns-total-3 fusion-gallery-layout-grid fusion-gallery-3\" style=\"margin:-5px;\"><div style=\"padding:5px;\" class=\"fusion-grid-column fusion-gallery-column fusion-gallery-column-3 hover-type-none\"><div class=\"fusion-gallery-image\"><a href=\"https:\/\/afc.cat\/wp-content\/uploads\/2024\/01\/Suniel-Marathe-In-the-red.jpg\" rel=\"noreferrer\" data-rel=\"iLightbox[gallery_image_3]\" class=\"fusion-lightbox\" target=\"_self\"><img decoding=\"async\" src=\"https:\/\/afc.cat\/wp-content\/uploads\/2024\/01\/Suniel-Marathe-In-the-red-460x295.jpg\" width=\"460\" height=\"295\" alt=\"\" title=\"Suniel Marathe &#8211; In the red\" aria-label=\"Suniel Marathe &#8211; In the red\" class=\"img-responsive wp-image-36179 fusion-gallery-image-size-fixed\" \/><\/a><\/div><\/div><div style=\"padding:5px;\" class=\"fusion-grid-column fusion-gallery-column fusion-gallery-column-3 hover-type-none\"><div class=\"fusion-gallery-image\"><a href=\"https:\/\/afc.cat\/wp-content\/uploads\/2024\/01\/Toni-Adelantado-Fonollosa-medusa.jpg\" rel=\"noreferrer\" data-rel=\"iLightbox[gallery_image_3]\" class=\"fusion-lightbox\" target=\"_self\"><img decoding=\"async\" src=\"https:\/\/afc.cat\/wp-content\/uploads\/2024\/01\/Toni-Adelantado-Fonollosa-medusa-460x295.jpg\" width=\"460\" height=\"295\" alt=\"\" title=\"Toni Adelantado Fonollosa &#8211; medusa\" aria-label=\"Toni Adelantado Fonollosa &#8211; medusa\" class=\"img-responsive wp-image-36181 fusion-gallery-image-size-fixed\" \/><\/a><\/div><\/div><div class=\"clearfix\"><\/div><div style=\"padding:5px;\" class=\"fusion-grid-column fusion-gallery-column fusion-gallery-column-3 hover-type-none\"><div class=\"fusion-gallery-image\"><a href=\"https:\/\/afc.cat\/wp-content\/uploads\/2024\/01\/Andre-Boto-Egg.jpg\" rel=\"noreferrer\" data-rel=\"iLightbox[gallery_image_3]\" class=\"fusion-lightbox\" target=\"_self\"><img decoding=\"async\" src=\"https:\/\/afc.cat\/wp-content\/uploads\/2024\/01\/Andre-Boto-Egg-460x295.jpg\" width=\"460\" height=\"295\" alt=\"\" title=\"Andre Boto &#8211; Egg\" aria-label=\"Andre Boto &#8211; Egg\" class=\"img-responsive wp-image-36177 fusion-gallery-image-size-fixed\" \/><\/a><\/div><\/div><\/div><div class=\"fusion-separator fusion-full-width-sep\" style=\"align-self: center;margin-left: auto;margin-right: auto;margin-top:20px;width:100%;\"><div class=\"fusion-separator-border sep-single sep-solid\" style=\"border-color:#3ec0bf;border-top-width:1px;\"><\/div><\/div><div class=\"fusion-text fusion-text-6 fusion-text-no-margin\" style=\"margin-bottom:3%;\"><h4>CEF<\/h4>\n<div><strong>\u2022 Oro-CEF Color<\/strong><\/div>\n<div>KEN ANG, SINGAPUR, a la obra <em>Electric Samurai\u00a0<\/em><\/div>\n<div><strong>\u2022 Plata-CEF Color<\/strong><\/div>\n<div>JOZEF DE FRAINE, B\u00c9LGICA, a la obra <em>IJSVOGEL IN ACTIE<\/em><\/div>\n<div><strong>\u2022 Bronce-CEF Color<\/strong><\/div>\n<div>CARLES ALASRAKI ALBERTI, ESPA\u00d1A, a la obra <em>Arte textil<\/em><\/div>\n<\/div><style type=\"text\/css\">.fusion-gallery-4 .fusion-gallery-image {border:0px solid #e2e2e2;}<\/style><div class=\"fusion-gallery fusion-gallery-container fusion-grid-3 fusion-columns-total-3 fusion-gallery-layout-grid fusion-gallery-4\" style=\"margin:-5px;\"><div style=\"padding:5px;\" class=\"fusion-grid-column fusion-gallery-column fusion-gallery-column-3 hover-type-none\"><div class=\"fusion-gallery-image\"><a href=\"https:\/\/afc.cat\/wp-content\/uploads\/2024\/01\/Ken-Ang-Electric-Samurai.jpg\" rel=\"noreferrer\" data-rel=\"iLightbox[gallery_image_4]\" class=\"fusion-lightbox\" target=\"_self\"><img decoding=\"async\" src=\"https:\/\/afc.cat\/wp-content\/uploads\/2024\/01\/Ken-Ang-Electric-Samurai-460x295.jpg\" width=\"460\" height=\"295\" alt=\"\" title=\"Ken Ang &#8211; Electric Samurai\" aria-label=\"Ken Ang &#8211; Electric Samurai\" class=\"img-responsive wp-image-36187 fusion-gallery-image-size-fixed\" \/><\/a><\/div><\/div><div style=\"padding:5px;\" class=\"fusion-grid-column fusion-gallery-column fusion-gallery-column-3 hover-type-none\"><div class=\"fusion-gallery-image\"><a href=\"https:\/\/afc.cat\/wp-content\/uploads\/2024\/01\/JOZEF-DE-FRAINE-IJSVOGEL-IN-ACTIE.jpg\" rel=\"noreferrer\" data-rel=\"iLightbox[gallery_image_4]\" class=\"fusion-lightbox\" target=\"_self\"><img decoding=\"async\" src=\"https:\/\/afc.cat\/wp-content\/uploads\/2024\/01\/JOZEF-DE-FRAINE-IJSVOGEL-IN-ACTIE-460x295.jpg\" width=\"460\" height=\"295\" alt=\"\" title=\"JOZEF DE FRAINE &#8211; IJSVOGEL IN ACTIE\" aria-label=\"JOZEF DE FRAINE &#8211; IJSVOGEL IN ACTIE\" class=\"img-responsive wp-image-36185 fusion-gallery-image-size-fixed\" \/><\/a><\/div><\/div><div class=\"clearfix\"><\/div><div style=\"padding:5px;\" class=\"fusion-grid-column fusion-gallery-column fusion-gallery-column-3 hover-type-none\"><div class=\"fusion-gallery-image\"><a href=\"https:\/\/afc.cat\/wp-content\/uploads\/2024\/01\/Carles-Alasraki-Alberti-Arte-textil.jpg\" rel=\"noreferrer\" data-rel=\"iLightbox[gallery_image_4]\" class=\"fusion-lightbox\" target=\"_self\"><img decoding=\"async\" src=\"https:\/\/afc.cat\/wp-content\/uploads\/2024\/01\/Carles-Alasraki-Alberti-Arte-textil-460x295.jpg\" width=\"460\" height=\"295\" alt=\"\" title=\"Carles Alasraki Alberti &#8211; Arte textil\" aria-label=\"Carles Alasraki Alberti &#8211; Arte textil\" class=\"img-responsive wp-image-36183 fusion-gallery-image-size-fixed\" \/><\/a><\/div><\/div><\/div><div class=\"fusion-separator fusion-full-width-sep\" style=\"align-self: center;margin-left: auto;margin-right: auto;margin-top:20px;width:100%;\"><div class=\"fusion-separator-border sep-single sep-solid\" style=\"border-color:#3ec0bf;border-top-width:1px;\"><\/div><\/div><div class=\"fusion-text fusion-text-7 fusion-text-no-margin\" style=\"margin-bottom:3%;\"><h4>FCF<\/h4>\n<div><strong>\u2022 Oro-FCF Color<\/strong><\/div>\n<div>TONI BARBANY BOSCH, ESPA\u00d1A, a la obra <em>BACO_15<\/em><\/div>\n<div><strong>\u2022 Plata-FCF Color<\/strong><\/div>\n<div>PERE RIBERA I COSTA, ESPA\u00d1A, a la obra <em>Dolce 14<\/em><\/div>\n<div><strong>\u2022 Bronce-FCF Color<\/strong><\/div>\n<div>JORDI VENTURA CARB\u00d3, ESPA\u00d1A, a la obra <em>Niebla en La Habana<\/em><\/div>\n<\/div><style type=\"text\/css\">.fusion-gallery-5 .fusion-gallery-image {border:0px solid #e2e2e2;}<\/style><div class=\"fusion-gallery fusion-gallery-container fusion-grid-3 fusion-columns-total-3 fusion-gallery-layout-grid fusion-gallery-5\" style=\"margin:-5px;\"><div style=\"padding:5px;\" class=\"fusion-grid-column fusion-gallery-column fusion-gallery-column-3 hover-type-none\"><div class=\"fusion-gallery-image\"><a href=\"https:\/\/afc.cat\/wp-content\/uploads\/2024\/01\/Toni-Barbany-Bosch-BACO_15.jpg\" rel=\"noreferrer\" data-rel=\"iLightbox[gallery_image_5]\" class=\"fusion-lightbox\" target=\"_self\"><img decoding=\"async\" src=\"https:\/\/afc.cat\/wp-content\/uploads\/2024\/01\/Toni-Barbany-Bosch-BACO_15-460x295.jpg\" width=\"460\" height=\"295\" alt=\"\" title=\"Toni Barbany Bosch &#8211; BACO_15\" aria-label=\"Toni Barbany Bosch &#8211; BACO_15\" class=\"img-responsive wp-image-36197 fusion-gallery-image-size-fixed\" \/><\/a><\/div><\/div><div style=\"padding:5px;\" class=\"fusion-grid-column fusion-gallery-column fusion-gallery-column-3 hover-type-none\"><div class=\"fusion-gallery-image\"><a href=\"https:\/\/afc.cat\/wp-content\/uploads\/2024\/01\/Pere-Ribera-i-Costa-Dolce-14.jpg\" rel=\"noreferrer\" data-rel=\"iLightbox[gallery_image_5]\" class=\"fusion-lightbox\" target=\"_self\"><img decoding=\"async\" src=\"https:\/\/afc.cat\/wp-content\/uploads\/2024\/01\/Pere-Ribera-i-Costa-Dolce-14-460x295.jpg\" width=\"460\" height=\"295\" alt=\"\" title=\"Pere Ribera i Costa &#8211; Dolce 14\" aria-label=\"Pere Ribera i Costa &#8211; Dolce 14\" class=\"img-responsive wp-image-36195 fusion-gallery-image-size-fixed\" \/><\/a><\/div><\/div><div class=\"clearfix\"><\/div><div style=\"padding:5px;\" class=\"fusion-grid-column fusion-gallery-column fusion-gallery-column-3 hover-type-none\"><div class=\"fusion-gallery-image\"><a href=\"https:\/\/afc.cat\/wp-content\/uploads\/2024\/01\/Jordi-Ventura-Carbo-Niebla-en-La-Habana.jpg\" rel=\"noreferrer\" data-rel=\"iLightbox[gallery_image_5]\" class=\"fusion-lightbox\" target=\"_self\"><img decoding=\"async\" src=\"https:\/\/afc.cat\/wp-content\/uploads\/2024\/01\/Jordi-Ventura-Carbo-Niebla-en-La-Habana-460x295.jpg\" width=\"460\" height=\"295\" alt=\"\" title=\"Jordi Ventura Carb\u00f3 &#8211; Niebla en La Habana\" aria-label=\"Jordi Ventura Carb\u00f3 &#8211; Niebla en La Habana\" class=\"img-responsive wp-image-36193 fusion-gallery-image-size-fixed\" \/><\/a><\/div><\/div><\/div><div class=\"fusion-separator fusion-full-width-sep\" style=\"align-self: center;margin-left: auto;margin-right: auto;margin-top:20px;width:100%;\"><div class=\"fusion-separator-border sep-single sep-solid\" style=\"border-color:#3ec0bf;border-top-width:1px;\"><\/div><\/div><div class=\"fusion-text fusion-text-8 fusion-text-no-margin\" style=\"margin-bottom:3%;\"><h4 style=\"text-align: left;\">AFC<\/h4>\n<div style=\"text-align: left;\"><strong>\u2022 Oro-AFC Color<\/strong><\/div>\n<div style=\"text-align: left;\">RODRIGO N\u00da\u00d1EZ BUJ, ESPA\u00d1A, a la obra <em>La realidad es m\u00e1s impresionante que los sue\u00f1os<\/em><\/div>\n<\/div><style type=\"text\/css\">.fusion-gallery-6 .fusion-gallery-image {border:0px solid #e2e2e2;}<\/style><div class=\"fusion-gallery fusion-gallery-container fusion-grid-3 fusion-columns-total-1 fusion-gallery-layout-grid fusion-gallery-6\" style=\"margin:-5px;\"><div style=\"padding:5px;\" class=\"fusion-grid-column fusion-gallery-column fusion-gallery-column-3 hover-type-none\"><div class=\"fusion-gallery-image\"><a href=\"https:\/\/afc.cat\/wp-content\/uploads\/2024\/01\/Rodrigo-Nunez-Buj-La-realidad-es-mas-impresionante-que-los-suenos.jpg\" rel=\"noreferrer\" data-rel=\"iLightbox[gallery_image_6]\" class=\"fusion-lightbox\" target=\"_self\"><img decoding=\"async\" src=\"https:\/\/afc.cat\/wp-content\/uploads\/2024\/01\/Rodrigo-Nunez-Buj-La-realidad-es-mas-impresionante-que-los-suenos-460x295.jpg\" width=\"460\" height=\"295\" alt=\"\" title=\"Rodrigo N\u00fa\u00f1ez Buj &#8211; La realidad es m\u00e1s impresionante que los sue\u00f1os\" aria-label=\"Rodrigo N\u00fa\u00f1ez Buj &#8211; La realidad es m\u00e1s impresionante que los sue\u00f1os\" class=\"img-responsive wp-image-36200 fusion-gallery-image-size-fixed\" \/><\/a><\/div><\/div><\/div><div class=\"fusion-separator fusion-full-width-sep\" style=\"align-self: center;margin-left: auto;margin-right: auto;margin-top:20px;width:100%;\"><div class=\"fusion-separator-border sep-single sep-solid\" style=\"border-color:#3ec0bf;border-top-width:1px;\"><\/div><\/div><div class=\"fusion-text fusion-text-9 fusion-text-no-margin\" style=\"margin-bottom:3%;\"><h4>FIAP MENCI\u00d3N DE HONOR<\/h4>\n<div><strong>\u2022 FIAP-Menci\u00f3n de Honor Color<\/strong><\/div>\n<div>ALBERT PORRES VI\u00d1ES, ESPA\u00d1A, a la obra <em>Reflejos 01<\/em><\/div>\n<div>KEN ANG, SINGAPUR, a la obra <em>Ying n Yang Power<\/em><\/div>\n<div>CRISTIAN DONOS, ESTADOS UNIDOS DE AM\u00c9RICA, a la obra <em>Tern Fishing 2<\/em><\/div>\n<\/div><style type=\"text\/css\">.fusion-gallery-7 .fusion-gallery-image {border:0px solid #e2e2e2;}<\/style><div class=\"fusion-gallery fusion-gallery-container fusion-grid-3 fusion-columns-total-3 fusion-gallery-layout-grid fusion-gallery-7\" style=\"margin:-5px;\"><div style=\"padding:5px;\" class=\"fusion-grid-column fusion-gallery-column fusion-gallery-column-3 hover-type-none\"><div class=\"fusion-gallery-image\"><a href=\"https:\/\/afc.cat\/wp-content\/uploads\/2024\/01\/Albert-Porres-Vines-Reflejos-01.jpg\" rel=\"noreferrer\" data-rel=\"iLightbox[gallery_image_7]\" class=\"fusion-lightbox\" target=\"_self\"><img decoding=\"async\" src=\"https:\/\/afc.cat\/wp-content\/uploads\/2024\/01\/Albert-Porres-Vines-Reflejos-01-460x295.jpg\" width=\"460\" height=\"295\" alt=\"\" title=\"Albert Porres Vi\u00f1es &#8211; Reflejos 01\" aria-label=\"Albert Porres Vi\u00f1es &#8211; Reflejos 01\" class=\"img-responsive wp-image-36205 fusion-gallery-image-size-fixed\" \/><\/a><\/div><\/div><div class=\"clearfix\"><\/div><div style=\"padding:5px;\" class=\"fusion-grid-column fusion-gallery-column fusion-gallery-column-3 hover-type-none\"><div class=\"fusion-gallery-image\"><a href=\"https:\/\/afc.cat\/wp-content\/uploads\/2024\/01\/Ken-Ang-Ying-n-Yang-Power.jpg\" rel=\"noreferrer\" data-rel=\"iLightbox[gallery_image_7]\" class=\"fusion-lightbox\" target=\"_self\"><img decoding=\"async\" src=\"https:\/\/afc.cat\/wp-content\/uploads\/2024\/01\/Ken-Ang-Ying-n-Yang-Power-460x295.jpg\" width=\"460\" height=\"295\" alt=\"\" title=\"Ken Ang &#8211; Ying n Yang Power\" aria-label=\"Ken Ang &#8211; Ying n Yang Power\" class=\"img-responsive wp-image-36209 fusion-gallery-image-size-fixed\" \/><\/a><\/div><\/div><div style=\"padding:5px;\" class=\"fusion-grid-column fusion-gallery-column fusion-gallery-column-3 hover-type-none\"><div class=\"fusion-gallery-image\"><a href=\"https:\/\/afc.cat\/wp-content\/uploads\/2024\/01\/Cristian-Donos-Tern-Fishing-2.jpg\" rel=\"noreferrer\" data-rel=\"iLightbox[gallery_image_7]\" class=\"fusion-lightbox\" target=\"_self\"><img decoding=\"async\" src=\"https:\/\/afc.cat\/wp-content\/uploads\/2024\/01\/Cristian-Donos-Tern-Fishing-2-460x295.jpg\" width=\"460\" height=\"295\" alt=\"\" title=\"Cristian Donos &#8211; Tern Fishing 2\" aria-label=\"Cristian Donos &#8211; Tern Fishing 2\" class=\"img-responsive wp-image-36207 fusion-gallery-image-size-fixed\" \/><\/a><\/div><\/div><\/div><div class=\"fusion-separator fusion-full-width-sep\" style=\"align-self: center;margin-left: auto;margin-right: auto;margin-top:20px;width:100%;\"><div class=\"fusion-separator-border sep-single sep-solid\" style=\"border-color:#3ec0bf;border-top-width:1px;\"><\/div><\/div><div class=\"fusion-text fusion-text-10 fusion-text-no-margin\" style=\"margin-bottom:3%;\"><h4>CEF MENCI\u00d3N DE HONOR<\/h4>\n<div><strong>\u2022 CEF-Menci\u00f3n de Honor Color<\/strong><\/div>\n<div>MARCEL VAN BALKEN, PAISES BAJOS, a la obra <em>Polarbearpet<\/em><\/div>\n<div>ANTONIO VIGO ARJONA, ESPA\u00d1A, a la obra <em>Red houses<\/em><\/div>\n<div>PILI GARCIA PITARCH, ESPA\u00d1A, a la obra <em>1t amb globo<\/em><\/div>\n<div>JOZEF DE FRAINE, B\u00c9LGICA, a la obra <em>IN BALANCE<\/em><\/div>\n<div>ANDREU NOGUERO CAZORLA, ESPA\u00d1A, a la obra <em>A NY amb bombin<\/em><\/div>\n<div>ERIKA G. ROBLEDO, ESPA\u00d1A, a la obra <em>VERDE ESMERALDA<\/em><\/div>\n<\/div><style type=\"text\/css\">.fusion-gallery-8 .fusion-gallery-image {border:0px solid #e2e2e2;}<\/style><div class=\"fusion-gallery fusion-gallery-container fusion-grid-3 fusion-columns-total-6 fusion-gallery-layout-grid fusion-gallery-8\" style=\"margin:-5px;\"><div style=\"padding:5px;\" class=\"fusion-grid-column fusion-gallery-column fusion-gallery-column-3 hover-type-none\"><div class=\"fusion-gallery-image\"><a href=\"https:\/\/afc.cat\/wp-content\/uploads\/2024\/01\/Marcel-van-Balken-Polarbearpet.jpg\" rel=\"noreferrer\" data-rel=\"iLightbox[gallery_image_8]\" class=\"fusion-lightbox\" target=\"_self\"><img decoding=\"async\" src=\"https:\/\/afc.cat\/wp-content\/uploads\/2024\/01\/Marcel-van-Balken-Polarbearpet-460x295.jpg\" width=\"460\" height=\"295\" alt=\"\" title=\"Marcel van Balken &#8211; Polarbearpet\" aria-label=\"Marcel van Balken &#8211; Polarbearpet\" class=\"img-responsive wp-image-36219 fusion-gallery-image-size-fixed\" \/><\/a><\/div><\/div><div class=\"clearfix\"><\/div><div style=\"padding:5px;\" class=\"fusion-grid-column fusion-gallery-column fusion-gallery-column-3 hover-type-none\"><div class=\"fusion-gallery-image\"><a href=\"https:\/\/afc.cat\/wp-content\/uploads\/2024\/01\/Antonio-Vigo-Arjona-Red-houses.jpg\" rel=\"noreferrer\" data-rel=\"iLightbox[gallery_image_8]\" class=\"fusion-lightbox\" target=\"_self\"><img decoding=\"async\" src=\"https:\/\/afc.cat\/wp-content\/uploads\/2024\/01\/Antonio-Vigo-Arjona-Red-houses-460x295.jpg\" width=\"460\" height=\"295\" alt=\"\" title=\"Antonio Vigo Arjona &#8211; Red houses\" aria-label=\"Antonio Vigo Arjona &#8211; Red houses\" class=\"img-responsive wp-image-36213 fusion-gallery-image-size-fixed\" \/><\/a><\/div><\/div><div style=\"padding:5px;\" class=\"fusion-grid-column fusion-gallery-column fusion-gallery-column-3 hover-type-none\"><div class=\"fusion-gallery-image\"><a href=\"https:\/\/afc.cat\/wp-content\/uploads\/2024\/01\/Pili-Garcia-Pitarch-1t-amb-globo.jpg\" rel=\"noreferrer\" data-rel=\"iLightbox[gallery_image_8]\" class=\"fusion-lightbox\" target=\"_self\"><img decoding=\"async\" src=\"https:\/\/afc.cat\/wp-content\/uploads\/2024\/01\/Pili-Garcia-Pitarch-1t-amb-globo-460x295.jpg\" width=\"460\" height=\"295\" alt=\"\" title=\"Pili Garcia Pitarch &#8211; 1t amb globo\" aria-label=\"Pili Garcia Pitarch &#8211; 1t amb globo\" class=\"img-responsive wp-image-36221 fusion-gallery-image-size-fixed\" \/><\/a><\/div><\/div><div style=\"padding:5px;\" class=\"fusion-grid-column fusion-gallery-column fusion-gallery-column-3 hover-type-none\"><div class=\"fusion-gallery-image\"><a href=\"https:\/\/afc.cat\/wp-content\/uploads\/2024\/01\/JOZEF-DE-FRAINE-IN-BALANCE.jpg\" rel=\"noreferrer\" data-rel=\"iLightbox[gallery_image_8]\" class=\"fusion-lightbox\" target=\"_self\"><img decoding=\"async\" src=\"https:\/\/afc.cat\/wp-content\/uploads\/2024\/01\/JOZEF-DE-FRAINE-IN-BALANCE-460x295.jpg\" width=\"460\" height=\"295\" alt=\"\" title=\"JOZEF DE FRAINE &#8211; IN BALANCE\" aria-label=\"JOZEF DE FRAINE &#8211; IN BALANCE\" class=\"img-responsive wp-image-36217 fusion-gallery-image-size-fixed\" \/><\/a><\/div><\/div><div class=\"clearfix\"><\/div><div style=\"padding:5px;\" class=\"fusion-grid-column fusion-gallery-column fusion-gallery-column-3 hover-type-none\"><div class=\"fusion-gallery-image\"><a href=\"https:\/\/afc.cat\/wp-content\/uploads\/2024\/01\/Andreu-Noguero-Cazorla-A-NY-amb-bombin.jpg\" rel=\"noreferrer\" data-rel=\"iLightbox[gallery_image_8]\" class=\"fusion-lightbox\" target=\"_self\"><img decoding=\"async\" src=\"https:\/\/afc.cat\/wp-content\/uploads\/2024\/01\/Andreu-Noguero-Cazorla-A-NY-amb-bombin-460x295.jpg\" width=\"460\" height=\"295\" alt=\"\" title=\"Andreu Noguero Cazorla &#8211; A NY amb bombin\" aria-label=\"Andreu Noguero Cazorla &#8211; A NY amb bombin\" class=\"img-responsive wp-image-36211 fusion-gallery-image-size-fixed\" \/><\/a><\/div><\/div><div style=\"padding:5px;\" class=\"fusion-grid-column fusion-gallery-column fusion-gallery-column-3 hover-type-none\"><div class=\"fusion-gallery-image\"><a href=\"https:\/\/afc.cat\/wp-content\/uploads\/2024\/01\/Erika-G.-Robledo-VERDE-ESMERALDA.jpg\" rel=\"noreferrer\" data-rel=\"iLightbox[gallery_image_8]\" class=\"fusion-lightbox\" target=\"_self\"><img decoding=\"async\" src=\"https:\/\/afc.cat\/wp-content\/uploads\/2024\/01\/Erika-G.-Robledo-VERDE-ESMERALDA-460x295.jpg\" width=\"460\" height=\"295\" alt=\"\" title=\"Erika G. Robledo &#8211; VERDE ESMERALDA\" aria-label=\"Erika G. Robledo &#8211; VERDE ESMERALDA\" class=\"img-responsive wp-image-36215 fusion-gallery-image-size-fixed\" \/><\/a><\/div><\/div><\/div><div class=\"fusion-separator fusion-full-width-sep\" style=\"align-self: center;margin-left: auto;margin-right: auto;margin-top:20px;width:100%;\"><div class=\"fusion-separator-border sep-single sep-solid\" style=\"border-color:#3ec0bf;border-top-width:1px;\"><\/div><\/div><div class=\"fusion-text fusion-text-11\" style=\"margin-top:15px;\"><h3 style=\"text-align: center;\">SECCI\u00d3N MONOCROMO<\/h3>\n<h4>FIAP<\/h4>\n<p><strong>\u2022 Oro-FIAP Monocromo<\/strong><br \/>\nMANU BARREIRO RODRIGUEZ, ESPA\u00d1A, a la obra <em>Miriam 02<\/em><br \/>\n<strong>\u2022 Plata-FIAP Monocromo<\/strong><br \/>\nHENGKI LEE, INDONESIA, a la obra <em>The Voyagers<\/em><br \/>\n<strong>\u2022 Bronce-FIAP Monocromo<\/strong><br \/>\nGORKA ELARRE SASTRE, ESPA\u00d1A, a la obra <em>El pianista<\/em><\/p>\n<\/div><style type=\"text\/css\">.fusion-gallery-9 .fusion-gallery-image {border:0px solid #e2e2e2;}<\/style><div class=\"fusion-gallery fusion-gallery-container fusion-grid-3 fusion-columns-total-3 fusion-gallery-layout-grid fusion-gallery-9\" style=\"margin:-5px;\"><div style=\"padding:5px;\" class=\"fusion-grid-column fusion-gallery-column fusion-gallery-column-3 hover-type-none\"><div class=\"fusion-gallery-image\"><a href=\"https:\/\/afc.cat\/wp-content\/uploads\/2024\/01\/Manu-Barreiro-Rodriguez-Miriam-02.jpg\" rel=\"noreferrer\" data-rel=\"iLightbox[gallery_image_9]\" class=\"fusion-lightbox\" target=\"_self\"><img decoding=\"async\" src=\"https:\/\/afc.cat\/wp-content\/uploads\/2024\/01\/Manu-Barreiro-Rodriguez-Miriam-02-460x295.jpg\" width=\"460\" height=\"295\" alt=\"\" title=\"Manu Barreiro Rodriguez &#8211; Miriam 02\" aria-label=\"Manu Barreiro Rodriguez &#8211; Miriam 02\" class=\"img-responsive wp-image-36231 fusion-gallery-image-size-fixed\" \/><\/a><\/div><\/div><div class=\"clearfix\"><\/div><div style=\"padding:5px;\" class=\"fusion-grid-column fusion-gallery-column fusion-gallery-column-3 hover-type-none\"><div class=\"fusion-gallery-image\"><a href=\"https:\/\/afc.cat\/wp-content\/uploads\/2024\/01\/Hengki-Lee-The-Voyagers.jpg\" rel=\"noreferrer\" data-rel=\"iLightbox[gallery_image_9]\" class=\"fusion-lightbox\" target=\"_self\"><img decoding=\"async\" src=\"https:\/\/afc.cat\/wp-content\/uploads\/2024\/01\/Hengki-Lee-The-Voyagers-460x295.jpg\" width=\"460\" height=\"295\" alt=\"\" title=\"Hengki Lee &#8211; The Voyagers\" aria-label=\"Hengki Lee &#8211; The Voyagers\" class=\"img-responsive wp-image-36229 fusion-gallery-image-size-fixed\" \/><\/a><\/div><\/div><div style=\"padding:5px;\" class=\"fusion-grid-column fusion-gallery-column fusion-gallery-column-3 hover-type-none\"><div class=\"fusion-gallery-image\"><a href=\"https:\/\/afc.cat\/wp-content\/uploads\/2024\/01\/Gorka-Elarre-Sastre-El-pianista.jpg\" rel=\"noreferrer\" data-rel=\"iLightbox[gallery_image_9]\" class=\"fusion-lightbox\" target=\"_self\"><img decoding=\"async\" src=\"https:\/\/afc.cat\/wp-content\/uploads\/2024\/01\/Gorka-Elarre-Sastre-El-pianista-460x295.jpg\" width=\"460\" height=\"295\" alt=\"\" title=\"Gorka Elarre Sastre &#8211; El pianista\" aria-label=\"Gorka Elarre Sastre &#8211; El pianista\" class=\"img-responsive wp-image-36227 fusion-gallery-image-size-fixed\" \/><\/a><\/div><\/div><\/div><div class=\"fusion-separator fusion-full-width-sep\" style=\"align-self: center;margin-left: auto;margin-right: auto;margin-top:20px;width:100%;\"><div class=\"fusion-separator-border sep-single sep-solid\" style=\"border-color:#3ec0bf;border-top-width:1px;\"><\/div><\/div><div class=\"fusion-text fusion-text-12\"><h4>PSA<\/h4>\n<p><strong>\u2022 Oro-PSA Monocromo<\/strong><br \/>\nJOSEP RECIO ROMAGUERA, ESPA\u00d1A, a la obra <em>adama i yaiza<\/em><br \/>\n<strong>\u2022 Plata-PSA Monocromo<\/strong><br \/>\nLAURA PREGO ABALO, ESPA\u00d1A, a la obra <em>Flor<\/em><br \/>\n<strong>\u2022 Bronce-PSA Monocromo<\/strong><br \/>\nNATALIIA PONIKAROVA, ESPA\u00d1A, a la obra <em>Gamers<\/em><\/p>\n<\/div><style type=\"text\/css\">.fusion-gallery-10 .fusion-gallery-image {border:0px solid #e2e2e2;}<\/style><div class=\"fusion-gallery fusion-gallery-container fusion-grid-3 fusion-columns-total-3 fusion-gallery-layout-grid fusion-gallery-10\" style=\"margin:-5px;\"><div style=\"padding:5px;\" class=\"fusion-grid-column fusion-gallery-column fusion-gallery-column-3 hover-type-none\"><div class=\"fusion-gallery-image\"><a href=\"https:\/\/afc.cat\/wp-content\/uploads\/2024\/01\/Josep-Recio-Romaguera-adama-i-yaiza.jpg\" rel=\"noreferrer\" data-rel=\"iLightbox[gallery_image_10]\" class=\"fusion-lightbox\" target=\"_self\"><img decoding=\"async\" src=\"https:\/\/afc.cat\/wp-content\/uploads\/2024\/01\/Josep-Recio-Romaguera-adama-i-yaiza-460x295.jpg\" width=\"460\" height=\"295\" alt=\"\" title=\"Josep Recio Romaguera &#8211; adama i yaiza\" aria-label=\"Josep Recio Romaguera &#8211; adama i yaiza\" class=\"img-responsive wp-image-36233 fusion-gallery-image-size-fixed\" \/><\/a><\/div><\/div><div class=\"clearfix\"><\/div><div style=\"padding:5px;\" class=\"fusion-grid-column fusion-gallery-column fusion-gallery-column-3 hover-type-none\"><div class=\"fusion-gallery-image\"><a href=\"https:\/\/afc.cat\/wp-content\/uploads\/2024\/01\/Laura-Prego-Abalo-Flor.jpg\" rel=\"noreferrer\" data-rel=\"iLightbox[gallery_image_10]\" class=\"fusion-lightbox\" target=\"_self\"><img decoding=\"async\" src=\"https:\/\/afc.cat\/wp-content\/uploads\/2024\/01\/Laura-Prego-Abalo-Flor-460x295.jpg\" width=\"460\" height=\"295\" alt=\"\" title=\"Laura Prego Abalo &#8211; Flor\" aria-label=\"Laura Prego Abalo &#8211; Flor\" class=\"img-responsive wp-image-36235 fusion-gallery-image-size-fixed\" \/><\/a><\/div><\/div><div style=\"padding:5px;\" class=\"fusion-grid-column fusion-gallery-column fusion-gallery-column-3 hover-type-none\"><div class=\"fusion-gallery-image\"><a href=\"https:\/\/afc.cat\/wp-content\/uploads\/2024\/01\/Nataliia-Ponikarova-Gamers.jpg\" rel=\"noreferrer\" data-rel=\"iLightbox[gallery_image_10]\" class=\"fusion-lightbox\" target=\"_self\"><img decoding=\"async\" src=\"https:\/\/afc.cat\/wp-content\/uploads\/2024\/01\/Nataliia-Ponikarova-Gamers-460x295.jpg\" width=\"460\" height=\"295\" alt=\"\" title=\"Nataliia Ponikarova &#8211; Gamers\" aria-label=\"Nataliia Ponikarova &#8211; Gamers\" class=\"img-responsive wp-image-36237 fusion-gallery-image-size-fixed\" \/><\/a><\/div><\/div><\/div><div class=\"fusion-separator fusion-full-width-sep\" style=\"align-self: center;margin-left: auto;margin-right: auto;margin-top:20px;width:100%;\"><div class=\"fusion-separator-border sep-single sep-solid\" style=\"border-color:#3ec0bf;border-top-width:1px;\"><\/div><\/div><div class=\"fusion-text fusion-text-13\"><h4>CEF<\/h4>\n<p><strong>\u2022 Oro-CEF Monocromo<\/strong><br \/>\nSUNIEL MARATHE, INDIA, a la obra <em>Red Celebration<\/em><br \/>\n<strong>\u2022 Plata-CEF Monocromo<\/strong><br \/>\nJOSE GONZALEZ DE SANDE, ESPA\u00d1A, a la obra <em>Escalera<\/em><br \/>\n<strong>\u2022 Bronce-CEF Monocromo<\/strong><br \/>\nYUEN YAM AU, HONG KONG, a la obra <em>Run the bull<\/em><\/p>\n<\/div><style type=\"text\/css\">.fusion-gallery-11 .fusion-gallery-image {border:0px solid #e2e2e2;}<\/style><div class=\"fusion-gallery fusion-gallery-container fusion-grid-3 fusion-columns-total-3 fusion-gallery-layout-grid fusion-gallery-11\" style=\"margin:-5px;\"><div style=\"padding:5px;\" class=\"fusion-grid-column fusion-gallery-column fusion-gallery-column-3 hover-type-none\"><div class=\"fusion-gallery-image\"><a href=\"https:\/\/afc.cat\/wp-content\/uploads\/2024\/01\/Suniel-Marathe-Red-Celebration.jpg\" rel=\"noreferrer\" data-rel=\"iLightbox[gallery_image_11]\" class=\"fusion-lightbox\" target=\"_self\"><img decoding=\"async\" src=\"https:\/\/afc.cat\/wp-content\/uploads\/2024\/01\/Suniel-Marathe-Red-Celebration-460x295.jpg\" width=\"460\" height=\"295\" alt=\"\" title=\"Suniel Marathe &#8211; Red Celebration\" aria-label=\"Suniel Marathe &#8211; Red Celebration\" class=\"img-responsive wp-image-36241 fusion-gallery-image-size-fixed\" \/><\/a><\/div><\/div><div class=\"clearfix\"><\/div><div style=\"padding:5px;\" class=\"fusion-grid-column fusion-gallery-column fusion-gallery-column-3 hover-type-none\"><div class=\"fusion-gallery-image\"><a href=\"https:\/\/afc.cat\/wp-content\/uploads\/2024\/01\/Jose-Gonzalez-de-Sande-Escalera.jpg\" rel=\"noreferrer\" data-rel=\"iLightbox[gallery_image_11]\" class=\"fusion-lightbox\" target=\"_self\"><img decoding=\"async\" src=\"https:\/\/afc.cat\/wp-content\/uploads\/2024\/01\/Jose-Gonzalez-de-Sande-Escalera-460x295.jpg\" width=\"460\" height=\"295\" alt=\"\" title=\"Jose Gonzalez de Sande &#8211; Escalera\" aria-label=\"Jose Gonzalez de Sande &#8211; Escalera\" class=\"img-responsive wp-image-36239 fusion-gallery-image-size-fixed\" \/><\/a><\/div><\/div><div style=\"padding:5px;\" class=\"fusion-grid-column fusion-gallery-column fusion-gallery-column-3 hover-type-none\"><div class=\"fusion-gallery-image\"><a href=\"https:\/\/afc.cat\/wp-content\/uploads\/2024\/01\/YUEN-YAM-AU-Run-the-bull.jpg\" rel=\"noreferrer\" data-rel=\"iLightbox[gallery_image_11]\" class=\"fusion-lightbox\" target=\"_self\"><img decoding=\"async\" src=\"https:\/\/afc.cat\/wp-content\/uploads\/2024\/01\/YUEN-YAM-AU-Run-the-bull-460x295.jpg\" width=\"460\" height=\"295\" alt=\"\" title=\"YUEN YAM AU &#8211; Run the bull\" aria-label=\"YUEN YAM AU &#8211; Run the bull\" class=\"img-responsive wp-image-36243 fusion-gallery-image-size-fixed\" \/><\/a><\/div><\/div><\/div><div class=\"fusion-separator fusion-full-width-sep\" style=\"align-self: center;margin-left: auto;margin-right: auto;margin-top:20px;width:100%;\"><div class=\"fusion-separator-border sep-single sep-solid\" style=\"border-color:#3ec0bf;border-top-width:1px;\"><\/div><\/div><div class=\"fusion-text fusion-text-14\"><h4>FCF<\/h4>\n<p><strong>\u2022 Oro-FCF Monocromo<\/strong><br \/>\nANDRE BOTO, PORTUGAL, a la obra <em>Lines and Shapes<\/em><br \/>\n<strong>\u2022 Plata-FCF Monocromo<\/strong><br \/>\nMARCEL VAN BALKEN, PAISES BAJOS, a la obra <em>Quickstep<\/em><br \/>\n<strong>\u2022 Bronce-FCF<\/strong><br \/>\nMINKE GROENEWOUD BEERDA , PAISES BAJOS, a la obra <em>Best friends<\/em><\/p>\n<\/div><style type=\"text\/css\">.fusion-gallery-12 .fusion-gallery-image {border:0px solid #e2e2e2;}<\/style><div class=\"fusion-gallery fusion-gallery-container fusion-grid-3 fusion-columns-total-3 fusion-gallery-layout-grid fusion-gallery-12\" style=\"margin:-5px;\"><div style=\"padding:5px;\" class=\"fusion-grid-column fusion-gallery-column fusion-gallery-column-3 hover-type-none\"><div class=\"fusion-gallery-image\"><a href=\"https:\/\/afc.cat\/wp-content\/uploads\/2024\/01\/Andre-Boto-Lines-and-Shapes.jpg\" rel=\"noreferrer\" data-rel=\"iLightbox[gallery_image_12]\" class=\"fusion-lightbox\" target=\"_self\"><img decoding=\"async\" src=\"https:\/\/afc.cat\/wp-content\/uploads\/2024\/01\/Andre-Boto-Lines-and-Shapes-460x295.jpg\" width=\"460\" height=\"295\" alt=\"\" title=\"Andre Boto &#8211; Lines and Shapes\" aria-label=\"Andre Boto &#8211; Lines and Shapes\" class=\"img-responsive wp-image-36246 fusion-gallery-image-size-fixed\" \/><\/a><\/div><\/div><div class=\"clearfix\"><\/div><div style=\"padding:5px;\" class=\"fusion-grid-column fusion-gallery-column fusion-gallery-column-3 hover-type-none\"><div class=\"fusion-gallery-image\"><a href=\"https:\/\/afc.cat\/wp-content\/uploads\/2024\/01\/Marcel-van-Balken-Quickstep.jpg\" rel=\"noreferrer\" data-rel=\"iLightbox[gallery_image_12]\" class=\"fusion-lightbox\" target=\"_self\"><img decoding=\"async\" src=\"https:\/\/afc.cat\/wp-content\/uploads\/2024\/01\/Marcel-van-Balken-Quickstep-460x295.jpg\" width=\"460\" height=\"295\" alt=\"\" title=\"Marcel van Balken &#8211; Quickstep\" aria-label=\"Marcel van Balken &#8211; Quickstep\" class=\"img-responsive wp-image-36248 fusion-gallery-image-size-fixed\" \/><\/a><\/div><\/div><div style=\"padding:5px;\" class=\"fusion-grid-column fusion-gallery-column fusion-gallery-column-3 hover-type-none\"><div class=\"fusion-gallery-image\"><a href=\"https:\/\/afc.cat\/wp-content\/uploads\/2024\/01\/Minke-Groenewoud-Beerda-Best-friends.jpg\" rel=\"noreferrer\" data-rel=\"iLightbox[gallery_image_12]\" class=\"fusion-lightbox\" target=\"_self\"><img decoding=\"async\" src=\"https:\/\/afc.cat\/wp-content\/uploads\/2024\/01\/Minke-Groenewoud-Beerda-Best-friends-460x295.jpg\" width=\"460\" height=\"295\" alt=\"\" title=\"Minke Groenewoud Beerda &#8211; Best friends\" aria-label=\"Minke Groenewoud Beerda &#8211; Best friends\" class=\"img-responsive wp-image-36250 fusion-gallery-image-size-fixed\" \/><\/a><\/div><\/div><\/div><div class=\"fusion-separator fusion-full-width-sep\" style=\"align-self: center;margin-left: auto;margin-right: auto;margin-top:20px;width:100%;\"><div class=\"fusion-separator-border sep-single sep-solid\" style=\"border-color:#3ec0bf;border-top-width:1px;\"><\/div><\/div><div class=\"fusion-text fusion-text-15\"><h4>AFC<\/h4>\n<p><strong>\u2022 Oro-AFC Monocromo<\/strong><br \/>\nJIE FISCHER, ESTADOS UNIDOS DE AM\u00c9RICA, a la obra <em>Wildebeest migration15 <\/em><\/p>\n<\/div><style type=\"text\/css\">.fusion-gallery-13 .fusion-gallery-image {border:0px solid #e2e2e2;}<\/style><div class=\"fusion-gallery fusion-gallery-container fusion-grid-3 fusion-columns-total-1 fusion-gallery-layout-grid fusion-gallery-13\" style=\"margin:-5px;\"><div style=\"padding:5px;\" class=\"fusion-grid-column fusion-gallery-column fusion-gallery-column-3 hover-type-none\"><div class=\"fusion-gallery-image\"><a href=\"https:\/\/afc.cat\/wp-content\/uploads\/2024\/01\/Jie-Fischer-Wildebeest-migration15.jpg\" rel=\"noreferrer\" data-rel=\"iLightbox[gallery_image_13]\" class=\"fusion-lightbox\" target=\"_self\"><img decoding=\"async\" src=\"https:\/\/afc.cat\/wp-content\/uploads\/2024\/01\/Jie-Fischer-Wildebeest-migration15-460x295.jpg\" width=\"460\" height=\"295\" alt=\"\" title=\"Jie Fischer &#8211; Wildebeest migration15\" aria-label=\"Jie Fischer &#8211; Wildebeest migration15\" class=\"img-responsive wp-image-36252 fusion-gallery-image-size-fixed\" \/><\/a><\/div><\/div><div class=\"clearfix\"><\/div><\/div><div class=\"fusion-separator fusion-full-width-sep\" style=\"align-self: center;margin-left: auto;margin-right: auto;margin-top:20px;width:100%;\"><div class=\"fusion-separator-border sep-single sep-solid\" style=\"border-color:#3ec0bf;border-top-width:1px;\"><\/div><\/div><div class=\"fusion-text fusion-text-16\"><h4>FIAP MENCI\u00d3N DE HONOR<\/h4>\n<p><strong>\u2022 FIAP-Menci\u00f3n de Honor Monocromo<\/strong><br \/>\nANTONIO VIGO ARJONA, ESPA\u00d1A, a la obra <em>Fence and tree<\/em><br \/>\nJOZEF DE FRAINE, B\u00c9LGICA, a la obra <em>GEBUKT<\/em><br \/>\nJOHN SIMPSON, GRAN BRETA\u00d1A, a la obra <em>Amboseli Long Tusked Elephant<\/em><\/p>\n<\/div><style type=\"text\/css\">.fusion-gallery-14 .fusion-gallery-image {border:0px solid #e2e2e2;}<\/style><div class=\"fusion-gallery fusion-gallery-container fusion-grid-3 fusion-columns-total-3 fusion-gallery-layout-grid fusion-gallery-14\" style=\"margin:-5px;\"><div style=\"padding:5px;\" class=\"fusion-grid-column fusion-gallery-column fusion-gallery-column-3 hover-type-none\"><div class=\"fusion-gallery-image\"><a href=\"https:\/\/afc.cat\/wp-content\/uploads\/2024\/01\/Antonio-Vigo-Arjona-Fence-and-tree.jpg\" rel=\"noreferrer\" data-rel=\"iLightbox[gallery_image_14]\" class=\"fusion-lightbox\" target=\"_self\"><img decoding=\"async\" src=\"https:\/\/afc.cat\/wp-content\/uploads\/2024\/01\/Antonio-Vigo-Arjona-Fence-and-tree-460x295.jpg\" width=\"460\" height=\"295\" alt=\"\" title=\"Antonio Vigo Arjona &#8211; Fence and tree\" aria-label=\"Antonio Vigo Arjona &#8211; Fence and tree\" class=\"img-responsive wp-image-36254 fusion-gallery-image-size-fixed\" \/><\/a><\/div><\/div><div style=\"padding:5px;\" class=\"fusion-grid-column fusion-gallery-column fusion-gallery-column-3 hover-type-none\"><div class=\"fusion-gallery-image\"><a href=\"https:\/\/afc.cat\/wp-content\/uploads\/2024\/01\/JOHN-SIMPSON-Amboseli-Long-Tusked-Elephant.jpg\" rel=\"noreferrer\" data-rel=\"iLightbox[gallery_image_14]\" class=\"fusion-lightbox\" target=\"_self\"><img decoding=\"async\" src=\"https:\/\/afc.cat\/wp-content\/uploads\/2024\/01\/JOHN-SIMPSON-Amboseli-Long-Tusked-Elephant-460x295.jpg\" width=\"460\" height=\"295\" alt=\"\" title=\"JOHN SIMPSON &#8211; Amboseli Long Tusked Elephant\" aria-label=\"JOHN SIMPSON &#8211; Amboseli Long Tusked Elephant\" class=\"img-responsive wp-image-36256 fusion-gallery-image-size-fixed\" \/><\/a><\/div><\/div><div style=\"padding:5px;\" class=\"fusion-grid-column fusion-gallery-column fusion-gallery-column-3 hover-type-none\"><div class=\"fusion-gallery-image\"><a href=\"https:\/\/afc.cat\/wp-content\/uploads\/2024\/01\/JOZEF-DE-FRAINE-GEBUKT.jpg\" rel=\"noreferrer\" data-rel=\"iLightbox[gallery_image_14]\" class=\"fusion-lightbox\" target=\"_self\"><img decoding=\"async\" src=\"https:\/\/afc.cat\/wp-content\/uploads\/2024\/01\/JOZEF-DE-FRAINE-GEBUKT-460x295.jpg\" width=\"460\" height=\"295\" alt=\"\" title=\"JOZEF DE FRAINE &#8211; GEBUKT\" aria-label=\"JOZEF DE FRAINE &#8211; GEBUKT\" class=\"img-responsive wp-image-36258 fusion-gallery-image-size-fixed\" \/><\/a><\/div><\/div><div class=\"clearfix\"><\/div><\/div><div class=\"fusion-separator fusion-full-width-sep\" style=\"align-self: center;margin-left: auto;margin-right: auto;margin-top:20px;width:100%;\"><div class=\"fusion-separator-border sep-single sep-solid\" style=\"border-color:#3ec0bf;border-top-width:1px;\"><\/div><\/div><div class=\"fusion-text fusion-text-17\"><h4>CEF MENCI\u00d3N DE HONOR<\/h4>\n<p><strong>\u2022 CEF-Menci\u00f3n de Honor Monocromo<\/strong><br \/>\nSHIN WOO RYU, REP\u00daBLICA DE COREA, a la obra <em>Pine Grove<\/em><br \/>\nRAMON MASCAR\u00d3 SEUBA, ESPA\u00d1A, a la obra <em>Read-my-skin<\/em><br \/>\nHARRY DAEMEN, LUXEMBURGO, a la obra <em>Sha-6363<\/em><br \/>\nTHANH HUONG NGO, VIETNAM, a la obra <em>Winter night<\/em><br \/>\nJORDI PIQU\u00c9 VERICAT, ESPA\u00d1A, a la obra <em>Bodeg\u00f3<\/em><br \/>\nJIE FISCHER, ESTADOS UNIDOS DE AM\u00c9RICA, a la obra <em>Grow wild17<\/em><\/p>\n<\/div><style type=\"text\/css\">.fusion-gallery-15 .fusion-gallery-image {border:0px solid #e2e2e2;}<\/style><div class=\"fusion-gallery fusion-gallery-container fusion-grid-3 fusion-columns-total-6 fusion-gallery-layout-grid fusion-gallery-15\" style=\"margin:-5px;\"><div style=\"padding:5px;\" class=\"fusion-grid-column fusion-gallery-column fusion-gallery-column-3 hover-type-none\"><div class=\"fusion-gallery-image\"><a href=\"https:\/\/afc.cat\/wp-content\/uploads\/2024\/01\/Shin-Woo-Ryu-Pine-Grove.jpg\" rel=\"noreferrer\" data-rel=\"iLightbox[gallery_image_15]\" class=\"fusion-lightbox\" target=\"_self\"><img decoding=\"async\" src=\"https:\/\/afc.cat\/wp-content\/uploads\/2024\/01\/Shin-Woo-Ryu-Pine-Grove-460x295.jpg\" width=\"460\" height=\"295\" alt=\"\" title=\"Shin Woo Ryu &#8211; Pine Grove\" aria-label=\"Shin Woo Ryu &#8211; Pine Grove\" class=\"img-responsive wp-image-36272 fusion-gallery-image-size-fixed\" \/><\/a><\/div><\/div><div style=\"padding:5px;\" class=\"fusion-grid-column fusion-gallery-column fusion-gallery-column-3 hover-type-none\"><div class=\"fusion-gallery-image\"><a href=\"https:\/\/afc.cat\/wp-content\/uploads\/2024\/01\/Ramon-Mascaro-Seuba-Read-my-skin.jpg\" rel=\"noreferrer\" data-rel=\"iLightbox[gallery_image_15]\" class=\"fusion-lightbox\" target=\"_self\"><img decoding=\"async\" src=\"https:\/\/afc.cat\/wp-content\/uploads\/2024\/01\/Ramon-Mascaro-Seuba-Read-my-skin-460x295.jpg\" width=\"460\" height=\"295\" alt=\"\" title=\"Ramon Mascar\u00f3 Seuba &#8211; Read my skin\" aria-label=\"Ramon Mascar\u00f3 Seuba &#8211; Read my skin\" class=\"img-responsive wp-image-36268 fusion-gallery-image-size-fixed\" \/><\/a><\/div><\/div><div style=\"padding:5px;\" class=\"fusion-grid-column fusion-gallery-column fusion-gallery-column-3 hover-type-none\"><div class=\"fusion-gallery-image\"><a href=\"https:\/\/afc.cat\/wp-content\/uploads\/2024\/01\/Harry-Daemen-Sha-6363.jpg\" rel=\"noreferrer\" data-rel=\"iLightbox[gallery_image_15]\" class=\"fusion-lightbox\" target=\"_self\"><img decoding=\"async\" src=\"https:\/\/afc.cat\/wp-content\/uploads\/2024\/01\/Harry-Daemen-Sha-6363-460x295.jpg\" width=\"460\" height=\"295\" alt=\"\" title=\"Harry Daemen &#8211; Sha-6363\" aria-label=\"Harry Daemen &#8211; Sha-6363\" class=\"img-responsive wp-image-36270 fusion-gallery-image-size-fixed\" \/><\/a><\/div><\/div><div class=\"clearfix\"><\/div><div style=\"padding:5px;\" class=\"fusion-grid-column fusion-gallery-column fusion-gallery-column-3 hover-type-none\"><div class=\"fusion-gallery-image\"><a href=\"https:\/\/afc.cat\/wp-content\/uploads\/2024\/01\/THANH-HUONG-NGO-Winter-night.jpg\" rel=\"noreferrer\" data-rel=\"iLightbox[gallery_image_15]\" class=\"fusion-lightbox\" target=\"_self\"><img decoding=\"async\" src=\"https:\/\/afc.cat\/wp-content\/uploads\/2024\/01\/THANH-HUONG-NGO-Winter-night-460x295.jpg\" width=\"460\" height=\"295\" alt=\"\" title=\"THANH HUONG NGO &#8211; Winter night\" aria-label=\"THANH HUONG NGO &#8211; Winter night\" class=\"img-responsive wp-image-36264 fusion-gallery-image-size-fixed\" \/><\/a><\/div><\/div><div style=\"padding:5px;\" class=\"fusion-grid-column fusion-gallery-column fusion-gallery-column-3 hover-type-none\"><div class=\"fusion-gallery-image\"><a href=\"https:\/\/afc.cat\/wp-content\/uploads\/2024\/01\/Jordi-PiquE-Vericat-Bodego-2022-9.jpg\" rel=\"noreferrer\" data-rel=\"iLightbox[gallery_image_15]\" class=\"fusion-lightbox\" target=\"_self\"><img decoding=\"async\" src=\"https:\/\/afc.cat\/wp-content\/uploads\/2024\/01\/Jordi-PiquE-Vericat-Bodego-2022-9-460x295.jpg\" width=\"460\" height=\"295\" alt=\"\" title=\"Jordi Piqu\u00c8 Vericat &#8211; Bodeg\u00f3 2022-9\" aria-label=\"Jordi Piqu\u00c8 Vericat &#8211; Bodeg\u00f3 2022-9\" class=\"img-responsive wp-image-36262 fusion-gallery-image-size-fixed\" \/><\/a><\/div><\/div><div style=\"padding:5px;\" class=\"fusion-grid-column fusion-gallery-column fusion-gallery-column-3 hover-type-none\"><div class=\"fusion-gallery-image\"><a href=\"https:\/\/afc.cat\/wp-content\/uploads\/2024\/01\/Jie-Fischer-Grow-wild17.jpg\" rel=\"noreferrer\" data-rel=\"iLightbox[gallery_image_15]\" class=\"fusion-lightbox\" target=\"_self\"><img decoding=\"async\" src=\"https:\/\/afc.cat\/wp-content\/uploads\/2024\/01\/Jie-Fischer-Grow-wild17-460x295.jpg\" width=\"460\" height=\"295\" alt=\"\" title=\"Jie Fischer &#8211; Grow wild17\" aria-label=\"Jie Fischer &#8211; Grow wild17\" class=\"img-responsive wp-image-36266 fusion-gallery-image-size-fixed\" \/><\/a><\/div><\/div><div class=\"clearfix\"><\/div><\/div><\/div><style type=\"text\/css\">.fusion-body .fusion-builder-column-0{width:100% !important;margin-top : 0px;margin-bottom : 0px;}.fusion-builder-column-0 > .fusion-column-wrapper {padding-top : 0px !important;padding-right : 0px !important;margin-right : 2.56%;padding-bottom : 0px !important;padding-left : 0px !important;margin-left : 1.92%;}@media only screen and (max-width:1024px) {.fusion-body .fusion-builder-column-0{width:100% !important;}.fusion-builder-column-0 > .fusion-column-wrapper {margin-right : 2.56%;margin-left : 1.92%;}}@media only screen and (max-width:640px) {.fusion-body .fusion-builder-column-0{width:100% !important;}.fusion-builder-column-0 > .fusion-column-wrapper {margin-right : 1.92%;margin-left : 1.92%;}}<\/style><\/div><\/div><style type=\"text\/css\">.fusion-body .fusion-flex-container.fusion-builder-row-1{ padding-top : 0px;margin-top : 0px;padding-right : 0px;padding-bottom : 0px;margin-bottom : 0px;padding-left : 0px;}<\/style><\/div>\n","protected":false},"excerpt":{"rendered":"","protected":false},"author":33,"featured_media":38840,"comment_status":"closed","ping_status":"open","sticky":false,"template":"","format":"standard","meta":{"_acf_changed":false,"footnotes":""},"categories":[37,199],"tags":[],"class_list":["post-38843","post","type-post","status-publish","format-standard","has-post-thumbnail","hentry","category-concursos-es","category-veredictos-de-concursos"],"acf":[],"yoast_head":"<!-- This site is optimized with the Yoast SEO plugin v27.2 - https:\/\/yoast.com\/product\/yoast-seo-wordpress\/ -->\n<title>Veredicto y cat\u00e1logo del concurso internacional del Centenari de l&#039;AFC - Agrupaci\u00f3 Fotogr\u00e0fica de Catalunya<\/title>\n<meta name=\"robots\" content=\"index, follow, max-snippet:-1, max-image-preview:large, max-video-preview:-1\" \/>\n<link rel=\"canonical\" href=\"https:\/\/afc.cat\/es\/veredicto-y-catalogo-del-concurso-internacional-del-centenari-de-lafc\/\" \/>\n<meta property=\"og:locale\" content=\"es_ES\" \/>\n<meta property=\"og:type\" content=\"article\" \/>\n<meta property=\"og:title\" content=\"Veredicto y cat\u00e1logo del concurso internacional del Centenari de l&#039;AFC - Agrupaci\u00f3 Fotogr\u00e0fica de Catalunya\" \/>\n<meta property=\"og:url\" content=\"https:\/\/afc.cat\/es\/veredicto-y-catalogo-del-concurso-internacional-del-centenari-de-lafc\/\" \/>\n<meta property=\"og:site_name\" content=\"Agrupaci\u00f3 Fotogr\u00e0fica de Catalunya\" \/>\n<meta property=\"article:published_time\" content=\"2024-06-08T12:36:56+00:00\" \/>\n<meta property=\"article:modified_time\" content=\"2024-06-08T13:00:20+00:00\" \/>\n<meta property=\"og:image\" content=\"https:\/\/afc.cat\/wp-content\/uploads\/2024\/06\/cataleg-centenari-2.jpg\" \/>\n\t<meta property=\"og:image:width\" content=\"567\" \/>\n\t<meta property=\"og:image:height\" content=\"425\" \/>\n\t<meta property=\"og:image:type\" content=\"image\/jpeg\" \/>\n<meta name=\"author\" content=\"Albert Folch Naval\u00f3n\" \/>\n<meta name=\"twitter:card\" content=\"summary_large_image\" \/>\n<meta name=\"twitter:label1\" content=\"Escrito por\" \/>\n\t<meta name=\"twitter:data1\" content=\"Albert Folch Naval\u00f3n\" \/>\n\t<meta name=\"twitter:label2\" content=\"Tiempo de lectura\" \/>\n\t<meta name=\"twitter:data2\" content=\"31 minutos\" \/>\n<script type=\"application\/ld+json\" class=\"yoast-schema-graph\">{\"@context\":\"https:\/\/schema.org\",\"@graph\":[{\"@type\":\"Article\",\"@id\":\"https:\/\/afc.cat\/es\/veredicto-y-catalogo-del-concurso-internacional-del-centenari-de-lafc\/#article\",\"isPartOf\":{\"@id\":\"https:\/\/afc.cat\/es\/veredicto-y-catalogo-del-concurso-internacional-del-centenari-de-lafc\/\"},\"author\":{\"name\":\"Albert Folch Naval\u00f3n\",\"@id\":\"https:\/\/afc.cat\/es\/#\/schema\/person\/2868ff3362c6c568af6bbef21aab18a6\"},\"headline\":\"Veredicto y cat\u00e1logo del concurso internacional del Centenari de l&#8217;AFC\",\"datePublished\":\"2024-06-08T12:36:56+00:00\",\"dateModified\":\"2024-06-08T13:00:20+00:00\",\"mainEntityOfPage\":{\"@id\":\"https:\/\/afc.cat\/es\/veredicto-y-catalogo-del-concurso-internacional-del-centenari-de-lafc\/\"},\"wordCount\":6201,\"image\":{\"@id\":\"https:\/\/afc.cat\/es\/veredicto-y-catalogo-del-concurso-internacional-del-centenari-de-lafc\/#primaryimage\"},\"thumbnailUrl\":\"https:\/\/afc.cat\/wp-content\/uploads\/2024\/06\/cataleg-centenari-2.jpg\",\"articleSection\":[\"Concursos\",\"Veredictos de concursos\"],\"inLanguage\":\"es\"},{\"@type\":\"WebPage\",\"@id\":\"https:\/\/afc.cat\/es\/veredicto-y-catalogo-del-concurso-internacional-del-centenari-de-lafc\/\",\"url\":\"https:\/\/afc.cat\/es\/veredicto-y-catalogo-del-concurso-internacional-del-centenari-de-lafc\/\",\"name\":\"Veredicto y cat\u00e1logo del concurso internacional del Centenari de l'AFC - Agrupaci\u00f3 Fotogr\u00e0fica de Catalunya\",\"isPartOf\":{\"@id\":\"https:\/\/afc.cat\/es\/#website\"},\"primaryImageOfPage\":{\"@id\":\"https:\/\/afc.cat\/es\/veredicto-y-catalogo-del-concurso-internacional-del-centenari-de-lafc\/#primaryimage\"},\"image\":{\"@id\":\"https:\/\/afc.cat\/es\/veredicto-y-catalogo-del-concurso-internacional-del-centenari-de-lafc\/#primaryimage\"},\"thumbnailUrl\":\"https:\/\/afc.cat\/wp-content\/uploads\/2024\/06\/cataleg-centenari-2.jpg\",\"datePublished\":\"2024-06-08T12:36:56+00:00\",\"dateModified\":\"2024-06-08T13:00:20+00:00\",\"author\":{\"@id\":\"https:\/\/afc.cat\/es\/#\/schema\/person\/2868ff3362c6c568af6bbef21aab18a6\"},\"breadcrumb\":{\"@id\":\"https:\/\/afc.cat\/es\/veredicto-y-catalogo-del-concurso-internacional-del-centenari-de-lafc\/#breadcrumb\"},\"inLanguage\":\"es\",\"potentialAction\":[{\"@type\":\"ReadAction\",\"target\":[\"https:\/\/afc.cat\/es\/veredicto-y-catalogo-del-concurso-internacional-del-centenari-de-lafc\/\"]}]},{\"@type\":\"ImageObject\",\"inLanguage\":\"es\",\"@id\":\"https:\/\/afc.cat\/es\/veredicto-y-catalogo-del-concurso-internacional-del-centenari-de-lafc\/#primaryimage\",\"url\":\"https:\/\/afc.cat\/wp-content\/uploads\/2024\/06\/cataleg-centenari-2.jpg\",\"contentUrl\":\"https:\/\/afc.cat\/wp-content\/uploads\/2024\/06\/cataleg-centenari-2.jpg\",\"width\":567,\"height\":425},{\"@type\":\"BreadcrumbList\",\"@id\":\"https:\/\/afc.cat\/es\/veredicto-y-catalogo-del-concurso-internacional-del-centenari-de-lafc\/#breadcrumb\",\"itemListElement\":[{\"@type\":\"ListItem\",\"position\":1,\"name\":\"Inicio\",\"item\":\"https:\/\/afc.cat\/es\/\"},{\"@type\":\"ListItem\",\"position\":2,\"name\":\"Veredicto y cat\u00e1logo del concurso internacional del Centenari de l&#8217;AFC\"}]},{\"@type\":\"WebSite\",\"@id\":\"https:\/\/afc.cat\/es\/#website\",\"url\":\"https:\/\/afc.cat\/es\/\",\"name\":\"Agrupaci\u00f3 Fotogr\u00e0fica de Catalunya\",\"description\":\"Fomento y divulgaci\u00f3n de la fotograf\u00eda en todas sus variedades\",\"potentialAction\":[{\"@type\":\"SearchAction\",\"target\":{\"@type\":\"EntryPoint\",\"urlTemplate\":\"https:\/\/afc.cat\/es\/?s={search_term_string}\"},\"query-input\":{\"@type\":\"PropertyValueSpecification\",\"valueRequired\":true,\"valueName\":\"search_term_string\"}}],\"inLanguage\":\"es\"},{\"@type\":\"Person\",\"@id\":\"https:\/\/afc.cat\/es\/#\/schema\/person\/2868ff3362c6c568af6bbef21aab18a6\",\"name\":\"Albert Folch Naval\u00f3n\",\"image\":{\"@type\":\"ImageObject\",\"inLanguage\":\"es\",\"@id\":\"https:\/\/secure.gravatar.com\/avatar\/d9af2c27458acd834a2ba71216b3c70b3d550f58587654086a7e7c13f9ffa40c?s=96&d=mm&r=g\",\"url\":\"https:\/\/secure.gravatar.com\/avatar\/d9af2c27458acd834a2ba71216b3c70b3d550f58587654086a7e7c13f9ffa40c?s=96&d=mm&r=g\",\"contentUrl\":\"https:\/\/secure.gravatar.com\/avatar\/d9af2c27458acd834a2ba71216b3c70b3d550f58587654086a7e7c13f9ffa40c?s=96&d=mm&r=g\",\"caption\":\"Albert Folch Naval\u00f3n\"},\"url\":\"https:\/\/afc.cat\/es\/author\/albertf2021\/\"}]}<\/script>\n<!-- \/ Yoast SEO plugin. -->","yoast_head_json":{"title":"Veredicto y cat\u00e1logo del concurso internacional del Centenari de l'AFC - Agrupaci\u00f3 Fotogr\u00e0fica de Catalunya","robots":{"index":"index","follow":"follow","max-snippet":"max-snippet:-1","max-image-preview":"max-image-preview:large","max-video-preview":"max-video-preview:-1"},"canonical":"https:\/\/afc.cat\/es\/veredicto-y-catalogo-del-concurso-internacional-del-centenari-de-lafc\/","og_locale":"es_ES","og_type":"article","og_title":"Veredicto y cat\u00e1logo del concurso internacional del Centenari de l'AFC - Agrupaci\u00f3 Fotogr\u00e0fica de Catalunya","og_url":"https:\/\/afc.cat\/es\/veredicto-y-catalogo-del-concurso-internacional-del-centenari-de-lafc\/","og_site_name":"Agrupaci\u00f3 Fotogr\u00e0fica de Catalunya","article_published_time":"2024-06-08T12:36:56+00:00","article_modified_time":"2024-06-08T13:00:20+00:00","og_image":[{"width":567,"height":425,"url":"https:\/\/afc.cat\/wp-content\/uploads\/2024\/06\/cataleg-centenari-2.jpg","type":"image\/jpeg"}],"author":"Albert Folch Naval\u00f3n","twitter_card":"summary_large_image","twitter_misc":{"Escrito por":"Albert Folch Naval\u00f3n","Tiempo de lectura":"31 minutos"},"schema":{"@context":"https:\/\/schema.org","@graph":[{"@type":"Article","@id":"https:\/\/afc.cat\/es\/veredicto-y-catalogo-del-concurso-internacional-del-centenari-de-lafc\/#article","isPartOf":{"@id":"https:\/\/afc.cat\/es\/veredicto-y-catalogo-del-concurso-internacional-del-centenari-de-lafc\/"},"author":{"name":"Albert Folch Naval\u00f3n","@id":"https:\/\/afc.cat\/es\/#\/schema\/person\/2868ff3362c6c568af6bbef21aab18a6"},"headline":"Veredicto y cat\u00e1logo del concurso internacional del Centenari de l&#8217;AFC","datePublished":"2024-06-08T12:36:56+00:00","dateModified":"2024-06-08T13:00:20+00:00","mainEntityOfPage":{"@id":"https:\/\/afc.cat\/es\/veredicto-y-catalogo-del-concurso-internacional-del-centenari-de-lafc\/"},"wordCount":6201,"image":{"@id":"https:\/\/afc.cat\/es\/veredicto-y-catalogo-del-concurso-internacional-del-centenari-de-lafc\/#primaryimage"},"thumbnailUrl":"https:\/\/afc.cat\/wp-content\/uploads\/2024\/06\/cataleg-centenari-2.jpg","articleSection":["Concursos","Veredictos de concursos"],"inLanguage":"es"},{"@type":"WebPage","@id":"https:\/\/afc.cat\/es\/veredicto-y-catalogo-del-concurso-internacional-del-centenari-de-lafc\/","url":"https:\/\/afc.cat\/es\/veredicto-y-catalogo-del-concurso-internacional-del-centenari-de-lafc\/","name":"Veredicto y cat\u00e1logo del concurso internacional del Centenari de l'AFC - Agrupaci\u00f3 Fotogr\u00e0fica de Catalunya","isPartOf":{"@id":"https:\/\/afc.cat\/es\/#website"},"primaryImageOfPage":{"@id":"https:\/\/afc.cat\/es\/veredicto-y-catalogo-del-concurso-internacional-del-centenari-de-lafc\/#primaryimage"},"image":{"@id":"https:\/\/afc.cat\/es\/veredicto-y-catalogo-del-concurso-internacional-del-centenari-de-lafc\/#primaryimage"},"thumbnailUrl":"https:\/\/afc.cat\/wp-content\/uploads\/2024\/06\/cataleg-centenari-2.jpg","datePublished":"2024-06-08T12:36:56+00:00","dateModified":"2024-06-08T13:00:20+00:00","author":{"@id":"https:\/\/afc.cat\/es\/#\/schema\/person\/2868ff3362c6c568af6bbef21aab18a6"},"breadcrumb":{"@id":"https:\/\/afc.cat\/es\/veredicto-y-catalogo-del-concurso-internacional-del-centenari-de-lafc\/#breadcrumb"},"inLanguage":"es","potentialAction":[{"@type":"ReadAction","target":["https:\/\/afc.cat\/es\/veredicto-y-catalogo-del-concurso-internacional-del-centenari-de-lafc\/"]}]},{"@type":"ImageObject","inLanguage":"es","@id":"https:\/\/afc.cat\/es\/veredicto-y-catalogo-del-concurso-internacional-del-centenari-de-lafc\/#primaryimage","url":"https:\/\/afc.cat\/wp-content\/uploads\/2024\/06\/cataleg-centenari-2.jpg","contentUrl":"https:\/\/afc.cat\/wp-content\/uploads\/2024\/06\/cataleg-centenari-2.jpg","width":567,"height":425},{"@type":"BreadcrumbList","@id":"https:\/\/afc.cat\/es\/veredicto-y-catalogo-del-concurso-internacional-del-centenari-de-lafc\/#breadcrumb","itemListElement":[{"@type":"ListItem","position":1,"name":"Inicio","item":"https:\/\/afc.cat\/es\/"},{"@type":"ListItem","position":2,"name":"Veredicto y cat\u00e1logo del concurso internacional del Centenari de l&#8217;AFC"}]},{"@type":"WebSite","@id":"https:\/\/afc.cat\/es\/#website","url":"https:\/\/afc.cat\/es\/","name":"Agrupaci\u00f3 Fotogr\u00e0fica de Catalunya","description":"Fomento y divulgaci\u00f3n de la fotograf\u00eda en todas sus variedades","potentialAction":[{"@type":"SearchAction","target":{"@type":"EntryPoint","urlTemplate":"https:\/\/afc.cat\/es\/?s={search_term_string}"},"query-input":{"@type":"PropertyValueSpecification","valueRequired":true,"valueName":"search_term_string"}}],"inLanguage":"es"},{"@type":"Person","@id":"https:\/\/afc.cat\/es\/#\/schema\/person\/2868ff3362c6c568af6bbef21aab18a6","name":"Albert Folch Naval\u00f3n","image":{"@type":"ImageObject","inLanguage":"es","@id":"https:\/\/secure.gravatar.com\/avatar\/d9af2c27458acd834a2ba71216b3c70b3d550f58587654086a7e7c13f9ffa40c?s=96&d=mm&r=g","url":"https:\/\/secure.gravatar.com\/avatar\/d9af2c27458acd834a2ba71216b3c70b3d550f58587654086a7e7c13f9ffa40c?s=96&d=mm&r=g","contentUrl":"https:\/\/secure.gravatar.com\/avatar\/d9af2c27458acd834a2ba71216b3c70b3d550f58587654086a7e7c13f9ffa40c?s=96&d=mm&r=g","caption":"Albert Folch Naval\u00f3n"},"url":"https:\/\/afc.cat\/es\/author\/albertf2021\/"}]}},"_links":{"self":[{"href":"https:\/\/afc.cat\/es\/wp-json\/wp\/v2\/posts\/38843","targetHints":{"allow":["GET"]}}],"collection":[{"href":"https:\/\/afc.cat\/es\/wp-json\/wp\/v2\/posts"}],"about":[{"href":"https:\/\/afc.cat\/es\/wp-json\/wp\/v2\/types\/post"}],"author":[{"embeddable":true,"href":"https:\/\/afc.cat\/es\/wp-json\/wp\/v2\/users\/33"}],"replies":[{"embeddable":true,"href":"https:\/\/afc.cat\/es\/wp-json\/wp\/v2\/comments?post=38843"}],"version-history":[{"count":9,"href":"https:\/\/afc.cat\/es\/wp-json\/wp\/v2\/posts\/38843\/revisions"}],"predecessor-version":[{"id":38849,"href":"https:\/\/afc.cat\/es\/wp-json\/wp\/v2\/posts\/38843\/revisions\/38849"}],"wp:featuredmedia":[{"embeddable":true,"href":"https:\/\/afc.cat\/es\/wp-json\/wp\/v2\/media\/38840"}],"wp:attachment":[{"href":"https:\/\/afc.cat\/es\/wp-json\/wp\/v2\/media?parent=38843"}],"wp:term":[{"taxonomy":"category","embeddable":true,"href":"https:\/\/afc.cat\/es\/wp-json\/wp\/v2\/categories?post=38843"},{"taxonomy":"post_tag","embeddable":true,"href":"https:\/\/afc.cat\/es\/wp-json\/wp\/v2\/tags?post=38843"}],"curies":[{"name":"wp","href":"https:\/\/api.w.org\/{rel}","templated":true}]}}