{"id":39257,"date":"2024-09-19T21:46:20","date_gmt":"2024-09-19T19:46:20","guid":{"rendered":"https:\/\/afc.cat\/inaugurada-lexposicio-viatge-a-nepal-i-al-regne-prohibit-de-mustang\/"},"modified":"2024-09-19T21:59:50","modified_gmt":"2024-09-19T19:59:50","slug":"inaugurada-lexposicio-viatge-a-nepal-i-al-regne-prohibit-de-mustang","status":"publish","type":"post","link":"https:\/\/afc.cat\/es\/inaugurada-lexposicio-viatge-a-nepal-i-al-regne-prohibit-de-mustang\/","title":{"rendered":"Inaugurada la exposici\u00f3n \u00abViatge a Nepal i al regne prohibit de Mustang\u00bb"},"content":{"rendered":"<div class=\"fusion-fullwidth fullwidth-box fusion-builder-row-1 fusion-flex-container nonhundred-percent-fullwidth non-hundred-percent-height-scrolling\" style=\"background-color: rgba(255,255,255,0);background-position: center center;background-repeat: no-repeat;border-width: 0px 0px 0px 0px;border-color:#ffffff;border-style:solid;\" ><div class=\"fusion-builder-row fusion-row fusion-flex-align-items-flex-start\" style=\"max-width:1300px;margin-left: calc(-4% \/ 2 );margin-right: calc(-4% \/ 2 );\"><div class=\"fusion-layout-column fusion_builder_column fusion-builder-column-0 fusion_builder_column_2_3 2_3 fusion-flex-column\"><div class=\"fusion-column-wrapper fusion-flex-justify-content-flex-start fusion-content-layout-column\" style=\"background-position:left top;background-repeat:no-repeat;-webkit-background-size:cover;-moz-background-size:cover;-o-background-size:cover;background-size:cover;padding: 0px 0px 0px 0px;\"><div class=\"fusion-text fusion-text-1\"><h2>Exposici\u00f3n Viaje al Nepal y al reino prohibido de Mustang<\/h2>\n<p>El pasado martes 10 de septiembre, a las 19h se ha inaugurado la exposici\u00f3n \u00ab<strong>Viaje al Nepal y al reino prohibido de Mustang<\/strong>\u00ab.<\/p>\n<p>Los autores nos han hecho una peque\u00f1a introducci\u00f3n muy interesante llena de detalles sobre su viaje y las peripecias que sufrieron para hacer las fotograf\u00edas.<\/p>\n<p>La muestra se podr\u00e1 visitar hasta el 1 de octubre del 2024<\/p>\n<p>En este viaje, las fotograf\u00edas de <strong>F\u00e9lix Vizca\u00edno, Josep Llu\u00eds Soucheiron y Juan Manchado<\/strong> nos introducen en el <strong>Nepal<\/strong> m\u00e1s tradicional visitado mediante un recorrido por el <strong>valle de Katmand\u00fa<\/strong> con sus tres ciudades imperiales;<strong> Katmad\u00fa, Patan y Bhatapur<\/strong>, y sus visitas al <strong>Chitwan National Park y<\/strong> en la ciudad de <strong>Pokhara<\/strong>.<\/p>\n<p>Adem\u00e1s, las im\u00e1genes tomadas en el <strong>reino prohibido de Mustang<\/strong>, en la frontera del <strong>T\u00edbet<\/strong>, nos mostrar\u00e1n la belleza de un territorio \u00e1rido y abrupto en medio de las monta\u00f1as m\u00e1s altas de la tierra; los <strong>Himalayas<\/strong>. Un territorio aislado del mundo exterior durante siglos, con sus fronteras cerradas a los extranjeros y en el cual sus habitantes solo pod\u00edan desplazarse, hasta \u00e9pocas recientes, por caminos atravesando puertos de monta\u00f1a y donde se conserva la cultura tibetana como cabe otro lugar.<\/p>\n<p>Al entrar en sus pueblos y observar la forma de vida y tradiciones de sus gentes, uno tiene la sensaci\u00f3n de haber retrocedido en el tiempo; como si este se hubiera detenido.<\/p>\n<p><strong>F\u00e9lix J. Vizca\u00edno<\/strong><\/p>\n<\/div><style type=\"text\/css\">.fusion-gallery-1 .fusion-gallery-image {border:0px solid #e2e2e2;}<\/style><div class=\"fusion-gallery fusion-gallery-container fusion-grid-3 fusion-columns-total-5 fusion-gallery-layout-grid fusion-gallery-1\" style=\"margin:-5px;\"><div style=\"padding:5px;\" class=\"fusion-grid-column fusion-gallery-column fusion-gallery-column-3 hover-type-none\"><div class=\"fusion-gallery-image\"><a href=\"https:\/\/afc.cat\/wp-content\/uploads\/2024\/09\/Viaje-a-Nepal-y-al-reino-de-Mustang-4.jpg\" rel=\"noreferrer\" data-rel=\"iLightbox[gallery_image_1]\" class=\"fusion-lightbox\" target=\"_self\"><img decoding=\"async\" src=\"https:\/\/afc.cat\/wp-content\/uploads\/2024\/09\/Viaje-a-Nepal-y-al-reino-de-Mustang-4.jpg\" width=\"576\" height=\"260\" alt=\"\" title=\"Viaje a Nepal y al reino de Mustang (4)\" aria-label=\"Viaje a Nepal y al reino de Mustang (4)\" class=\"img-responsive wp-image-39247\" srcset=\"https:\/\/afc.cat\/wp-content\/uploads\/2024\/09\/Viaje-a-Nepal-y-al-reino-de-Mustang-4-200x90.jpg 200w, https:\/\/afc.cat\/wp-content\/uploads\/2024\/09\/Viaje-a-Nepal-y-al-reino-de-Mustang-4-400x181.jpg 400w, https:\/\/afc.cat\/wp-content\/uploads\/2024\/09\/Viaje-a-Nepal-y-al-reino-de-Mustang-4.jpg 576w\" sizes=\"(min-width: 2200px) 100vw, (min-width: 832px) 413px, (min-width: 736px) 620px, (min-width: 640px) 736px, \" \/><\/a><\/div><\/div><div style=\"padding:5px;\" class=\"fusion-grid-column fusion-gallery-column fusion-gallery-column-3 hover-type-none\"><div class=\"fusion-gallery-image\"><a href=\"https:\/\/afc.cat\/wp-content\/uploads\/2024\/09\/Viaje-a-Nepal-y-al-reino-de-Mustang-5.jpg\" rel=\"noreferrer\" data-rel=\"iLightbox[gallery_image_1]\" class=\"fusion-lightbox\" target=\"_self\"><img decoding=\"async\" src=\"https:\/\/afc.cat\/wp-content\/uploads\/2024\/09\/Viaje-a-Nepal-y-al-reino-de-Mustang-5.jpg\" width=\"576\" height=\"259\" alt=\"\" title=\"Viaje a Nepal y al reino de Mustang (5)\" aria-label=\"Viaje a Nepal y al reino de Mustang (5)\" class=\"img-responsive wp-image-39249\" srcset=\"https:\/\/afc.cat\/wp-content\/uploads\/2024\/09\/Viaje-a-Nepal-y-al-reino-de-Mustang-5-200x90.jpg 200w, https:\/\/afc.cat\/wp-content\/uploads\/2024\/09\/Viaje-a-Nepal-y-al-reino-de-Mustang-5-400x180.jpg 400w, https:\/\/afc.cat\/wp-content\/uploads\/2024\/09\/Viaje-a-Nepal-y-al-reino-de-Mustang-5.jpg 576w\" sizes=\"(min-width: 2200px) 100vw, (min-width: 832px) 413px, (min-width: 736px) 620px, (min-width: 640px) 736px, \" \/><\/a><\/div><\/div><div style=\"padding:5px;\" class=\"fusion-grid-column fusion-gallery-column fusion-gallery-column-3 hover-type-none\"><div class=\"fusion-gallery-image\"><a href=\"https:\/\/afc.cat\/wp-content\/uploads\/2024\/09\/Viaje-a-Nepal-y-al-reino-de-Mustang-3.jpg\" rel=\"noreferrer\" data-rel=\"iLightbox[gallery_image_1]\" class=\"fusion-lightbox\" target=\"_self\"><img decoding=\"async\" src=\"https:\/\/afc.cat\/wp-content\/uploads\/2024\/09\/Viaje-a-Nepal-y-al-reino-de-Mustang-3.jpg\" width=\"576\" height=\"260\" alt=\"\" title=\"Viaje a Nepal y al reino de Mustang (3)\" aria-label=\"Viaje a Nepal y al reino de Mustang (3)\" class=\"img-responsive wp-image-39245\" srcset=\"https:\/\/afc.cat\/wp-content\/uploads\/2024\/09\/Viaje-a-Nepal-y-al-reino-de-Mustang-3-200x90.jpg 200w, https:\/\/afc.cat\/wp-content\/uploads\/2024\/09\/Viaje-a-Nepal-y-al-reino-de-Mustang-3-400x181.jpg 400w, https:\/\/afc.cat\/wp-content\/uploads\/2024\/09\/Viaje-a-Nepal-y-al-reino-de-Mustang-3.jpg 576w\" sizes=\"(min-width: 2200px) 100vw, (min-width: 832px) 413px, (min-width: 736px) 620px, (min-width: 640px) 736px, \" \/><\/a><\/div><\/div><div class=\"clearfix\"><\/div><div style=\"padding:5px;\" class=\"fusion-grid-column fusion-gallery-column fusion-gallery-column-3 hover-type-none\"><div class=\"fusion-gallery-image\"><a href=\"https:\/\/afc.cat\/wp-content\/uploads\/2024\/09\/Viaje-a-Nepal-y-al-reino-de-Mustang-2.jpg\" rel=\"noreferrer\" data-rel=\"iLightbox[gallery_image_1]\" class=\"fusion-lightbox\" target=\"_self\"><img decoding=\"async\" src=\"https:\/\/afc.cat\/wp-content\/uploads\/2024\/09\/Viaje-a-Nepal-y-al-reino-de-Mustang-2.jpg\" width=\"512\" height=\"384\" alt=\"\" title=\"Viaje a Nepal y al reino de Mustang (2)\" aria-label=\"Viaje a Nepal y al reino de Mustang (2)\" class=\"img-responsive wp-image-39243\" srcset=\"https:\/\/afc.cat\/wp-content\/uploads\/2024\/09\/Viaje-a-Nepal-y-al-reino-de-Mustang-2-200x150.jpg 200w, https:\/\/afc.cat\/wp-content\/uploads\/2024\/09\/Viaje-a-Nepal-y-al-reino-de-Mustang-2-400x300.jpg 400w, https:\/\/afc.cat\/wp-content\/uploads\/2024\/09\/Viaje-a-Nepal-y-al-reino-de-Mustang-2.jpg 512w\" sizes=\"(min-width: 2200px) 100vw, (min-width: 832px) 413px, (min-width: 736px) 620px, (min-width: 640px) 736px, \" \/><\/a><\/div><\/div><div style=\"padding:5px;\" class=\"fusion-grid-column fusion-gallery-column fusion-gallery-column-3 hover-type-none\"><div class=\"fusion-gallery-image\"><a href=\"https:\/\/afc.cat\/wp-content\/uploads\/2024\/09\/Viaje-a-Nepal-y-al-reino-de-Mustang-0.jpg\" rel=\"noreferrer\" data-rel=\"iLightbox[gallery_image_1]\" class=\"fusion-lightbox\" target=\"_self\"><img decoding=\"async\" src=\"https:\/\/afc.cat\/wp-content\/uploads\/2024\/09\/Viaje-a-Nepal-y-al-reino-de-Mustang-0.jpg\" width=\"512\" height=\"384\" alt=\"\" title=\"Viaje a Nepal y al reino de Mustang (0)\" aria-label=\"Viaje a Nepal y al reino de Mustang (0)\" class=\"img-responsive wp-image-39254\" srcset=\"https:\/\/afc.cat\/wp-content\/uploads\/2024\/09\/Viaje-a-Nepal-y-al-reino-de-Mustang-0-200x150.jpg 200w, https:\/\/afc.cat\/wp-content\/uploads\/2024\/09\/Viaje-a-Nepal-y-al-reino-de-Mustang-0-400x300.jpg 400w, https:\/\/afc.cat\/wp-content\/uploads\/2024\/09\/Viaje-a-Nepal-y-al-reino-de-Mustang-0.jpg 512w\" sizes=\"(min-width: 2200px) 100vw, (min-width: 832px) 413px, (min-width: 736px) 620px, (min-width: 640px) 736px, \" \/><\/a><\/div><\/div><\/div><\/div><style type=\"text\/css\">.fusion-body .fusion-builder-column-0{width:66.666666666667% !important;margin-top : 0px;margin-bottom : 0px;}.fusion-builder-column-0 > .fusion-column-wrapper {padding-top : 0px !important;padding-right : 0px !important;margin-right : 3.84%;padding-bottom : 0px !important;padding-left : 0px !important;margin-left : 2.88%;}@media only screen and (max-width:1024px) {.fusion-body .fusion-builder-column-0{width:66.666666666667% !important;}.fusion-builder-column-0 > .fusion-column-wrapper {margin-right : 3.84%;margin-left : 2.88%;}}@media only screen and (max-width:640px) {.fusion-body .fusion-builder-column-0{width:100% !important;}.fusion-builder-column-0 > .fusion-column-wrapper {margin-right : 1.92%;margin-left : 1.92%;}}<\/style><\/div><div class=\"fusion-layout-column fusion_builder_column fusion-builder-column-1 fusion_builder_column_1_3 1_3 fusion-flex-column\"><div class=\"fusion-column-wrapper fusion-flex-justify-content-flex-start fusion-content-layout-column\" style=\"background-position:left top;background-repeat:no-repeat;-webkit-background-size:cover;-moz-background-size:cover;-o-background-size:cover;background-size:cover;padding: 0px 0px 0px 0px;\"><div ><span class=\" fusion-imageframe imageframe-none imageframe-1 hover-type-none\"><img decoding=\"async\" width=\"1600\" height=\"1066\" title=\"WhatsApp Image 2024-09-13 at 19.59.33\" src=\"https:\/\/afc.cat\/wp-content\/uploads\/2024\/09\/WhatsApp-Image-2024-09-13-at-19.59.33-e1726306833586.jpeg\" alt class=\"img-responsive wp-image-39184\"\/><\/span><\/div><div class=\"fusion-text fusion-text-2\" style=\"text-align:center;font-size:13px;color:#adadad;\"><p style=\"text-align: center;\">Foto: Dona: \u00a9 Juan Manchado<\/p>\n<\/div><\/div><style type=\"text\/css\">.fusion-body .fusion-builder-column-1{width:33.333333333333% !important;margin-top : 0px;margin-bottom : 0px;}.fusion-builder-column-1 > .fusion-column-wrapper {padding-top : 0px !important;padding-right : 0px !important;margin-right : 5.76%;padding-bottom : 0px !important;padding-left : 0px !important;margin-left : 3.84%;}@media only screen and (max-width:1024px) {.fusion-body .fusion-builder-column-1{width:33.333333333333% !important;}.fusion-builder-column-1 > .fusion-column-wrapper {margin-right : 5.76%;margin-left : 3.84%;}}@media only screen and (max-width:640px) {.fusion-body .fusion-builder-column-1{width:100% !important;}.fusion-builder-column-1 > .fusion-column-wrapper {margin-right : 1.92%;margin-left : 1.92%;}}<\/style><\/div><\/div><style type=\"text\/css\">.fusion-body .fusion-flex-container.fusion-builder-row-1{ padding-top : 0px;margin-top : 0px;padding-right : 0px;padding-bottom : 0px;margin-bottom : 0px;padding-left : 0px;}<\/style><\/div>\n","protected":false},"excerpt":{"rendered":"","protected":false},"author":33,"featured_media":39184,"comment_status":"closed","ping_status":"open","sticky":false,"template":"","format":"standard","meta":{"_acf_changed":false,"footnotes":""},"categories":[55,183],"tags":[],"class_list":["post-39257","post","type-post","status-publish","format-standard","has-post-thumbnail","hentry","category-exposiciones","category-exposiciones-afc"],"acf":[],"yoast_head":"<!-- This site is optimized with the Yoast SEO plugin v27.5 - https:\/\/yoast.com\/product\/yoast-seo-wordpress\/ -->\n<title>Inaugurada la exposici\u00f3n &quot;Viatge a Nepal i al regne prohibit de Mustang&quot; - Agrupaci\u00f3 Fotogr\u00e0fica de Catalunya<\/title>\n<meta name=\"robots\" content=\"index, follow, max-snippet:-1, max-image-preview:large, max-video-preview:-1\" \/>\n<link rel=\"canonical\" href=\"https:\/\/afc.cat\/es\/inaugurada-lexposicio-viatge-a-nepal-i-al-regne-prohibit-de-mustang\/\" \/>\n<meta property=\"og:locale\" content=\"es_ES\" \/>\n<meta property=\"og:type\" content=\"article\" \/>\n<meta property=\"og:title\" content=\"Inaugurada la exposici\u00f3n &quot;Viatge a Nepal i al regne prohibit de Mustang&quot; - Agrupaci\u00f3 Fotogr\u00e0fica de Catalunya\" \/>\n<meta property=\"og:url\" content=\"https:\/\/afc.cat\/es\/inaugurada-lexposicio-viatge-a-nepal-i-al-regne-prohibit-de-mustang\/\" \/>\n<meta property=\"og:site_name\" content=\"Agrupaci\u00f3 Fotogr\u00e0fica de Catalunya\" \/>\n<meta property=\"article:published_time\" content=\"2024-09-19T19:46:20+00:00\" \/>\n<meta property=\"article:modified_time\" content=\"2024-09-19T19:59:50+00:00\" \/>\n<meta property=\"og:image\" content=\"https:\/\/afc.cat\/wp-content\/uploads\/2024\/09\/WhatsApp-Image-2024-09-13-at-19.59.33-e1726306833586.jpeg\" \/>\n\t<meta property=\"og:image:width\" content=\"1600\" \/>\n\t<meta property=\"og:image:height\" content=\"1066\" \/>\n\t<meta property=\"og:image:type\" content=\"image\/jpeg\" \/>\n<meta name=\"author\" content=\"Albert Folch Naval\u00f3n\" \/>\n<meta name=\"twitter:card\" content=\"summary_large_image\" \/>\n<meta name=\"twitter:label1\" content=\"Escrito por\" \/>\n\t<meta name=\"twitter:data1\" content=\"Albert Folch Naval\u00f3n\" \/>\n\t<meta name=\"twitter:label2\" content=\"Tiempo de lectura\" \/>\n\t<meta name=\"twitter:data2\" content=\"6 minutos\" \/>\n<script type=\"application\/ld+json\" class=\"yoast-schema-graph\">{\"@context\":\"https:\\\/\\\/schema.org\",\"@graph\":[{\"@type\":\"Article\",\"@id\":\"https:\\\/\\\/afc.cat\\\/es\\\/inaugurada-lexposicio-viatge-a-nepal-i-al-regne-prohibit-de-mustang\\\/#article\",\"isPartOf\":{\"@id\":\"https:\\\/\\\/afc.cat\\\/es\\\/inaugurada-lexposicio-viatge-a-nepal-i-al-regne-prohibit-de-mustang\\\/\"},\"author\":{\"name\":\"Albert Folch Naval\u00f3n\",\"@id\":\"https:\\\/\\\/afc.cat\\\/es\\\/#\\\/schema\\\/person\\\/2868ff3362c6c568af6bbef21aab18a6\"},\"headline\":\"Inaugurada la exposici\u00f3n \u00abViatge a Nepal i al regne prohibit de Mustang\u00bb\",\"datePublished\":\"2024-09-19T19:46:20+00:00\",\"dateModified\":\"2024-09-19T19:59:50+00:00\",\"mainEntityOfPage\":{\"@id\":\"https:\\\/\\\/afc.cat\\\/es\\\/inaugurada-lexposicio-viatge-a-nepal-i-al-regne-prohibit-de-mustang\\\/\"},\"wordCount\":1176,\"image\":{\"@id\":\"https:\\\/\\\/afc.cat\\\/es\\\/inaugurada-lexposicio-viatge-a-nepal-i-al-regne-prohibit-de-mustang\\\/#primaryimage\"},\"thumbnailUrl\":\"https:\\\/\\\/afc.cat\\\/wp-content\\\/uploads\\\/2024\\\/09\\\/WhatsApp-Image-2024-09-13-at-19.59.33-e1726306833586.jpeg\",\"articleSection\":[\"Exposiciones\",\"Exposiciones AFC\"],\"inLanguage\":\"es\"},{\"@type\":\"WebPage\",\"@id\":\"https:\\\/\\\/afc.cat\\\/es\\\/inaugurada-lexposicio-viatge-a-nepal-i-al-regne-prohibit-de-mustang\\\/\",\"url\":\"https:\\\/\\\/afc.cat\\\/es\\\/inaugurada-lexposicio-viatge-a-nepal-i-al-regne-prohibit-de-mustang\\\/\",\"name\":\"Inaugurada la exposici\u00f3n \\\"Viatge a Nepal i al regne prohibit de Mustang\\\" - Agrupaci\u00f3 Fotogr\u00e0fica de Catalunya\",\"isPartOf\":{\"@id\":\"https:\\\/\\\/afc.cat\\\/es\\\/#website\"},\"primaryImageOfPage\":{\"@id\":\"https:\\\/\\\/afc.cat\\\/es\\\/inaugurada-lexposicio-viatge-a-nepal-i-al-regne-prohibit-de-mustang\\\/#primaryimage\"},\"image\":{\"@id\":\"https:\\\/\\\/afc.cat\\\/es\\\/inaugurada-lexposicio-viatge-a-nepal-i-al-regne-prohibit-de-mustang\\\/#primaryimage\"},\"thumbnailUrl\":\"https:\\\/\\\/afc.cat\\\/wp-content\\\/uploads\\\/2024\\\/09\\\/WhatsApp-Image-2024-09-13-at-19.59.33-e1726306833586.jpeg\",\"datePublished\":\"2024-09-19T19:46:20+00:00\",\"dateModified\":\"2024-09-19T19:59:50+00:00\",\"author\":{\"@id\":\"https:\\\/\\\/afc.cat\\\/es\\\/#\\\/schema\\\/person\\\/2868ff3362c6c568af6bbef21aab18a6\"},\"breadcrumb\":{\"@id\":\"https:\\\/\\\/afc.cat\\\/es\\\/inaugurada-lexposicio-viatge-a-nepal-i-al-regne-prohibit-de-mustang\\\/#breadcrumb\"},\"inLanguage\":\"es\",\"potentialAction\":[{\"@type\":\"ReadAction\",\"target\":[\"https:\\\/\\\/afc.cat\\\/es\\\/inaugurada-lexposicio-viatge-a-nepal-i-al-regne-prohibit-de-mustang\\\/\"]}]},{\"@type\":\"ImageObject\",\"inLanguage\":\"es\",\"@id\":\"https:\\\/\\\/afc.cat\\\/es\\\/inaugurada-lexposicio-viatge-a-nepal-i-al-regne-prohibit-de-mustang\\\/#primaryimage\",\"url\":\"https:\\\/\\\/afc.cat\\\/wp-content\\\/uploads\\\/2024\\\/09\\\/WhatsApp-Image-2024-09-13-at-19.59.33-e1726306833586.jpeg\",\"contentUrl\":\"https:\\\/\\\/afc.cat\\\/wp-content\\\/uploads\\\/2024\\\/09\\\/WhatsApp-Image-2024-09-13-at-19.59.33-e1726306833586.jpeg\",\"width\":1600,\"height\":1066},{\"@type\":\"BreadcrumbList\",\"@id\":\"https:\\\/\\\/afc.cat\\\/es\\\/inaugurada-lexposicio-viatge-a-nepal-i-al-regne-prohibit-de-mustang\\\/#breadcrumb\",\"itemListElement\":[{\"@type\":\"ListItem\",\"position\":1,\"name\":\"Inicio\",\"item\":\"https:\\\/\\\/afc.cat\\\/es\\\/\"},{\"@type\":\"ListItem\",\"position\":2,\"name\":\"Inaugurada la exposici\u00f3n &#8220;Viatge a Nepal i al regne prohibit de Mustang&#8221;\"}]},{\"@type\":\"WebSite\",\"@id\":\"https:\\\/\\\/afc.cat\\\/es\\\/#website\",\"url\":\"https:\\\/\\\/afc.cat\\\/es\\\/\",\"name\":\"Agrupaci\u00f3 Fotogr\u00e0fica de Catalunya\",\"description\":\"Fomento y divulgaci\u00f3n de la fotograf\u00eda en todas sus variedades\",\"potentialAction\":[{\"@type\":\"SearchAction\",\"target\":{\"@type\":\"EntryPoint\",\"urlTemplate\":\"https:\\\/\\\/afc.cat\\\/es\\\/?s={search_term_string}\"},\"query-input\":{\"@type\":\"PropertyValueSpecification\",\"valueRequired\":true,\"valueName\":\"search_term_string\"}}],\"inLanguage\":\"es\"},{\"@type\":\"Person\",\"@id\":\"https:\\\/\\\/afc.cat\\\/es\\\/#\\\/schema\\\/person\\\/2868ff3362c6c568af6bbef21aab18a6\",\"name\":\"Albert Folch Naval\u00f3n\",\"image\":{\"@type\":\"ImageObject\",\"inLanguage\":\"es\",\"@id\":\"https:\\\/\\\/secure.gravatar.com\\\/avatar\\\/d9af2c27458acd834a2ba71216b3c70b3d550f58587654086a7e7c13f9ffa40c?s=96&d=mm&r=g\",\"url\":\"https:\\\/\\\/secure.gravatar.com\\\/avatar\\\/d9af2c27458acd834a2ba71216b3c70b3d550f58587654086a7e7c13f9ffa40c?s=96&d=mm&r=g\",\"contentUrl\":\"https:\\\/\\\/secure.gravatar.com\\\/avatar\\\/d9af2c27458acd834a2ba71216b3c70b3d550f58587654086a7e7c13f9ffa40c?s=96&d=mm&r=g\",\"caption\":\"Albert Folch Naval\u00f3n\"},\"url\":\"https:\\\/\\\/afc.cat\\\/es\\\/author\\\/albertf2021\\\/\"}]}<\/script>\n<!-- \/ Yoast SEO plugin. -->","yoast_head_json":{"title":"Inaugurada la exposici\u00f3n \"Viatge a Nepal i al regne prohibit de Mustang\" - Agrupaci\u00f3 Fotogr\u00e0fica de Catalunya","robots":{"index":"index","follow":"follow","max-snippet":"max-snippet:-1","max-image-preview":"max-image-preview:large","max-video-preview":"max-video-preview:-1"},"canonical":"https:\/\/afc.cat\/es\/inaugurada-lexposicio-viatge-a-nepal-i-al-regne-prohibit-de-mustang\/","og_locale":"es_ES","og_type":"article","og_title":"Inaugurada la exposici\u00f3n \"Viatge a Nepal i al regne prohibit de Mustang\" - Agrupaci\u00f3 Fotogr\u00e0fica de Catalunya","og_url":"https:\/\/afc.cat\/es\/inaugurada-lexposicio-viatge-a-nepal-i-al-regne-prohibit-de-mustang\/","og_site_name":"Agrupaci\u00f3 Fotogr\u00e0fica de Catalunya","article_published_time":"2024-09-19T19:46:20+00:00","article_modified_time":"2024-09-19T19:59:50+00:00","og_image":[{"width":1600,"height":1066,"url":"https:\/\/afc.cat\/wp-content\/uploads\/2024\/09\/WhatsApp-Image-2024-09-13-at-19.59.33-e1726306833586.jpeg","type":"image\/jpeg"}],"author":"Albert Folch Naval\u00f3n","twitter_card":"summary_large_image","twitter_misc":{"Escrito por":"Albert Folch Naval\u00f3n","Tiempo de lectura":"6 minutos"},"schema":{"@context":"https:\/\/schema.org","@graph":[{"@type":"Article","@id":"https:\/\/afc.cat\/es\/inaugurada-lexposicio-viatge-a-nepal-i-al-regne-prohibit-de-mustang\/#article","isPartOf":{"@id":"https:\/\/afc.cat\/es\/inaugurada-lexposicio-viatge-a-nepal-i-al-regne-prohibit-de-mustang\/"},"author":{"name":"Albert Folch Naval\u00f3n","@id":"https:\/\/afc.cat\/es\/#\/schema\/person\/2868ff3362c6c568af6bbef21aab18a6"},"headline":"Inaugurada la exposici\u00f3n \u00abViatge a Nepal i al regne prohibit de Mustang\u00bb","datePublished":"2024-09-19T19:46:20+00:00","dateModified":"2024-09-19T19:59:50+00:00","mainEntityOfPage":{"@id":"https:\/\/afc.cat\/es\/inaugurada-lexposicio-viatge-a-nepal-i-al-regne-prohibit-de-mustang\/"},"wordCount":1176,"image":{"@id":"https:\/\/afc.cat\/es\/inaugurada-lexposicio-viatge-a-nepal-i-al-regne-prohibit-de-mustang\/#primaryimage"},"thumbnailUrl":"https:\/\/afc.cat\/wp-content\/uploads\/2024\/09\/WhatsApp-Image-2024-09-13-at-19.59.33-e1726306833586.jpeg","articleSection":["Exposiciones","Exposiciones AFC"],"inLanguage":"es"},{"@type":"WebPage","@id":"https:\/\/afc.cat\/es\/inaugurada-lexposicio-viatge-a-nepal-i-al-regne-prohibit-de-mustang\/","url":"https:\/\/afc.cat\/es\/inaugurada-lexposicio-viatge-a-nepal-i-al-regne-prohibit-de-mustang\/","name":"Inaugurada la exposici\u00f3n \"Viatge a Nepal i al regne prohibit de Mustang\" - Agrupaci\u00f3 Fotogr\u00e0fica de Catalunya","isPartOf":{"@id":"https:\/\/afc.cat\/es\/#website"},"primaryImageOfPage":{"@id":"https:\/\/afc.cat\/es\/inaugurada-lexposicio-viatge-a-nepal-i-al-regne-prohibit-de-mustang\/#primaryimage"},"image":{"@id":"https:\/\/afc.cat\/es\/inaugurada-lexposicio-viatge-a-nepal-i-al-regne-prohibit-de-mustang\/#primaryimage"},"thumbnailUrl":"https:\/\/afc.cat\/wp-content\/uploads\/2024\/09\/WhatsApp-Image-2024-09-13-at-19.59.33-e1726306833586.jpeg","datePublished":"2024-09-19T19:46:20+00:00","dateModified":"2024-09-19T19:59:50+00:00","author":{"@id":"https:\/\/afc.cat\/es\/#\/schema\/person\/2868ff3362c6c568af6bbef21aab18a6"},"breadcrumb":{"@id":"https:\/\/afc.cat\/es\/inaugurada-lexposicio-viatge-a-nepal-i-al-regne-prohibit-de-mustang\/#breadcrumb"},"inLanguage":"es","potentialAction":[{"@type":"ReadAction","target":["https:\/\/afc.cat\/es\/inaugurada-lexposicio-viatge-a-nepal-i-al-regne-prohibit-de-mustang\/"]}]},{"@type":"ImageObject","inLanguage":"es","@id":"https:\/\/afc.cat\/es\/inaugurada-lexposicio-viatge-a-nepal-i-al-regne-prohibit-de-mustang\/#primaryimage","url":"https:\/\/afc.cat\/wp-content\/uploads\/2024\/09\/WhatsApp-Image-2024-09-13-at-19.59.33-e1726306833586.jpeg","contentUrl":"https:\/\/afc.cat\/wp-content\/uploads\/2024\/09\/WhatsApp-Image-2024-09-13-at-19.59.33-e1726306833586.jpeg","width":1600,"height":1066},{"@type":"BreadcrumbList","@id":"https:\/\/afc.cat\/es\/inaugurada-lexposicio-viatge-a-nepal-i-al-regne-prohibit-de-mustang\/#breadcrumb","itemListElement":[{"@type":"ListItem","position":1,"name":"Inicio","item":"https:\/\/afc.cat\/es\/"},{"@type":"ListItem","position":2,"name":"Inaugurada la exposici\u00f3n &#8220;Viatge a Nepal i al regne prohibit de Mustang&#8221;"}]},{"@type":"WebSite","@id":"https:\/\/afc.cat\/es\/#website","url":"https:\/\/afc.cat\/es\/","name":"Agrupaci\u00f3 Fotogr\u00e0fica de Catalunya","description":"Fomento y divulgaci\u00f3n de la fotograf\u00eda en todas sus variedades","potentialAction":[{"@type":"SearchAction","target":{"@type":"EntryPoint","urlTemplate":"https:\/\/afc.cat\/es\/?s={search_term_string}"},"query-input":{"@type":"PropertyValueSpecification","valueRequired":true,"valueName":"search_term_string"}}],"inLanguage":"es"},{"@type":"Person","@id":"https:\/\/afc.cat\/es\/#\/schema\/person\/2868ff3362c6c568af6bbef21aab18a6","name":"Albert Folch Naval\u00f3n","image":{"@type":"ImageObject","inLanguage":"es","@id":"https:\/\/secure.gravatar.com\/avatar\/d9af2c27458acd834a2ba71216b3c70b3d550f58587654086a7e7c13f9ffa40c?s=96&d=mm&r=g","url":"https:\/\/secure.gravatar.com\/avatar\/d9af2c27458acd834a2ba71216b3c70b3d550f58587654086a7e7c13f9ffa40c?s=96&d=mm&r=g","contentUrl":"https:\/\/secure.gravatar.com\/avatar\/d9af2c27458acd834a2ba71216b3c70b3d550f58587654086a7e7c13f9ffa40c?s=96&d=mm&r=g","caption":"Albert Folch Naval\u00f3n"},"url":"https:\/\/afc.cat\/es\/author\/albertf2021\/"}]}},"_links":{"self":[{"href":"https:\/\/afc.cat\/es\/wp-json\/wp\/v2\/posts\/39257","targetHints":{"allow":["GET"]}}],"collection":[{"href":"https:\/\/afc.cat\/es\/wp-json\/wp\/v2\/posts"}],"about":[{"href":"https:\/\/afc.cat\/es\/wp-json\/wp\/v2\/types\/post"}],"author":[{"embeddable":true,"href":"https:\/\/afc.cat\/es\/wp-json\/wp\/v2\/users\/33"}],"replies":[{"embeddable":true,"href":"https:\/\/afc.cat\/es\/wp-json\/wp\/v2\/comments?post=39257"}],"version-history":[{"count":3,"href":"https:\/\/afc.cat\/es\/wp-json\/wp\/v2\/posts\/39257\/revisions"}],"predecessor-version":[{"id":39260,"href":"https:\/\/afc.cat\/es\/wp-json\/wp\/v2\/posts\/39257\/revisions\/39260"}],"wp:featuredmedia":[{"embeddable":true,"href":"https:\/\/afc.cat\/es\/wp-json\/wp\/v2\/media\/39184"}],"wp:attachment":[{"href":"https:\/\/afc.cat\/es\/wp-json\/wp\/v2\/media?parent=39257"}],"wp:term":[{"taxonomy":"category","embeddable":true,"href":"https:\/\/afc.cat\/es\/wp-json\/wp\/v2\/categories?post=39257"},{"taxonomy":"post_tag","embeddable":true,"href":"https:\/\/afc.cat\/es\/wp-json\/wp\/v2\/tags?post=39257"}],"curies":[{"name":"wp","href":"https:\/\/api.w.org\/{rel}","templated":true}]}}