{"id":39433,"date":"2024-10-17T17:29:04","date_gmt":"2024-10-17T15:29:04","guid":{"rendered":"https:\/\/afc.cat\/?p=39433"},"modified":"2024-10-17T17:31:16","modified_gmt":"2024-10-17T15:31:16","slug":"inaugurada-la-exposicion-fotografica-temporal-fotos-de-carrer-manuel-mesa-bermudez","status":"publish","type":"post","link":"https:\/\/afc.cat\/es\/inaugurada-la-exposicion-fotografica-temporal-fotos-de-carrer-manuel-mesa-bermudez\/","title":{"rendered":"Inaugurada la exposici\u00f3n fotogr\u00e1fica temporal \u201cFotos de carrer\u201d\/ Manuel Mesa Berm\u00fadez"},"content":{"rendered":"<p><div class=\"fusion-fullwidth fullwidth-box fusion-builder-row-1 fusion-flex-container nonhundred-percent-fullwidth non-hundred-percent-height-scrolling\" style=\"background-color: rgba(255,255,255,0);background-position: center center;background-repeat: no-repeat;border-width: 0px 15px 0px 0px;border-color:#ffffff;border-style:solid;\" ><div class=\"fusion-builder-row fusion-row fusion-flex-align-items-flex-start\" style=\"max-width:1300px;margin-left: calc(-4% \/ 2 );margin-right: calc(-4% \/ 2 );\"><div class=\"fusion-layout-column fusion_builder_column fusion-builder-column-0 fusion_builder_column_1_1 1_1 fusion-flex-column\"><div class=\"fusion-column-wrapper fusion-flex-justify-content-flex-start fusion-content-layout-column\" style=\"background-position:left top;background-repeat:no-repeat;-webkit-background-size:cover;-moz-background-size:cover;-o-background-size:cover;background-size:cover;padding: 0px 0px 0px 0px;\"><div class=\"fusion-text fusion-text-1\"><div class=\"traductor-textarea form-group\">\n<div class=\"textarea-desti col-xs-12 col-sm-6\">\n<h2 class=\"form-control second-textarea\">Inauguraci\u00f3n exposici\u00f3n fotogr\u00e1fica temporal \u201cFotos de calle\u201d\/ Autor: Manel Mesa Berm\u00fadez<\/h2>\n<div class=\"form-control second-textarea\">\n<p>El martes 15\/10\/2024, inauguramos la exposici\u00f3n \u201cFotos de carrer\u201d. La muestra re\u00fane catorce obras en formato 30&#215;40 cm. todas a color.<\/p>\n<p>En palabras del autor \u00ablas fotograf\u00edas interact\u00faan con la calle, el ritmo y el pulso de la ciudad\u00bb.<\/p>\n<p>Street\u00a0photo, disciplina fotogr\u00e1fica testigo de la sociedad.<\/p>\n<p>Puedes visitar la muestra hasta el 5 de noviembre del 2024<\/p>\n<p><strong>Entrada libre y gratuita<\/strong><\/p>\n<p><strong>Fotos: \u00a9 Josep Vicente<\/strong><\/p>\n<\/div>\n<\/div>\n<\/div>\n<div class=\"traductor-checkbox form-group\">\n<div class=\"row\">\n<div class=\"col-sm-offset-2 col-sm-5\"><\/div>\n<div class=\"col-sm-5\"><\/div>\n<\/div>\n<\/div>\n<\/div><\/div><style type=\"text\/css\">.fusion-body .fusion-builder-column-0{width:100% !important;margin-top : 0px;margin-bottom : 0px;}.fusion-builder-column-0 > .fusion-column-wrapper {padding-top : 0px !important;padding-right : 0px !important;margin-right : 1.92%;padding-bottom : 0px !important;padding-left : 0px !important;margin-left : 1.92%;}@media only screen and (max-width:1024px) {.fusion-body .fusion-builder-column-0{width:100% !important;}.fusion-builder-column-0 > .fusion-column-wrapper {margin-right : 1.92%;margin-left : 1.92%;}}@media only screen and (max-width:640px) {.fusion-body .fusion-builder-column-0{width:100% !important;}.fusion-builder-column-0 > .fusion-column-wrapper {margin-right : 1.92%;margin-left : 1.92%;}}<\/style><\/div><\/div><style type=\"text\/css\">.fusion-body .fusion-flex-container.fusion-builder-row-1{ padding-top : 0px;margin-top : 0px;padding-right : 0px;padding-bottom : 0px;margin-bottom : 0px;padding-left : 0px;}<\/style><\/div><div class=\"fusion-fullwidth fullwidth-box fusion-builder-row-2 fusion-flex-container nonhundred-percent-fullwidth non-hundred-percent-height-scrolling\" style=\"background-color: rgba(255,255,255,0);background-position: center center;background-repeat: no-repeat;border-width: 0px 0px 0px 0px;border-color:#ffffff;border-style:solid;\" ><div class=\"fusion-builder-row fusion-row fusion-flex-align-items-flex-start\" style=\"max-width:1300px;margin-left: calc(-4% \/ 2 );margin-right: calc(-4% \/ 2 );\"><div class=\"fusion-layout-column fusion_builder_column fusion-builder-column-1 fusion_builder_column_1_2 1_2 fusion-flex-column\"><div class=\"fusion-column-wrapper fusion-flex-justify-content-flex-start fusion-content-layout-column\" style=\"background-position:left top;background-repeat:no-repeat;-webkit-background-size:cover;-moz-background-size:cover;-o-background-size:cover;background-size:cover;padding: 0px 0px 0px 0px;\"><div style=\"text-align:center;\"><span class=\" fusion-imageframe imageframe-none imageframe-1 hover-type-none\"><img decoding=\"async\" width=\"300\" height=\"200\" title=\"_DSF9565SR\" src=\"https:\/\/afc.cat\/wp-content\/uploads\/2024\/10\/DSF9565SR-300x200.jpg\" alt class=\"img-responsive wp-image-39429\"\/><\/span><\/div><\/div><style type=\"text\/css\">.fusion-body .fusion-builder-column-1{width:50% !important;margin-top : 0px;margin-bottom : 20px;}.fusion-builder-column-1 > .fusion-column-wrapper {padding-top : 0px !important;padding-right : 0px !important;margin-right : 3.84%;padding-bottom : 0px !important;padding-left : 0px !important;margin-left : 3.84%;}@media only screen and (max-width:1024px) {.fusion-body .fusion-builder-column-1{width:50% !important;order : 0;}.fusion-builder-column-1 > .fusion-column-wrapper {margin-right : 3.84%;margin-left : 3.84%;}}@media only screen and (max-width:640px) {.fusion-body .fusion-builder-column-1{width:100% !important;order : 0;}.fusion-builder-column-1 > .fusion-column-wrapper {margin-right : 1.92%;margin-left : 1.92%;}}<\/style><\/div><div class=\"fusion-layout-column fusion_builder_column fusion-builder-column-2 fusion_builder_column_1_2 1_2 fusion-flex-column\"><div class=\"fusion-column-wrapper fusion-flex-justify-content-flex-start fusion-content-layout-column\" style=\"background-position:left top;background-repeat:no-repeat;-webkit-background-size:cover;-moz-background-size:cover;-o-background-size:cover;background-size:cover;padding: 0px 0px 0px 0px;\"><\/div><style type=\"text\/css\">.fusion-body .fusion-builder-column-2{width:50% !important;margin-top : 0px;margin-bottom : 20px;}.fusion-builder-column-2 > .fusion-column-wrapper {padding-top : 0px !important;padding-right : 0px !important;margin-right : 3.84%;padding-bottom : 0px !important;padding-left : 0px !important;margin-left : 3.84%;}@media only screen and (max-width:1024px) {.fusion-body .fusion-builder-column-2{width:50% !important;order : 0;}.fusion-builder-column-2 > .fusion-column-wrapper {margin-right : 3.84%;margin-left : 3.84%;}}@media only screen and (max-width:640px) {.fusion-body .fusion-builder-column-2{width:100% !important;order : 0;}.fusion-builder-column-2 > .fusion-column-wrapper {margin-right : 1.92%;margin-left : 1.92%;}}<\/style><\/div><\/div><style type=\"text\/css\">.fusion-body .fusion-flex-container.fusion-builder-row-2{ padding-top : 0px;margin-top : 0px;padding-right : 0px;padding-bottom : 0px;margin-bottom : 0px;padding-left : 0px;}<\/style><\/div><\/p>\n","protected":false},"excerpt":{"rendered":"","protected":false},"author":47,"featured_media":39427,"comment_status":"closed","ping_status":"open","sticky":false,"template":"","format":"standard","meta":{"_acf_changed":false,"footnotes":""},"categories":[183],"tags":[],"class_list":["post-39433","post","type-post","status-publish","format-standard","has-post-thumbnail","hentry","category-exposiciones-afc"],"acf":[],"yoast_head":"<!-- This site is optimized with the Yoast SEO plugin v27.5 - https:\/\/yoast.com\/product\/yoast-seo-wordpress\/ -->\n<title>Inaugurada la exposici\u00f3n fotogr\u00e1fica temporal \u201cFotos de carrer\u201d\/ Manuel Mesa Berm\u00fadez - Agrupaci\u00f3 Fotogr\u00e0fica de Catalunya<\/title>\n<meta name=\"robots\" content=\"index, follow, max-snippet:-1, max-image-preview:large, max-video-preview:-1\" \/>\n<link rel=\"canonical\" href=\"https:\/\/afc.cat\/es\/inaugurada-la-exposicion-fotografica-temporal-fotos-de-carrer-manuel-mesa-bermudez\/\" \/>\n<meta property=\"og:locale\" content=\"es_ES\" \/>\n<meta property=\"og:type\" content=\"article\" \/>\n<meta property=\"og:title\" content=\"Inaugurada la exposici\u00f3n fotogr\u00e1fica temporal \u201cFotos de carrer\u201d\/ Manuel Mesa Berm\u00fadez - Agrupaci\u00f3 Fotogr\u00e0fica de Catalunya\" \/>\n<meta property=\"og:url\" content=\"https:\/\/afc.cat\/es\/inaugurada-la-exposicion-fotografica-temporal-fotos-de-carrer-manuel-mesa-bermudez\/\" \/>\n<meta property=\"og:site_name\" content=\"Agrupaci\u00f3 Fotogr\u00e0fica de Catalunya\" \/>\n<meta property=\"article:published_time\" content=\"2024-10-17T15:29:04+00:00\" \/>\n<meta property=\"article:modified_time\" content=\"2024-10-17T15:31:16+00:00\" \/>\n<meta property=\"og:image\" content=\"https:\/\/afc.cat\/wp-content\/uploads\/2024\/10\/DSF9564R-e1729178915170.jpg\" \/>\n\t<meta property=\"og:image:width\" content=\"1024\" \/>\n\t<meta property=\"og:image:height\" content=\"768\" \/>\n\t<meta property=\"og:image:type\" content=\"image\/jpeg\" \/>\n<meta name=\"author\" content=\"M\u00f2nica Rodr\u00edguez\" \/>\n<meta name=\"twitter:card\" content=\"summary_large_image\" \/>\n<meta name=\"twitter:label1\" content=\"Escrito por\" \/>\n\t<meta name=\"twitter:data1\" content=\"M\u00f2nica Rodr\u00edguez\" \/>\n\t<meta name=\"twitter:label2\" content=\"Tiempo de lectura\" \/>\n\t<meta name=\"twitter:data2\" content=\"8 minutos\" \/>\n<script type=\"application\/ld+json\" class=\"yoast-schema-graph\">{\"@context\":\"https:\\\/\\\/schema.org\",\"@graph\":[{\"@type\":\"Article\",\"@id\":\"https:\\\/\\\/afc.cat\\\/es\\\/inaugurada-la-exposicion-fotografica-temporal-fotos-de-carrer-manuel-mesa-bermudez\\\/#article\",\"isPartOf\":{\"@id\":\"https:\\\/\\\/afc.cat\\\/es\\\/inaugurada-la-exposicion-fotografica-temporal-fotos-de-carrer-manuel-mesa-bermudez\\\/\"},\"author\":{\"name\":\"M\u00f2nica Rodr\u00edguez\",\"@id\":\"https:\\\/\\\/afc.cat\\\/es\\\/#\\\/schema\\\/person\\\/b914cefdd3d691831c5675292da9496a\"},\"headline\":\"Inaugurada la exposici\u00f3n fotogr\u00e1fica temporal \u201cFotos de carrer\u201d\\\/ Manuel Mesa Berm\u00fadez\",\"datePublished\":\"2024-10-17T15:29:04+00:00\",\"dateModified\":\"2024-10-17T15:31:16+00:00\",\"mainEntityOfPage\":{\"@id\":\"https:\\\/\\\/afc.cat\\\/es\\\/inaugurada-la-exposicion-fotografica-temporal-fotos-de-carrer-manuel-mesa-bermudez\\\/\"},\"wordCount\":1577,\"image\":{\"@id\":\"https:\\\/\\\/afc.cat\\\/es\\\/inaugurada-la-exposicion-fotografica-temporal-fotos-de-carrer-manuel-mesa-bermudez\\\/#primaryimage\"},\"thumbnailUrl\":\"https:\\\/\\\/afc.cat\\\/wp-content\\\/uploads\\\/2024\\\/10\\\/DSF9564R-e1729178915170.jpg\",\"articleSection\":[\"Exposiciones AFC\"],\"inLanguage\":\"es\"},{\"@type\":\"WebPage\",\"@id\":\"https:\\\/\\\/afc.cat\\\/es\\\/inaugurada-la-exposicion-fotografica-temporal-fotos-de-carrer-manuel-mesa-bermudez\\\/\",\"url\":\"https:\\\/\\\/afc.cat\\\/es\\\/inaugurada-la-exposicion-fotografica-temporal-fotos-de-carrer-manuel-mesa-bermudez\\\/\",\"name\":\"Inaugurada la exposici\u00f3n fotogr\u00e1fica temporal \u201cFotos de carrer\u201d\\\/ Manuel Mesa Berm\u00fadez - Agrupaci\u00f3 Fotogr\u00e0fica de Catalunya\",\"isPartOf\":{\"@id\":\"https:\\\/\\\/afc.cat\\\/es\\\/#website\"},\"primaryImageOfPage\":{\"@id\":\"https:\\\/\\\/afc.cat\\\/es\\\/inaugurada-la-exposicion-fotografica-temporal-fotos-de-carrer-manuel-mesa-bermudez\\\/#primaryimage\"},\"image\":{\"@id\":\"https:\\\/\\\/afc.cat\\\/es\\\/inaugurada-la-exposicion-fotografica-temporal-fotos-de-carrer-manuel-mesa-bermudez\\\/#primaryimage\"},\"thumbnailUrl\":\"https:\\\/\\\/afc.cat\\\/wp-content\\\/uploads\\\/2024\\\/10\\\/DSF9564R-e1729178915170.jpg\",\"datePublished\":\"2024-10-17T15:29:04+00:00\",\"dateModified\":\"2024-10-17T15:31:16+00:00\",\"author\":{\"@id\":\"https:\\\/\\\/afc.cat\\\/es\\\/#\\\/schema\\\/person\\\/b914cefdd3d691831c5675292da9496a\"},\"breadcrumb\":{\"@id\":\"https:\\\/\\\/afc.cat\\\/es\\\/inaugurada-la-exposicion-fotografica-temporal-fotos-de-carrer-manuel-mesa-bermudez\\\/#breadcrumb\"},\"inLanguage\":\"es\",\"potentialAction\":[{\"@type\":\"ReadAction\",\"target\":[\"https:\\\/\\\/afc.cat\\\/es\\\/inaugurada-la-exposicion-fotografica-temporal-fotos-de-carrer-manuel-mesa-bermudez\\\/\"]}]},{\"@type\":\"ImageObject\",\"inLanguage\":\"es\",\"@id\":\"https:\\\/\\\/afc.cat\\\/es\\\/inaugurada-la-exposicion-fotografica-temporal-fotos-de-carrer-manuel-mesa-bermudez\\\/#primaryimage\",\"url\":\"https:\\\/\\\/afc.cat\\\/wp-content\\\/uploads\\\/2024\\\/10\\\/DSF9564R-e1729178915170.jpg\",\"contentUrl\":\"https:\\\/\\\/afc.cat\\\/wp-content\\\/uploads\\\/2024\\\/10\\\/DSF9564R-e1729178915170.jpg\",\"width\":1024,\"height\":768},{\"@type\":\"BreadcrumbList\",\"@id\":\"https:\\\/\\\/afc.cat\\\/es\\\/inaugurada-la-exposicion-fotografica-temporal-fotos-de-carrer-manuel-mesa-bermudez\\\/#breadcrumb\",\"itemListElement\":[{\"@type\":\"ListItem\",\"position\":1,\"name\":\"Inicio\",\"item\":\"https:\\\/\\\/afc.cat\\\/es\\\/\"},{\"@type\":\"ListItem\",\"position\":2,\"name\":\"Inaugurada la exposici\u00f3n fotogr\u00e1fica temporal \u201cFotos de carrer\u201d\\\/ Manuel Mesa Berm\u00fadez\"}]},{\"@type\":\"WebSite\",\"@id\":\"https:\\\/\\\/afc.cat\\\/es\\\/#website\",\"url\":\"https:\\\/\\\/afc.cat\\\/es\\\/\",\"name\":\"Agrupaci\u00f3 Fotogr\u00e0fica de Catalunya\",\"description\":\"Fomento y divulgaci\u00f3n de la fotograf\u00eda en todas sus variedades\",\"potentialAction\":[{\"@type\":\"SearchAction\",\"target\":{\"@type\":\"EntryPoint\",\"urlTemplate\":\"https:\\\/\\\/afc.cat\\\/es\\\/?s={search_term_string}\"},\"query-input\":{\"@type\":\"PropertyValueSpecification\",\"valueRequired\":true,\"valueName\":\"search_term_string\"}}],\"inLanguage\":\"es\"},{\"@type\":\"Person\",\"@id\":\"https:\\\/\\\/afc.cat\\\/es\\\/#\\\/schema\\\/person\\\/b914cefdd3d691831c5675292da9496a\",\"name\":\"M\u00f2nica Rodr\u00edguez\",\"image\":{\"@type\":\"ImageObject\",\"inLanguage\":\"es\",\"@id\":\"https:\\\/\\\/secure.gravatar.com\\\/avatar\\\/dfc2b3f253d78a099cd1a6fca15dfcfafa251514d62e7dfd96d3a013321b382c?s=96&d=mm&r=g\",\"url\":\"https:\\\/\\\/secure.gravatar.com\\\/avatar\\\/dfc2b3f253d78a099cd1a6fca15dfcfafa251514d62e7dfd96d3a013321b382c?s=96&d=mm&r=g\",\"contentUrl\":\"https:\\\/\\\/secure.gravatar.com\\\/avatar\\\/dfc2b3f253d78a099cd1a6fca15dfcfafa251514d62e7dfd96d3a013321b382c?s=96&d=mm&r=g\",\"caption\":\"M\u00f2nica Rodr\u00edguez\"},\"url\":\"https:\\\/\\\/afc.cat\\\/es\\\/author\\\/secretariaconsellafc\\\/\"}]}<\/script>\n<!-- \/ Yoast SEO plugin. -->","yoast_head_json":{"title":"Inaugurada la exposici\u00f3n fotogr\u00e1fica temporal \u201cFotos de carrer\u201d\/ Manuel Mesa Berm\u00fadez - Agrupaci\u00f3 Fotogr\u00e0fica de Catalunya","robots":{"index":"index","follow":"follow","max-snippet":"max-snippet:-1","max-image-preview":"max-image-preview:large","max-video-preview":"max-video-preview:-1"},"canonical":"https:\/\/afc.cat\/es\/inaugurada-la-exposicion-fotografica-temporal-fotos-de-carrer-manuel-mesa-bermudez\/","og_locale":"es_ES","og_type":"article","og_title":"Inaugurada la exposici\u00f3n fotogr\u00e1fica temporal \u201cFotos de carrer\u201d\/ Manuel Mesa Berm\u00fadez - Agrupaci\u00f3 Fotogr\u00e0fica de Catalunya","og_url":"https:\/\/afc.cat\/es\/inaugurada-la-exposicion-fotografica-temporal-fotos-de-carrer-manuel-mesa-bermudez\/","og_site_name":"Agrupaci\u00f3 Fotogr\u00e0fica de Catalunya","article_published_time":"2024-10-17T15:29:04+00:00","article_modified_time":"2024-10-17T15:31:16+00:00","og_image":[{"width":1024,"height":768,"url":"https:\/\/afc.cat\/wp-content\/uploads\/2024\/10\/DSF9564R-e1729178915170.jpg","type":"image\/jpeg"}],"author":"M\u00f2nica Rodr\u00edguez","twitter_card":"summary_large_image","twitter_misc":{"Escrito por":"M\u00f2nica Rodr\u00edguez","Tiempo de lectura":"8 minutos"},"schema":{"@context":"https:\/\/schema.org","@graph":[{"@type":"Article","@id":"https:\/\/afc.cat\/es\/inaugurada-la-exposicion-fotografica-temporal-fotos-de-carrer-manuel-mesa-bermudez\/#article","isPartOf":{"@id":"https:\/\/afc.cat\/es\/inaugurada-la-exposicion-fotografica-temporal-fotos-de-carrer-manuel-mesa-bermudez\/"},"author":{"name":"M\u00f2nica Rodr\u00edguez","@id":"https:\/\/afc.cat\/es\/#\/schema\/person\/b914cefdd3d691831c5675292da9496a"},"headline":"Inaugurada la exposici\u00f3n fotogr\u00e1fica temporal \u201cFotos de carrer\u201d\/ Manuel Mesa Berm\u00fadez","datePublished":"2024-10-17T15:29:04+00:00","dateModified":"2024-10-17T15:31:16+00:00","mainEntityOfPage":{"@id":"https:\/\/afc.cat\/es\/inaugurada-la-exposicion-fotografica-temporal-fotos-de-carrer-manuel-mesa-bermudez\/"},"wordCount":1577,"image":{"@id":"https:\/\/afc.cat\/es\/inaugurada-la-exposicion-fotografica-temporal-fotos-de-carrer-manuel-mesa-bermudez\/#primaryimage"},"thumbnailUrl":"https:\/\/afc.cat\/wp-content\/uploads\/2024\/10\/DSF9564R-e1729178915170.jpg","articleSection":["Exposiciones AFC"],"inLanguage":"es"},{"@type":"WebPage","@id":"https:\/\/afc.cat\/es\/inaugurada-la-exposicion-fotografica-temporal-fotos-de-carrer-manuel-mesa-bermudez\/","url":"https:\/\/afc.cat\/es\/inaugurada-la-exposicion-fotografica-temporal-fotos-de-carrer-manuel-mesa-bermudez\/","name":"Inaugurada la exposici\u00f3n fotogr\u00e1fica temporal \u201cFotos de carrer\u201d\/ Manuel Mesa Berm\u00fadez - Agrupaci\u00f3 Fotogr\u00e0fica de Catalunya","isPartOf":{"@id":"https:\/\/afc.cat\/es\/#website"},"primaryImageOfPage":{"@id":"https:\/\/afc.cat\/es\/inaugurada-la-exposicion-fotografica-temporal-fotos-de-carrer-manuel-mesa-bermudez\/#primaryimage"},"image":{"@id":"https:\/\/afc.cat\/es\/inaugurada-la-exposicion-fotografica-temporal-fotos-de-carrer-manuel-mesa-bermudez\/#primaryimage"},"thumbnailUrl":"https:\/\/afc.cat\/wp-content\/uploads\/2024\/10\/DSF9564R-e1729178915170.jpg","datePublished":"2024-10-17T15:29:04+00:00","dateModified":"2024-10-17T15:31:16+00:00","author":{"@id":"https:\/\/afc.cat\/es\/#\/schema\/person\/b914cefdd3d691831c5675292da9496a"},"breadcrumb":{"@id":"https:\/\/afc.cat\/es\/inaugurada-la-exposicion-fotografica-temporal-fotos-de-carrer-manuel-mesa-bermudez\/#breadcrumb"},"inLanguage":"es","potentialAction":[{"@type":"ReadAction","target":["https:\/\/afc.cat\/es\/inaugurada-la-exposicion-fotografica-temporal-fotos-de-carrer-manuel-mesa-bermudez\/"]}]},{"@type":"ImageObject","inLanguage":"es","@id":"https:\/\/afc.cat\/es\/inaugurada-la-exposicion-fotografica-temporal-fotos-de-carrer-manuel-mesa-bermudez\/#primaryimage","url":"https:\/\/afc.cat\/wp-content\/uploads\/2024\/10\/DSF9564R-e1729178915170.jpg","contentUrl":"https:\/\/afc.cat\/wp-content\/uploads\/2024\/10\/DSF9564R-e1729178915170.jpg","width":1024,"height":768},{"@type":"BreadcrumbList","@id":"https:\/\/afc.cat\/es\/inaugurada-la-exposicion-fotografica-temporal-fotos-de-carrer-manuel-mesa-bermudez\/#breadcrumb","itemListElement":[{"@type":"ListItem","position":1,"name":"Inicio","item":"https:\/\/afc.cat\/es\/"},{"@type":"ListItem","position":2,"name":"Inaugurada la exposici\u00f3n fotogr\u00e1fica temporal \u201cFotos de carrer\u201d\/ Manuel Mesa Berm\u00fadez"}]},{"@type":"WebSite","@id":"https:\/\/afc.cat\/es\/#website","url":"https:\/\/afc.cat\/es\/","name":"Agrupaci\u00f3 Fotogr\u00e0fica de Catalunya","description":"Fomento y divulgaci\u00f3n de la fotograf\u00eda en todas sus variedades","potentialAction":[{"@type":"SearchAction","target":{"@type":"EntryPoint","urlTemplate":"https:\/\/afc.cat\/es\/?s={search_term_string}"},"query-input":{"@type":"PropertyValueSpecification","valueRequired":true,"valueName":"search_term_string"}}],"inLanguage":"es"},{"@type":"Person","@id":"https:\/\/afc.cat\/es\/#\/schema\/person\/b914cefdd3d691831c5675292da9496a","name":"M\u00f2nica Rodr\u00edguez","image":{"@type":"ImageObject","inLanguage":"es","@id":"https:\/\/secure.gravatar.com\/avatar\/dfc2b3f253d78a099cd1a6fca15dfcfafa251514d62e7dfd96d3a013321b382c?s=96&d=mm&r=g","url":"https:\/\/secure.gravatar.com\/avatar\/dfc2b3f253d78a099cd1a6fca15dfcfafa251514d62e7dfd96d3a013321b382c?s=96&d=mm&r=g","contentUrl":"https:\/\/secure.gravatar.com\/avatar\/dfc2b3f253d78a099cd1a6fca15dfcfafa251514d62e7dfd96d3a013321b382c?s=96&d=mm&r=g","caption":"M\u00f2nica Rodr\u00edguez"},"url":"https:\/\/afc.cat\/es\/author\/secretariaconsellafc\/"}]}},"_links":{"self":[{"href":"https:\/\/afc.cat\/es\/wp-json\/wp\/v2\/posts\/39433","targetHints":{"allow":["GET"]}}],"collection":[{"href":"https:\/\/afc.cat\/es\/wp-json\/wp\/v2\/posts"}],"about":[{"href":"https:\/\/afc.cat\/es\/wp-json\/wp\/v2\/types\/post"}],"author":[{"embeddable":true,"href":"https:\/\/afc.cat\/es\/wp-json\/wp\/v2\/users\/47"}],"replies":[{"embeddable":true,"href":"https:\/\/afc.cat\/es\/wp-json\/wp\/v2\/comments?post=39433"}],"version-history":[{"count":2,"href":"https:\/\/afc.cat\/es\/wp-json\/wp\/v2\/posts\/39433\/revisions"}],"predecessor-version":[{"id":39435,"href":"https:\/\/afc.cat\/es\/wp-json\/wp\/v2\/posts\/39433\/revisions\/39435"}],"wp:featuredmedia":[{"embeddable":true,"href":"https:\/\/afc.cat\/es\/wp-json\/wp\/v2\/media\/39427"}],"wp:attachment":[{"href":"https:\/\/afc.cat\/es\/wp-json\/wp\/v2\/media?parent=39433"}],"wp:term":[{"taxonomy":"category","embeddable":true,"href":"https:\/\/afc.cat\/es\/wp-json\/wp\/v2\/categories?post=39433"},{"taxonomy":"post_tag","embeddable":true,"href":"https:\/\/afc.cat\/es\/wp-json\/wp\/v2\/tags?post=39433"}],"curies":[{"name":"wp","href":"https:\/\/api.w.org\/{rel}","templated":true}]}}