{"id":39847,"date":"2024-11-06T17:36:41","date_gmt":"2024-11-06T15:36:41","guid":{"rendered":"https:\/\/afc.cat\/?p=39847"},"modified":"2024-11-06T17:51:38","modified_gmt":"2024-11-06T15:51:38","slug":"39847","status":"publish","type":"post","link":"https:\/\/afc.cat\/es\/39847\/","title":{"rendered":"12 VITRALES De Ei POiNT CORONAN EL MAUSOLEO METROPOLITANO DE BARCELONA"},"content":{"rendered":"<p><div class=\"fusion-fullwidth fullwidth-box fusion-builder-row-1 fusion-flex-container nonhundred-percent-fullwidth non-hundred-percent-height-scrolling\" style=\"background-color: rgba(255,255,255,0);background-position: center center;background-repeat: no-repeat;border-width: 0px 15px 0px 0px;border-color:#ffffff;border-style:solid;\" ><div class=\"fusion-builder-row fusion-row fusion-flex-align-items-flex-start\" style=\"max-width:1300px;margin-left: calc(-4% \/ 2 );margin-right: calc(-4% \/ 2 );\"><div class=\"fusion-layout-column fusion_builder_column fusion-builder-column-0 fusion_builder_column_1_1 1_1 fusion-flex-column\"><div class=\"fusion-column-wrapper fusion-flex-justify-content-flex-start fusion-content-layout-column\" style=\"background-position:left top;background-repeat:no-repeat;-webkit-background-size:cover;-moz-background-size:cover;-o-background-size:cover;background-size:cover;padding: 0px 0px 0px 0px;\"><div class=\"fusion-text fusion-text-1\"><h2>12 VITRALES De\u00a0Ei\u00a0POiNT\u00a0CORONAN EL MAUSOLEO METROPOLITANO DE BARCELONA<\/h2>\n<p>El nuevo <strong>Mausoleo Metropolitano de Barcelona<\/strong> ha abierto las puertas. La instalaci\u00f3n est\u00e1 ubicada a la parroquia de San Juan Bosco, en la avenida Meridiana y es uno de los m\u00e1s grandes columbarios de Europa.<\/p>\n<p>El mausoleo tiene 12 vitrales, obra de nuestro consocio <a href=\"https:\/\/afc.cat\/wp-content\/uploads\/2024\/11\/7827-premis.pdf\"><strong>Alfons Oller,<\/strong><\/a> que representan las cuatro estaciones del a\u00f1o. Un <strong>s\u00edmbolo<\/strong> al paso del tiempo.<\/p>\n<p><a href=\"https:\/\/afc.cat\/wp-content\/uploads\/2024\/11\/mausoleu-BCN.pdf\"><strong>NOTICIA<\/strong><\/a><\/p>\n<p><strong>\u00a9 Ei Point<\/strong><\/p>\n<\/div><\/div><style type=\"text\/css\">.fusion-body .fusion-builder-column-0{width:100% !important;margin-top : 0px;margin-bottom : 0px;}.fusion-builder-column-0 > .fusion-column-wrapper {padding-top : 0px !important;padding-right : 0px !important;margin-right : 1.92%;padding-bottom : 0px !important;padding-left : 0px !important;margin-left : 1.92%;}@media only screen and (max-width:1024px) {.fusion-body .fusion-builder-column-0{width:100% !important;}.fusion-builder-column-0 > .fusion-column-wrapper {margin-right : 1.92%;margin-left : 1.92%;}}@media only screen and (max-width:640px) {.fusion-body .fusion-builder-column-0{width:100% !important;}.fusion-builder-column-0 > .fusion-column-wrapper {margin-right : 1.92%;margin-left : 1.92%;}}<\/style><\/div><\/div><style type=\"text\/css\">.fusion-body .fusion-flex-container.fusion-builder-row-1{ padding-top : 0px;margin-top : 0px;padding-right : 0px;padding-bottom : 0px;margin-bottom : 0px;padding-left : 0px;}<\/style><\/div><div class=\"fusion-fullwidth fullwidth-box fusion-builder-row-2 fusion-flex-container nonhundred-percent-fullwidth non-hundred-percent-height-scrolling\" style=\"background-color: rgba(255,255,255,0);background-position: center center;background-repeat: no-repeat;border-width: 0px 0px 0px 0px;border-color:#ffffff;border-style:solid;\" ><div class=\"fusion-builder-row fusion-row fusion-flex-align-items-flex-start\" style=\"max-width:1300px;margin-left: calc(-4% \/ 2 );margin-right: calc(-4% \/ 2 );\"><div class=\"fusion-layout-column fusion_builder_column fusion-builder-column-1 fusion_builder_column_1_2 1_2 fusion-flex-column\"><div class=\"fusion-column-wrapper fusion-flex-justify-content-flex-start fusion-content-layout-column\" style=\"background-position:left top;background-repeat:no-repeat;-webkit-background-size:cover;-moz-background-size:cover;-o-background-size:cover;background-size:cover;padding: 0px 0px 0px 0px;\"><\/div><style type=\"text\/css\">.fusion-body .fusion-builder-column-1{width:50% !important;margin-top : 0px;margin-bottom : 20px;}.fusion-builder-column-1 > .fusion-column-wrapper {padding-top : 0px !important;padding-right : 0px !important;margin-right : 3.84%;padding-bottom : 0px !important;padding-left : 0px !important;margin-left : 3.84%;}@media only screen and (max-width:1024px) {.fusion-body .fusion-builder-column-1{width:50% !important;order : 0;}.fusion-builder-column-1 > .fusion-column-wrapper {margin-right : 3.84%;margin-left : 3.84%;}}@media only screen and (max-width:640px) {.fusion-body .fusion-builder-column-1{width:100% !important;order : 0;}.fusion-builder-column-1 > .fusion-column-wrapper {margin-right : 1.92%;margin-left : 1.92%;}}<\/style><\/div><div class=\"fusion-layout-column fusion_builder_column fusion-builder-column-2 fusion_builder_column_1_2 1_2 fusion-flex-column\"><div class=\"fusion-column-wrapper fusion-flex-justify-content-flex-start fusion-content-layout-column\" style=\"background-position:left top;background-repeat:no-repeat;-webkit-background-size:cover;-moz-background-size:cover;-o-background-size:cover;background-size:cover;padding: 0px 0px 0px 0px;\"><\/div><style type=\"text\/css\">.fusion-body .fusion-builder-column-2{width:50% !important;margin-top : 0px;margin-bottom : 20px;}.fusion-builder-column-2 > .fusion-column-wrapper {padding-top : 0px !important;padding-right : 0px !important;margin-right : 3.84%;padding-bottom : 0px !important;padding-left : 0px !important;margin-left : 3.84%;}@media only screen and (max-width:1024px) {.fusion-body .fusion-builder-column-2{width:50% !important;order : 0;}.fusion-builder-column-2 > .fusion-column-wrapper {margin-right : 3.84%;margin-left : 3.84%;}}@media only screen and (max-width:640px) {.fusion-body .fusion-builder-column-2{width:100% !important;order : 0;}.fusion-builder-column-2 > .fusion-column-wrapper {margin-right : 1.92%;margin-left : 1.92%;}}<\/style><\/div><\/div><style type=\"text\/css\">.fusion-body .fusion-flex-container.fusion-builder-row-2{ padding-top : 0px;margin-top : 0px;padding-right : 0px;padding-bottom : 0px;margin-bottom : 0px;padding-left : 0px;}<\/style><\/div><\/p>\n","protected":false},"excerpt":{"rendered":"","protected":false},"author":47,"featured_media":39841,"comment_status":"closed","ping_status":"open","sticky":false,"template":"","format":"standard","meta":{"_acf_changed":false,"footnotes":""},"categories":[299],"tags":[],"class_list":["post-39847","post","type-post","status-publish","format-standard","has-post-thumbnail","hentry","category-divulgacio-es"],"acf":[],"yoast_head":"<!-- This site is optimized with the Yoast SEO plugin v27.2 - https:\/\/yoast.com\/product\/yoast-seo-wordpress\/ -->\n<title>12 VITRALES De Ei POiNT CORONAN EL MAUSOLEO METROPOLITANO DE BARCELONA - Agrupaci\u00f3 Fotogr\u00e0fica de Catalunya<\/title>\n<meta name=\"robots\" content=\"index, follow, max-snippet:-1, max-image-preview:large, max-video-preview:-1\" \/>\n<link rel=\"canonical\" href=\"https:\/\/afc.cat\/es\/39847\/\" \/>\n<meta property=\"og:locale\" content=\"es_ES\" \/>\n<meta property=\"og:type\" content=\"article\" \/>\n<meta property=\"og:title\" content=\"12 VITRALES De Ei POiNT CORONAN EL MAUSOLEO METROPOLITANO DE BARCELONA - Agrupaci\u00f3 Fotogr\u00e0fica de Catalunya\" \/>\n<meta property=\"og:url\" content=\"https:\/\/afc.cat\/es\/39847\/\" \/>\n<meta property=\"og:site_name\" content=\"Agrupaci\u00f3 Fotogr\u00e0fica de Catalunya\" \/>\n<meta property=\"article:published_time\" content=\"2024-11-06T15:36:41+00:00\" \/>\n<meta property=\"article:modified_time\" content=\"2024-11-06T15:51:38+00:00\" \/>\n<meta property=\"og:image\" content=\"https:\/\/afc.cat\/wp-content\/uploads\/2024\/11\/2000_bcn_MMB_00-e1730907140133.jpg\" \/>\n\t<meta property=\"og:image:width\" content=\"1024\" \/>\n\t<meta property=\"og:image:height\" content=\"682\" \/>\n\t<meta property=\"og:image:type\" content=\"image\/jpeg\" \/>\n<meta name=\"author\" content=\"M\u00f2nica Rodr\u00edguez\" \/>\n<meta name=\"twitter:card\" content=\"summary_large_image\" \/>\n<meta name=\"twitter:label1\" content=\"Escrito por\" \/>\n\t<meta name=\"twitter:data1\" content=\"M\u00f2nica Rodr\u00edguez\" \/>\n\t<meta name=\"twitter:label2\" content=\"Tiempo de lectura\" \/>\n\t<meta name=\"twitter:data2\" content=\"8 minutos\" \/>\n<script type=\"application\/ld+json\" class=\"yoast-schema-graph\">{\"@context\":\"https:\/\/schema.org\",\"@graph\":[{\"@type\":\"Article\",\"@id\":\"https:\/\/afc.cat\/es\/39847\/#article\",\"isPartOf\":{\"@id\":\"https:\/\/afc.cat\/es\/39847\/\"},\"author\":{\"name\":\"M\u00f2nica Rodr\u00edguez\",\"@id\":\"https:\/\/afc.cat\/es\/#\/schema\/person\/b914cefdd3d691831c5675292da9496a\"},\"headline\":\"12 VITRALES De Ei POiNT CORONAN EL MAUSOLEO METROPOLITANO DE BARCELONA\",\"datePublished\":\"2024-11-06T15:36:41+00:00\",\"dateModified\":\"2024-11-06T15:51:38+00:00\",\"mainEntityOfPage\":{\"@id\":\"https:\/\/afc.cat\/es\/39847\/\"},\"wordCount\":1554,\"image\":{\"@id\":\"https:\/\/afc.cat\/es\/39847\/#primaryimage\"},\"thumbnailUrl\":\"https:\/\/afc.cat\/wp-content\/uploads\/2024\/11\/2000_bcn_MMB_00-e1730907140133.jpg\",\"articleSection\":[\"Divulgaci\u00f3\"],\"inLanguage\":\"es\"},{\"@type\":\"WebPage\",\"@id\":\"https:\/\/afc.cat\/es\/39847\/\",\"url\":\"https:\/\/afc.cat\/es\/39847\/\",\"name\":\"12 VITRALES De Ei POiNT CORONAN EL MAUSOLEO METROPOLITANO DE BARCELONA - Agrupaci\u00f3 Fotogr\u00e0fica de Catalunya\",\"isPartOf\":{\"@id\":\"https:\/\/afc.cat\/es\/#website\"},\"primaryImageOfPage\":{\"@id\":\"https:\/\/afc.cat\/es\/39847\/#primaryimage\"},\"image\":{\"@id\":\"https:\/\/afc.cat\/es\/39847\/#primaryimage\"},\"thumbnailUrl\":\"https:\/\/afc.cat\/wp-content\/uploads\/2024\/11\/2000_bcn_MMB_00-e1730907140133.jpg\",\"datePublished\":\"2024-11-06T15:36:41+00:00\",\"dateModified\":\"2024-11-06T15:51:38+00:00\",\"author\":{\"@id\":\"https:\/\/afc.cat\/es\/#\/schema\/person\/b914cefdd3d691831c5675292da9496a\"},\"breadcrumb\":{\"@id\":\"https:\/\/afc.cat\/es\/39847\/#breadcrumb\"},\"inLanguage\":\"es\",\"potentialAction\":[{\"@type\":\"ReadAction\",\"target\":[\"https:\/\/afc.cat\/es\/39847\/\"]}]},{\"@type\":\"ImageObject\",\"inLanguage\":\"es\",\"@id\":\"https:\/\/afc.cat\/es\/39847\/#primaryimage\",\"url\":\"https:\/\/afc.cat\/wp-content\/uploads\/2024\/11\/2000_bcn_MMB_00-e1730907140133.jpg\",\"contentUrl\":\"https:\/\/afc.cat\/wp-content\/uploads\/2024\/11\/2000_bcn_MMB_00-e1730907140133.jpg\",\"width\":1024,\"height\":682,\"caption\":\"Kolor stitching | 38 pictures | Size: 14562 x 10018 | Lens: Standard | RMS: 3.41 | FOV: 177.64 x 102.19 ~ -10.64 | Projection: Panini | Color: LDR |\"},{\"@type\":\"BreadcrumbList\",\"@id\":\"https:\/\/afc.cat\/es\/39847\/#breadcrumb\",\"itemListElement\":[{\"@type\":\"ListItem\",\"position\":1,\"name\":\"Inicio\",\"item\":\"https:\/\/afc.cat\/es\/\"},{\"@type\":\"ListItem\",\"position\":2,\"name\":\"12 VITRALES De Ei POiNT CORONAN EL MAUSOLEO METROPOLITANO DE BARCELONA\"}]},{\"@type\":\"WebSite\",\"@id\":\"https:\/\/afc.cat\/es\/#website\",\"url\":\"https:\/\/afc.cat\/es\/\",\"name\":\"Agrupaci\u00f3 Fotogr\u00e0fica de Catalunya\",\"description\":\"Fomento y divulgaci\u00f3n de la fotograf\u00eda en todas sus variedades\",\"potentialAction\":[{\"@type\":\"SearchAction\",\"target\":{\"@type\":\"EntryPoint\",\"urlTemplate\":\"https:\/\/afc.cat\/es\/?s={search_term_string}\"},\"query-input\":{\"@type\":\"PropertyValueSpecification\",\"valueRequired\":true,\"valueName\":\"search_term_string\"}}],\"inLanguage\":\"es\"},{\"@type\":\"Person\",\"@id\":\"https:\/\/afc.cat\/es\/#\/schema\/person\/b914cefdd3d691831c5675292da9496a\",\"name\":\"M\u00f2nica Rodr\u00edguez\",\"image\":{\"@type\":\"ImageObject\",\"inLanguage\":\"es\",\"@id\":\"https:\/\/secure.gravatar.com\/avatar\/dfc2b3f253d78a099cd1a6fca15dfcfafa251514d62e7dfd96d3a013321b382c?s=96&d=mm&r=g\",\"url\":\"https:\/\/secure.gravatar.com\/avatar\/dfc2b3f253d78a099cd1a6fca15dfcfafa251514d62e7dfd96d3a013321b382c?s=96&d=mm&r=g\",\"contentUrl\":\"https:\/\/secure.gravatar.com\/avatar\/dfc2b3f253d78a099cd1a6fca15dfcfafa251514d62e7dfd96d3a013321b382c?s=96&d=mm&r=g\",\"caption\":\"M\u00f2nica Rodr\u00edguez\"},\"url\":\"https:\/\/afc.cat\/es\/author\/secretariaconsellafc\/\"}]}<\/script>\n<!-- \/ Yoast SEO plugin. -->","yoast_head_json":{"title":"12 VITRALES De Ei POiNT CORONAN EL MAUSOLEO METROPOLITANO DE BARCELONA - Agrupaci\u00f3 Fotogr\u00e0fica de Catalunya","robots":{"index":"index","follow":"follow","max-snippet":"max-snippet:-1","max-image-preview":"max-image-preview:large","max-video-preview":"max-video-preview:-1"},"canonical":"https:\/\/afc.cat\/es\/39847\/","og_locale":"es_ES","og_type":"article","og_title":"12 VITRALES De Ei POiNT CORONAN EL MAUSOLEO METROPOLITANO DE BARCELONA - Agrupaci\u00f3 Fotogr\u00e0fica de Catalunya","og_url":"https:\/\/afc.cat\/es\/39847\/","og_site_name":"Agrupaci\u00f3 Fotogr\u00e0fica de Catalunya","article_published_time":"2024-11-06T15:36:41+00:00","article_modified_time":"2024-11-06T15:51:38+00:00","og_image":[{"width":1024,"height":682,"url":"https:\/\/afc.cat\/wp-content\/uploads\/2024\/11\/2000_bcn_MMB_00-e1730907140133.jpg","type":"image\/jpeg"}],"author":"M\u00f2nica Rodr\u00edguez","twitter_card":"summary_large_image","twitter_misc":{"Escrito por":"M\u00f2nica Rodr\u00edguez","Tiempo de lectura":"8 minutos"},"schema":{"@context":"https:\/\/schema.org","@graph":[{"@type":"Article","@id":"https:\/\/afc.cat\/es\/39847\/#article","isPartOf":{"@id":"https:\/\/afc.cat\/es\/39847\/"},"author":{"name":"M\u00f2nica Rodr\u00edguez","@id":"https:\/\/afc.cat\/es\/#\/schema\/person\/b914cefdd3d691831c5675292da9496a"},"headline":"12 VITRALES De Ei POiNT CORONAN EL MAUSOLEO METROPOLITANO DE BARCELONA","datePublished":"2024-11-06T15:36:41+00:00","dateModified":"2024-11-06T15:51:38+00:00","mainEntityOfPage":{"@id":"https:\/\/afc.cat\/es\/39847\/"},"wordCount":1554,"image":{"@id":"https:\/\/afc.cat\/es\/39847\/#primaryimage"},"thumbnailUrl":"https:\/\/afc.cat\/wp-content\/uploads\/2024\/11\/2000_bcn_MMB_00-e1730907140133.jpg","articleSection":["Divulgaci\u00f3"],"inLanguage":"es"},{"@type":"WebPage","@id":"https:\/\/afc.cat\/es\/39847\/","url":"https:\/\/afc.cat\/es\/39847\/","name":"12 VITRALES De Ei POiNT CORONAN EL MAUSOLEO METROPOLITANO DE BARCELONA - Agrupaci\u00f3 Fotogr\u00e0fica de Catalunya","isPartOf":{"@id":"https:\/\/afc.cat\/es\/#website"},"primaryImageOfPage":{"@id":"https:\/\/afc.cat\/es\/39847\/#primaryimage"},"image":{"@id":"https:\/\/afc.cat\/es\/39847\/#primaryimage"},"thumbnailUrl":"https:\/\/afc.cat\/wp-content\/uploads\/2024\/11\/2000_bcn_MMB_00-e1730907140133.jpg","datePublished":"2024-11-06T15:36:41+00:00","dateModified":"2024-11-06T15:51:38+00:00","author":{"@id":"https:\/\/afc.cat\/es\/#\/schema\/person\/b914cefdd3d691831c5675292da9496a"},"breadcrumb":{"@id":"https:\/\/afc.cat\/es\/39847\/#breadcrumb"},"inLanguage":"es","potentialAction":[{"@type":"ReadAction","target":["https:\/\/afc.cat\/es\/39847\/"]}]},{"@type":"ImageObject","inLanguage":"es","@id":"https:\/\/afc.cat\/es\/39847\/#primaryimage","url":"https:\/\/afc.cat\/wp-content\/uploads\/2024\/11\/2000_bcn_MMB_00-e1730907140133.jpg","contentUrl":"https:\/\/afc.cat\/wp-content\/uploads\/2024\/11\/2000_bcn_MMB_00-e1730907140133.jpg","width":1024,"height":682,"caption":"Kolor stitching | 38 pictures | Size: 14562 x 10018 | Lens: Standard | RMS: 3.41 | FOV: 177.64 x 102.19 ~ -10.64 | Projection: Panini | Color: LDR |"},{"@type":"BreadcrumbList","@id":"https:\/\/afc.cat\/es\/39847\/#breadcrumb","itemListElement":[{"@type":"ListItem","position":1,"name":"Inicio","item":"https:\/\/afc.cat\/es\/"},{"@type":"ListItem","position":2,"name":"12 VITRALES De Ei POiNT CORONAN EL MAUSOLEO METROPOLITANO DE BARCELONA"}]},{"@type":"WebSite","@id":"https:\/\/afc.cat\/es\/#website","url":"https:\/\/afc.cat\/es\/","name":"Agrupaci\u00f3 Fotogr\u00e0fica de Catalunya","description":"Fomento y divulgaci\u00f3n de la fotograf\u00eda en todas sus variedades","potentialAction":[{"@type":"SearchAction","target":{"@type":"EntryPoint","urlTemplate":"https:\/\/afc.cat\/es\/?s={search_term_string}"},"query-input":{"@type":"PropertyValueSpecification","valueRequired":true,"valueName":"search_term_string"}}],"inLanguage":"es"},{"@type":"Person","@id":"https:\/\/afc.cat\/es\/#\/schema\/person\/b914cefdd3d691831c5675292da9496a","name":"M\u00f2nica Rodr\u00edguez","image":{"@type":"ImageObject","inLanguage":"es","@id":"https:\/\/secure.gravatar.com\/avatar\/dfc2b3f253d78a099cd1a6fca15dfcfafa251514d62e7dfd96d3a013321b382c?s=96&d=mm&r=g","url":"https:\/\/secure.gravatar.com\/avatar\/dfc2b3f253d78a099cd1a6fca15dfcfafa251514d62e7dfd96d3a013321b382c?s=96&d=mm&r=g","contentUrl":"https:\/\/secure.gravatar.com\/avatar\/dfc2b3f253d78a099cd1a6fca15dfcfafa251514d62e7dfd96d3a013321b382c?s=96&d=mm&r=g","caption":"M\u00f2nica Rodr\u00edguez"},"url":"https:\/\/afc.cat\/es\/author\/secretariaconsellafc\/"}]}},"_links":{"self":[{"href":"https:\/\/afc.cat\/es\/wp-json\/wp\/v2\/posts\/39847","targetHints":{"allow":["GET"]}}],"collection":[{"href":"https:\/\/afc.cat\/es\/wp-json\/wp\/v2\/posts"}],"about":[{"href":"https:\/\/afc.cat\/es\/wp-json\/wp\/v2\/types\/post"}],"author":[{"embeddable":true,"href":"https:\/\/afc.cat\/es\/wp-json\/wp\/v2\/users\/47"}],"replies":[{"embeddable":true,"href":"https:\/\/afc.cat\/es\/wp-json\/wp\/v2\/comments?post=39847"}],"version-history":[{"count":5,"href":"https:\/\/afc.cat\/es\/wp-json\/wp\/v2\/posts\/39847\/revisions"}],"predecessor-version":[{"id":39853,"href":"https:\/\/afc.cat\/es\/wp-json\/wp\/v2\/posts\/39847\/revisions\/39853"}],"wp:featuredmedia":[{"embeddable":true,"href":"https:\/\/afc.cat\/es\/wp-json\/wp\/v2\/media\/39841"}],"wp:attachment":[{"href":"https:\/\/afc.cat\/es\/wp-json\/wp\/v2\/media?parent=39847"}],"wp:term":[{"taxonomy":"category","embeddable":true,"href":"https:\/\/afc.cat\/es\/wp-json\/wp\/v2\/categories?post=39847"},{"taxonomy":"post_tag","embeddable":true,"href":"https:\/\/afc.cat\/es\/wp-json\/wp\/v2\/tags?post=39847"}],"curies":[{"name":"wp","href":"https:\/\/api.w.org\/{rel}","templated":true}]}}