{"id":40115,"date":"2024-11-18T19:09:18","date_gmt":"2024-11-18T17:09:18","guid":{"rendered":"https:\/\/afc.cat\/?p=40115"},"modified":"2024-11-18T21:23:19","modified_gmt":"2024-11-18T19:23:19","slug":"nuestra-exposicion-dialegs-entre-fotografies-presente-en-el-mois-de-la-photographie-en-ceret","status":"publish","type":"post","link":"https:\/\/afc.cat\/es\/nuestra-exposicion-dialegs-entre-fotografies-presente-en-el-mois-de-la-photographie-en-ceret\/","title":{"rendered":"Nuestra exposici\u00f3n \u00abDi\u00e0legs entre fotografies\u00bb presente en el Mois de la Photographie en C\u00e9ret"},"content":{"rendered":"<div class=\"fusion-fullwidth fullwidth-box fusion-builder-row-1 fusion-flex-container nonhundred-percent-fullwidth non-hundred-percent-height-scrolling\" style=\"background-color: rgba(255,255,255,0);background-position: center center;background-repeat: no-repeat;border-width: 0px 0px 0px 0px;border-color:#ffffff;border-style:solid;\" ><div class=\"fusion-builder-row fusion-row fusion-flex-align-items-flex-start\" style=\"max-width:1300px;margin-left: calc(-4% \/ 2 );margin-right: calc(-4% \/ 2 );\"><div class=\"fusion-layout-column fusion_builder_column fusion-builder-column-0 fusion_builder_column_2_3 2_3 fusion-flex-column\"><div class=\"fusion-column-wrapper fusion-flex-justify-content-flex-start fusion-content-layout-column\" style=\"background-position:left top;background-repeat:no-repeat;-webkit-background-size:cover;-moz-background-size:cover;-o-background-size:cover;background-size:cover;padding: 0px 0px 0px 0px;\"><div class=\"fusion-text fusion-text-1\"><p>Dentro del marco del Mois de la Photographie que tiene su cita del 26 de octubre al 30 de noviembre en C\u00e9ret (Francia), las compa\u00f1eras de la vocal\u00eda de Patrimoni de la AFC\u00a0 <strong>Montserrat Piqu\u00e9, Rosa Crist\u00f2fol y Carme Mur<\/strong>, se desplazaron el pasado d\u00eda 14 a C\u00e9ret, para montar la exposici\u00f3n <strong>\u201cDi\u00e1logos entre fotograf\u00edas\u201d.<\/strong><\/p>\n<p>Esta exposici\u00f3n organizada por <strong>Sara Assens<\/strong> en colaboraci\u00f3n con el grupo de fotograf\u00eda <strong>C\u00e9ret Photo<\/strong> del cual ella es tambi\u00e9n asociada, se inaugur\u00f3 el d\u00eda 15 en la sede La Capillita, 14 rue Pierre Rameil con un gran \u00e9xito de asistencia. Compartimos la sala con una exposici\u00f3n del grupo C\u00e9ret Photo titulada \u201cAtmosph\u00e9re\u201d.<\/p>\n<p>A la presentaci\u00f3n de la muestra asistieron el representante del Ayuntamiento de C\u00e9ret <strong>Joseph Angulo,<\/strong> la presidenta de la asociaci\u00f3n C\u00e9ret Photo <strong>Monique<\/strong> <strong>Souverville<\/strong> y el representante del departamento 66, Robert Garrab\u00e9.<\/p>\n<p>Nuestra exposici\u00f3n tuvo muy buena acogida y <strong>destac\u00f3 por su originalidad tem\u00e1tica y el gran valor art\u00edstico de las fotograf\u00edas<\/strong>. El \u00e9xito de esta experiencia, de compartir con otras asociaciones fotogr\u00e1ficas una exposici\u00f3n, creemos que podr\u00eda ser un punto de partida para organizar a nuestra sede en un futuro una exposici\u00f3n con colaboraci\u00f3n con C\u00e9ret Photo.<\/p>\n<\/div><\/div><style type=\"text\/css\">.fusion-body .fusion-builder-column-0{width:66.666666666667% !important;margin-top : 0px;margin-bottom : 0px;}.fusion-builder-column-0 > .fusion-column-wrapper {padding-top : 0px !important;padding-right : 0px !important;margin-right : 3.84%;padding-bottom : 0px !important;padding-left : 0px !important;margin-left : 2.88%;}@media only screen and (max-width:1024px) {.fusion-body .fusion-builder-column-0{width:66.666666666667% !important;}.fusion-builder-column-0 > .fusion-column-wrapper {margin-right : 3.84%;margin-left : 2.88%;}}@media only screen and (max-width:640px) {.fusion-body .fusion-builder-column-0{width:100% !important;}.fusion-builder-column-0 > .fusion-column-wrapper {margin-right : 1.92%;margin-left : 1.92%;}}<\/style><\/div><div class=\"fusion-layout-column fusion_builder_column fusion-builder-column-1 fusion_builder_column_1_3 1_3 fusion-flex-column\"><div class=\"fusion-column-wrapper fusion-flex-justify-content-flex-start fusion-content-layout-column\" style=\"background-position:left top;background-repeat:no-repeat;-webkit-background-size:cover;-moz-background-size:cover;-o-background-size:cover;background-size:cover;padding: 0px 0px 0px 0px;\"><div style=\"text-align:center;\"><span class=\" fusion-imageframe imageframe-none imageframe-1 hover-type-none\"><img decoding=\"async\" width=\"300\" height=\"225\" title=\"image002\" src=\"https:\/\/afc.cat\/wp-content\/uploads\/2024\/11\/image002-300x225.jpg\" alt class=\"img-responsive wp-image-40110\"\/><\/span><\/div><div class=\"fusion-text fusion-text-2\" style=\"text-align:center;font-size:13px;color:#adadad;\"><p>Pie de foto<\/p>\n<\/div><\/div><style type=\"text\/css\">.fusion-body .fusion-builder-column-1{width:33.333333333333% !important;margin-top : 0px;margin-bottom : 0px;}.fusion-builder-column-1 > .fusion-column-wrapper {padding-top : 0px !important;padding-right : 0px !important;margin-right : 5.76%;padding-bottom : 0px !important;padding-left : 0px !important;margin-left : 3.84%;}@media only screen and (max-width:1024px) {.fusion-body .fusion-builder-column-1{width:33.333333333333% !important;}.fusion-builder-column-1 > .fusion-column-wrapper {margin-right : 5.76%;margin-left : 3.84%;}}@media only screen and (max-width:640px) {.fusion-body .fusion-builder-column-1{width:100% !important;}.fusion-builder-column-1 > .fusion-column-wrapper {margin-right : 1.92%;margin-left : 1.92%;}}<\/style><\/div><\/div><style type=\"text\/css\">.fusion-body .fusion-flex-container.fusion-builder-row-1{ padding-top : 0px;margin-top : 0px;padding-right : 0px;padding-bottom : 0px;margin-bottom : 0px;padding-left : 0px;}<\/style><\/div>\n","protected":false},"excerpt":{"rendered":"","protected":false},"author":47,"featured_media":40110,"comment_status":"closed","ping_status":"open","sticky":false,"template":"","format":"standard","meta":{"_acf_changed":false,"footnotes":""},"categories":[183],"tags":[],"class_list":["post-40115","post","type-post","status-publish","format-standard","has-post-thumbnail","hentry","category-exposiciones-afc"],"acf":[],"yoast_head":"<!-- This site is optimized with the Yoast SEO plugin v27.2 - https:\/\/yoast.com\/product\/yoast-seo-wordpress\/ -->\n<title>Nuestra exposici\u00f3n &quot;Di\u00e0legs entre fotografies&quot; presente en el Mois de la Photographie en C\u00e9ret - Agrupaci\u00f3 Fotogr\u00e0fica de Catalunya<\/title>\n<meta name=\"robots\" content=\"index, follow, max-snippet:-1, max-image-preview:large, max-video-preview:-1\" \/>\n<link rel=\"canonical\" href=\"https:\/\/afc.cat\/es\/nuestra-exposicion-dialegs-entre-fotografies-presente-en-el-mois-de-la-photographie-en-ceret\/\" \/>\n<meta property=\"og:locale\" content=\"es_ES\" \/>\n<meta property=\"og:type\" content=\"article\" \/>\n<meta property=\"og:title\" content=\"Nuestra exposici\u00f3n &quot;Di\u00e0legs entre fotografies&quot; presente en el Mois de la Photographie en C\u00e9ret - Agrupaci\u00f3 Fotogr\u00e0fica de Catalunya\" \/>\n<meta property=\"og:url\" content=\"https:\/\/afc.cat\/es\/nuestra-exposicion-dialegs-entre-fotografies-presente-en-el-mois-de-la-photographie-en-ceret\/\" \/>\n<meta property=\"og:site_name\" content=\"Agrupaci\u00f3 Fotogr\u00e0fica de Catalunya\" \/>\n<meta property=\"article:published_time\" content=\"2024-11-18T17:09:18+00:00\" \/>\n<meta property=\"article:modified_time\" content=\"2024-11-18T19:23:19+00:00\" \/>\n<meta property=\"og:image\" content=\"https:\/\/afc.cat\/wp-content\/uploads\/2024\/11\/image002-e1731949679489.jpg\" \/>\n\t<meta property=\"og:image:width\" content=\"1024\" \/>\n\t<meta property=\"og:image:height\" content=\"768\" \/>\n\t<meta property=\"og:image:type\" content=\"image\/jpeg\" \/>\n<meta name=\"author\" content=\"M\u00f2nica Rodr\u00edguez\" \/>\n<meta name=\"twitter:card\" content=\"summary_large_image\" \/>\n<meta name=\"twitter:label1\" content=\"Escrito por\" \/>\n\t<meta name=\"twitter:data1\" content=\"M\u00f2nica Rodr\u00edguez\" \/>\n\t<meta name=\"twitter:label2\" content=\"Tiempo de lectura\" \/>\n\t<meta name=\"twitter:data2\" content=\"4 minutos\" \/>\n<script type=\"application\/ld+json\" class=\"yoast-schema-graph\">{\"@context\":\"https:\/\/schema.org\",\"@graph\":[{\"@type\":\"Article\",\"@id\":\"https:\/\/afc.cat\/es\/nuestra-exposicion-dialegs-entre-fotografies-presente-en-el-mois-de-la-photographie-en-ceret\/#article\",\"isPartOf\":{\"@id\":\"https:\/\/afc.cat\/es\/nuestra-exposicion-dialegs-entre-fotografies-presente-en-el-mois-de-la-photographie-en-ceret\/\"},\"author\":{\"name\":\"M\u00f2nica Rodr\u00edguez\",\"@id\":\"https:\/\/afc.cat\/es\/#\/schema\/person\/b914cefdd3d691831c5675292da9496a\"},\"headline\":\"Nuestra exposici\u00f3n \u00abDi\u00e0legs entre fotografies\u00bb presente en el Mois de la Photographie en C\u00e9ret\",\"datePublished\":\"2024-11-18T17:09:18+00:00\",\"dateModified\":\"2024-11-18T19:23:19+00:00\",\"mainEntityOfPage\":{\"@id\":\"https:\/\/afc.cat\/es\/nuestra-exposicion-dialegs-entre-fotografies-presente-en-el-mois-de-la-photographie-en-ceret\/\"},\"wordCount\":907,\"image\":{\"@id\":\"https:\/\/afc.cat\/es\/nuestra-exposicion-dialegs-entre-fotografies-presente-en-el-mois-de-la-photographie-en-ceret\/#primaryimage\"},\"thumbnailUrl\":\"https:\/\/afc.cat\/wp-content\/uploads\/2024\/11\/image002-e1731949679489.jpg\",\"articleSection\":[\"Exposiciones AFC\"],\"inLanguage\":\"es\"},{\"@type\":\"WebPage\",\"@id\":\"https:\/\/afc.cat\/es\/nuestra-exposicion-dialegs-entre-fotografies-presente-en-el-mois-de-la-photographie-en-ceret\/\",\"url\":\"https:\/\/afc.cat\/es\/nuestra-exposicion-dialegs-entre-fotografies-presente-en-el-mois-de-la-photographie-en-ceret\/\",\"name\":\"Nuestra exposici\u00f3n \\\"Di\u00e0legs entre fotografies\\\" presente en el Mois de la Photographie en C\u00e9ret - Agrupaci\u00f3 Fotogr\u00e0fica de Catalunya\",\"isPartOf\":{\"@id\":\"https:\/\/afc.cat\/es\/#website\"},\"primaryImageOfPage\":{\"@id\":\"https:\/\/afc.cat\/es\/nuestra-exposicion-dialegs-entre-fotografies-presente-en-el-mois-de-la-photographie-en-ceret\/#primaryimage\"},\"image\":{\"@id\":\"https:\/\/afc.cat\/es\/nuestra-exposicion-dialegs-entre-fotografies-presente-en-el-mois-de-la-photographie-en-ceret\/#primaryimage\"},\"thumbnailUrl\":\"https:\/\/afc.cat\/wp-content\/uploads\/2024\/11\/image002-e1731949679489.jpg\",\"datePublished\":\"2024-11-18T17:09:18+00:00\",\"dateModified\":\"2024-11-18T19:23:19+00:00\",\"author\":{\"@id\":\"https:\/\/afc.cat\/es\/#\/schema\/person\/b914cefdd3d691831c5675292da9496a\"},\"breadcrumb\":{\"@id\":\"https:\/\/afc.cat\/es\/nuestra-exposicion-dialegs-entre-fotografies-presente-en-el-mois-de-la-photographie-en-ceret\/#breadcrumb\"},\"inLanguage\":\"es\",\"potentialAction\":[{\"@type\":\"ReadAction\",\"target\":[\"https:\/\/afc.cat\/es\/nuestra-exposicion-dialegs-entre-fotografies-presente-en-el-mois-de-la-photographie-en-ceret\/\"]}]},{\"@type\":\"ImageObject\",\"inLanguage\":\"es\",\"@id\":\"https:\/\/afc.cat\/es\/nuestra-exposicion-dialegs-entre-fotografies-presente-en-el-mois-de-la-photographie-en-ceret\/#primaryimage\",\"url\":\"https:\/\/afc.cat\/wp-content\/uploads\/2024\/11\/image002-e1731949679489.jpg\",\"contentUrl\":\"https:\/\/afc.cat\/wp-content\/uploads\/2024\/11\/image002-e1731949679489.jpg\",\"width\":1024,\"height\":768},{\"@type\":\"BreadcrumbList\",\"@id\":\"https:\/\/afc.cat\/es\/nuestra-exposicion-dialegs-entre-fotografies-presente-en-el-mois-de-la-photographie-en-ceret\/#breadcrumb\",\"itemListElement\":[{\"@type\":\"ListItem\",\"position\":1,\"name\":\"Inicio\",\"item\":\"https:\/\/afc.cat\/es\/\"},{\"@type\":\"ListItem\",\"position\":2,\"name\":\"Nuestra exposici\u00f3n &#8220;Di\u00e0legs entre fotografies&#8221; presente en el Mois de la Photographie en C\u00e9ret\"}]},{\"@type\":\"WebSite\",\"@id\":\"https:\/\/afc.cat\/es\/#website\",\"url\":\"https:\/\/afc.cat\/es\/\",\"name\":\"Agrupaci\u00f3 Fotogr\u00e0fica de Catalunya\",\"description\":\"Fomento y divulgaci\u00f3n de la fotograf\u00eda en todas sus variedades\",\"potentialAction\":[{\"@type\":\"SearchAction\",\"target\":{\"@type\":\"EntryPoint\",\"urlTemplate\":\"https:\/\/afc.cat\/es\/?s={search_term_string}\"},\"query-input\":{\"@type\":\"PropertyValueSpecification\",\"valueRequired\":true,\"valueName\":\"search_term_string\"}}],\"inLanguage\":\"es\"},{\"@type\":\"Person\",\"@id\":\"https:\/\/afc.cat\/es\/#\/schema\/person\/b914cefdd3d691831c5675292da9496a\",\"name\":\"M\u00f2nica Rodr\u00edguez\",\"image\":{\"@type\":\"ImageObject\",\"inLanguage\":\"es\",\"@id\":\"https:\/\/secure.gravatar.com\/avatar\/dfc2b3f253d78a099cd1a6fca15dfcfafa251514d62e7dfd96d3a013321b382c?s=96&d=mm&r=g\",\"url\":\"https:\/\/secure.gravatar.com\/avatar\/dfc2b3f253d78a099cd1a6fca15dfcfafa251514d62e7dfd96d3a013321b382c?s=96&d=mm&r=g\",\"contentUrl\":\"https:\/\/secure.gravatar.com\/avatar\/dfc2b3f253d78a099cd1a6fca15dfcfafa251514d62e7dfd96d3a013321b382c?s=96&d=mm&r=g\",\"caption\":\"M\u00f2nica Rodr\u00edguez\"},\"url\":\"https:\/\/afc.cat\/es\/author\/secretariaconsellafc\/\"}]}<\/script>\n<!-- \/ Yoast SEO plugin. -->","yoast_head_json":{"title":"Nuestra exposici\u00f3n \"Di\u00e0legs entre fotografies\" presente en el Mois de la Photographie en C\u00e9ret - Agrupaci\u00f3 Fotogr\u00e0fica de Catalunya","robots":{"index":"index","follow":"follow","max-snippet":"max-snippet:-1","max-image-preview":"max-image-preview:large","max-video-preview":"max-video-preview:-1"},"canonical":"https:\/\/afc.cat\/es\/nuestra-exposicion-dialegs-entre-fotografies-presente-en-el-mois-de-la-photographie-en-ceret\/","og_locale":"es_ES","og_type":"article","og_title":"Nuestra exposici\u00f3n \"Di\u00e0legs entre fotografies\" presente en el Mois de la Photographie en C\u00e9ret - Agrupaci\u00f3 Fotogr\u00e0fica de Catalunya","og_url":"https:\/\/afc.cat\/es\/nuestra-exposicion-dialegs-entre-fotografies-presente-en-el-mois-de-la-photographie-en-ceret\/","og_site_name":"Agrupaci\u00f3 Fotogr\u00e0fica de Catalunya","article_published_time":"2024-11-18T17:09:18+00:00","article_modified_time":"2024-11-18T19:23:19+00:00","og_image":[{"width":1024,"height":768,"url":"https:\/\/afc.cat\/wp-content\/uploads\/2024\/11\/image002-e1731949679489.jpg","type":"image\/jpeg"}],"author":"M\u00f2nica Rodr\u00edguez","twitter_card":"summary_large_image","twitter_misc":{"Escrito por":"M\u00f2nica Rodr\u00edguez","Tiempo de lectura":"4 minutos"},"schema":{"@context":"https:\/\/schema.org","@graph":[{"@type":"Article","@id":"https:\/\/afc.cat\/es\/nuestra-exposicion-dialegs-entre-fotografies-presente-en-el-mois-de-la-photographie-en-ceret\/#article","isPartOf":{"@id":"https:\/\/afc.cat\/es\/nuestra-exposicion-dialegs-entre-fotografies-presente-en-el-mois-de-la-photographie-en-ceret\/"},"author":{"name":"M\u00f2nica Rodr\u00edguez","@id":"https:\/\/afc.cat\/es\/#\/schema\/person\/b914cefdd3d691831c5675292da9496a"},"headline":"Nuestra exposici\u00f3n \u00abDi\u00e0legs entre fotografies\u00bb presente en el Mois de la Photographie en C\u00e9ret","datePublished":"2024-11-18T17:09:18+00:00","dateModified":"2024-11-18T19:23:19+00:00","mainEntityOfPage":{"@id":"https:\/\/afc.cat\/es\/nuestra-exposicion-dialegs-entre-fotografies-presente-en-el-mois-de-la-photographie-en-ceret\/"},"wordCount":907,"image":{"@id":"https:\/\/afc.cat\/es\/nuestra-exposicion-dialegs-entre-fotografies-presente-en-el-mois-de-la-photographie-en-ceret\/#primaryimage"},"thumbnailUrl":"https:\/\/afc.cat\/wp-content\/uploads\/2024\/11\/image002-e1731949679489.jpg","articleSection":["Exposiciones AFC"],"inLanguage":"es"},{"@type":"WebPage","@id":"https:\/\/afc.cat\/es\/nuestra-exposicion-dialegs-entre-fotografies-presente-en-el-mois-de-la-photographie-en-ceret\/","url":"https:\/\/afc.cat\/es\/nuestra-exposicion-dialegs-entre-fotografies-presente-en-el-mois-de-la-photographie-en-ceret\/","name":"Nuestra exposici\u00f3n \"Di\u00e0legs entre fotografies\" presente en el Mois de la Photographie en C\u00e9ret - Agrupaci\u00f3 Fotogr\u00e0fica de Catalunya","isPartOf":{"@id":"https:\/\/afc.cat\/es\/#website"},"primaryImageOfPage":{"@id":"https:\/\/afc.cat\/es\/nuestra-exposicion-dialegs-entre-fotografies-presente-en-el-mois-de-la-photographie-en-ceret\/#primaryimage"},"image":{"@id":"https:\/\/afc.cat\/es\/nuestra-exposicion-dialegs-entre-fotografies-presente-en-el-mois-de-la-photographie-en-ceret\/#primaryimage"},"thumbnailUrl":"https:\/\/afc.cat\/wp-content\/uploads\/2024\/11\/image002-e1731949679489.jpg","datePublished":"2024-11-18T17:09:18+00:00","dateModified":"2024-11-18T19:23:19+00:00","author":{"@id":"https:\/\/afc.cat\/es\/#\/schema\/person\/b914cefdd3d691831c5675292da9496a"},"breadcrumb":{"@id":"https:\/\/afc.cat\/es\/nuestra-exposicion-dialegs-entre-fotografies-presente-en-el-mois-de-la-photographie-en-ceret\/#breadcrumb"},"inLanguage":"es","potentialAction":[{"@type":"ReadAction","target":["https:\/\/afc.cat\/es\/nuestra-exposicion-dialegs-entre-fotografies-presente-en-el-mois-de-la-photographie-en-ceret\/"]}]},{"@type":"ImageObject","inLanguage":"es","@id":"https:\/\/afc.cat\/es\/nuestra-exposicion-dialegs-entre-fotografies-presente-en-el-mois-de-la-photographie-en-ceret\/#primaryimage","url":"https:\/\/afc.cat\/wp-content\/uploads\/2024\/11\/image002-e1731949679489.jpg","contentUrl":"https:\/\/afc.cat\/wp-content\/uploads\/2024\/11\/image002-e1731949679489.jpg","width":1024,"height":768},{"@type":"BreadcrumbList","@id":"https:\/\/afc.cat\/es\/nuestra-exposicion-dialegs-entre-fotografies-presente-en-el-mois-de-la-photographie-en-ceret\/#breadcrumb","itemListElement":[{"@type":"ListItem","position":1,"name":"Inicio","item":"https:\/\/afc.cat\/es\/"},{"@type":"ListItem","position":2,"name":"Nuestra exposici\u00f3n &#8220;Di\u00e0legs entre fotografies&#8221; presente en el Mois de la Photographie en C\u00e9ret"}]},{"@type":"WebSite","@id":"https:\/\/afc.cat\/es\/#website","url":"https:\/\/afc.cat\/es\/","name":"Agrupaci\u00f3 Fotogr\u00e0fica de Catalunya","description":"Fomento y divulgaci\u00f3n de la fotograf\u00eda en todas sus variedades","potentialAction":[{"@type":"SearchAction","target":{"@type":"EntryPoint","urlTemplate":"https:\/\/afc.cat\/es\/?s={search_term_string}"},"query-input":{"@type":"PropertyValueSpecification","valueRequired":true,"valueName":"search_term_string"}}],"inLanguage":"es"},{"@type":"Person","@id":"https:\/\/afc.cat\/es\/#\/schema\/person\/b914cefdd3d691831c5675292da9496a","name":"M\u00f2nica Rodr\u00edguez","image":{"@type":"ImageObject","inLanguage":"es","@id":"https:\/\/secure.gravatar.com\/avatar\/dfc2b3f253d78a099cd1a6fca15dfcfafa251514d62e7dfd96d3a013321b382c?s=96&d=mm&r=g","url":"https:\/\/secure.gravatar.com\/avatar\/dfc2b3f253d78a099cd1a6fca15dfcfafa251514d62e7dfd96d3a013321b382c?s=96&d=mm&r=g","contentUrl":"https:\/\/secure.gravatar.com\/avatar\/dfc2b3f253d78a099cd1a6fca15dfcfafa251514d62e7dfd96d3a013321b382c?s=96&d=mm&r=g","caption":"M\u00f2nica Rodr\u00edguez"},"url":"https:\/\/afc.cat\/es\/author\/secretariaconsellafc\/"}]}},"_links":{"self":[{"href":"https:\/\/afc.cat\/es\/wp-json\/wp\/v2\/posts\/40115","targetHints":{"allow":["GET"]}}],"collection":[{"href":"https:\/\/afc.cat\/es\/wp-json\/wp\/v2\/posts"}],"about":[{"href":"https:\/\/afc.cat\/es\/wp-json\/wp\/v2\/types\/post"}],"author":[{"embeddable":true,"href":"https:\/\/afc.cat\/es\/wp-json\/wp\/v2\/users\/47"}],"replies":[{"embeddable":true,"href":"https:\/\/afc.cat\/es\/wp-json\/wp\/v2\/comments?post=40115"}],"version-history":[{"count":2,"href":"https:\/\/afc.cat\/es\/wp-json\/wp\/v2\/posts\/40115\/revisions"}],"predecessor-version":[{"id":40117,"href":"https:\/\/afc.cat\/es\/wp-json\/wp\/v2\/posts\/40115\/revisions\/40117"}],"wp:featuredmedia":[{"embeddable":true,"href":"https:\/\/afc.cat\/es\/wp-json\/wp\/v2\/media\/40110"}],"wp:attachment":[{"href":"https:\/\/afc.cat\/es\/wp-json\/wp\/v2\/media?parent=40115"}],"wp:term":[{"taxonomy":"category","embeddable":true,"href":"https:\/\/afc.cat\/es\/wp-json\/wp\/v2\/categories?post=40115"},{"taxonomy":"post_tag","embeddable":true,"href":"https:\/\/afc.cat\/es\/wp-json\/wp\/v2\/tags?post=40115"}],"curies":[{"name":"wp","href":"https:\/\/api.w.org\/{rel}","templated":true}]}}