{"id":41019,"date":"2025-01-15T19:11:19","date_gmt":"2025-01-15T17:11:19","guid":{"rendered":"https:\/\/afc.cat\/?p=41019"},"modified":"2025-01-20T19:45:23","modified_gmt":"2025-01-20T17:45:23","slug":"inaugurada-la-exposicion-colectiva-temporal-grup-fotografia-dstreet%e2%80%b3","status":"publish","type":"post","link":"https:\/\/afc.cat\/es\/inaugurada-la-exposicion-colectiva-temporal-grup-fotografia-dstreet%e2%80%b3\/","title":{"rendered":"Inaugurada la exposici\u00f3n colectiva temporal \u201cGrup Fotografia d\u2019Street\u2033"},"content":{"rendered":"<div class=\"fusion-fullwidth fullwidth-box fusion-builder-row-1 fusion-flex-container nonhundred-percent-fullwidth non-hundred-percent-height-scrolling\" style=\"background-color: rgba(255,255,255,0);background-position: center center;background-repeat: no-repeat;border-width: 0px 0px 0px 0px;border-color:#ffffff;border-style:solid;\" ><div class=\"fusion-builder-row fusion-row fusion-flex-align-items-flex-start\" style=\"max-width:1300px;margin-left: calc(-4% \/ 2 );margin-right: calc(-4% \/ 2 );\"><div class=\"fusion-layout-column fusion_builder_column fusion-builder-column-0 fusion_builder_column_2_3 2_3 fusion-flex-column\"><div class=\"fusion-column-wrapper fusion-flex-justify-content-flex-start fusion-content-layout-column\" style=\"background-position:left top;background-repeat:no-repeat;-webkit-background-size:cover;-moz-background-size:cover;-o-background-size:cover;background-size:cover;padding: 0px 0px 0px 0px;\"><div class=\"fusion-text fusion-text-1\"><p>El pasado martes 14 de enero inauguramos la exposici\u00f3n colectiva temporal <a href=\"https:\/\/afc.cat\/es\/activitat\/exposicion-colectiva-temporal-grup-fotografia-dstreet\/\">\u201cGrupo Fotograf\u00eda de Street\u201d.<\/a><\/p>\n<p>La muestra, compuesta por 45 fotograf\u00edas, recoge las obras de un renovado grupo fotogr\u00e1fico de asociados, que consigue una actividad fotogr\u00e1fica de calidad.<\/p>\n<p>El acto ha tenido un \u00e9xito de asistencia.<\/p>\n<p><strong>Fotos:\u00a9 Josep Vicente<\/strong><\/p>\n<\/div><style type=\"text\/css\">.fusion-gallery-1 .fusion-gallery-image {border:0px solid #e2e2e2;}<\/style><div class=\"fusion-gallery fusion-gallery-container fusion-grid-4 fusion-columns-total-4 fusion-gallery-layout-grid fusion-gallery-1\" style=\"margin:-5px;\"><div style=\"padding:5px;\" class=\"fusion-grid-column fusion-gallery-column fusion-gallery-column-4 hover-type-none\"><div class=\"fusion-gallery-image\"><a href=\"https:\/\/afc.cat\/wp-content\/uploads\/2025\/01\/Inauguracio-expocio-street-aAFC-3.jpeg\" rel=\"noreferrer\" data-rel=\"iLightbox[gallery_image_1]\" class=\"fusion-lightbox\" target=\"_self\"><img decoding=\"async\" src=\"https:\/\/afc.cat\/wp-content\/uploads\/2025\/01\/Inauguracio-expocio-street-aAFC-3.jpeg\" width=\"1600\" height=\"1067\" alt=\"\" title=\"Inauguracio expoci\u00f3 street aAFC (3)\" aria-label=\"Inauguracio expoci\u00f3 street aAFC (3)\" class=\"img-responsive wp-image-41077\" srcset=\"https:\/\/afc.cat\/wp-content\/uploads\/2025\/01\/Inauguracio-expocio-street-aAFC-3-200x133.jpeg 200w, https:\/\/afc.cat\/wp-content\/uploads\/2025\/01\/Inauguracio-expocio-street-aAFC-3-400x267.jpeg 400w, https:\/\/afc.cat\/wp-content\/uploads\/2025\/01\/Inauguracio-expocio-street-aAFC-3-600x400.jpeg 600w, https:\/\/afc.cat\/wp-content\/uploads\/2025\/01\/Inauguracio-expocio-street-aAFC-3-800x534.jpeg 800w, https:\/\/afc.cat\/wp-content\/uploads\/2025\/01\/Inauguracio-expocio-street-aAFC-3-1200x800.jpeg 1200w, https:\/\/afc.cat\/wp-content\/uploads\/2025\/01\/Inauguracio-expocio-street-aAFC-3.jpeg 1600w\" sizes=\"(min-width: 2200px) 100vw, (min-width: 928px) 309px, (min-width: 832px) 412px, (min-width: 736px) 618px, (min-width: 640px) 736px, \" \/><\/a><\/div><\/div><div style=\"padding:5px;\" class=\"fusion-grid-column fusion-gallery-column fusion-gallery-column-4 hover-type-none\"><div class=\"fusion-gallery-image\"><a href=\"https:\/\/afc.cat\/wp-content\/uploads\/2025\/01\/Inauguracio-expocio-street-aAFC-1.jpeg\" rel=\"noreferrer\" data-rel=\"iLightbox[gallery_image_1]\" class=\"fusion-lightbox\" target=\"_self\"><img decoding=\"async\" src=\"https:\/\/afc.cat\/wp-content\/uploads\/2025\/01\/Inauguracio-expocio-street-aAFC-1.jpeg\" width=\"1600\" height=\"1067\" alt=\"\" title=\"Inauguracio expoci\u00f3 street aAFC (1)\" aria-label=\"Inauguracio expoci\u00f3 street aAFC (1)\" class=\"img-responsive wp-image-41073\" srcset=\"https:\/\/afc.cat\/wp-content\/uploads\/2025\/01\/Inauguracio-expocio-street-aAFC-1-200x133.jpeg 200w, https:\/\/afc.cat\/wp-content\/uploads\/2025\/01\/Inauguracio-expocio-street-aAFC-1-400x267.jpeg 400w, https:\/\/afc.cat\/wp-content\/uploads\/2025\/01\/Inauguracio-expocio-street-aAFC-1-600x400.jpeg 600w, https:\/\/afc.cat\/wp-content\/uploads\/2025\/01\/Inauguracio-expocio-street-aAFC-1-800x534.jpeg 800w, https:\/\/afc.cat\/wp-content\/uploads\/2025\/01\/Inauguracio-expocio-street-aAFC-1-1200x800.jpeg 1200w, https:\/\/afc.cat\/wp-content\/uploads\/2025\/01\/Inauguracio-expocio-street-aAFC-1.jpeg 1600w\" sizes=\"(min-width: 2200px) 100vw, (min-width: 928px) 309px, (min-width: 832px) 412px, (min-width: 736px) 618px, (min-width: 640px) 736px, \" \/><\/a><\/div><\/div><div style=\"padding:5px;\" class=\"fusion-grid-column fusion-gallery-column fusion-gallery-column-4 hover-type-none\"><div class=\"fusion-gallery-image\"><a href=\"https:\/\/afc.cat\/wp-content\/uploads\/2025\/01\/Inauguracio-expocio-street-aAFC-2.jpeg\" rel=\"noreferrer\" data-rel=\"iLightbox[gallery_image_1]\" class=\"fusion-lightbox\" target=\"_self\"><img decoding=\"async\" src=\"https:\/\/afc.cat\/wp-content\/uploads\/2025\/01\/Inauguracio-expocio-street-aAFC-2.jpeg\" width=\"1600\" height=\"1068\" alt=\"\" title=\"Inauguracio expoci\u00f3 street aAFC (2)\" aria-label=\"Inauguracio expoci\u00f3 street aAFC (2)\" class=\"img-responsive wp-image-41075\" srcset=\"https:\/\/afc.cat\/wp-content\/uploads\/2025\/01\/Inauguracio-expocio-street-aAFC-2-200x134.jpeg 200w, https:\/\/afc.cat\/wp-content\/uploads\/2025\/01\/Inauguracio-expocio-street-aAFC-2-400x267.jpeg 400w, https:\/\/afc.cat\/wp-content\/uploads\/2025\/01\/Inauguracio-expocio-street-aAFC-2-600x401.jpeg 600w, https:\/\/afc.cat\/wp-content\/uploads\/2025\/01\/Inauguracio-expocio-street-aAFC-2-800x534.jpeg 800w, https:\/\/afc.cat\/wp-content\/uploads\/2025\/01\/Inauguracio-expocio-street-aAFC-2-1200x801.jpeg 1200w, https:\/\/afc.cat\/wp-content\/uploads\/2025\/01\/Inauguracio-expocio-street-aAFC-2.jpeg 1600w\" sizes=\"(min-width: 2200px) 100vw, (min-width: 928px) 309px, (min-width: 832px) 412px, (min-width: 736px) 618px, (min-width: 640px) 736px, \" \/><\/a><\/div><\/div><div style=\"padding:5px;\" class=\"fusion-grid-column fusion-gallery-column fusion-gallery-column-4 hover-type-none\"><div class=\"fusion-gallery-image\"><a href=\"https:\/\/afc.cat\/wp-content\/uploads\/2025\/01\/Inauguracio-expocio-street-aAFC-4.jpeg\" rel=\"noreferrer\" data-rel=\"iLightbox[gallery_image_1]\" class=\"fusion-lightbox\" target=\"_self\"><img decoding=\"async\" src=\"https:\/\/afc.cat\/wp-content\/uploads\/2025\/01\/Inauguracio-expocio-street-aAFC-4.jpeg\" width=\"1600\" height=\"1068\" alt=\"\" title=\"Inauguracio expoci\u00f3 street aAFC (4)\" aria-label=\"Inauguracio expoci\u00f3 street aAFC (4)\" class=\"img-responsive wp-image-41079\" srcset=\"https:\/\/afc.cat\/wp-content\/uploads\/2025\/01\/Inauguracio-expocio-street-aAFC-4-200x134.jpeg 200w, https:\/\/afc.cat\/wp-content\/uploads\/2025\/01\/Inauguracio-expocio-street-aAFC-4-400x267.jpeg 400w, https:\/\/afc.cat\/wp-content\/uploads\/2025\/01\/Inauguracio-expocio-street-aAFC-4-600x401.jpeg 600w, https:\/\/afc.cat\/wp-content\/uploads\/2025\/01\/Inauguracio-expocio-street-aAFC-4-800x534.jpeg 800w, https:\/\/afc.cat\/wp-content\/uploads\/2025\/01\/Inauguracio-expocio-street-aAFC-4-1200x801.jpeg 1200w, https:\/\/afc.cat\/wp-content\/uploads\/2025\/01\/Inauguracio-expocio-street-aAFC-4.jpeg 1600w\" sizes=\"(min-width: 2200px) 100vw, (min-width: 928px) 309px, (min-width: 832px) 412px, (min-width: 736px) 618px, (min-width: 640px) 736px, \" \/><\/a><\/div><\/div><div class=\"clearfix\"><\/div><\/div><\/div><style type=\"text\/css\">.fusion-body .fusion-builder-column-0{width:66.666666666667% !important;margin-top : 0px;margin-bottom : 0px;}.fusion-builder-column-0 > .fusion-column-wrapper {padding-top : 0px !important;padding-right : 0px !important;margin-right : 3.84%;padding-bottom : 0px !important;padding-left : 0px !important;margin-left : 2.88%;}@media only screen and (max-width:1024px) {.fusion-body .fusion-builder-column-0{width:66.666666666667% !important;}.fusion-builder-column-0 > .fusion-column-wrapper {margin-right : 3.84%;margin-left : 2.88%;}}@media only screen and (max-width:640px) {.fusion-body .fusion-builder-column-0{width:100% !important;}.fusion-builder-column-0 > .fusion-column-wrapper {margin-right : 1.92%;margin-left : 1.92%;}}<\/style><\/div><div class=\"fusion-layout-column fusion_builder_column fusion-builder-column-1 fusion_builder_column_1_3 1_3 fusion-flex-column\"><div class=\"fusion-column-wrapper fusion-flex-justify-content-flex-start fusion-content-layout-column\" style=\"background-position:left top;background-repeat:no-repeat;-webkit-background-size:cover;-moz-background-size:cover;-o-background-size:cover;background-size:cover;padding: 0px 0px 0px 0px;\"><div style=\"text-align:center;\"><span class=\" fusion-imageframe imageframe-none imageframe-1 hover-type-none\"><img decoding=\"async\" width=\"300\" height=\"220\" title=\"WhatsApp Image 2025-01-15 at 14.46.38 (1)\" src=\"https:\/\/afc.cat\/wp-content\/uploads\/2025\/01\/WhatsApp-Image-2025-01-15-at-14.46.38-1-300x220.jpeg\" alt class=\"img-responsive wp-image-41014\"\/><\/span><\/div><div class=\"fusion-text fusion-text-2\" style=\"text-align:center;font-size:13px;color:#adadad;\"><p style=\"text-align: center;\"><strong>\u00a9 Francesca Portol\u00e9s<\/strong><\/p>\n<\/div><\/div><style type=\"text\/css\">.fusion-body .fusion-builder-column-1{width:33.333333333333% !important;margin-top : 0px;margin-bottom : 0px;}.fusion-builder-column-1 > .fusion-column-wrapper {padding-top : 0px !important;padding-right : 0px !important;margin-right : 5.76%;padding-bottom : 0px !important;padding-left : 0px !important;margin-left : 3.84%;}@media only screen and (max-width:1024px) {.fusion-body .fusion-builder-column-1{width:33.333333333333% !important;}.fusion-builder-column-1 > .fusion-column-wrapper {margin-right : 5.76%;margin-left : 3.84%;}}@media only screen and (max-width:640px) {.fusion-body .fusion-builder-column-1{width:100% !important;}.fusion-builder-column-1 > .fusion-column-wrapper {margin-right : 1.92%;margin-left : 1.92%;}}<\/style><\/div><\/div><style type=\"text\/css\">.fusion-body .fusion-flex-container.fusion-builder-row-1{ padding-top : 0px;margin-top : 0px;padding-right : 0px;padding-bottom : 0px;margin-bottom : 0px;padding-left : 0px;}<\/style><\/div>\n","protected":false},"excerpt":{"rendered":"","protected":false},"author":47,"featured_media":41016,"comment_status":"closed","ping_status":"closed","sticky":false,"template":"","format":"standard","meta":{"_acf_changed":false,"footnotes":""},"categories":[55,183],"tags":[],"class_list":["post-41019","post","type-post","status-publish","format-standard","has-post-thumbnail","hentry","category-exposiciones","category-exposiciones-afc"],"acf":[],"yoast_head":"<!-- This site is optimized with the Yoast SEO plugin v27.2 - https:\/\/yoast.com\/product\/yoast-seo-wordpress\/ -->\n<title>Inaugurada la exposici\u00f3n colectiva temporal \u201cGrup Fotografia d\u2019Street\u2033 - Agrupaci\u00f3 Fotogr\u00e0fica de Catalunya<\/title>\n<meta name=\"robots\" content=\"index, follow, max-snippet:-1, max-image-preview:large, max-video-preview:-1\" \/>\n<link rel=\"canonical\" href=\"https:\/\/afc.cat\/es\/inaugurada-la-exposicion-colectiva-temporal-grup-fotografia-dstreet\u2033\/\" \/>\n<meta property=\"og:locale\" content=\"es_ES\" \/>\n<meta property=\"og:type\" content=\"article\" \/>\n<meta property=\"og:title\" content=\"Inaugurada la exposici\u00f3n colectiva temporal \u201cGrup Fotografia d\u2019Street\u2033 - Agrupaci\u00f3 Fotogr\u00e0fica de Catalunya\" \/>\n<meta property=\"og:url\" content=\"https:\/\/afc.cat\/es\/inaugurada-la-exposicion-colectiva-temporal-grup-fotografia-dstreet\u2033\/\" \/>\n<meta property=\"og:site_name\" content=\"Agrupaci\u00f3 Fotogr\u00e0fica de Catalunya\" \/>\n<meta property=\"article:published_time\" content=\"2025-01-15T17:11:19+00:00\" \/>\n<meta property=\"article:modified_time\" content=\"2025-01-20T17:45:23+00:00\" \/>\n<meta property=\"og:image\" content=\"https:\/\/afc.cat\/wp-content\/uploads\/2025\/01\/WhatsApp-Image-2025-01-15-at-14.46.38.jpeg\" \/>\n\t<meta property=\"og:image:width\" content=\"2000\" \/>\n\t<meta property=\"og:image:height\" content=\"1500\" \/>\n\t<meta property=\"og:image:type\" content=\"image\/jpeg\" \/>\n<meta name=\"author\" content=\"M\u00f2nica Rodr\u00edguez\" \/>\n<meta name=\"twitter:card\" content=\"summary_large_image\" \/>\n<meta name=\"twitter:label1\" content=\"Escrito por\" \/>\n\t<meta name=\"twitter:data1\" content=\"M\u00f2nica Rodr\u00edguez\" \/>\n\t<meta name=\"twitter:label2\" content=\"Tiempo de lectura\" \/>\n\t<meta name=\"twitter:data2\" content=\"5 minutos\" \/>\n<script type=\"application\/ld+json\" class=\"yoast-schema-graph\">{\"@context\":\"https:\/\/schema.org\",\"@graph\":[{\"@type\":\"Article\",\"@id\":\"https:\/\/afc.cat\/es\/inaugurada-la-exposicion-colectiva-temporal-grup-fotografia-dstreet%e2%80%b3\/#article\",\"isPartOf\":{\"@id\":\"https:\/\/afc.cat\/es\/inaugurada-la-exposicion-colectiva-temporal-grup-fotografia-dstreet%e2%80%b3\/\"},\"author\":{\"name\":\"M\u00f2nica Rodr\u00edguez\",\"@id\":\"https:\/\/afc.cat\/es\/#\/schema\/person\/b914cefdd3d691831c5675292da9496a\"},\"headline\":\"Inaugurada la exposici\u00f3n colectiva temporal \u201cGrup Fotografia d\u2019Street\u2033\",\"datePublished\":\"2025-01-15T17:11:19+00:00\",\"dateModified\":\"2025-01-20T17:45:23+00:00\",\"mainEntityOfPage\":{\"@id\":\"https:\/\/afc.cat\/es\/inaugurada-la-exposicion-colectiva-temporal-grup-fotografia-dstreet%e2%80%b3\/\"},\"wordCount\":949,\"image\":{\"@id\":\"https:\/\/afc.cat\/es\/inaugurada-la-exposicion-colectiva-temporal-grup-fotografia-dstreet%e2%80%b3\/#primaryimage\"},\"thumbnailUrl\":\"https:\/\/afc.cat\/wp-content\/uploads\/2025\/01\/WhatsApp-Image-2025-01-15-at-14.46.38.jpeg\",\"articleSection\":[\"Exposiciones\",\"Exposiciones AFC\"],\"inLanguage\":\"es\"},{\"@type\":\"WebPage\",\"@id\":\"https:\/\/afc.cat\/es\/inaugurada-la-exposicion-colectiva-temporal-grup-fotografia-dstreet%e2%80%b3\/\",\"url\":\"https:\/\/afc.cat\/es\/inaugurada-la-exposicion-colectiva-temporal-grup-fotografia-dstreet%e2%80%b3\/\",\"name\":\"Inaugurada la exposici\u00f3n colectiva temporal \u201cGrup Fotografia d\u2019Street\u2033 - Agrupaci\u00f3 Fotogr\u00e0fica de Catalunya\",\"isPartOf\":{\"@id\":\"https:\/\/afc.cat\/es\/#website\"},\"primaryImageOfPage\":{\"@id\":\"https:\/\/afc.cat\/es\/inaugurada-la-exposicion-colectiva-temporal-grup-fotografia-dstreet%e2%80%b3\/#primaryimage\"},\"image\":{\"@id\":\"https:\/\/afc.cat\/es\/inaugurada-la-exposicion-colectiva-temporal-grup-fotografia-dstreet%e2%80%b3\/#primaryimage\"},\"thumbnailUrl\":\"https:\/\/afc.cat\/wp-content\/uploads\/2025\/01\/WhatsApp-Image-2025-01-15-at-14.46.38.jpeg\",\"datePublished\":\"2025-01-15T17:11:19+00:00\",\"dateModified\":\"2025-01-20T17:45:23+00:00\",\"author\":{\"@id\":\"https:\/\/afc.cat\/es\/#\/schema\/person\/b914cefdd3d691831c5675292da9496a\"},\"breadcrumb\":{\"@id\":\"https:\/\/afc.cat\/es\/inaugurada-la-exposicion-colectiva-temporal-grup-fotografia-dstreet%e2%80%b3\/#breadcrumb\"},\"inLanguage\":\"es\",\"potentialAction\":[{\"@type\":\"ReadAction\",\"target\":[\"https:\/\/afc.cat\/es\/inaugurada-la-exposicion-colectiva-temporal-grup-fotografia-dstreet%e2%80%b3\/\"]}]},{\"@type\":\"ImageObject\",\"inLanguage\":\"es\",\"@id\":\"https:\/\/afc.cat\/es\/inaugurada-la-exposicion-colectiva-temporal-grup-fotografia-dstreet%e2%80%b3\/#primaryimage\",\"url\":\"https:\/\/afc.cat\/wp-content\/uploads\/2025\/01\/WhatsApp-Image-2025-01-15-at-14.46.38.jpeg\",\"contentUrl\":\"https:\/\/afc.cat\/wp-content\/uploads\/2025\/01\/WhatsApp-Image-2025-01-15-at-14.46.38.jpeg\",\"width\":2000,\"height\":1500},{\"@type\":\"BreadcrumbList\",\"@id\":\"https:\/\/afc.cat\/es\/inaugurada-la-exposicion-colectiva-temporal-grup-fotografia-dstreet%e2%80%b3\/#breadcrumb\",\"itemListElement\":[{\"@type\":\"ListItem\",\"position\":1,\"name\":\"Inicio\",\"item\":\"https:\/\/afc.cat\/es\/\"},{\"@type\":\"ListItem\",\"position\":2,\"name\":\"Inaugurada la exposici\u00f3n colectiva temporal \u201cGrup Fotografia d\u2019Street\u2033\"}]},{\"@type\":\"WebSite\",\"@id\":\"https:\/\/afc.cat\/es\/#website\",\"url\":\"https:\/\/afc.cat\/es\/\",\"name\":\"Agrupaci\u00f3 Fotogr\u00e0fica de Catalunya\",\"description\":\"Fomento y divulgaci\u00f3n de la fotograf\u00eda en todas sus variedades\",\"potentialAction\":[{\"@type\":\"SearchAction\",\"target\":{\"@type\":\"EntryPoint\",\"urlTemplate\":\"https:\/\/afc.cat\/es\/?s={search_term_string}\"},\"query-input\":{\"@type\":\"PropertyValueSpecification\",\"valueRequired\":true,\"valueName\":\"search_term_string\"}}],\"inLanguage\":\"es\"},{\"@type\":\"Person\",\"@id\":\"https:\/\/afc.cat\/es\/#\/schema\/person\/b914cefdd3d691831c5675292da9496a\",\"name\":\"M\u00f2nica Rodr\u00edguez\",\"image\":{\"@type\":\"ImageObject\",\"inLanguage\":\"es\",\"@id\":\"https:\/\/secure.gravatar.com\/avatar\/dfc2b3f253d78a099cd1a6fca15dfcfafa251514d62e7dfd96d3a013321b382c?s=96&d=mm&r=g\",\"url\":\"https:\/\/secure.gravatar.com\/avatar\/dfc2b3f253d78a099cd1a6fca15dfcfafa251514d62e7dfd96d3a013321b382c?s=96&d=mm&r=g\",\"contentUrl\":\"https:\/\/secure.gravatar.com\/avatar\/dfc2b3f253d78a099cd1a6fca15dfcfafa251514d62e7dfd96d3a013321b382c?s=96&d=mm&r=g\",\"caption\":\"M\u00f2nica Rodr\u00edguez\"},\"url\":\"https:\/\/afc.cat\/es\/author\/secretariaconsellafc\/\"}]}<\/script>\n<!-- \/ Yoast SEO plugin. -->","yoast_head_json":{"title":"Inaugurada la exposici\u00f3n colectiva temporal \u201cGrup Fotografia d\u2019Street\u2033 - Agrupaci\u00f3 Fotogr\u00e0fica de Catalunya","robots":{"index":"index","follow":"follow","max-snippet":"max-snippet:-1","max-image-preview":"max-image-preview:large","max-video-preview":"max-video-preview:-1"},"canonical":"https:\/\/afc.cat\/es\/inaugurada-la-exposicion-colectiva-temporal-grup-fotografia-dstreet\u2033\/","og_locale":"es_ES","og_type":"article","og_title":"Inaugurada la exposici\u00f3n colectiva temporal \u201cGrup Fotografia d\u2019Street\u2033 - Agrupaci\u00f3 Fotogr\u00e0fica de Catalunya","og_url":"https:\/\/afc.cat\/es\/inaugurada-la-exposicion-colectiva-temporal-grup-fotografia-dstreet\u2033\/","og_site_name":"Agrupaci\u00f3 Fotogr\u00e0fica de Catalunya","article_published_time":"2025-01-15T17:11:19+00:00","article_modified_time":"2025-01-20T17:45:23+00:00","og_image":[{"width":2000,"height":1500,"url":"https:\/\/afc.cat\/wp-content\/uploads\/2025\/01\/WhatsApp-Image-2025-01-15-at-14.46.38.jpeg","type":"image\/jpeg"}],"author":"M\u00f2nica Rodr\u00edguez","twitter_card":"summary_large_image","twitter_misc":{"Escrito por":"M\u00f2nica Rodr\u00edguez","Tiempo de lectura":"5 minutos"},"schema":{"@context":"https:\/\/schema.org","@graph":[{"@type":"Article","@id":"https:\/\/afc.cat\/es\/inaugurada-la-exposicion-colectiva-temporal-grup-fotografia-dstreet%e2%80%b3\/#article","isPartOf":{"@id":"https:\/\/afc.cat\/es\/inaugurada-la-exposicion-colectiva-temporal-grup-fotografia-dstreet%e2%80%b3\/"},"author":{"name":"M\u00f2nica Rodr\u00edguez","@id":"https:\/\/afc.cat\/es\/#\/schema\/person\/b914cefdd3d691831c5675292da9496a"},"headline":"Inaugurada la exposici\u00f3n colectiva temporal \u201cGrup Fotografia d\u2019Street\u2033","datePublished":"2025-01-15T17:11:19+00:00","dateModified":"2025-01-20T17:45:23+00:00","mainEntityOfPage":{"@id":"https:\/\/afc.cat\/es\/inaugurada-la-exposicion-colectiva-temporal-grup-fotografia-dstreet%e2%80%b3\/"},"wordCount":949,"image":{"@id":"https:\/\/afc.cat\/es\/inaugurada-la-exposicion-colectiva-temporal-grup-fotografia-dstreet%e2%80%b3\/#primaryimage"},"thumbnailUrl":"https:\/\/afc.cat\/wp-content\/uploads\/2025\/01\/WhatsApp-Image-2025-01-15-at-14.46.38.jpeg","articleSection":["Exposiciones","Exposiciones AFC"],"inLanguage":"es"},{"@type":"WebPage","@id":"https:\/\/afc.cat\/es\/inaugurada-la-exposicion-colectiva-temporal-grup-fotografia-dstreet%e2%80%b3\/","url":"https:\/\/afc.cat\/es\/inaugurada-la-exposicion-colectiva-temporal-grup-fotografia-dstreet%e2%80%b3\/","name":"Inaugurada la exposici\u00f3n colectiva temporal \u201cGrup Fotografia d\u2019Street\u2033 - Agrupaci\u00f3 Fotogr\u00e0fica de Catalunya","isPartOf":{"@id":"https:\/\/afc.cat\/es\/#website"},"primaryImageOfPage":{"@id":"https:\/\/afc.cat\/es\/inaugurada-la-exposicion-colectiva-temporal-grup-fotografia-dstreet%e2%80%b3\/#primaryimage"},"image":{"@id":"https:\/\/afc.cat\/es\/inaugurada-la-exposicion-colectiva-temporal-grup-fotografia-dstreet%e2%80%b3\/#primaryimage"},"thumbnailUrl":"https:\/\/afc.cat\/wp-content\/uploads\/2025\/01\/WhatsApp-Image-2025-01-15-at-14.46.38.jpeg","datePublished":"2025-01-15T17:11:19+00:00","dateModified":"2025-01-20T17:45:23+00:00","author":{"@id":"https:\/\/afc.cat\/es\/#\/schema\/person\/b914cefdd3d691831c5675292da9496a"},"breadcrumb":{"@id":"https:\/\/afc.cat\/es\/inaugurada-la-exposicion-colectiva-temporal-grup-fotografia-dstreet%e2%80%b3\/#breadcrumb"},"inLanguage":"es","potentialAction":[{"@type":"ReadAction","target":["https:\/\/afc.cat\/es\/inaugurada-la-exposicion-colectiva-temporal-grup-fotografia-dstreet%e2%80%b3\/"]}]},{"@type":"ImageObject","inLanguage":"es","@id":"https:\/\/afc.cat\/es\/inaugurada-la-exposicion-colectiva-temporal-grup-fotografia-dstreet%e2%80%b3\/#primaryimage","url":"https:\/\/afc.cat\/wp-content\/uploads\/2025\/01\/WhatsApp-Image-2025-01-15-at-14.46.38.jpeg","contentUrl":"https:\/\/afc.cat\/wp-content\/uploads\/2025\/01\/WhatsApp-Image-2025-01-15-at-14.46.38.jpeg","width":2000,"height":1500},{"@type":"BreadcrumbList","@id":"https:\/\/afc.cat\/es\/inaugurada-la-exposicion-colectiva-temporal-grup-fotografia-dstreet%e2%80%b3\/#breadcrumb","itemListElement":[{"@type":"ListItem","position":1,"name":"Inicio","item":"https:\/\/afc.cat\/es\/"},{"@type":"ListItem","position":2,"name":"Inaugurada la exposici\u00f3n colectiva temporal \u201cGrup Fotografia d\u2019Street\u2033"}]},{"@type":"WebSite","@id":"https:\/\/afc.cat\/es\/#website","url":"https:\/\/afc.cat\/es\/","name":"Agrupaci\u00f3 Fotogr\u00e0fica de Catalunya","description":"Fomento y divulgaci\u00f3n de la fotograf\u00eda en todas sus variedades","potentialAction":[{"@type":"SearchAction","target":{"@type":"EntryPoint","urlTemplate":"https:\/\/afc.cat\/es\/?s={search_term_string}"},"query-input":{"@type":"PropertyValueSpecification","valueRequired":true,"valueName":"search_term_string"}}],"inLanguage":"es"},{"@type":"Person","@id":"https:\/\/afc.cat\/es\/#\/schema\/person\/b914cefdd3d691831c5675292da9496a","name":"M\u00f2nica Rodr\u00edguez","image":{"@type":"ImageObject","inLanguage":"es","@id":"https:\/\/secure.gravatar.com\/avatar\/dfc2b3f253d78a099cd1a6fca15dfcfafa251514d62e7dfd96d3a013321b382c?s=96&d=mm&r=g","url":"https:\/\/secure.gravatar.com\/avatar\/dfc2b3f253d78a099cd1a6fca15dfcfafa251514d62e7dfd96d3a013321b382c?s=96&d=mm&r=g","contentUrl":"https:\/\/secure.gravatar.com\/avatar\/dfc2b3f253d78a099cd1a6fca15dfcfafa251514d62e7dfd96d3a013321b382c?s=96&d=mm&r=g","caption":"M\u00f2nica Rodr\u00edguez"},"url":"https:\/\/afc.cat\/es\/author\/secretariaconsellafc\/"}]}},"_links":{"self":[{"href":"https:\/\/afc.cat\/es\/wp-json\/wp\/v2\/posts\/41019","targetHints":{"allow":["GET"]}}],"collection":[{"href":"https:\/\/afc.cat\/es\/wp-json\/wp\/v2\/posts"}],"about":[{"href":"https:\/\/afc.cat\/es\/wp-json\/wp\/v2\/types\/post"}],"author":[{"embeddable":true,"href":"https:\/\/afc.cat\/es\/wp-json\/wp\/v2\/users\/47"}],"replies":[{"embeddable":true,"href":"https:\/\/afc.cat\/es\/wp-json\/wp\/v2\/comments?post=41019"}],"version-history":[{"count":6,"href":"https:\/\/afc.cat\/es\/wp-json\/wp\/v2\/posts\/41019\/revisions"}],"predecessor-version":[{"id":41085,"href":"https:\/\/afc.cat\/es\/wp-json\/wp\/v2\/posts\/41019\/revisions\/41085"}],"wp:featuredmedia":[{"embeddable":true,"href":"https:\/\/afc.cat\/es\/wp-json\/wp\/v2\/media\/41016"}],"wp:attachment":[{"href":"https:\/\/afc.cat\/es\/wp-json\/wp\/v2\/media?parent=41019"}],"wp:term":[{"taxonomy":"category","embeddable":true,"href":"https:\/\/afc.cat\/es\/wp-json\/wp\/v2\/categories?post=41019"},{"taxonomy":"post_tag","embeddable":true,"href":"https:\/\/afc.cat\/es\/wp-json\/wp\/v2\/tags?post=41019"}],"curies":[{"name":"wp","href":"https:\/\/api.w.org\/{rel}","templated":true}]}}