{"id":45151,"date":"2025-12-10T13:00:31","date_gmt":"2025-12-10T11:00:31","guid":{"rendered":"https:\/\/afc.cat\/inauguracio-de-lexposicio-fotografica-in-streeto-sensu-francesc-j-llamas\/"},"modified":"2025-12-10T15:05:13","modified_gmt":"2025-12-10T13:05:13","slug":"inauguracion-de-la-exposicion-fotografica-in-streeto-sensu-francesc-j-llamas","status":"publish","type":"post","link":"https:\/\/afc.cat\/es\/inauguracion-de-la-exposicion-fotografica-in-streeto-sensu-francesc-j-llamas\/","title":{"rendered":"Inauguraci\u00f3n de la exposici\u00f3n fotogr\u00e1fica \u201cIN STREETO SENSU\u201d \/ Francesc J. Llamas"},"content":{"rendered":"<div class=\"fusion-fullwidth fullwidth-box fusion-builder-row-1 fusion-flex-container nonhundred-percent-fullwidth non-hundred-percent-height-scrolling\" style=\"background-color: rgba(255,255,255,0);background-position: center center;background-repeat: no-repeat;border-width: 0px 0px 0px 0px;border-color:#ffffff;border-style:solid;\" ><div class=\"fusion-builder-row fusion-row fusion-flex-align-items-flex-start\" style=\"max-width:1300px;margin-left: calc(-4% \/ 2 );margin-right: calc(-4% \/ 2 );\"><div class=\"fusion-layout-column fusion_builder_column fusion-builder-column-0 fusion_builder_column_2_3 2_3 fusion-flex-column\"><div class=\"fusion-column-wrapper fusion-flex-justify-content-flex-start fusion-content-layout-column\" style=\"background-position:left top;background-repeat:no-repeat;-webkit-background-size:cover;-moz-background-size:cover;-o-background-size:cover;background-size:cover;padding: 0px 0px 0px 0px;\"><div class=\"fusion-text fusion-text-1\"><p>Inauguraci\u00f3<\/p>\n<\/div><\/div><style type=\"text\/css\">.fusion-body .fusion-builder-column-0{width:66.666666666667% !important;margin-top : 0px;margin-bottom : 0px;}.fusion-builder-column-0 > .fusion-column-wrapper {padding-top : 0px !important;padding-right : 0px !important;margin-right : 3.84%;padding-bottom : 0px !important;padding-left : 0px !important;margin-left : 2.88%;}@media only screen and (max-width:1024px) {.fusion-body .fusion-builder-column-0{width:66.666666666667% !important;}.fusion-builder-column-0 > .fusion-column-wrapper {margin-right : 3.84%;margin-left : 2.88%;}}@media only screen and (max-width:640px) {.fusion-body .fusion-builder-column-0{width:100% !important;}.fusion-builder-column-0 > .fusion-column-wrapper {margin-right : 1.92%;margin-left : 1.92%;}}<\/style><\/div><div class=\"fusion-layout-column fusion_builder_column fusion-builder-column-1 fusion_builder_column_1_3 1_3 fusion-flex-column\"><div class=\"fusion-column-wrapper fusion-flex-justify-content-flex-start fusion-content-layout-column\" style=\"background-position:left top;background-repeat:no-repeat;-webkit-background-size:cover;-moz-background-size:cover;-o-background-size:cover;background-size:cover;padding: 0px 0px 0px 0px;\"><div class=\"fusion-text fusion-text-2\" style=\"text-align:center;font-size:13px;color:#adadad;\"><\/div><\/div><style type=\"text\/css\">.fusion-body .fusion-builder-column-1{width:33.333333333333% !important;margin-top : 0px;margin-bottom : 0px;}.fusion-builder-column-1 > .fusion-column-wrapper {padding-top : 0px !important;padding-right : 0px !important;margin-right : 5.76%;padding-bottom : 0px !important;padding-left : 0px !important;margin-left : 3.84%;}@media only screen and (max-width:1024px) {.fusion-body .fusion-builder-column-1{width:33.333333333333% !important;}.fusion-builder-column-1 > .fusion-column-wrapper {margin-right : 5.76%;margin-left : 3.84%;}}@media only screen and (max-width:640px) {.fusion-body .fusion-builder-column-1{width:100% !important;}.fusion-builder-column-1 > .fusion-column-wrapper {margin-right : 1.92%;margin-left : 1.92%;}}<\/style><\/div><\/div><style type=\"text\/css\">.fusion-body .fusion-flex-container.fusion-builder-row-1{ padding-top : 0px;margin-top : 0px;padding-right : 0px;padding-bottom : 0px;margin-bottom : 0px;padding-left : 0px;}<\/style><\/div>\n","protected":false},"excerpt":{"rendered":"","protected":false},"author":47,"featured_media":45149,"comment_status":"closed","ping_status":"open","sticky":false,"template":"","format":"standard","meta":{"_acf_changed":false,"footnotes":""},"categories":[183],"tags":[],"class_list":["post-45151","post","type-post","status-publish","format-standard","has-post-thumbnail","hentry","category-exposiciones-afc"],"acf":[],"yoast_head":"<!-- This site is optimized with the Yoast SEO plugin v27.5 - https:\/\/yoast.com\/product\/yoast-seo-wordpress\/ -->\n<title>Inauguraci\u00f3n de la exposici\u00f3n fotogr\u00e1fica \u201cIN STREETO SENSU\u201d \/ Francesc J. Llamas - Agrupaci\u00f3 Fotogr\u00e0fica de Catalunya<\/title>\n<meta name=\"robots\" content=\"index, follow, max-snippet:-1, max-image-preview:large, max-video-preview:-1\" \/>\n<link rel=\"canonical\" href=\"https:\/\/afc.cat\/es\/inauguracion-de-la-exposicion-fotografica-in-streeto-sensu-francesc-j-llamas\/\" \/>\n<meta property=\"og:locale\" content=\"es_ES\" \/>\n<meta property=\"og:type\" content=\"article\" \/>\n<meta property=\"og:title\" content=\"Inauguraci\u00f3n de la exposici\u00f3n fotogr\u00e1fica \u201cIN STREETO SENSU\u201d \/ Francesc J. Llamas - Agrupaci\u00f3 Fotogr\u00e0fica de Catalunya\" \/>\n<meta property=\"og:url\" content=\"https:\/\/afc.cat\/es\/inauguracion-de-la-exposicion-fotografica-in-streeto-sensu-francesc-j-llamas\/\" \/>\n<meta property=\"og:site_name\" content=\"Agrupaci\u00f3 Fotogr\u00e0fica de Catalunya\" \/>\n<meta property=\"article:published_time\" content=\"2025-12-10T11:00:31+00:00\" \/>\n<meta property=\"article:modified_time\" content=\"2025-12-10T13:05:13+00:00\" \/>\n<meta property=\"og:image\" content=\"https:\/\/afc.cat\/wp-content\/uploads\/2025\/12\/IMG_5055-scaled-e1765306432265.jpeg\" \/>\n\t<meta property=\"og:image:width\" content=\"2560\" \/>\n\t<meta property=\"og:image:height\" content=\"2143\" \/>\n\t<meta property=\"og:image:type\" content=\"image\/jpeg\" \/>\n<meta name=\"author\" content=\"M\u00f2nica Rodr\u00edguez\" \/>\n<meta name=\"twitter:card\" content=\"summary_large_image\" \/>\n<meta name=\"twitter:label1\" content=\"Escrito por\" \/>\n\t<meta name=\"twitter:data1\" content=\"M\u00f2nica Rodr\u00edguez\" \/>\n\t<meta name=\"twitter:label2\" content=\"Tiempo de lectura\" \/>\n\t<meta name=\"twitter:data2\" content=\"3 minutos\" \/>\n<script type=\"application\/ld+json\" class=\"yoast-schema-graph\">{\"@context\":\"https:\\\/\\\/schema.org\",\"@graph\":[{\"@type\":\"Article\",\"@id\":\"https:\\\/\\\/afc.cat\\\/es\\\/inauguracion-de-la-exposicion-fotografica-in-streeto-sensu-francesc-j-llamas\\\/#article\",\"isPartOf\":{\"@id\":\"https:\\\/\\\/afc.cat\\\/es\\\/inauguracion-de-la-exposicion-fotografica-in-streeto-sensu-francesc-j-llamas\\\/\"},\"author\":{\"name\":\"M\u00f2nica Rodr\u00edguez\",\"@id\":\"https:\\\/\\\/afc.cat\\\/es\\\/#\\\/schema\\\/person\\\/b914cefdd3d691831c5675292da9496a\"},\"headline\":\"Inauguraci\u00f3n de la exposici\u00f3n fotogr\u00e1fica \u201cIN STREETO SENSU\u201d \\\/ Francesc J. Llamas\",\"datePublished\":\"2025-12-10T11:00:31+00:00\",\"dateModified\":\"2025-12-10T13:05:13+00:00\",\"mainEntityOfPage\":{\"@id\":\"https:\\\/\\\/afc.cat\\\/es\\\/inauguracion-de-la-exposicion-fotografica-in-streeto-sensu-francesc-j-llamas\\\/\"},\"wordCount\":683,\"image\":{\"@id\":\"https:\\\/\\\/afc.cat\\\/es\\\/inauguracion-de-la-exposicion-fotografica-in-streeto-sensu-francesc-j-llamas\\\/#primaryimage\"},\"thumbnailUrl\":\"https:\\\/\\\/afc.cat\\\/wp-content\\\/uploads\\\/2025\\\/12\\\/IMG_5055-scaled-e1765306432265.jpeg\",\"articleSection\":[\"Exposiciones AFC\"],\"inLanguage\":\"es\"},{\"@type\":\"WebPage\",\"@id\":\"https:\\\/\\\/afc.cat\\\/es\\\/inauguracion-de-la-exposicion-fotografica-in-streeto-sensu-francesc-j-llamas\\\/\",\"url\":\"https:\\\/\\\/afc.cat\\\/es\\\/inauguracion-de-la-exposicion-fotografica-in-streeto-sensu-francesc-j-llamas\\\/\",\"name\":\"Inauguraci\u00f3n de la exposici\u00f3n fotogr\u00e1fica \u201cIN STREETO SENSU\u201d \\\/ Francesc J. Llamas - Agrupaci\u00f3 Fotogr\u00e0fica de Catalunya\",\"isPartOf\":{\"@id\":\"https:\\\/\\\/afc.cat\\\/es\\\/#website\"},\"primaryImageOfPage\":{\"@id\":\"https:\\\/\\\/afc.cat\\\/es\\\/inauguracion-de-la-exposicion-fotografica-in-streeto-sensu-francesc-j-llamas\\\/#primaryimage\"},\"image\":{\"@id\":\"https:\\\/\\\/afc.cat\\\/es\\\/inauguracion-de-la-exposicion-fotografica-in-streeto-sensu-francesc-j-llamas\\\/#primaryimage\"},\"thumbnailUrl\":\"https:\\\/\\\/afc.cat\\\/wp-content\\\/uploads\\\/2025\\\/12\\\/IMG_5055-scaled-e1765306432265.jpeg\",\"datePublished\":\"2025-12-10T11:00:31+00:00\",\"dateModified\":\"2025-12-10T13:05:13+00:00\",\"author\":{\"@id\":\"https:\\\/\\\/afc.cat\\\/es\\\/#\\\/schema\\\/person\\\/b914cefdd3d691831c5675292da9496a\"},\"breadcrumb\":{\"@id\":\"https:\\\/\\\/afc.cat\\\/es\\\/inauguracion-de-la-exposicion-fotografica-in-streeto-sensu-francesc-j-llamas\\\/#breadcrumb\"},\"inLanguage\":\"es\",\"potentialAction\":[{\"@type\":\"ReadAction\",\"target\":[\"https:\\\/\\\/afc.cat\\\/es\\\/inauguracion-de-la-exposicion-fotografica-in-streeto-sensu-francesc-j-llamas\\\/\"]}]},{\"@type\":\"ImageObject\",\"inLanguage\":\"es\",\"@id\":\"https:\\\/\\\/afc.cat\\\/es\\\/inauguracion-de-la-exposicion-fotografica-in-streeto-sensu-francesc-j-llamas\\\/#primaryimage\",\"url\":\"https:\\\/\\\/afc.cat\\\/wp-content\\\/uploads\\\/2025\\\/12\\\/IMG_5055-scaled-e1765306432265.jpeg\",\"contentUrl\":\"https:\\\/\\\/afc.cat\\\/wp-content\\\/uploads\\\/2025\\\/12\\\/IMG_5055-scaled-e1765306432265.jpeg\",\"width\":2560,\"height\":2143},{\"@type\":\"BreadcrumbList\",\"@id\":\"https:\\\/\\\/afc.cat\\\/es\\\/inauguracion-de-la-exposicion-fotografica-in-streeto-sensu-francesc-j-llamas\\\/#breadcrumb\",\"itemListElement\":[{\"@type\":\"ListItem\",\"position\":1,\"name\":\"Inicio\",\"item\":\"https:\\\/\\\/afc.cat\\\/es\\\/\"},{\"@type\":\"ListItem\",\"position\":2,\"name\":\"Inauguraci\u00f3n de la exposici\u00f3n fotogr\u00e1fica \u201cIN STREETO SENSU\u201d \\\/ Francesc J. Llamas\"}]},{\"@type\":\"WebSite\",\"@id\":\"https:\\\/\\\/afc.cat\\\/es\\\/#website\",\"url\":\"https:\\\/\\\/afc.cat\\\/es\\\/\",\"name\":\"Agrupaci\u00f3 Fotogr\u00e0fica de Catalunya\",\"description\":\"Fomento y divulgaci\u00f3n de la fotograf\u00eda en todas sus variedades\",\"potentialAction\":[{\"@type\":\"SearchAction\",\"target\":{\"@type\":\"EntryPoint\",\"urlTemplate\":\"https:\\\/\\\/afc.cat\\\/es\\\/?s={search_term_string}\"},\"query-input\":{\"@type\":\"PropertyValueSpecification\",\"valueRequired\":true,\"valueName\":\"search_term_string\"}}],\"inLanguage\":\"es\"},{\"@type\":\"Person\",\"@id\":\"https:\\\/\\\/afc.cat\\\/es\\\/#\\\/schema\\\/person\\\/b914cefdd3d691831c5675292da9496a\",\"name\":\"M\u00f2nica Rodr\u00edguez\",\"image\":{\"@type\":\"ImageObject\",\"inLanguage\":\"es\",\"@id\":\"https:\\\/\\\/secure.gravatar.com\\\/avatar\\\/dfc2b3f253d78a099cd1a6fca15dfcfafa251514d62e7dfd96d3a013321b382c?s=96&d=mm&r=g\",\"url\":\"https:\\\/\\\/secure.gravatar.com\\\/avatar\\\/dfc2b3f253d78a099cd1a6fca15dfcfafa251514d62e7dfd96d3a013321b382c?s=96&d=mm&r=g\",\"contentUrl\":\"https:\\\/\\\/secure.gravatar.com\\\/avatar\\\/dfc2b3f253d78a099cd1a6fca15dfcfafa251514d62e7dfd96d3a013321b382c?s=96&d=mm&r=g\",\"caption\":\"M\u00f2nica Rodr\u00edguez\"},\"url\":\"https:\\\/\\\/afc.cat\\\/es\\\/author\\\/secretariaconsellafc\\\/\"}]}<\/script>\n<!-- \/ Yoast SEO plugin. -->","yoast_head_json":{"title":"Inauguraci\u00f3n de la exposici\u00f3n fotogr\u00e1fica \u201cIN STREETO SENSU\u201d \/ Francesc J. Llamas - Agrupaci\u00f3 Fotogr\u00e0fica de Catalunya","robots":{"index":"index","follow":"follow","max-snippet":"max-snippet:-1","max-image-preview":"max-image-preview:large","max-video-preview":"max-video-preview:-1"},"canonical":"https:\/\/afc.cat\/es\/inauguracion-de-la-exposicion-fotografica-in-streeto-sensu-francesc-j-llamas\/","og_locale":"es_ES","og_type":"article","og_title":"Inauguraci\u00f3n de la exposici\u00f3n fotogr\u00e1fica \u201cIN STREETO SENSU\u201d \/ Francesc J. Llamas - Agrupaci\u00f3 Fotogr\u00e0fica de Catalunya","og_url":"https:\/\/afc.cat\/es\/inauguracion-de-la-exposicion-fotografica-in-streeto-sensu-francesc-j-llamas\/","og_site_name":"Agrupaci\u00f3 Fotogr\u00e0fica de Catalunya","article_published_time":"2025-12-10T11:00:31+00:00","article_modified_time":"2025-12-10T13:05:13+00:00","og_image":[{"width":2560,"height":2143,"url":"https:\/\/afc.cat\/wp-content\/uploads\/2025\/12\/IMG_5055-scaled-e1765306432265.jpeg","type":"image\/jpeg"}],"author":"M\u00f2nica Rodr\u00edguez","twitter_card":"summary_large_image","twitter_misc":{"Escrito por":"M\u00f2nica Rodr\u00edguez","Tiempo de lectura":"3 minutos"},"schema":{"@context":"https:\/\/schema.org","@graph":[{"@type":"Article","@id":"https:\/\/afc.cat\/es\/inauguracion-de-la-exposicion-fotografica-in-streeto-sensu-francesc-j-llamas\/#article","isPartOf":{"@id":"https:\/\/afc.cat\/es\/inauguracion-de-la-exposicion-fotografica-in-streeto-sensu-francesc-j-llamas\/"},"author":{"name":"M\u00f2nica Rodr\u00edguez","@id":"https:\/\/afc.cat\/es\/#\/schema\/person\/b914cefdd3d691831c5675292da9496a"},"headline":"Inauguraci\u00f3n de la exposici\u00f3n fotogr\u00e1fica \u201cIN STREETO SENSU\u201d \/ Francesc J. Llamas","datePublished":"2025-12-10T11:00:31+00:00","dateModified":"2025-12-10T13:05:13+00:00","mainEntityOfPage":{"@id":"https:\/\/afc.cat\/es\/inauguracion-de-la-exposicion-fotografica-in-streeto-sensu-francesc-j-llamas\/"},"wordCount":683,"image":{"@id":"https:\/\/afc.cat\/es\/inauguracion-de-la-exposicion-fotografica-in-streeto-sensu-francesc-j-llamas\/#primaryimage"},"thumbnailUrl":"https:\/\/afc.cat\/wp-content\/uploads\/2025\/12\/IMG_5055-scaled-e1765306432265.jpeg","articleSection":["Exposiciones AFC"],"inLanguage":"es"},{"@type":"WebPage","@id":"https:\/\/afc.cat\/es\/inauguracion-de-la-exposicion-fotografica-in-streeto-sensu-francesc-j-llamas\/","url":"https:\/\/afc.cat\/es\/inauguracion-de-la-exposicion-fotografica-in-streeto-sensu-francesc-j-llamas\/","name":"Inauguraci\u00f3n de la exposici\u00f3n fotogr\u00e1fica \u201cIN STREETO SENSU\u201d \/ Francesc J. Llamas - Agrupaci\u00f3 Fotogr\u00e0fica de Catalunya","isPartOf":{"@id":"https:\/\/afc.cat\/es\/#website"},"primaryImageOfPage":{"@id":"https:\/\/afc.cat\/es\/inauguracion-de-la-exposicion-fotografica-in-streeto-sensu-francesc-j-llamas\/#primaryimage"},"image":{"@id":"https:\/\/afc.cat\/es\/inauguracion-de-la-exposicion-fotografica-in-streeto-sensu-francesc-j-llamas\/#primaryimage"},"thumbnailUrl":"https:\/\/afc.cat\/wp-content\/uploads\/2025\/12\/IMG_5055-scaled-e1765306432265.jpeg","datePublished":"2025-12-10T11:00:31+00:00","dateModified":"2025-12-10T13:05:13+00:00","author":{"@id":"https:\/\/afc.cat\/es\/#\/schema\/person\/b914cefdd3d691831c5675292da9496a"},"breadcrumb":{"@id":"https:\/\/afc.cat\/es\/inauguracion-de-la-exposicion-fotografica-in-streeto-sensu-francesc-j-llamas\/#breadcrumb"},"inLanguage":"es","potentialAction":[{"@type":"ReadAction","target":["https:\/\/afc.cat\/es\/inauguracion-de-la-exposicion-fotografica-in-streeto-sensu-francesc-j-llamas\/"]}]},{"@type":"ImageObject","inLanguage":"es","@id":"https:\/\/afc.cat\/es\/inauguracion-de-la-exposicion-fotografica-in-streeto-sensu-francesc-j-llamas\/#primaryimage","url":"https:\/\/afc.cat\/wp-content\/uploads\/2025\/12\/IMG_5055-scaled-e1765306432265.jpeg","contentUrl":"https:\/\/afc.cat\/wp-content\/uploads\/2025\/12\/IMG_5055-scaled-e1765306432265.jpeg","width":2560,"height":2143},{"@type":"BreadcrumbList","@id":"https:\/\/afc.cat\/es\/inauguracion-de-la-exposicion-fotografica-in-streeto-sensu-francesc-j-llamas\/#breadcrumb","itemListElement":[{"@type":"ListItem","position":1,"name":"Inicio","item":"https:\/\/afc.cat\/es\/"},{"@type":"ListItem","position":2,"name":"Inauguraci\u00f3n de la exposici\u00f3n fotogr\u00e1fica \u201cIN STREETO SENSU\u201d \/ Francesc J. Llamas"}]},{"@type":"WebSite","@id":"https:\/\/afc.cat\/es\/#website","url":"https:\/\/afc.cat\/es\/","name":"Agrupaci\u00f3 Fotogr\u00e0fica de Catalunya","description":"Fomento y divulgaci\u00f3n de la fotograf\u00eda en todas sus variedades","potentialAction":[{"@type":"SearchAction","target":{"@type":"EntryPoint","urlTemplate":"https:\/\/afc.cat\/es\/?s={search_term_string}"},"query-input":{"@type":"PropertyValueSpecification","valueRequired":true,"valueName":"search_term_string"}}],"inLanguage":"es"},{"@type":"Person","@id":"https:\/\/afc.cat\/es\/#\/schema\/person\/b914cefdd3d691831c5675292da9496a","name":"M\u00f2nica Rodr\u00edguez","image":{"@type":"ImageObject","inLanguage":"es","@id":"https:\/\/secure.gravatar.com\/avatar\/dfc2b3f253d78a099cd1a6fca15dfcfafa251514d62e7dfd96d3a013321b382c?s=96&d=mm&r=g","url":"https:\/\/secure.gravatar.com\/avatar\/dfc2b3f253d78a099cd1a6fca15dfcfafa251514d62e7dfd96d3a013321b382c?s=96&d=mm&r=g","contentUrl":"https:\/\/secure.gravatar.com\/avatar\/dfc2b3f253d78a099cd1a6fca15dfcfafa251514d62e7dfd96d3a013321b382c?s=96&d=mm&r=g","caption":"M\u00f2nica Rodr\u00edguez"},"url":"https:\/\/afc.cat\/es\/author\/secretariaconsellafc\/"}]}},"_links":{"self":[{"href":"https:\/\/afc.cat\/es\/wp-json\/wp\/v2\/posts\/45151","targetHints":{"allow":["GET"]}}],"collection":[{"href":"https:\/\/afc.cat\/es\/wp-json\/wp\/v2\/posts"}],"about":[{"href":"https:\/\/afc.cat\/es\/wp-json\/wp\/v2\/types\/post"}],"author":[{"embeddable":true,"href":"https:\/\/afc.cat\/es\/wp-json\/wp\/v2\/users\/47"}],"replies":[{"embeddable":true,"href":"https:\/\/afc.cat\/es\/wp-json\/wp\/v2\/comments?post=45151"}],"version-history":[{"count":4,"href":"https:\/\/afc.cat\/es\/wp-json\/wp\/v2\/posts\/45151\/revisions"}],"predecessor-version":[{"id":45166,"href":"https:\/\/afc.cat\/es\/wp-json\/wp\/v2\/posts\/45151\/revisions\/45166"}],"wp:featuredmedia":[{"embeddable":true,"href":"https:\/\/afc.cat\/es\/wp-json\/wp\/v2\/media\/45149"}],"wp:attachment":[{"href":"https:\/\/afc.cat\/es\/wp-json\/wp\/v2\/media?parent=45151"}],"wp:term":[{"taxonomy":"category","embeddable":true,"href":"https:\/\/afc.cat\/es\/wp-json\/wp\/v2\/categories?post=45151"},{"taxonomy":"post_tag","embeddable":true,"href":"https:\/\/afc.cat\/es\/wp-json\/wp\/v2\/tags?post=45151"}],"curies":[{"name":"wp","href":"https:\/\/api.w.org\/{rel}","templated":true}]}}